{"id":161153,"date":"2020-04-17T23:25:55","date_gmt":"2020-04-18T02:25:55","guid":{"rendered":"http:\/\/aconteceunovale.com.br\/portal\/?p=161153"},"modified":"2020-04-17T23:26:51","modified_gmt":"2020-04-18T02:26:51","slug":"justica-libera-entrada-de-onibus-em-bh","status":"publish","type":"post","link":"https:\/\/aconteceunovale.com.br\/portal\/?p=161153","title":{"rendered":"Justi\u00e7a libera entrada de \u00f4nibus em BH"},"content":{"rendered":"\n<p>O juiz Wauner Batista Ferreira Machado, da 3\u00aa Vara dos Feitos da Fazenda P\u00fablica Municipal de Belo Horizonte, deferiu na quinta-feira (16\/04)&nbsp; tutela antecipada solicitada&nbsp;pelo Minist\u00e9rio P\u00fablico de Minas Gerais e determinou que o Munic\u00edpio de Belo Horizonte n\u00e3o pro\u00edba a entrada de transporte p\u00fablico na capital mineira. Ser\u00e1 aplicada uma multa de R$ 250 mil por cada descumprimento desta decis\u00e3o.<\/p>\n\n\n\n<p>Contudo, o magistrado condicionou a entrada dos \u00f4nibus em BH \u00e0 medi\u00e7\u00e3o da temperatura corporal de todos os passageiros antes de eles embarcarem nos ve\u00edculos,&nbsp; impedindo o transporte daqueles com temperatura&nbsp;elevada, segundo as normas m\u00e9dicas. Essa recomenda\u00e7\u00e3o tem por exce\u00e7\u00e3o a comprovada necessidade de deslocamento para tratamento m\u00e9dico, sob pena de pagamento de multa de R$ 15 mil no caso de descumprimento.<\/p>\n\n\n\n<p>O juiz ainda condicionou que as empresas disponibilizem m\u00e1scaras cir\u00fargicas para todos os passageiros, bem como \u00e1lcool em gel em quantidade suficiente para as assepsias durante o percurso da viagem.<\/p>\n\n\n\n<p>O Munic\u00edpio de Belo Horizonte havia adotado a pr\u00e1tica de proibir determinadas viagens atrav\u00e9s do Decreto 17.326\/2020 que impedia&nbsp;a circula\u00e7\u00e3o em seu territ\u00f3rio de transporte p\u00fablico coletivo de cidades que interromperam as medidas de isolamento social.<\/p>\n\n\n\n<p>O Minist\u00e9rio P\u00fablico argumentou que a medida \u00e9 in\u00f3cua porque as pessoas podem se deslocarem dos mesmos munic\u00edpios para a capital por outras maneiras, inclusive de forma coletiva privada, al\u00e9m de t\u00e1xis, ve\u00edculos de aplicativos. &#8220;Estaria, assim, demonstrada a incoer\u00eancia na pretens\u00e3o de barrar poss\u00edveis contamina\u00e7\u00f5es, o que retira a sustenta\u00e7\u00e3o f\u00e1tica e l\u00f3gica da medida&#8221;, argumentou o MP.<\/p>\n\n\n\n<p><strong>Equil\u00edbrio<\/strong><\/p>\n\n\n\n<p>O magistrado entendeu que houve viola\u00e7\u00e3o ao direito \u00e0 igualdade previsto no art. 5\u00ba da Constitui\u00e7\u00e3o Federal ao distinguir pessoas que se dirigem \u00e0 capital de&nbsp; \u201cmunic\u00edpios que interromperem as medidas de isolamento social\u201d, sem que&nbsp;efetivamente seja comprovado o risco de contamina\u00e7\u00e3o.<\/p>\n\n\n\n<p>O juiz, ao decidir, levou em considera\u00e7\u00e3o que alguns usu\u00e1rios preferenciais ou menos afortunados foram discriminados na restri\u00e7\u00e3o de entrada \u00e0 capital mineira.<\/p>\n\n\n\n<p>\u201cO perigo de dano irrepar\u00e1vel aos direitos das pessoas impedidas de entrar no Munic\u00edpio de Belo Horizonte, quer de onde venham e da forma que lhes convier, \u00e9 evidente, indiscut\u00edvel e muito grave, caracterizando, assim, o segundo requisito da medida antecipat\u00f3ria\u201d, registrou o magistrado.<\/p>\n\n\n\n<p>O juiz Wauner Batista Ferreira Machado, todavia, visando resguardar eventuais efeitos negativos na concess\u00e3o dessa tutela de urg\u00eancia, al\u00e9m de resguardar a sa\u00fade da popula\u00e7\u00e3o da capital, determinou medidas sanit\u00e1rias como observa\u00e7\u00e3o da temperatura dos passageiros e uso de m\u00e1scaras cir\u00fargicas, entre outras.<\/p>\n\n\n\n<p>Consulte o\u00a0<a rel=\"noreferrer noopener\" target=\"_blank\" href=\"https:\/\/pjerecursal.tjmg.jus.br\/pje\/login.seam\">processo eletr\u00f4nico\u00a0<\/a>n\u00ba 5053975-39.2020.8.13.0024. Acesse consulta p\u00fablica.<\/p>\n\n\n\n<p class=\"has-background has-very-light-gray-background-color\">Quer saber as not\u00edcias do <strong>Aconteceu no Vale<\/strong> em primeira m\u00e3o? Siga-nos no Facebook <a rel=\"noreferrer noopener\" href=\"http:\/\/facebook.com\/aconteceunovale\" target=\"_blank\">@aconteceunovale<\/a>, Twitter <a rel=\"noreferrer noopener\" href=\"https:\/\/twitter.com\/noticiadosvales\" target=\"_blank\">@noticiadosvales<\/a> e Instagram <a rel=\"noreferrer noopener\" href=\"https:\/\/www.instagram.com\/aconteceunovale\" target=\"_blank\">@aconteceunovale<\/a>.<\/p>\n","protected":false},"excerpt":{"rendered":"<p>O juiz Wauner Batista Ferreira Machado, da 3\u00aa Vara dos Feitos da Fazenda P\u00fablica Municipal de Belo Horizonte, deferiu na quinta-feira (16\/04)&nbsp; tutela antecipada solicitada&nbsp;pelo Minist\u00e9rio P\u00fablico de Minas Gerais e determinou que o Munic\u00edpio de Belo Horizonte n\u00e3o pro\u00edba a entrada de transporte p\u00fablico na capital mineira. Ser\u00e1 aplicada uma multa de R$ 250 [&hellip;]<\/p>\n","protected":false},"author":1,"featured_media":161154,"comment_status":"open","ping_status":"closed","sticky":false,"template":"","format":"standard","meta":{"amp_status":"","footnotes":""},"categories":[123],"tags":[194,1017,1018,220027,220025,220023,220021,220024,220022,19674,19675,270,92646,220026,80278],"class_list":["post-161153","post","type-post","status-publish","format-standard","has-post-thumbnail","hentry","category-gerais","tag-belo-horizonte","tag-bh","tag-destaque","tag-entrada-de-onibus-em-belo-horizonte","tag-entrada-de-onibus-em-bh","tag-justica-libera-entrada-de-onibus-em-belo-horizonte","tag-justica-libera-entrada-de-onibus-em-bh","tag-justica-libera-entrada-de-onibus-na-capital-de-minas-gerais","tag-justica-libera-entrada-de-onibus-na-capital-mineira","tag-ministerio-publico-de-minas-gerais","tag-mpmg","tag-tjmg","tag-tribunal-de-justica-de-minas-gerais","tag-vara-dos-feitos-da-fazenda-publica-municipal-de-belo-horizonte","tag-wauner-batista-ferreira-machado"],"_links":{"self":[{"href":"https:\/\/aconteceunovale.com.br\/portal\/index.php?rest_route=\/wp\/v2\/posts\/161153","targetHints":{"allow":["GET"]}}],"collection":[{"href":"https:\/\/aconteceunovale.com.br\/portal\/index.php?rest_route=\/wp\/v2\/posts"}],"about":[{"href":"https:\/\/aconteceunovale.com.br\/portal\/index.php?rest_route=\/wp\/v2\/types\/post"}],"author":[{"embeddable":true,"href":"https:\/\/aconteceunovale.com.br\/portal\/index.php?rest_route=\/wp\/v2\/users\/1"}],"replies":[{"embeddable":true,"href":"https:\/\/aconteceunovale.com.br\/portal\/index.php?rest_route=%2Fwp%2Fv2%2Fcomments&post=161153"}],"version-history":[{"count":1,"href":"https:\/\/aconteceunovale.com.br\/portal\/index.php?rest_route=\/wp\/v2\/posts\/161153\/revisions"}],"predecessor-version":[{"id":161155,"href":"https:\/\/aconteceunovale.com.br\/portal\/index.php?rest_route=\/wp\/v2\/posts\/161153\/revisions\/161155"}],"wp:featuredmedia":[{"embeddable":true,"href":"https:\/\/aconteceunovale.com.br\/portal\/index.php?rest_route=\/wp\/v2\/media\/161154"}],"wp:attachment":[{"href":"https:\/\/aconteceunovale.com.br\/portal\/index.php?rest_route=%2Fwp%2Fv2%2Fmedia&parent=161153"}],"wp:term":[{"taxonomy":"category","embeddable":true,"href":"https:\/\/aconteceunovale.com.br\/portal\/index.php?rest_route=%2Fwp%2Fv2%2Fcategories&post=161153"},{"taxonomy":"post_tag","embeddable":true,"href":"https:\/\/aconteceunovale.com.br\/portal\/index.php?rest_route=%2Fwp%2Fv2%2Ftags&post=161153"}],"curies":[{"name":"wp","href":"https:\/\/api.w.org\/{rel}","templated":true}]}}