{"id":161150,"date":"2020-04-17T18:24:28","date_gmt":"2020-04-17T21:24:28","guid":{"rendered":"http:\/\/aconteceunovale.com.br\/portal\/?p=161150"},"modified":"2020-04-17T18:25:14","modified_gmt":"2020-04-17T21:25:14","slug":"analistas-debatem-os-efeitos-da-covid-19-no-mundo","status":"publish","type":"post","link":"https:\/\/aconteceunovale.com.br\/portal\/?p=161150","title":{"rendered":"Analistas debatem os efeitos da covid-19 no mundo"},"content":{"rendered":"\n<p>&#8220;Eu vejo perspectivas bastante sombrias para a Am\u00e9rica Latina como um todo&#8221;, disse o professor de Rela\u00e7\u00f5es Internacionais e PhD em Ci\u00eancias Sociais e Pol\u00edticas Ricardo Caichiolo, em uma webinar (confer\u00eancia online) realizada pela escola de neg\u00f3cios Ibmec, na manh\u00e3 de hoje (17).<\/p>\n\n\n\n<p>O encontro virtual contou com a participa\u00e7\u00e3o de outros professores e tratou dos impactos da pandemia do novo coronav\u00edrus (covid-19) nas rela\u00e7\u00f5es internacionais e os seus desdobramentos econ\u00f4micos e pol\u00edticos na China, Europa e Am\u00e9rica Latina.<\/p>\n\n\n\n<p>Os palestrantes evidenciaram o relativo despreparo da Am\u00e9rica Latina para lidar com os novos desafios de um mundo globalizado e em transi\u00e7\u00e3o, especialmente diante uma pandemia.<\/p>\n\n\n\n<p>De acordo com Caichiolo, o novo coronav\u00edrus vem afetando enormemente as economias latino-americanas. Ele defendeu a valoriza\u00e7\u00e3o dos parceiros comerciais na Am\u00e9rica do Sul &#8220;n\u00e3o s\u00f3 por uma quest\u00e3o geopol\u00edtica, mas por parcerias, principalmente em rela\u00e7\u00e3o \u00e0 Argentina, nosso parceiro tradicional. Pensando no \u00e2mbito do Mercosul, considero que houve uma falha em um primeiro momento, quando o governo atual chegou ao poder criticando o Mercosul e n\u00e3o fez a tradicional visita \u00e0 Argentina&#8221;.<\/p>\n\n\n\n<p>Ainda sobre a Argentina, Caichiolo acredita que a gest\u00e3o da crise do novo coronav\u00edrus tem sido satisfat\u00f3ria no pa\u00eds vizinho. &#8220;H\u00e1 outros presidentes que, por conta do tratamento que deram ao coronav\u00edrus e como t\u00eam dialogado em termos de enfrentamento, ganharam certa proemin\u00eancia na Am\u00e9rica Latina. Na Argentina, o presidente Alberto Fern\u00e1ndez, por causa da capacidade de enfrentamento [\u00e0 doen\u00e7a], ganhou bastante aprova\u00e7\u00e3o&#8221;.<\/p>\n\n\n\n<p>Caichiolo tamb\u00e9m citou o exemplo do Equador, &#8220;um Estado sem infraestrutura e sem condi\u00e7\u00f5es de atender a popula\u00e7\u00e3o&#8221;. Nos \u00faltimos dias, no Equador, o aumento do n\u00famero de contagiados e mortos pela covid-19 levou o sistema de sa\u00fade e o servi\u00e7o funer\u00e1rio ao colapso. Uma for\u00e7a tarefa no pa\u00eds vem recolhendo corpos em casas e nas ruas da cidade de Guayaquil, epicentro da pandemia no pa\u00eds.<\/p>\n\n\n\n<p>&#8220;O Brasil tem que se preocupar com a pauta exportadora pois vai ser afetado necessariamente (pelo coronav\u00edrus), e o importante agora \u00e9 a diversifica\u00e7\u00e3o de mercados. O Brasil poder\u00e1 fazer isso, \u00e9 muito forte na quest\u00e3o agr\u00edcola e continuar\u00e1 sendo. Mas deve ser mais agressivo em termos de abertura de mercados para poder compensar essa recess\u00e3o que se avizinha&#8221;, avalia Caichiolo, que defende uma aproxima\u00e7\u00e3o com a China nas \u00e1reas de infraestrutura e tecnologia.<\/p>\n\n\n\n<h2 class=\"wp-block-heading\">Correla\u00e7\u00f5es de poder<\/h2>\n\n\n\n<p>O professor de Rela\u00e7\u00f5es Internacionais da Ibmec no Rio de Janeiro Jos\u00e9 Niemeyer ao discorrer sobre as mudan\u00e7as nas correla\u00e7\u00f5es de poder em esfera global, disse que o mundo sair\u00e1 de uma realidade unipolar, com os Estados Unidos como superpot\u00eancia, para uma nova configura\u00e7\u00e3o, que pode ser bipolar &#8211; Estados Unidos e China &#8211; ou multipolar &#8211; com a participa\u00e7\u00e3o da R\u00fassia.<\/p>\n\n\n\n<p>&#8220;O mundo sai de um contexto unipolar de poder, com os Estados Unidos como uma superpot\u00eancia. Outras pot\u00eancias como a China e a R\u00fassia est\u00e3o buscando ascens\u00e3o cada vez maior, principalmente a China. A multipolaridade vai depender muito das a\u00e7\u00f5es russas&#8221;, avaliou Niemeyer.<\/p>\n\n\n\n<p>Niemeyer avalia que a China, apesar de ter iniciado seu crescimento por meio da economia, vem investindo cada vez mais no setor estrat\u00e9gico-militar. &#8220;Hoje o investimento da China em armamentos para uma poss\u00edvel guerra naval no mar do Sul da China \u00e9 impressionante. As fragatas que est\u00e3o sendo constru\u00eddas pela ind\u00fastria b\u00e9lica chinesa s\u00e3o de uma pot\u00eancia inacredit\u00e1vel, j\u00e1 prevendo a possibilidade de um embate naval. \u00c9 um ex\u00e9rcito com cada vez um n\u00famero menor de homens e com mais tecnologia. A China, at\u00e9 o final do ano, volta a crescer em torno de 2,5%. Essa \u00e9 uma vari\u00e1vel que a gente vai ter que analisar, porque os Estados Unidos v\u00e3o ter uma queda brutal do seu crescimento. A economia asi\u00e1tica parece que sentir\u00e1 menos do que o mundo ocidental [os efeitos da pandemia]&#8221;.<\/p>\n\n\n\n<h2 class=\"wp-block-heading\">Pol\u00edtica externa<\/h2>\n\n\n\n<p>Para Oswaldo Dehon, professor da escola de neg\u00f3cios em Belo Horizonte, &#8220;o que o mundo em transi\u00e7\u00e3o est\u00e1 nos mostrando \u00e9 que os estados que quiserem continuar vivos v\u00e3o ter que se preocupar com pol\u00edtica externa e pol\u00edtica de defesa. N\u00e3o d\u00e1 mais para que n\u00f3s pensemos em pol\u00edtica externa como alguma coisa dos diplomatas e apenas do Itamaraty. Todos n\u00f3s sofremos os efeitos da constru\u00e7\u00e3o de uma m\u00e1 pol\u00edtica externa nesse pa\u00eds da mesma forma tamb\u00e9m que nenhum de n\u00f3s pode ficar alheio aos problemas de seguran\u00e7a e pol\u00edtica de defesa&#8221;.<\/p>\n\n\n\n<p>Dehon \u00e9 de opini\u00e3o que investimento nas \u00e1reas de defesa e seguran\u00e7a s\u00e3o fundamentais para que os pa\u00edses tenham desempenhos bem sucedidos no futuro pr\u00f3ximo. &#8220;Temos uma situa\u00e7\u00e3o de muitas incongru\u00eancias na ordem pol\u00edtica global e muito provavelmente as amea\u00e7as que n\u00f3s t\u00ednhamos no passado n\u00e3o ser\u00e3o aquelas que n\u00f3s teremos que debelar no futuro. Essa quest\u00e3o da seguran\u00e7a em rela\u00e7\u00e3o \u00e0s armas biol\u00f3gicas, qu\u00edmicas, bacteriol\u00f3gicas, n\u00e3o encontra par\u00e2metro no passado. O que muita gente est\u00e1 chamado de guerra, n\u00e3o \u00e9 exatamente uma guerra. Se a gente prestar aten\u00e7\u00e3o nos principais atores que est\u00e3o tentando debelar os nossos problemas, n\u00e3o s\u00e3o as for\u00e7as armadas, s\u00e3o os profissionais da \u00e1rea da sa\u00fade&#8221;.<\/p>\n\n\n\n<p>Para Dehon, a pol\u00edtica externa n\u00e3o pode ser ideol\u00f3gica. &#8220;Parte importante daquilo que estamos vivendo tem a ver com o fato de que os nossos vizinhos est\u00e3o cada vez mais distantes do Brasil. O tamanho e a grandeza do Brasil ao longo da hist\u00f3ria mostra que o pa\u00eds deve retomar um protagonismo&#8221;, disse o professor, que defende que o Brasil errou ao criticar o Mercosul e opinar sobre as elei\u00e7\u00f5es argentinas do ano passado.<\/p>\n\n\n\n<p class=\"has-background has-very-light-gray-background-color\">Quer saber as not\u00edcias do <strong>Aconteceu no Vale<\/strong> em primeira m\u00e3o? Siga-nos no Facebook <a rel=\"noreferrer noopener\" href=\"http:\/\/facebook.com\/aconteceunovale\" target=\"_blank\">@aconteceunovale<\/a>, Twitter <a rel=\"noreferrer noopener\" href=\"https:\/\/twitter.com\/noticiadosvales\" target=\"_blank\">@noticiadosvales<\/a> e Instagram <a rel=\"noreferrer noopener\" href=\"https:\/\/www.instagram.com\/aconteceunovale\" target=\"_blank\">@aconteceunovale<\/a>.<\/p>\n","protected":false},"excerpt":{"rendered":"<p>&#8220;Eu vejo perspectivas bastante sombrias para a Am\u00e9rica Latina como um todo&#8221;, disse o professor de Rela\u00e7\u00f5es Internacionais e PhD em Ci\u00eancias Sociais e Pol\u00edticas Ricardo Caichiolo, em uma webinar (confer\u00eancia online) realizada pela escola de neg\u00f3cios Ibmec, na manh\u00e3 de hoje (17). O encontro virtual contou com a participa\u00e7\u00e3o de outros professores e tratou [&hellip;]<\/p>\n","protected":false},"author":1,"featured_media":161060,"comment_status":"open","ping_status":"closed","sticky":false,"template":"","format":"standard","meta":{"amp_status":"","footnotes":""},"categories":[6,28848,40242],"tags":[209197,34658,220020,194,214884,216498,220015,220016,220014,115383,205303,220018,215653,220019,140166,218365,220017],"class_list":["post-161150","post","type-post","status-publish","format-standard","has-post-thumbnail","hentry","category-br","category-mundo","category-saude-2","tag-alberto-fernandez","tag-america-latina","tag-analistas","tag-belo-horizonte","tag-coronavirus","tag-covid-19","tag-efeitos-da-covid-19-no-mundo","tag-efeitos-da-pandemia-do-coronavirus-no-mundo","tag-efeitos-do-coronavirus-no-mundo","tag-guayaquil","tag-ibmec","tag-jose-niemeyer","tag-novo-coronavirus","tag-oswaldo-dehon","tag-pandemia","tag-pandemia-do-coronavirus","tag-ricardo-caichiolo"],"_links":{"self":[{"href":"https:\/\/aconteceunovale.com.br\/portal\/index.php?rest_route=\/wp\/v2\/posts\/161150","targetHints":{"allow":["GET"]}}],"collection":[{"href":"https:\/\/aconteceunovale.com.br\/portal\/index.php?rest_route=\/wp\/v2\/posts"}],"about":[{"href":"https:\/\/aconteceunovale.com.br\/portal\/index.php?rest_route=\/wp\/v2\/types\/post"}],"author":[{"embeddable":true,"href":"https:\/\/aconteceunovale.com.br\/portal\/index.php?rest_route=\/wp\/v2\/users\/1"}],"replies":[{"embeddable":true,"href":"https:\/\/aconteceunovale.com.br\/portal\/index.php?rest_route=%2Fwp%2Fv2%2Fcomments&post=161150"}],"version-history":[{"count":1,"href":"https:\/\/aconteceunovale.com.br\/portal\/index.php?rest_route=\/wp\/v2\/posts\/161150\/revisions"}],"predecessor-version":[{"id":161151,"href":"https:\/\/aconteceunovale.com.br\/portal\/index.php?rest_route=\/wp\/v2\/posts\/161150\/revisions\/161151"}],"wp:featuredmedia":[{"embeddable":true,"href":"https:\/\/aconteceunovale.com.br\/portal\/index.php?rest_route=\/wp\/v2\/media\/161060"}],"wp:attachment":[{"href":"https:\/\/aconteceunovale.com.br\/portal\/index.php?rest_route=%2Fwp%2Fv2%2Fmedia&parent=161150"}],"wp:term":[{"taxonomy":"category","embeddable":true,"href":"https:\/\/aconteceunovale.com.br\/portal\/index.php?rest_route=%2Fwp%2Fv2%2Fcategories&post=161150"},{"taxonomy":"post_tag","embeddable":true,"href":"https:\/\/aconteceunovale.com.br\/portal\/index.php?rest_route=%2Fwp%2Fv2%2Ftags&post=161150"}],"curies":[{"name":"wp","href":"https:\/\/api.w.org\/{rel}","templated":true}]}}