{"id":161141,"date":"2020-04-17T17:54:46","date_gmt":"2020-04-17T20:54:46","guid":{"rendered":"http:\/\/aconteceunovale.com.br\/portal\/?p=161141"},"modified":"2020-04-17T17:54:49","modified_gmt":"2020-04-17T20:54:49","slug":"receita-federal-regulariza-mais-de-13-milhoes-de-cpfs-para-acesso-a-auxilio-de-r-600","status":"publish","type":"post","link":"https:\/\/aconteceunovale.com.br\/portal\/?p=161141","title":{"rendered":"Receita Federal regulariza mais de 13 milh\u00f5es de CPFs para acesso a aux\u00edlio de R$ 600"},"content":{"rendered":"\n<p>Cerca de 13,6 milh\u00f5es de contribuintes que estavam com o Cadastro de Pessoas F\u00edsicas (CPF) em situa\u00e7\u00e3o irregular poder\u00e3o requerer o aux\u00edlio emergencial de R$ 600 (R$ 1,2 mil para m\u00e3es solteiras) a partir de segunda-feira (20). Um mutir\u00e3o da Receita Federal e do Minist\u00e9rio da Cidadania levou \u00e0 regulariza\u00e7\u00e3o dos documentos desse contingente.<\/p>\n\n\n\n<p>Esses 13,6 milh\u00f5es de CPFs&nbsp;est\u00e3o sendo processados pela Dataprev, empresa estatal de tecnologia, e poder\u00e3o ser acessados na pr\u00f3xima segunda, assim que for liberada uma atualiza\u00e7\u00e3o do aplicativo Caixa Aux\u00edlio Emergencial, em vers\u00f5es para os dispositivos m\u00f3veis dos sistemas Android e iOS.<\/p>\n\n\n\n<p>A regulariza\u00e7\u00e3o do CPF \u00e9 uma medida exigida pelo governo para que o cidad\u00e3o receba o aux\u00edlio emergencial, criado para amenizar a crise econ\u00f4mica causada pela pandemia do novo coronav\u00edrus. Apesar de deci\u00e3o do juiz federal Ilan Presser, do Tribunal Regional Federal da 1\u00aa Regi\u00e3o,\u00a0suspendendo esta semana a exig\u00eancia, a Receita Federal n\u00e3o tomou medidas com rela\u00e7\u00e3o \u00e0 decis\u00e3o judicial.\u00a0<\/p>\n\n\n\n<h2 class=\"wp-block-heading\">Pedidos<\/h2>\n\n\n\n<p>Segundo a Receita Federal, 19 milh\u00f5es de pessoas que pediram a regulariza\u00e7\u00e3o do CPF foram atendidas desde 17 de mar\u00e7o. A maior parte dos atendimentos ocorreu por canais eletr\u00f4nicos que dispensam a necessidade de aglomera\u00e7\u00f5es em unidades do Fisco: internet, e-mail, chat eletr\u00f4nico e telefone.<\/p>\n\n\n\n<p>O maior n\u00famero de pend\u00eancias, informou a Receita, dizia respeito a cidad\u00e3os que n\u00e3o votaram nos \u00faltimos anos. Apenas nessa \u00e1rea, o Fisco regularizou mais de 12 milh\u00f5es de CPFs.<\/p>\n\n\n\n<p>Os pedidos de inscri\u00e7\u00e3o e de regulariza\u00e7\u00e3o do CPF podem ser feitos no&nbsp;<a href=\"http:\/\/receita.economia.gov.br\/orientacao\/tributaria\/cadastros\/cadastro-de-pessoas-fisicas-cpf\" target=\"_blank\" rel=\"noreferrer noopener\">site da Receita Federal<\/a>. O contribuinte pode alterar dados&nbsp;<a href=\"http:\/\/receita.economia.gov.br\/orientacao\/tributaria\/cadastros\/cadastro-de-pessoas-fisicas-cpf\" target=\"_blank\" rel=\"noreferrer noopener\">no formul\u00e1rio<\/a>&nbsp;\u201cAltera\u00e7\u00e3o de Dados Cadastrais no CPF\u201d&nbsp;ou entrar no&nbsp;<a href=\"http:\/\/receita.economia.gov.br\/contato\/chat\" target=\"_blank\" rel=\"noreferrer noopener\">chat da Receita<\/a>, onde conversar\u00e1 com um atendente.<\/p>\n\n\n\n<p>Caso n\u00e3o seja poss\u00edvel fazer o processo pelo site, o contribuinte pode enviar um e-mail a uma unidade da regi\u00e3o fiscal onde mora. A lista est\u00e1 dispon\u00edvel na&nbsp;<a href=\"http:\/\/receita.economia.gov.br\/orientacao\/tributaria\/cadastros\/cadastro-de-pessoas-fisicas-cpf\/servicos\/regularizacao-cpf\" target=\"_blank\" rel=\"noreferrer noopener\">p\u00e1gina da Receita na internet<\/a>. Segundo o \u00f3rg\u00e3o, os e-mails ser\u00e3o respondidos em at\u00e9 48 horas.<\/p>\n\n\n\n<h2 class=\"wp-block-heading\">Jurisdi\u00e7\u00e3o por estado e respectivos e-mails corporativos:<\/h2>\n\n\n\n<ul class=\"wp-block-list\"><li>1\u00aa Regi\u00e3o Fiscal (DF, GO, MT, MS e TO) &#8211; atendimentorfb.01@rfb.gov.br<\/li><\/ul>\n\n\n\n<ul class=\"wp-block-list\"><li>2\u00aa Regi\u00e3o Fiscal (AC, AM, AP, PA, RO e RR) &#8211; atendimentorfb.02@rfb.gov.br<\/li><\/ul>\n\n\n\n<ul class=\"wp-block-list\"><li>3\u00aa Regi\u00e3o Fiscal (CE, MA e PI) &#8211; atendimentorfb.03@rfb.gov.br<\/li><\/ul>\n\n\n\n<ul class=\"wp-block-list\"><li>4\u00aa Regi\u00e3o Fiscal (AL, PB, PE e RN) &#8211; atendimentorfb.04@rfb.gov.br<\/li><\/ul>\n\n\n\n<ul class=\"wp-block-list\"><li>5\u00aa Regi\u00e3o Fiscal (BA e SE) &#8211; atendimentorfb.05@rfb.gov.br<\/li><\/ul>\n\n\n\n<ul class=\"wp-block-list\"><li>6\u00aa Regi\u00e3o Fiscal (MG) &#8211; atendimentorfb.06@rfb.gov.br<\/li><\/ul>\n\n\n\n<ul class=\"wp-block-list\"><li>7\u00aa Regi\u00e3o Fiscal (ES e RJ) &#8211; atendimentorfb.07@rfb.gov.br<\/li><\/ul>\n\n\n\n<ul class=\"wp-block-list\"><li>8\u00aa Regi\u00e3o Fiscal (SP) &#8211; atendimentorfb.08@rfb.gov.br<\/li><\/ul>\n\n\n\n<ul class=\"wp-block-list\"><li>9\u00aa Regi\u00e3o Fiscal (PR e SC) &#8211; atendimentorfb.09@rfb.gov.br<\/li><\/ul>\n\n\n\n<ul class=\"wp-block-list\"><li>10\u00aa Regi\u00e3o Fiscal (RS) &#8211; atendimentorfb.10@rfb.gov.br<\/li><\/ul>\n\n\n\n<p class=\"has-background has-very-light-gray-background-color\">Quer saber as not\u00edcias do <strong>Aconteceu no Vale<\/strong> em primeira m\u00e3o? Siga-nos no Facebook <a rel=\"noreferrer noopener\" href=\"http:\/\/facebook.com\/aconteceunovale\" target=\"_blank\">@aconteceunovale<\/a>, Twitter <a rel=\"noreferrer noopener\" href=\"https:\/\/twitter.com\/noticiadosvales\" target=\"_blank\">@noticiadosvales<\/a> e Instagram <a rel=\"noreferrer noopener\" href=\"https:\/\/www.instagram.com\/aconteceunovale\" target=\"_blank\">@aconteceunovale<\/a>.<\/p>\n","protected":false},"excerpt":{"rendered":"<p>Cerca de 13,6 milh\u00f5es de contribuintes que estavam com o Cadastro de Pessoas F\u00edsicas (CPF) em situa\u00e7\u00e3o irregular poder\u00e3o requerer o aux\u00edlio emergencial de R$ 600 (R$ 1,2 mil para m\u00e3es solteiras) a partir de segunda-feira (20). Um mutir\u00e3o da Receita Federal e do Minist\u00e9rio da Cidadania levou \u00e0 regulariza\u00e7\u00e3o dos documentos desse contingente. Esses [&hellip;]<\/p>\n","protected":false},"author":1,"featured_media":160623,"comment_status":"open","ping_status":"closed","sticky":false,"template":"","format":"standard","meta":{"amp_status":"","footnotes":""},"categories":[6],"tags":[219405,219383,219292,220008,27752,20290,1464,220007,51767],"class_list":["post-161141","post","type-post","status-publish","format-standard","has-post-thumbnail","hentry","category-br","tag-auxilio-de-r-600","tag-auxilio-emergencial","tag-auxilio-emergencial-de-r-600","tag-caixa-auxilio-emergencial","tag-cpf","tag-dataprev","tag-receita-federal","tag-receita-federal-regulariza-mais-de-13-milhoes-de-cpfs-para-acesso-a-auxilio-de-r-600","tag-regularizacao-de-cpf"],"_links":{"self":[{"href":"https:\/\/aconteceunovale.com.br\/portal\/index.php?rest_route=\/wp\/v2\/posts\/161141","targetHints":{"allow":["GET"]}}],"collection":[{"href":"https:\/\/aconteceunovale.com.br\/portal\/index.php?rest_route=\/wp\/v2\/posts"}],"about":[{"href":"https:\/\/aconteceunovale.com.br\/portal\/index.php?rest_route=\/wp\/v2\/types\/post"}],"author":[{"embeddable":true,"href":"https:\/\/aconteceunovale.com.br\/portal\/index.php?rest_route=\/wp\/v2\/users\/1"}],"replies":[{"embeddable":true,"href":"https:\/\/aconteceunovale.com.br\/portal\/index.php?rest_route=%2Fwp%2Fv2%2Fcomments&post=161141"}],"version-history":[{"count":1,"href":"https:\/\/aconteceunovale.com.br\/portal\/index.php?rest_route=\/wp\/v2\/posts\/161141\/revisions"}],"predecessor-version":[{"id":161142,"href":"https:\/\/aconteceunovale.com.br\/portal\/index.php?rest_route=\/wp\/v2\/posts\/161141\/revisions\/161142"}],"wp:featuredmedia":[{"embeddable":true,"href":"https:\/\/aconteceunovale.com.br\/portal\/index.php?rest_route=\/wp\/v2\/media\/160623"}],"wp:attachment":[{"href":"https:\/\/aconteceunovale.com.br\/portal\/index.php?rest_route=%2Fwp%2Fv2%2Fmedia&parent=161141"}],"wp:term":[{"taxonomy":"category","embeddable":true,"href":"https:\/\/aconteceunovale.com.br\/portal\/index.php?rest_route=%2Fwp%2Fv2%2Fcategories&post=161141"},{"taxonomy":"post_tag","embeddable":true,"href":"https:\/\/aconteceunovale.com.br\/portal\/index.php?rest_route=%2Fwp%2Fv2%2Ftags&post=161141"}],"curies":[{"name":"wp","href":"https:\/\/api.w.org\/{rel}","templated":true}]}}