{"id":161138,"date":"2020-04-17T17:48:45","date_gmt":"2020-04-17T20:48:45","guid":{"rendered":"http:\/\/aconteceunovale.com.br\/portal\/?p=161138"},"modified":"2020-04-17T17:49:14","modified_gmt":"2020-04-17T20:49:14","slug":"exercito-brasileiro-pede-levantamento-sobre-capacidade-de-sepultamentos","status":"publish","type":"post","link":"https:\/\/aconteceunovale.com.br\/portal\/?p=161138","title":{"rendered":"Ex\u00e9rcito Brasileiro pede levantamento sobre capacidade de sepultamentos"},"content":{"rendered":"\n<p>O Ex\u00e9rcito enviou of\u00edcio para as prefeituras do Rio&nbsp;de Janeiro, no in\u00edcio do m\u00eas, pedindo informa\u00e7\u00f5es sobre o n\u00famero de cemit\u00e9rios, de sepulturas e a capacidade de enterros di\u00e1rios de cada munic\u00edpio.<\/p>\n\n\n\n<p>Em nota, o Comando Militar do Leste informou que o objetivo do of\u00edcio enviado foi \u201ct\u00e3o somente coletar dados para um dos cen\u00e1rios levantados\u201d, dentro das possibilidades que podem vir a acontecer no decorrer da atual pandemia do novo coronav\u00edrus.<\/p>\n\n\n\n<p>\u201cO Comando Conjunto Leste, ativado pelo Minist\u00e9rio da Defesa no contexto do emprego das For\u00e7as Armadas contra a Covid-19, planeja sua atua\u00e7\u00e3o com base no levantamento de cen\u00e1rios hipot\u00e9ticos, visando mitigar os efeitos nocivos da pandemia junto \u00e0 sociedade\u201d.<\/p>\n\n\n\n<p>O \u00f3rg\u00e3o afirma que est\u00e1 \u201catento \u00e0 evolu\u00e7\u00e3o da pandemia do Coronav\u00edrus (Covid-19), sob a \u00f3tica da miss\u00e3o constitucional do Ex\u00e9rcito Brasileiro e da prote\u00e7\u00e3o da Fam\u00edlia Militar, apoiando o esfor\u00e7o nacional de combate \u00e0 pandemia\u201d, reiterando o empenho no combate ao coronav\u00edrus em colabora\u00e7\u00e3o com outros \u00f3rg\u00e3os e ag\u00eancias.<\/p>\n\n\n\n<figure class=\"wp-block-gallery columns-1 is-cropped wp-block-gallery-1 is-layout-flex wp-block-gallery-is-layout-flex\"><ul class=\"blocks-gallery-grid\"><li class=\"blocks-gallery-item\"><figure><img loading=\"lazy\" decoding=\"async\" width=\"678\" height=\"407\" src=\"http:\/\/aconteceunovale.com.br\/portal\/wp-content\/uploads\/2020\/04\/solicitacao_sepultamentos.jpg\" alt=\"\" data-id=\"161139\" data-full-url=\"http:\/\/aconteceunovale.com.br\/portal\/wp-content\/uploads\/2020\/04\/solicitacao_sepultamentos.jpg\" data-link=\"http:\/\/aconteceunovale.com.br\/portal\/?attachment_id=161139\" class=\"wp-image-161139\" srcset=\"https:\/\/aconteceunovale.com.br\/portal\/wp-content\/uploads\/2020\/04\/solicitacao_sepultamentos.jpg 678w, https:\/\/aconteceunovale.com.br\/portal\/wp-content\/uploads\/2020\/04\/solicitacao_sepultamentos-300x180.jpg 300w\" sizes=\"auto, (max-width: 678px) 100vw, 678px\" \/><figcaption class=\"blocks-gallery-item__caption\"><em>Foto: Reprodu\u00e7\u00e3o \/ Internet<\/em><\/figcaption><\/figure><\/li><\/ul><\/figure>\n\n\n\n<h2 class=\"wp-block-heading\">Of\u00edcio<\/h2>\n\n\n\n<p>O prefeito de Tr\u00eas Rios, Josimar Salles, publicou um v\u00eddeo em suas redes sociais no qual informa que recebeu o documento&nbsp;ontem&nbsp;(16), por meio do chefe do servi\u00e7o militar da cidade. No of\u00edcio, classificado como urgente, e assinado pelo coronel Luis Mauro Rodrigues Moura, chefe da Se\u00e7\u00e3o de Servi\u00e7o Militar, \u00e9 feita a solicita\u00e7\u00e3o de dados estat\u00edsticos.<\/p>\n\n\n\n<p>\u201cEm aten\u00e7\u00e3o ao documento contido na refer\u00eancia, solicito aos senhores chefes de Postos de Recrutamento e Mobiliza\u00e7\u00e3o, com apoio das Juntas de Servi\u00e7o Militar, que seja realizado um levantamento de dados estat\u00edsticos referentes a quantidades de cemit\u00e9rios, disponibilidade de sepulturas e capacidade de sepultamentos di\u00e1rios, em suas respectivas \u00e1reas de responsabilidade\u201d, diz o documento exibido por Salles.<\/p>\n\n\n\n<p>O texto especifica que se trata de uma conting\u00eancia devido \u00e0 emerg\u00eancia sanit\u00e1ria provocada pelo novo coronav\u00edrus. \u201cAs informa\u00e7\u00f5es solicitadas s\u00e3o para fins de consolida\u00e7\u00e3o e resposta ao Departamento-Geral do Pessoal, referente \u00e0 Pandemia Covid-19\u201d, mostra o trecho destacado pelo prefeito de Tr\u00eas Rios.<\/p>\n\n\n\n<p>Salles finaliza o v\u00eddeo afirmando que tem tomado todas as provid\u00eancias para evitar o cont\u00e1gio pelo novo coronav\u00edrus na cidade e diz&nbsp;ter&nbsp;consci\u00eancia dos sacrif\u00edcios enfrentados \u201cnos pr\u00f3ximos meses e quem sabe at\u00e9 nos pr\u00f3ximos anos\u201d.<\/p>\n\n\n\n<p>\u201cDiante de um documento como esse, vindo de uma institui\u00e7\u00e3o das mais respeitadas do Brasil, o Ex\u00e9rcito Brasileiro, pedindo informa\u00e7\u00f5es sobre o n\u00famero de cemit\u00e9rios, o n\u00famero de sepulturas, a nossa capacidade para poder sepultar pessoas, eu n\u00e3o posso, de forma alguma, afrouxar as nossas medidas. Porque se o Ex\u00e9rcito est\u00e1 perguntando isso, \u00e9 porque est\u00e3o fazendo um levantamento estat\u00edstico justamente diante a uma possibilidade de um caos na nossa sa\u00fade p\u00fablica. N\u00e3o apenas no Brasil, mas n\u00f3s estamos acompanhando no mundo\u201d.<\/p>\n\n\n\n<h2 class=\"wp-block-heading\">Rio&nbsp;de Janeiro<\/h2>\n\n\n\n<p>A Coordenadoria de Cemit\u00e9rios da prefeitura do Rio&nbsp;de Janeiro, \u00f3rg\u00e3o da Secretaria Municipal de Conserva\u00e7\u00e3o e Meio Ambiente (Seconserma), confirmou o recebimento do of\u00edcio e informou que, \u201cdesde a semana passada, j\u00e1 respondeu a todos os questionamentos do Minist\u00e9rio da Defesa\u201d.<\/p>\n\n\n\n<p>Segundo o \u00f3rg\u00e3o, a capacidade de vagas nos 21 cemit\u00e9rios da cidade, entre p\u00fablicos e privados, est\u00e1 \u201ctotalmente adequada para o momento atual\u201d. \u201cAl\u00e9m disso, bem antes da pandemia do coronav\u00edrus, as administra\u00e7\u00f5es dos cemit\u00e9rios, tanto as concession\u00e1rias que administram os p\u00fablicos quanto as administra\u00e7\u00f5es dos particulares, t\u00eam investido em amplia\u00e7\u00f5es de novas vagas para sepultamentos ou crema\u00e7\u00f5es\u201d, informou a coordenadoria.<\/p>\n\n\n\n<p>A Seconserma j\u00e1\u00a0orientou os cemit\u00e9rios\u00a0a mudarem suas rotinas por causa da covid-19. Para evitar aglomera\u00e7\u00f5es, alguns cemit\u00e9rios privados, como o da Penit\u00eancia, no Caju, est\u00e3o realizando vel\u00f3rios online e ao ar livre.<\/p>\n\n\n\n<p class=\"has-background has-very-light-gray-background-color\">Quer saber as not\u00edcias do <strong>Aconteceu no Vale<\/strong> em primeira m\u00e3o? Siga-nos no Facebook <a rel=\"noreferrer noopener\" href=\"http:\/\/facebook.com\/aconteceunovale\" target=\"_blank\">@aconteceunovale<\/a>, Twitter <a rel=\"noreferrer noopener\" href=\"https:\/\/twitter.com\/noticiadosvales\" target=\"_blank\">@noticiadosvales<\/a> e Instagram <a rel=\"noreferrer noopener\" href=\"https:\/\/www.instagram.com\/aconteceunovale\" target=\"_blank\">@aconteceunovale<\/a>.<\/p>\n","protected":false},"excerpt":{"rendered":"<p>O Ex\u00e9rcito enviou of\u00edcio para as prefeituras do Rio&nbsp;de Janeiro, no in\u00edcio do m\u00eas, pedindo informa\u00e7\u00f5es sobre o n\u00famero de cemit\u00e9rios, de sepulturas e a capacidade de enterros di\u00e1rios de cada munic\u00edpio. Em nota, o Comando Militar do Leste informou que o objetivo do of\u00edcio enviado foi \u201ct\u00e3o somente coletar dados para um dos cen\u00e1rios [&hellip;]<\/p>\n","protected":false},"author":1,"featured_media":161139,"comment_status":"open","ping_status":"closed","sticky":false,"template":"","format":"standard","meta":{"amp_status":"","footnotes":""},"categories":[6,40242],"tags":[220002,195793,214884,216498,29582,220001,220003,218149,215653,220005,140166,218365,220004,200048,220006,162598],"class_list":["post-161138","post","type-post","status-publish","format-standard","has-post-thumbnail","hentry","category-br","category-saude-2","tag-capacidade-de-sepultamentos-no-brasil","tag-comando-militar-do-leste","tag-coronavirus","tag-covid-19","tag-exercito","tag-exercito-brasileiro-pede-levantamento-sobre-capacidade-de-sepultamentos","tag-josimar-salles","tag-mortes-por-coronavirus","tag-novo-coronavirus","tag-obitos-por-coronavirus","tag-pandemia","tag-pandemia-do-coronavirus","tag-prefeito-de-tres-rios","tag-prefeitura-do-rio-de-janeiro","tag-seconserma","tag-sepultamentos"],"_links":{"self":[{"href":"https:\/\/aconteceunovale.com.br\/portal\/index.php?rest_route=\/wp\/v2\/posts\/161138","targetHints":{"allow":["GET"]}}],"collection":[{"href":"https:\/\/aconteceunovale.com.br\/portal\/index.php?rest_route=\/wp\/v2\/posts"}],"about":[{"href":"https:\/\/aconteceunovale.com.br\/portal\/index.php?rest_route=\/wp\/v2\/types\/post"}],"author":[{"embeddable":true,"href":"https:\/\/aconteceunovale.com.br\/portal\/index.php?rest_route=\/wp\/v2\/users\/1"}],"replies":[{"embeddable":true,"href":"https:\/\/aconteceunovale.com.br\/portal\/index.php?rest_route=%2Fwp%2Fv2%2Fcomments&post=161138"}],"version-history":[{"count":1,"href":"https:\/\/aconteceunovale.com.br\/portal\/index.php?rest_route=\/wp\/v2\/posts\/161138\/revisions"}],"predecessor-version":[{"id":161140,"href":"https:\/\/aconteceunovale.com.br\/portal\/index.php?rest_route=\/wp\/v2\/posts\/161138\/revisions\/161140"}],"wp:featuredmedia":[{"embeddable":true,"href":"https:\/\/aconteceunovale.com.br\/portal\/index.php?rest_route=\/wp\/v2\/media\/161139"}],"wp:attachment":[{"href":"https:\/\/aconteceunovale.com.br\/portal\/index.php?rest_route=%2Fwp%2Fv2%2Fmedia&parent=161138"}],"wp:term":[{"taxonomy":"category","embeddable":true,"href":"https:\/\/aconteceunovale.com.br\/portal\/index.php?rest_route=%2Fwp%2Fv2%2Fcategories&post=161138"},{"taxonomy":"post_tag","embeddable":true,"href":"https:\/\/aconteceunovale.com.br\/portal\/index.php?rest_route=%2Fwp%2Fv2%2Ftags&post=161138"}],"curies":[{"name":"wp","href":"https:\/\/api.w.org\/{rel}","templated":true}]}}