{"id":161127,"date":"2020-04-17T17:05:51","date_gmt":"2020-04-17T20:05:51","guid":{"rendered":"http:\/\/aconteceunovale.com.br\/portal\/?p=161127"},"modified":"2020-04-17T17:06:31","modified_gmt":"2020-04-17T20:06:31","slug":"leguminosa-e-testada-para-alimentar-o-gado","status":"publish","type":"post","link":"https:\/\/aconteceunovale.com.br\/portal\/?p=161127","title":{"rendered":"Leguminosa \u00e9 testada para alimentar o gado"},"content":{"rendered":"\n<p>Um desafio de pecuaristas de todo o Brasil diz respeito \u00e0 alimenta\u00e7\u00e3o de rebanhos bovinos durante o per\u00edodo de seca. As pastagens do pa\u00eds, formadas majoritariamente por gram\u00edneas, s\u00e3o comprometidas em \u00e9pocas de estiagem. O que se percebe nesses per\u00edodos \u00e9 a diminui\u00e7\u00e3o da qualidade das pastagens em fun\u00e7\u00e3o da baixa digestibilidade e da queda do valor nutritivo das gram\u00edneas.<\/p>\n\n\n\n<p>A\u00a0Empresa de Pesquisa Agropecu\u00e1ria de Minas Gerais (Epamig)\u00a0&#8211; vinculada da\u00a0Secretaria de Agricultura, Pecu\u00e1ria e Abastecimento (Seapa)\u00a0&#8211; est\u00e1 avaliando estrat\u00e9gias de introdu\u00e7\u00e3o de uma leguminosa denominada crat\u00edlia (Cratylia argentea) em associa\u00e7\u00e3o \u00e0 pastagem de braqui\u00e1ria sob sequeiro. O principal objetivo da pesquisa \u00e9 encontrar alternativas forrageiras capazes de integrar o sistema de alimenta\u00e7\u00e3o de rebanhos bovinos na seca.<\/p>\n\n\n\n<figure class=\"wp-block-gallery columns-1 is-cropped wp-block-gallery-1 is-layout-flex wp-block-gallery-is-layout-flex\"><ul class=\"blocks-gallery-grid\"><li class=\"blocks-gallery-item\"><figure><img loading=\"lazy\" decoding=\"async\" width=\"678\" height=\"436\" src=\"http:\/\/aconteceunovale.com.br\/portal\/wp-content\/uploads\/2020\/04\/cratylia3.jpg\" alt=\"\" data-id=\"161130\" data-full-url=\"http:\/\/aconteceunovale.com.br\/portal\/wp-content\/uploads\/2020\/04\/cratylia3.jpg\" data-link=\"http:\/\/aconteceunovale.com.br\/portal\/?attachment_id=161130\" class=\"wp-image-161130\" srcset=\"https:\/\/aconteceunovale.com.br\/portal\/wp-content\/uploads\/2020\/04\/cratylia3.jpg 678w, https:\/\/aconteceunovale.com.br\/portal\/wp-content\/uploads\/2020\/04\/cratylia3-300x193.jpg 300w, https:\/\/aconteceunovale.com.br\/portal\/wp-content\/uploads\/2020\/04\/cratylia3-653x420.jpg 653w\" sizes=\"auto, (max-width: 678px) 100vw, 678px\" \/><figcaption class=\"blocks-gallery-item__caption\"><em>Foto: Divulga\u00e7\u00e3o \/ Epamig<\/em><\/figcaption><\/figure><\/li><\/ul><\/figure>\n\n\n\n<p><strong>Toler\u00e2ncia<\/strong><\/p>\n\n\n\n<p>A crat\u00edlia, popularmente conhecida como camaratuba, tem mostrado boa adapta\u00e7\u00e3o em solos \u00e1cidos, alta toler\u00e2ncia \u00e0 seca e grandes produ\u00e7\u00f5es de forragem durante todo ano. Al\u00e9m disso, a planta possui elevada capacidade de fixa\u00e7\u00e3o de nitrog\u00eanio no solo, o que ajuda na recupera\u00e7\u00e3o de pastagens degradadas.<\/p>\n\n\n\n<p>Segundo Karina Toledo, pesquisadora da Epamig, a composi\u00e7\u00e3o qu\u00edmica da leguminosa como forragem \u00e9 melhor que a de muitas gram\u00edneas em per\u00edodos de seca. Al\u00e9m disso, a crat\u00edlia se destaca por ser uma fonte alternativa de prote\u00edna, o que contribui \u00a0para reduzir os custos com concentrado, o item mais oneroso na produ\u00e7\u00e3o animal. &#8220;O valor nutritivo da crat\u00edlia est\u00e1 entre os mais altos entre as leguminosas arbustivas adaptadas a solos \u00e1cidos. A prote\u00edna bruta varia entre 18% e 30% da mat\u00e9ria seca. J\u00e1 a digestibilidade in vitro da mat\u00e9ria seca pode chegar entre 60% e 65%. Em contraste com muitas outras leguminosas arbustivas tropicais, a crat\u00edlia cont\u00e9m apenas vest\u00edgios de taninos, o que faz com que seja indicada tanto para pastagem em cons\u00f3rcio com gram\u00edneas quanto para banco de forragem durante a esta\u00e7\u00e3o seca&#8221;, destaca Elaine Teixeira, professora universit\u00e1ria que integra a equipe da pesquisa.<\/p>\n\n\n\n<figure class=\"wp-block-gallery columns-1 is-cropped wp-block-gallery-2 is-layout-flex wp-block-gallery-is-layout-flex\"><ul class=\"blocks-gallery-grid\"><li class=\"blocks-gallery-item\"><figure><img loading=\"lazy\" decoding=\"async\" width=\"678\" height=\"395\" src=\"http:\/\/aconteceunovale.com.br\/portal\/wp-content\/uploads\/2020\/04\/cratylia2.jpg\" alt=\"\" data-id=\"161129\" data-full-url=\"http:\/\/aconteceunovale.com.br\/portal\/wp-content\/uploads\/2020\/04\/cratylia2.jpg\" data-link=\"http:\/\/aconteceunovale.com.br\/portal\/?attachment_id=161129\" class=\"wp-image-161129\" srcset=\"https:\/\/aconteceunovale.com.br\/portal\/wp-content\/uploads\/2020\/04\/cratylia2.jpg 678w, https:\/\/aconteceunovale.com.br\/portal\/wp-content\/uploads\/2020\/04\/cratylia2-300x175.jpg 300w\" sizes=\"auto, (max-width: 678px) 100vw, 678px\" \/><figcaption class=\"blocks-gallery-item__caption\"><em>Foto: Divulga\u00e7\u00e3o \/ Epamig<\/em><\/figcaption><\/figure><\/li><\/ul><\/figure>\n\n\n\n<p><strong>Cerrado<\/strong><\/p>\n\n\n\n<p>A pesquisa com crat\u00edlia \u00e9 mais uma estrat\u00e9gia de integra\u00e7\u00e3o lavoura-pecu\u00e1ria-floresta (ILPF) para inova\u00e7\u00e3o da agropecu\u00e1ria do Cerrado mineiro. O trabalho, realizado no Campo Experimental da Epamig de Prudente de Morais, na regi\u00e3o Central, ainda est\u00e1 em fase inicial, com implanta\u00e7\u00e3o de mudas iniciada no final de janeiro, com e sem aduba\u00e7\u00e3o.\u00a0<\/p>\n\n\n\n<p>Apesar de o experimento ainda ser recente, as mudas est\u00e3o com um desenvolvimento bastante vigoroso at\u00e9 o momento. De acordo com a pesquisadora da Epamig, Maria Celuta, ap\u00f3s um ano do estabelecimento da crat\u00edlia haver\u00e1 a introdu\u00e7\u00e3o de bovinos para avaliar o comportamento de pastejo da leguminosa.<\/p>\n\n\n\n<p>Os trabalhos s\u00e3o realizados em parceria com os pesquisadores da Embrapa Milho e Sorgo, Miguel Marques Neto e Walter Jos\u00e9 Matrangolo, e com a professora da Universidade Federal de Minas Gerais (UFMG), \u00c2ngela Maria Lana.\u00a0<\/p>\n\n\n\n<p class=\"has-background has-very-light-gray-background-color\">Quer saber as not\u00edcias do <strong>Aconteceu no Vale<\/strong> em primeira m\u00e3o? Siga-nos no Facebook <a rel=\"noreferrer noopener\" href=\"http:\/\/facebook.com\/aconteceunovale\" target=\"_blank\">@aconteceunovale<\/a>, Twitter <a rel=\"noreferrer noopener\" href=\"https:\/\/twitter.com\/noticiadosvales\" target=\"_blank\">@noticiadosvales<\/a> e Instagram <a rel=\"noreferrer noopener\" href=\"https:\/\/www.instagram.com\/aconteceunovale\" target=\"_blank\">@aconteceunovale<\/a>.<\/p>\n","protected":false},"excerpt":{"rendered":"<p>Um desafio de pecuaristas de todo o Brasil diz respeito \u00e0 alimenta\u00e7\u00e3o de rebanhos bovinos durante o per\u00edodo de seca. As pastagens do pa\u00eds, formadas majoritariamente por gram\u00edneas, s\u00e3o comprometidas em \u00e9pocas de estiagem. O que se percebe nesses per\u00edodos \u00e9 a diminui\u00e7\u00e3o da qualidade das pastagens em fun\u00e7\u00e3o da baixa digestibilidade e da queda [&hellip;]<\/p>\n","protected":false},"author":1,"featured_media":161130,"comment_status":"open","ping_status":"closed","sticky":false,"template":"","format":"standard","meta":{"amp_status":"","footnotes":""},"categories":[123],"tags":[215689,219981,219979,219992,219990,219982,219994,133562,219986,219993,219983,1018,219988,25884,219985,219984,219991,215690,219989,219980,219978,8240,27578,874,219987],"class_list":["post-161127","post","type-post","status-publish","format-standard","has-post-thumbnail","hentry","category-gerais","tag-alimentacao-do-gado","tag-alimentacao-do-gado-na-seca","tag-alimentacao-do-rebanho-bovino","tag-alternativa-para-enriquecer-o-pasto-em-periodos-de-seca","tag-angela-maria-lana","tag-camaratuba","tag-camaratuba-e-testada-para-alimentar-o-gado","tag-cerrado-mineiro","tag-cratilia","tag-cratilia-e-testada-para-alimentar-o-gado","tag-cratylia-argentea","tag-destaque","tag-embraga-milho-e-sorgo","tag-epamig","tag-ilpf","tag-karina-toledo","tag-leguminosa-e-testada-para-alimentar-o-gado","tag-maria-celuta","tag-miguel-marques-neto","tag-pastagem-na-seca","tag-pecuaria-no-brasil","tag-prudente-de-morais","tag-seapa","tag-ufmg","tag-walter-jose-matrangolo"],"_links":{"self":[{"href":"https:\/\/aconteceunovale.com.br\/portal\/index.php?rest_route=\/wp\/v2\/posts\/161127","targetHints":{"allow":["GET"]}}],"collection":[{"href":"https:\/\/aconteceunovale.com.br\/portal\/index.php?rest_route=\/wp\/v2\/posts"}],"about":[{"href":"https:\/\/aconteceunovale.com.br\/portal\/index.php?rest_route=\/wp\/v2\/types\/post"}],"author":[{"embeddable":true,"href":"https:\/\/aconteceunovale.com.br\/portal\/index.php?rest_route=\/wp\/v2\/users\/1"}],"replies":[{"embeddable":true,"href":"https:\/\/aconteceunovale.com.br\/portal\/index.php?rest_route=%2Fwp%2Fv2%2Fcomments&post=161127"}],"version-history":[{"count":1,"href":"https:\/\/aconteceunovale.com.br\/portal\/index.php?rest_route=\/wp\/v2\/posts\/161127\/revisions"}],"predecessor-version":[{"id":161131,"href":"https:\/\/aconteceunovale.com.br\/portal\/index.php?rest_route=\/wp\/v2\/posts\/161127\/revisions\/161131"}],"wp:featuredmedia":[{"embeddable":true,"href":"https:\/\/aconteceunovale.com.br\/portal\/index.php?rest_route=\/wp\/v2\/media\/161130"}],"wp:attachment":[{"href":"https:\/\/aconteceunovale.com.br\/portal\/index.php?rest_route=%2Fwp%2Fv2%2Fmedia&parent=161127"}],"wp:term":[{"taxonomy":"category","embeddable":true,"href":"https:\/\/aconteceunovale.com.br\/portal\/index.php?rest_route=%2Fwp%2Fv2%2Fcategories&post=161127"},{"taxonomy":"post_tag","embeddable":true,"href":"https:\/\/aconteceunovale.com.br\/portal\/index.php?rest_route=%2Fwp%2Fv2%2Ftags&post=161127"}],"curies":[{"name":"wp","href":"https:\/\/api.w.org\/{rel}","templated":true}]}}