{"id":161125,"date":"2020-04-17T00:41:55","date_gmt":"2020-04-17T03:41:55","guid":{"rendered":"http:\/\/aconteceunovale.com.br\/portal\/?p=161125"},"modified":"2020-04-17T00:42:21","modified_gmt":"2020-04-17T03:42:21","slug":"camara-dos-deputados-aprova-regras-para-evitar-bloqueio-do-auxilio-emergencial-por-falta-de-cpf","status":"publish","type":"post","link":"https:\/\/aconteceunovale.com.br\/portal\/?p=161125","title":{"rendered":"C\u00e2mara dos Deputados aprova regras para evitar bloqueio do aux\u00edlio emergencial por falta de CPF"},"content":{"rendered":"\n<p>O Plen\u00e1rio da C\u00e2mara dos Deputados aprovou, na noite de hoje (16), dois destaques ao Projeto de Lei 873\/20, cujo\u00a0texto-base foi aprovado\u00a0nesta quinta-feira.\u00a0Os dois destaques t\u00eam o objetivo de assegurar o pagamento do aux\u00edlio emergencial de R$ 600 a quem n\u00e3o tenha o CPF regularizado.<\/p>\n\n\n\n<p>De autoria do PSB, um dos destaques pro\u00edbe a recusa do aux\u00edlio a quem declarar n\u00e3o ter CPF e apresentar outro documento de identifica\u00e7\u00e3o. O segundo destaque aprovado foi apresentado pelo PSOL e prev\u00ea a regulariza\u00e7\u00e3o autom\u00e1tica dos CPFs, proibindo a cobran\u00e7a de quaisquer taxas banc\u00e1rias a quem receber o aux\u00edlio.<\/p>\n\n\n\n<p>Os destaques tiveram apoio de parlamentares de diversos partidos. O deputado Andr\u00e9 Janones (Avante-MG), disse que a exig\u00eancia do CPF para garantir o benef\u00edcio emergencial de R$ 600 \u00e9 uma \u201cburocracia desnecess\u00e1ria\u201d para aqueles que t\u00eam fome.<\/p>\n\n\n\n<p>O l\u00edder do Patriota, deputado Fred Costa (Patriota-MG), tamb\u00e9m defendeu a mudan\u00e7a para facilitar o acesso de todos ao benef\u00edcio.<\/p>\n\n\n\n<h2 class=\"wp-block-heading\">L\u00edder do governo<\/h2>\n\n\n\n<p>Segundo o l\u00edder do governo na C\u00e2mara, deputado Vitor Hugo (PSL-GO), o governo se comprometeu a regulamentar o tema para evitar fraudes, indicando os documentos que ser\u00e3o aceitos. &#8220;H\u00e1 uma preocupa\u00e7\u00e3o com eventuais fraudes no CPF&#8221;, disse Vitor Hugo.<\/p>\n\n\n\n<p>O l\u00edder do governo disse que a Receita Federal deve anunciar uma solu\u00e7\u00e3o para os problemas com o cadastro de contribuintes antes da tramita\u00e7\u00e3o final do projeto e que a Receita e o Minist\u00e9rio da Cidadania devem regularizar 12 milh\u00f5es de brasileiros que tinham problemas no CPF por quest\u00f5es eleitorais at\u00e9 amanh\u00e3 (17).\u00a0<\/p>\n\n\n\n<p class=\"has-background has-very-light-gray-background-color\">Quer saber as not\u00edcias do <strong>Aconteceu no Vale<\/strong> em primeira m\u00e3o? Siga-nos no Facebook <a rel=\"noreferrer noopener\" href=\"http:\/\/facebook.com\/aconteceunovale\" target=\"_blank\">@aconteceunovale<\/a>, Twitter <a rel=\"noreferrer noopener\" href=\"https:\/\/twitter.com\/noticiadosvales\" target=\"_blank\">@noticiadosvales<\/a> e Instagram <a rel=\"noreferrer noopener\" href=\"https:\/\/www.instagram.com\/aconteceunovale\" target=\"_blank\">@aconteceunovale<\/a>.<\/p>\n","protected":false},"excerpt":{"rendered":"<p>O Plen\u00e1rio da C\u00e2mara dos Deputados aprovou, na noite de hoje (16), dois destaques ao Projeto de Lei 873\/20, cujo\u00a0texto-base foi aprovado\u00a0nesta quinta-feira.\u00a0Os dois destaques t\u00eam o objetivo de assegurar o pagamento do aux\u00edlio emergencial de R$ 600 a quem n\u00e3o tenha o CPF regularizado. De autoria do PSB, um dos destaques pro\u00edbe a recusa [&hellip;]<\/p>\n","protected":false},"author":1,"featured_media":160623,"comment_status":"open","ping_status":"closed","sticky":false,"template":"","format":"standard","meta":{"amp_status":"","footnotes":""},"categories":[6,40240],"tags":[177342,219383,219292,219977,219976,27752,106336],"class_list":["post-161125","post","type-post","status-publish","format-standard","has-post-thumbnail","hentry","category-br","category-politica-2","tag-andre-janones","tag-auxilio-emergencial","tag-auxilio-emergencial-de-r-600","tag-bloqueio-do-auxilio-emergencial","tag-camara-dos-deputados-aprova-regras-para-evitar-bloqueio-do-auxilio-emergencial-por-falta-de-cpf","tag-cpf","tag-fred-costa"],"_links":{"self":[{"href":"https:\/\/aconteceunovale.com.br\/portal\/index.php?rest_route=\/wp\/v2\/posts\/161125","targetHints":{"allow":["GET"]}}],"collection":[{"href":"https:\/\/aconteceunovale.com.br\/portal\/index.php?rest_route=\/wp\/v2\/posts"}],"about":[{"href":"https:\/\/aconteceunovale.com.br\/portal\/index.php?rest_route=\/wp\/v2\/types\/post"}],"author":[{"embeddable":true,"href":"https:\/\/aconteceunovale.com.br\/portal\/index.php?rest_route=\/wp\/v2\/users\/1"}],"replies":[{"embeddable":true,"href":"https:\/\/aconteceunovale.com.br\/portal\/index.php?rest_route=%2Fwp%2Fv2%2Fcomments&post=161125"}],"version-history":[{"count":1,"href":"https:\/\/aconteceunovale.com.br\/portal\/index.php?rest_route=\/wp\/v2\/posts\/161125\/revisions"}],"predecessor-version":[{"id":161126,"href":"https:\/\/aconteceunovale.com.br\/portal\/index.php?rest_route=\/wp\/v2\/posts\/161125\/revisions\/161126"}],"wp:featuredmedia":[{"embeddable":true,"href":"https:\/\/aconteceunovale.com.br\/portal\/index.php?rest_route=\/wp\/v2\/media\/160623"}],"wp:attachment":[{"href":"https:\/\/aconteceunovale.com.br\/portal\/index.php?rest_route=%2Fwp%2Fv2%2Fmedia&parent=161125"}],"wp:term":[{"taxonomy":"category","embeddable":true,"href":"https:\/\/aconteceunovale.com.br\/portal\/index.php?rest_route=%2Fwp%2Fv2%2Fcategories&post=161125"},{"taxonomy":"post_tag","embeddable":true,"href":"https:\/\/aconteceunovale.com.br\/portal\/index.php?rest_route=%2Fwp%2Fv2%2Ftags&post=161125"}],"curies":[{"name":"wp","href":"https:\/\/api.w.org\/{rel}","templated":true}]}}