{"id":161118,"date":"2020-04-16T23:48:36","date_gmt":"2020-04-17T02:48:36","guid":{"rendered":"http:\/\/aconteceunovale.com.br\/portal\/?p=161118"},"modified":"2020-04-16T23:49:09","modified_gmt":"2020-04-17T02:49:09","slug":"nova-projecao-da-ses-mg-aponta-pico-da-covid-19-no-final-de-maio","status":"publish","type":"post","link":"https:\/\/aconteceunovale.com.br\/portal\/?p=161118","title":{"rendered":"Nova proje\u00e7\u00e3o da SES-MG aponta pico da Covid-19 no final de maio"},"content":{"rendered":"\n<p>As medidas de distanciamento social aplicadas em Minas Gerais t\u00eam conseguido atrasar a propaga\u00e7\u00e3o do\u00a0coronav\u00edrus e evitar a sobrecarga da rede de sa\u00fade no estado. \u00c9 o que se pode inferir, segundo a\u00a0Secretaria de Estado de Sa\u00fade (SES-MG),\u00a0com a\u00a0nova proje\u00e7\u00e3o para a curva epidemiol\u00f3gica de casos da Covid-19. Em coletiva \u00e0 imprensa, o secret\u00e1rio de Sa\u00fade, Carlos Eduardo Amaral,\u00a0explicou que as estimativas da semana passada apontavam uma demanda de cerca de 5.500 pessoas acometidas durante o pico da epidemia, o que foi reduzido para cerca de 4.200, segundo o estudo atual.<\/p>\n\n\n\n<p>\u201cJ\u00e1 distanciamos o pico para o dia 27 de maio. O cidad\u00e3o tem respeitado o distanciamento e se isolado. Isso trar\u00e1 benef\u00edcio para toda a sociedade\u201d, disse Amaral.&nbsp;A ocupa\u00e7\u00e3o de leitos, em geral, por pacientes suspeitos para Covid-19, est\u00e1 em torno de 4%, no momento.<\/p>\n\n\n\n<p>As informa\u00e7\u00f5es foram divulgadas nesta quinta-feira (16\/4), em entrevista coletiva virtual concedida na Cidade Administrativa, tamb\u00e9m com a presen\u00e7a\u00a0do secret\u00e1rio adjunto da SES-MG, Marcelo Cabral.<\/p>\n\n\n\n<figure class=\"wp-block-gallery columns-1 is-cropped wp-block-gallery-1 is-layout-flex wp-block-gallery-is-layout-flex\"><ul class=\"blocks-gallery-grid\"><li class=\"blocks-gallery-item\"><figure><img loading=\"lazy\" decoding=\"async\" width=\"676\" height=\"450\" src=\"http:\/\/aconteceunovale.com.br\/portal\/wp-content\/uploads\/2020\/04\/secretario_mg.jpg\" alt=\"\" data-id=\"161119\" data-full-url=\"http:\/\/aconteceunovale.com.br\/portal\/wp-content\/uploads\/2020\/04\/secretario_mg.jpg\" data-link=\"http:\/\/aconteceunovale.com.br\/portal\/?attachment_id=161119\" class=\"wp-image-161119\" srcset=\"https:\/\/aconteceunovale.com.br\/portal\/wp-content\/uploads\/2020\/04\/secretario_mg.jpg 676w, https:\/\/aconteceunovale.com.br\/portal\/wp-content\/uploads\/2020\/04\/secretario_mg-300x200.jpg 300w, https:\/\/aconteceunovale.com.br\/portal\/wp-content\/uploads\/2020\/04\/secretario_mg-631x420.jpg 631w\" sizes=\"auto, (max-width: 676px) 100vw, 676px\" \/><figcaption class=\"blocks-gallery-item__caption\"><em>Foto: Gil Leonardi \/ Imprensa MG<\/em><\/figcaption><\/figure><\/li><\/ul><\/figure>\n\n\n\n<p><strong>Planos e a\u00e7\u00f5es<\/strong><\/p>\n\n\n\n<p>Na oportunidade, o secret\u00e1rio de Estado de Sa\u00fade, Carlos Eduardo Amaral, tamb\u00e9m anunciou a inclus\u00e3o do laborat\u00f3rio do N\u00facleo de A\u00e7\u00f5es e Pesquisa em Apoio Diagn\u00f3stico (Nupad), da Faculdade de Medicina da UFMG, \u00e0 Rede de Laborat\u00f3rios P\u00fablicos que far\u00e3o testes para detectar a doen\u00e7a.<\/p>\n\n\n\n<p>Amaral ainda apontou que, neste momento, a SES-MG est\u00e1 finalizando a elabora\u00e7\u00e3o dos Planos Macrorregionais de Conting\u00eancia para a Covid-19.<\/p>\n\n\n\n<p>\u201cNesses planos teremos definidos quais hospitais v\u00e3o atender apenas pacientes de Covid-19 e&nbsp;quais ser\u00e3o aqueles que v\u00e3o atender as outras necessidades de sa\u00fade. Isso \u00e9 importante, por exemplo, pois se a pessoa precisou ir ao hospital por outro motivo, ela n\u00e3o estar\u00e1 submetida a risco adicional para contrair a doen\u00e7a. Al\u00e9m disso, teremos protocolos sobre coleta de exames e outras especificidades no manejo cl\u00ednico\u201d, esclareceu.<\/p>\n\n\n\n<p>Tamb\u00e9m foram abordadas outras a\u00e7\u00f5es do\u00a0Governo do Estado\u00a0para articula\u00e7\u00e3o e organiza\u00e7\u00e3o de esfor\u00e7os para enfrentamento da epidemia. \u201cCriamos os comit\u00eas de crise, que s\u00e3o integrados pelas Secretarias Municipais de Sa\u00fade, e o Comit\u00ea Estadual da Covid-19, que re\u00fane os secret\u00e1rios de Estado, para que tenhamos converg\u00eancia institucional para essa situa\u00e7\u00e3o de emerg\u00eancia\u201d.<\/p>\n\n\n\n<p>Carlos Eduardo Amaral ainda adicionou que a SES-MG, desde janeiro, tem mapeado os leitos existentes na rede estadual, e que o Plano Estadual de Conting\u00eancia j\u00e1 se encontra na segunda atualiza\u00e7\u00e3o.<\/p>\n\n\n\n<p><strong>Equipamentos<\/strong><\/p>\n\n\n\n<p>Outro esfor\u00e7o do Estado lembrado pelo secret\u00e1rio \u00e9 o de ampliar a oferta de ventiladores pulmonares e equipamentos de prote\u00e7\u00e3o individual, contando com o apoio da\u00a0Secretaria de Estado de Planejamento e Gest\u00e3o (Seplag), al\u00e9m do recrutamento de pessoal\u00a0para fortalecer a equipe de profissionais de sa\u00fade da\u00a0Funda\u00e7\u00e3o Hospitalar do Estado de Minas Gerais (Fhemig).<\/p>\n\n\n\n<p>\u201cEm rela\u00e7\u00e3o aos leitos, n\u00f3s temos o entendimento de que, neste momento, devemos fortalecer as estruturas j\u00e1 existentes, tanto nos chamados leitos cl\u00ednicos, que recebem pacientes que precisaram procurar por servi\u00e7o hospitalar, mas que n\u00e3o est\u00e3o com quadro t\u00e3o grave, bem como a terapia intensiva, para os pacientes com as condi\u00e7\u00f5es de maior risco. Isso n\u00e3o afasta a possibilidade de o munic\u00edpio tomar suas medidas, ou fazer hospitais de campanha, por exemplo, dentro da autonomia que eles possuem\u201d, disse Amaral.<\/p>\n\n\n\n<p><strong>Cautela<\/strong><\/p>\n\n\n\n<p>Em rela\u00e7\u00e3o \u00e0s possibilidades de retorno de atividades n\u00e3o essenciais, o secret\u00e1rio adjunto da SES-MG,&nbsp;Marcelo Cabral, apontou que ainda n\u00e3o s\u00e3o fact\u00edveis para o momento e que todas as medidas nessa dire\u00e7\u00e3o ser\u00e3o embasadas por crit\u00e9rios t\u00e9cnicos e cient\u00edficos.<\/p>\n\n\n\n<p>\u201cFlexibiliza\u00e7\u00e3o ainda n\u00e3o \u00e9 realidade. A solu\u00e7\u00e3o incontroversa \u00e9 o isolamento e distanciamento social. A epidemia nos imp\u00f5e uma situa\u00e7\u00e3o em que haver\u00e1 distanciamento por algum tempo, ainda que com grau de menor intensidade. De todo modo, temos interlocu\u00e7\u00e3o constante junto \u00e0\u00a0Secretaria de Estado de Desenvolvimento Econ\u00f4mico (Sede), para termos dados e, de forma segura, possamos indicar o que pode retornar ou n\u00e3o\u201d.<\/p>\n\n\n\n<p>O secret\u00e1rio adjunto tamb\u00e9m mencionou que aqueles que comp\u00f5em os grupos de risco em rela\u00e7\u00e3o \u00e0 Covid-19 ter\u00e3o aten\u00e7\u00e3o constante.<br>\u201c\u00c9 uma tend\u00eancia que exista esse distanciamento para proteger pessoas dos grupos de risco. Precisamos ter cuidado com essa parcela da popula\u00e7\u00e3o\u201d, refor\u00e7ou.<\/p>\n\n\n\n<p>Cabral ressaltou, ainda,\u00a0que o Estado tem orientado suas a\u00e7\u00f5es por base em coopera\u00e7\u00e3o e que haver\u00e1, nos pr\u00f3ximos dias, por exemplo, medi\u00e7\u00e3o de temperatura para os passageiros de transporte intermunicipal, como forma de monitoramento e controle da transmiss\u00e3o.<\/p>\n\n\n\n<p class=\"has-background has-very-light-gray-background-color\">Quer saber as not\u00edcias do <strong>Aconteceu no Vale<\/strong> em primeira m\u00e3o? Siga-nos no Facebook <a rel=\"noreferrer noopener\" href=\"http:\/\/facebook.com\/aconteceunovale\" target=\"_blank\">@aconteceunovale<\/a>, Twitter <a rel=\"noreferrer noopener\" href=\"https:\/\/twitter.com\/noticiadosvales\" target=\"_blank\">@noticiadosvales<\/a> e Instagram <a rel=\"noreferrer noopener\" href=\"https:\/\/www.instagram.com\/aconteceunovale\" target=\"_blank\">@aconteceunovale<\/a>.<\/p>\n","protected":false},"excerpt":{"rendered":"<p>As medidas de distanciamento social aplicadas em Minas Gerais t\u00eam conseguido atrasar a propaga\u00e7\u00e3o do\u00a0coronav\u00edrus e evitar a sobrecarga da rede de sa\u00fade no estado. \u00c9 o que se pode inferir, segundo a\u00a0Secretaria de Estado de Sa\u00fade (SES-MG),\u00a0com a\u00a0nova proje\u00e7\u00e3o para a curva epidemiol\u00f3gica de casos da Covid-19. Em coletiva \u00e0 imprensa, o secret\u00e1rio de [&hellip;]<\/p>\n","protected":false},"author":1,"featured_media":161119,"comment_status":"open","ping_status":"closed","sticky":false,"template":"","format":"standard","meta":{"amp_status":"","footnotes":""},"categories":[123,40242],"tags":[206223,214884,217542,216498,217739,1018,219122,219965,218912,219963,219962,215653,218365,219964,52113],"class_list":["post-161118","post","type-post","status-publish","format-standard","has-post-thumbnail","hentry","category-gerais","category-saude-2","tag-carlos-eduardo-amaral","tag-coronavirus","tag-coronavirus-em-minas-gerais","tag-covid-19","tag-covid-19-em-minas-gerais","tag-destaque","tag-distanciamento-social","tag-distanciamento-social-em-minas-gerais","tag-marcelo-cabral","tag-nova-projecao-aponta-pico-da-covid-19-em-minas-gerais-no-final-de-maio","tag-nova-projecao-da-ses-mg-aponta-pico-da-covid-19-no-final-de-maio","tag-novo-coronavirus","tag-pandemia-do-coronavirus","tag-pico-da-covid-19-em-minas-gerais","tag-ses-mg"],"_links":{"self":[{"href":"https:\/\/aconteceunovale.com.br\/portal\/index.php?rest_route=\/wp\/v2\/posts\/161118","targetHints":{"allow":["GET"]}}],"collection":[{"href":"https:\/\/aconteceunovale.com.br\/portal\/index.php?rest_route=\/wp\/v2\/posts"}],"about":[{"href":"https:\/\/aconteceunovale.com.br\/portal\/index.php?rest_route=\/wp\/v2\/types\/post"}],"author":[{"embeddable":true,"href":"https:\/\/aconteceunovale.com.br\/portal\/index.php?rest_route=\/wp\/v2\/users\/1"}],"replies":[{"embeddable":true,"href":"https:\/\/aconteceunovale.com.br\/portal\/index.php?rest_route=%2Fwp%2Fv2%2Fcomments&post=161118"}],"version-history":[{"count":1,"href":"https:\/\/aconteceunovale.com.br\/portal\/index.php?rest_route=\/wp\/v2\/posts\/161118\/revisions"}],"predecessor-version":[{"id":161120,"href":"https:\/\/aconteceunovale.com.br\/portal\/index.php?rest_route=\/wp\/v2\/posts\/161118\/revisions\/161120"}],"wp:featuredmedia":[{"embeddable":true,"href":"https:\/\/aconteceunovale.com.br\/portal\/index.php?rest_route=\/wp\/v2\/media\/161119"}],"wp:attachment":[{"href":"https:\/\/aconteceunovale.com.br\/portal\/index.php?rest_route=%2Fwp%2Fv2%2Fmedia&parent=161118"}],"wp:term":[{"taxonomy":"category","embeddable":true,"href":"https:\/\/aconteceunovale.com.br\/portal\/index.php?rest_route=%2Fwp%2Fv2%2Fcategories&post=161118"},{"taxonomy":"post_tag","embeddable":true,"href":"https:\/\/aconteceunovale.com.br\/portal\/index.php?rest_route=%2Fwp%2Fv2%2Ftags&post=161118"}],"curies":[{"name":"wp","href":"https:\/\/api.w.org\/{rel}","templated":true}]}}