{"id":161114,"date":"2020-04-16T23:07:13","date_gmt":"2020-04-17T02:07:13","guid":{"rendered":"http:\/\/aconteceunovale.com.br\/portal\/?p=161114"},"modified":"2020-04-16T23:07:38","modified_gmt":"2020-04-17T02:07:38","slug":"casal-suspeito-de-matar-idosa-durante-roubo-e-preso-em-ipanema","status":"publish","type":"post","link":"https:\/\/aconteceunovale.com.br\/portal\/?p=161114","title":{"rendered":"Casal suspeito de matar idosa durante roubo \u00e9 preso em Ipanema"},"content":{"rendered":"\n<p>Uma a\u00e7\u00e3o conjunta entre as pol\u00edcias Civil e Militar resultou na pris\u00e3o em flagrante de um casal suspeito de cometer latroc\u00ednio, em Ipanema (MG), contra uma idosa, de 72 anos, morta a facadas dentro de casa. O crime b\u00e1rbaro aconteceu na tarde de quarta-feira (15\/04\/2020).<\/p>\n\n\n\n<p>A filha da v\u00edtima, ao chegar \u00e0 casa da m\u00e3e, se deparou com a idosa j\u00e1 sem vida, ca\u00edda no ch\u00e3o e com diversos objetos espalhados pelo im\u00f3vel. Em uma a\u00e7\u00e3o r\u00e1pida das pol\u00edcias Civil e Militar, um homem, que estava a menos de 20 metros do local, foi preso em flagrante. Al\u00e9m disso, uma mulher tamb\u00e9m foi presa pr\u00f3xima \u00e0 resid\u00eancia da v\u00edtima.<\/p>\n\n\n\n<p>A suspeita confessou o crime e a atua\u00e7\u00e3o tanto dela quanto do homem preso. Ela revelou que foram levados dinheiro e alguns pertences da v\u00edtima, sendo que parte do dinheiro foi usada para pagar o aluguel da casa onde os suspeitos vivem. O valor foi apreendido pela Pol\u00edcia Civil.<\/p>\n\n\n\n<p class=\"has-background has-very-light-gray-background-color\">Quer saber as not\u00edcias do <strong>Aconteceu no Vale<\/strong> em primeira m\u00e3o? Siga-nos no Facebook <a rel=\"noreferrer noopener\" href=\"http:\/\/facebook.com\/aconteceunovale\" target=\"_blank\">@aconteceunovale<\/a>, Twitter <a rel=\"noreferrer noopener\" href=\"https:\/\/twitter.com\/noticiadosvales\" target=\"_blank\">@noticiadosvales<\/a> e Instagram <a rel=\"noreferrer noopener\" href=\"https:\/\/www.instagram.com\/aconteceunovale\" target=\"_blank\">@aconteceunovale<\/a>.<\/p>\n","protected":false},"excerpt":{"rendered":"<p>Uma a\u00e7\u00e3o conjunta entre as pol\u00edcias Civil e Militar resultou na pris\u00e3o em flagrante de um casal suspeito de cometer latroc\u00ednio, em Ipanema (MG), contra uma idosa, de 72 anos, morta a facadas dentro de casa. O crime b\u00e1rbaro aconteceu na tarde de quarta-feira (15\/04\/2020). A filha da v\u00edtima, ao chegar \u00e0 casa da m\u00e3e, [&hellip;]<\/p>\n","protected":false},"author":1,"featured_media":151866,"comment_status":"open","ping_status":"closed","sticky":false,"template":"","format":"standard","meta":{"amp_status":"","footnotes":""},"categories":[121],"tags":[219957,219951,97035,219954,219956,219953,1732,219952,219955],"class_list":["post-161114","post","type-post","status-publish","format-standard","has-post-thumbnail","hentry","category-leste","tag-assalto-em-ipanema","tag-casal-suspeito-de-matar-idosa-durante-roubo-e-preso-em-ipanema","tag-homicidio-em-ipanema","tag-idosa-assassinada-em-ipanema","tag-idosa-morta-durante-roubo-em-ipanema","tag-idosa-morta-em-ipanema","tag-ipanema","tag-latrocinio-em-ipanema","tag-roubo-em-ipanema"],"_links":{"self":[{"href":"https:\/\/aconteceunovale.com.br\/portal\/index.php?rest_route=\/wp\/v2\/posts\/161114","targetHints":{"allow":["GET"]}}],"collection":[{"href":"https:\/\/aconteceunovale.com.br\/portal\/index.php?rest_route=\/wp\/v2\/posts"}],"about":[{"href":"https:\/\/aconteceunovale.com.br\/portal\/index.php?rest_route=\/wp\/v2\/types\/post"}],"author":[{"embeddable":true,"href":"https:\/\/aconteceunovale.com.br\/portal\/index.php?rest_route=\/wp\/v2\/users\/1"}],"replies":[{"embeddable":true,"href":"https:\/\/aconteceunovale.com.br\/portal\/index.php?rest_route=%2Fwp%2Fv2%2Fcomments&post=161114"}],"version-history":[{"count":1,"href":"https:\/\/aconteceunovale.com.br\/portal\/index.php?rest_route=\/wp\/v2\/posts\/161114\/revisions"}],"predecessor-version":[{"id":161115,"href":"https:\/\/aconteceunovale.com.br\/portal\/index.php?rest_route=\/wp\/v2\/posts\/161114\/revisions\/161115"}],"wp:featuredmedia":[{"embeddable":true,"href":"https:\/\/aconteceunovale.com.br\/portal\/index.php?rest_route=\/wp\/v2\/media\/151866"}],"wp:attachment":[{"href":"https:\/\/aconteceunovale.com.br\/portal\/index.php?rest_route=%2Fwp%2Fv2%2Fmedia&parent=161114"}],"wp:term":[{"taxonomy":"category","embeddable":true,"href":"https:\/\/aconteceunovale.com.br\/portal\/index.php?rest_route=%2Fwp%2Fv2%2Fcategories&post=161114"},{"taxonomy":"post_tag","embeddable":true,"href":"https:\/\/aconteceunovale.com.br\/portal\/index.php?rest_route=%2Fwp%2Fv2%2Ftags&post=161114"}],"curies":[{"name":"wp","href":"https:\/\/api.w.org\/{rel}","templated":true}]}}