{"id":161112,"date":"2020-04-16T22:31:24","date_gmt":"2020-04-17T01:31:24","guid":{"rendered":"http:\/\/aconteceunovale.com.br\/portal\/?p=161112"},"modified":"2020-04-16T22:31:35","modified_gmt":"2020-04-17T01:31:35","slug":"justica-federal-suspende-exigencia-de-cpf-regular-para-auxilio-emergencial","status":"publish","type":"post","link":"https:\/\/aconteceunovale.com.br\/portal\/?p=161112","title":{"rendered":"Justi\u00e7a Federal suspende exig\u00eancia de CPF regular para aux\u00edlio emergencial"},"content":{"rendered":"\n<p>O juiz federal Ilan Presser, do Tribunal Regional Federal da 1\u00aa Regi\u00e3o (TRF1), suspendeu na noite de ontem (15) a exig\u00eancia de regulariza\u00e7\u00e3o do Cadastro de Pessoa F\u00edsica (CPF) para a obten\u00e7\u00e3o do aux\u00edlio emergencial do governo durante a pandemia do novo coronav\u00edrus.<\/p>\n\n\n\n<p>O magistrado deu dois dias para a Caixa retirar a exig\u00eancia, sob pena de multa di\u00e1ria de R$ 5 mil em caso de descumprimento. Ele atendeu a um pedido de liminar (decis\u00e3o provis\u00f3ria) feito pelo Par\u00e1, com parecer favor\u00e1vel do Minist\u00e9rio P\u00fablico Federal.<\/p>\n\n\n\n<p>O juiz destacou que a exig\u00eancia estava provocando filas e aglomera\u00e7\u00f5es em ag\u00eancias da Receita Federal, contrariando medidas de distanciamento social adotadas pelas autoridades sanit\u00e1rias no combate \u00e0 pandemia.<\/p>\n\n\n\n<p>&#8220;As aglomera\u00e7\u00f5es, com s\u00e9rios e graves riscos \u00e0 sa\u00fade p\u00fablica, continuam a se realizar, o que tem o cond\u00e3o de provocar o crescimento exponencial e acelerado da curva epid\u00eamica, para atender \u00e0 finalidade exigida pelo decreto regulamentar: de que sejam regularizadas as indigitadas pend\u00eancias alusivas aos CPFs dos benefici\u00e1rios junto \u00e0 Receita Federal&#8221;, escreveu o magistrado.<\/p>\n\n\n\n<p>O aux\u00edlio de R$ 600\u00a0pode ser pedido por trabalhadores informais, microempreendedores individuais, aut\u00f4nomos e desempregados. O valor pode chegar a R$ 1.200\u00a0no caso de fam\u00edlias em que a mulher seja a \u00fanica respons\u00e1vel pelas despesas da casa.<\/p>\n\n\n\n<p class=\"has-background has-very-light-gray-background-color\">Quer saber as not\u00edcias do <strong>Aconteceu no Vale<\/strong> em primeira m\u00e3o? Siga-nos no Facebook <a rel=\"noreferrer noopener\" href=\"http:\/\/facebook.com\/aconteceunovale\" target=\"_blank\">@aconteceunovale<\/a>, Twitter <a rel=\"noreferrer noopener\" href=\"https:\/\/twitter.com\/noticiadosvales\" target=\"_blank\">@noticiadosvales<\/a> e Instagram <a rel=\"noreferrer noopener\" href=\"https:\/\/www.instagram.com\/aconteceunovale\" target=\"_blank\">@aconteceunovale<\/a>.<\/p>\n","protected":false},"excerpt":{"rendered":"<p>O juiz federal Ilan Presser, do Tribunal Regional Federal da 1\u00aa Regi\u00e3o (TRF1), suspendeu na noite de ontem (15) a exig\u00eancia de regulariza\u00e7\u00e3o do Cadastro de Pessoa F\u00edsica (CPF) para a obten\u00e7\u00e3o do aux\u00edlio emergencial do governo durante a pandemia do novo coronav\u00edrus. O magistrado deu dois dias para a Caixa retirar a exig\u00eancia, sob [&hellip;]<\/p>\n","protected":false},"author":1,"featured_media":160623,"comment_status":"open","ping_status":"closed","sticky":false,"template":"","format":"standard","meta":{"amp_status":"","footnotes":""},"categories":[6],"tags":[219405,219383,219292,219950,219949,219948],"class_list":["post-161112","post","type-post","status-publish","format-standard","has-post-thumbnail","hentry","category-br","tag-auxilio-de-r-600","tag-auxilio-emergencial","tag-auxilio-emergencial-de-r-600","tag-cpf-regular","tag-ilan-presser","tag-justica-federal-suspende-exigencia-de-cpf-regular-para-auxilio-emergencial"],"_links":{"self":[{"href":"https:\/\/aconteceunovale.com.br\/portal\/index.php?rest_route=\/wp\/v2\/posts\/161112","targetHints":{"allow":["GET"]}}],"collection":[{"href":"https:\/\/aconteceunovale.com.br\/portal\/index.php?rest_route=\/wp\/v2\/posts"}],"about":[{"href":"https:\/\/aconteceunovale.com.br\/portal\/index.php?rest_route=\/wp\/v2\/types\/post"}],"author":[{"embeddable":true,"href":"https:\/\/aconteceunovale.com.br\/portal\/index.php?rest_route=\/wp\/v2\/users\/1"}],"replies":[{"embeddable":true,"href":"https:\/\/aconteceunovale.com.br\/portal\/index.php?rest_route=%2Fwp%2Fv2%2Fcomments&post=161112"}],"version-history":[{"count":1,"href":"https:\/\/aconteceunovale.com.br\/portal\/index.php?rest_route=\/wp\/v2\/posts\/161112\/revisions"}],"predecessor-version":[{"id":161113,"href":"https:\/\/aconteceunovale.com.br\/portal\/index.php?rest_route=\/wp\/v2\/posts\/161112\/revisions\/161113"}],"wp:featuredmedia":[{"embeddable":true,"href":"https:\/\/aconteceunovale.com.br\/portal\/index.php?rest_route=\/wp\/v2\/media\/160623"}],"wp:attachment":[{"href":"https:\/\/aconteceunovale.com.br\/portal\/index.php?rest_route=%2Fwp%2Fv2%2Fmedia&parent=161112"}],"wp:term":[{"taxonomy":"category","embeddable":true,"href":"https:\/\/aconteceunovale.com.br\/portal\/index.php?rest_route=%2Fwp%2Fv2%2Fcategories&post=161112"},{"taxonomy":"post_tag","embeddable":true,"href":"https:\/\/aconteceunovale.com.br\/portal\/index.php?rest_route=%2Fwp%2Fv2%2Ftags&post=161112"}],"curies":[{"name":"wp","href":"https:\/\/api.w.org\/{rel}","templated":true}]}}