{"id":160984,"date":"2020-04-14T16:33:00","date_gmt":"2020-04-14T19:33:00","guid":{"rendered":"http:\/\/aconteceunovale.com.br\/portal\/?p=160984"},"modified":"2026-08-31T22:54:29","modified_gmt":"2026-09-01T01:54:29","slug":"site-de-vendas-de-produtos-da-agricultura-familiar-substitui-feira-livre-em-capelinha","status":"publish","type":"post","link":"https:\/\/aconteceunovale.com.br\/portal\/?p=160984","title":{"rendered":"Site de vendas de produtos da agricultura familiar substitui feira livre em Capelinha"},"content":{"rendered":"\n<p class=\"wp-block-paragraph\">\u201cFa\u00e7a o seu pedido e receba em casa\u201d. Esse \u00e9 o recado simples e direto do site&nbsp;<a href=\"http:\/\/www.centraldafeira.com.br\/\" target=\"_blank\" rel=\"noreferrer noopener\">www.centraldafeira.com.br<\/a>. O portal de delivery de produtos da ro\u00e7a, foi criado em Capelinha, no Vale do Jequitinhonha, para substituir as feiras da agricultura familiar que&nbsp;eram realizadas&nbsp;no munic\u00edpio, duas vezes por semana.<\/p>\n\n\n\n<p class=\"wp-block-paragraph\">As feiras foram suspensas pelo governo municipal para evitar aglomera\u00e7\u00f5es, consideradas fatores de risco para a dissemina\u00e7\u00e3o do novo coronav\u00edrus. Elas aconteciam aos s\u00e1bados e&nbsp;\u00e0s&nbsp;quartas-feiras, em bairros da cidade.<\/p>\n\n\n\n<p class=\"wp-block-paragraph\">A iniciativa&nbsp;\u00e9&nbsp;fruto de uma parceria do <a href=\"http:\/\/aconteceunovale.com.br\/portal\/\" target=\"_blank\" rel=\"noreferrer noopener\">Jornal Aconteceu no Vale<\/a>, do escrit\u00f3rio local da&nbsp;<a href=\"http:\/\/www.emater.mg.gov.br\/\" target=\"_blank\" rel=\"noreferrer noopener\">Emater-MG<\/a>, a <a href=\"https:\/\/www.facebook.com\/prefeituramunicipaldecapelinha\" target=\"_blank\" rel=\"noreferrer noopener\">Prefeitura de Capelinha<\/a> e a Secretaria Municipal de Agricultura.<\/p>\n\n\n\n<p class=\"wp-block-paragraph\">O objetivo \u00e9 manter a comercializa\u00e7\u00e3o de produtos frescos,\u00a0como verduras, legumes, frutas e queijos, entre outros itens da agricultura familiar. A ideia \u00e9 garantir renda aos produtores e atender \u00e0 demanda dos consumidores da cidade. Para comprar,\u00a0basta acessar o site Central da Feira, escolher a mercadoria e entrar em contato com o produtor de interesse.<\/p>\n\n\n\n<figure class=\"wp-block-gallery columns-1 is-cropped wp-block-gallery-1 is-layout-flex wp-block-gallery-is-layout-flex\"><ul class=\"blocks-gallery-grid\"><li class=\"blocks-gallery-item\"><figure><img loading=\"lazy\" decoding=\"async\" width=\"678\" height=\"445\" src=\"http:\/\/aconteceunovale.com.br\/portal\/wp-content\/uploads\/2020\/04\/central_da_feira_post.png\" alt=\"\" data-id=\"160985\" data-full-url=\"http:\/\/aconteceunovale.com.br\/portal\/wp-content\/uploads\/2020\/04\/central_da_feira_post.png\" data-link=\"http:\/\/aconteceunovale.com.br\/portal\/?attachment_id=160985\" class=\"wp-image-160985\" srcset=\"https:\/\/aconteceunovale.com.br\/portal\/wp-content\/uploads\/2020\/04\/central_da_feira_post.png 678w, https:\/\/aconteceunovale.com.br\/portal\/wp-content\/uploads\/2020\/04\/central_da_feira_post-300x197.png 300w, https:\/\/aconteceunovale.com.br\/portal\/wp-content\/uploads\/2020\/04\/central_da_feira_post-640x420.png 640w\" sizes=\"auto, (max-width: 678px) 100vw, 678px\" \/><\/figure><\/li><\/ul><\/figure>\n\n\n\n<p class=\"wp-block-paragraph\"><strong>Aprova\u00e7\u00e3o<\/strong><\/p>\n\n\n\n<p class=\"wp-block-paragraph\">A agricultora familiar Valdirene Rodrigues de Freitas, da comunidade Po\u00e7o Dantas, \u00e9 uma das produtoras de hortali\u00e7as e frutas que est\u00e1 participando da Central da Feira. Para ela, a iniciativa tamb\u00e9m uma maneira de ajudar os moradores da cidade. \u201cO projeto est\u00e1 sendo bom e as entregas est\u00e3o dando muito certo\u201d, afirma.&nbsp;<\/p>\n\n\n\n<p class=\"wp-block-paragraph\">Outra agricultora familiar, Natalina Xavier, propriet\u00e1ria do S\u00edtio Santa F\u00e9, que trabalha com hortali\u00e7as em Capelinha, est\u00e1 muito otimista com a feira on-line. \u201cA Central da Feira nos ajudou muito, pois ficamos sem meios de comercializar os nossos produtos, devido&nbsp;\u00e0&nbsp;triste realidade do coronav\u00edrus. Os meus pedidos on-line aumentaram bastante. Podemos atender os consumidores, sem colocar a sa\u00fade da popula\u00e7\u00e3o em risco, evitando aglomera\u00e7\u00f5es\u201d, argumenta.<\/p>\n\n\n\n<p class=\"wp-block-paragraph\">A plataforma Central da Feira come\u00e7ou com o cadastramento de 14 produtores, mas a ideia \u00e9 abrir para a participa\u00e7\u00e3o de mais agricultores familiares, segundo o secret\u00e1rio municipal de Agricultura, Sidemir Val\u00e9rio. \u201cTemos inten\u00e7\u00e3o de aumentar o n\u00famero de produtores cadastrados, pois os que participam est\u00e3o fazendo excelentes vendas\u201d, afirma.<\/p>\n\n\n\n<p class=\"wp-block-paragraph\">De acordo o secret\u00e1rio,&nbsp;a&nbsp;agropecu\u00e1ria \u00e9 importante fonte de renda do munic\u00edpio. \u201cQuase todo o nosso PIB vem dos produtores, principalmente da agricultura familiar. Essa \u00e9 uma ferramenta que vai ajudar a escoar a produ\u00e7\u00e3o e fomentar a renda das fam\u00edlias\u201d, justifica.<\/p>\n\n\n\n<p class=\"wp-block-paragraph\">Dados da Emater-MG mostram que Capelinha tem 2.553 agricultores familiares. As principais atividades desenvolvidas s\u00e3o o cultivo de caf\u00e9, feij\u00e3o e milho, al\u00e9m de fruticultura e olericultura. A pecu\u00e1ria de leite e a apicultura tamb\u00e9m s\u00e3o pr\u00e1ticas executadas no munic\u00edpio mineiro.<\/p>\n\n\n\n<p class=\"has-background has-very-light-gray-background-color wp-block-paragraph\">Quer saber as not\u00edcias do <strong>Aconteceu no Vale<\/strong> em primeira m\u00e3o? Siga-nos no Facebook <a rel=\"noreferrer noopener\" href=\"http:\/\/facebook.com\/aconteceunovale\" target=\"_blank\">@aconteceunovale<\/a>, Twitter <a rel=\"noreferrer noopener\" href=\"https:\/\/twitter.com\/noticiadosvales\" target=\"_blank\">@noticiadosvales<\/a> e Instagram <a rel=\"noreferrer noopener\" href=\"https:\/\/www.instagram.com\/aconteceunovale\" target=\"_blank\">@aconteceunovale<\/a>.<\/p>\n","protected":false},"excerpt":{"rendered":"<p>\u201cFa\u00e7a o seu pedido e receba em casa\u201d. Esse \u00e9 o recado simples e direto do site&nbsp;www.centraldafeira.com.br. O portal de delivery de produtos da ro\u00e7a, foi criado em Capelinha, no Vale do Jequitinhonha, para substituir as feiras da agricultura familiar que&nbsp;eram realizadas&nbsp;no munic\u00edpio, duas vezes por semana. As feiras foram suspensas pelo governo municipal para [&hellip;]<\/p>\n","protected":false},"author":1,"featured_media":160985,"comment_status":"open","ping_status":"closed","sticky":false,"template":"","format":"standard","meta":{"amp_status":"","footnotes":""},"categories":[272535,120],"tags":[132,219762,219755,214884,216498,219758,219761,1018,25775,219759,219756,34252,219763,219767,218365,219766,219760,65998,183845,219764,219757,219754,219765],"class_list":["post-160984","post","type-post","status-publish","format-standard","has-post-thumbnail","hentry","category-capelinha","category-jequi","tag-capelinha","tag-central-da-feira","tag-central-da-feira-em-capelinha","tag-coronavirus","tag-covid-19","tag-delivery-da-agricultura-familiar-em-capelinha","tag-delivery-de-produtos-da-roca","tag-destaque","tag-emater-mg","tag-feira-livre-em-capelinha","tag-feira-online-em-capelinha","tag-jequitinhonha","tag-jornal-aconteceu-no-vale","tag-natalina-xavier","tag-pandemia-do-coronavirus","tag-portal-central-da-feira","tag-portal-de-delivery-de-produtos-da-roca","tag-prefeitura-de-capelinha","tag-sidemir-valerio","tag-site-central-da-feira","tag-site-de-vendas-de-produtos-da-agricultura-familiar-em-capelinha","tag-site-de-vendas-de-produtos-da-agricultura-familiar-substitui-feira-livre-em-capelinha","tag-valdirene-rodrigues-de-freitas"],"yoast_head":"<!-- This site is optimized with the Yoast SEO plugin v28.3 - https:\/\/yoast.com\/product\/yoast-seo-wordpress\/ -->\n<title>Site de vendas de produtos da agricultura familiar substitui feira livre em Capelinha - Aconteceu no Vale<\/title>\n<meta name=\"robots\" content=\"index, follow, max-snippet:-1, max-image-preview:large, max-video-preview:-1\" \/>\n<link rel=\"canonical\" href=\"https:\/\/aconteceunovale.com.br\/portal\/?p=160984\" \/>\n<meta property=\"og:locale\" content=\"pt_BR\" \/>\n<meta property=\"og:type\" content=\"article\" \/>\n<meta property=\"og:title\" content=\"Site de vendas de produtos da agricultura familiar substitui feira livre em Capelinha - Aconteceu no Vale\" \/>\n<meta property=\"og:description\" content=\"\u201cFa\u00e7a o seu pedido e receba em casa\u201d. Esse \u00e9 o recado simples e direto do site&nbsp;www.centraldafeira.com.br. O portal de delivery de produtos da ro\u00e7a, foi criado em Capelinha, no Vale do Jequitinhonha, para substituir as feiras da agricultura familiar que&nbsp;eram realizadas&nbsp;no munic\u00edpio, duas vezes por semana. As feiras foram suspensas pelo governo municipal para [&hellip;]\" \/>\n<meta property=\"og:url\" content=\"https:\/\/aconteceunovale.com.br\/portal\/?p=160984\" \/>\n<meta property=\"og:site_name\" content=\"Aconteceu no Vale\" \/>\n<meta property=\"article:publisher\" content=\"https:\/\/www.facebook.com\/aconteceunovale\/\" \/>\n<meta property=\"article:published_time\" content=\"2020-04-14T19:33:00+00:00\" \/>\n<meta property=\"article:modified_time\" content=\"2026-09-01T01:54:29+00:00\" \/>\n<meta property=\"og:image\" content=\"https:\/\/aconteceunovale.com.br\/portal\/wp-content\/uploads\/2020\/04\/central_da_feira_post.png\" \/>\n\t<meta property=\"og:image:width\" content=\"678\" \/>\n\t<meta property=\"og:image:height\" content=\"445\" \/>\n\t<meta property=\"og:image:type\" content=\"image\/png\" \/>\n<meta name=\"author\" content=\"Aconteceu no Vale\" \/>\n<meta name=\"twitter:card\" content=\"summary_large_image\" \/>\n<meta name=\"twitter:creator\" content=\"@noticiadosvales\" \/>\n<meta name=\"twitter:site\" content=\"@noticiadosvales\" \/>\n<meta name=\"twitter:label1\" content=\"Escrito por\" \/>\n\t<meta name=\"twitter:data1\" content=\"Aconteceu no Vale\" \/>\n\t<meta name=\"twitter:label2\" content=\"Est. tempo de leitura\" \/>\n\t<meta name=\"twitter:data2\" content=\"2 minutos\" \/>\n<script type=\"application\/ld+json\" class=\"yoast-schema-graph\">{\"@context\":\"https:\\\/\\\/schema.org\",\"@graph\":[{\"@type\":\"Article\",\"@id\":\"https:\\\/\\\/aconteceunovale.com.br\\\/portal\\\/?p=160984#article\",\"isPartOf\":{\"@id\":\"https:\\\/\\\/aconteceunovale.com.br\\\/portal\\\/?p=160984\"},\"author\":{\"name\":\"Aconteceu no Vale\",\"@id\":\"https:\\\/\\\/aconteceunovale.com.br\\\/portal\\\/#\\\/schema\\\/person\\\/633529146f2c94272bef50ac2953d589\"},\"headline\":\"Site de vendas de produtos da agricultura familiar substitui feira livre em Capelinha\",\"datePublished\":\"2020-04-14T19:33:00+00:00\",\"dateModified\":\"2026-09-01T01:54:29+00:00\",\"mainEntityOfPage\":{\"@id\":\"https:\\\/\\\/aconteceunovale.com.br\\\/portal\\\/?p=160984\"},\"wordCount\":498,\"commentCount\":0,\"image\":{\"@id\":\"https:\\\/\\\/aconteceunovale.com.br\\\/portal\\\/?p=160984#primaryimage\"},\"thumbnailUrl\":\"https:\\\/\\\/aconteceunovale.com.br\\\/portal\\\/wp-content\\\/uploads\\\/2020\\\/04\\\/central_da_feira_post.png\",\"keywords\":[\"Capelinha\",\"Central da Feira\",\"Central da Feira em Capelinha\",\"Coronav\u00edrus\",\"COVID-19\",\"Delivery da agricultura familiar em Capelinha\",\"Delivery de produtos da ro\u00e7a\",\"destaque\",\"Emater-MG\",\"Feira livre em Capelinha\",\"Feira online em Capelinha\",\"Jequitinhonha\",\"Jornal Aconteceu no Vale\",\"Natalina Xavier\",\"Pandemia do coronav\u00edrus\",\"Portal Central da Feira\",\"Portal de delivery de produtos da ro\u00e7a\",\"Prefeitura de Capelinha\",\"Sidemir Val\u00e9rio\",\"Site Central da Feira\",\"Site de vendas de produtos da agricultura familiar em Capelinha\",\"Site de vendas de produtos da agricultura familiar substitui feira livre em Capelinha\",\"Valdirene Rodrigues de Freitas\"],\"articleSection\":[\"Capelinha\",\"Vale do Jequitinhonha\"],\"inLanguage\":\"pt-BR\",\"potentialAction\":[{\"@type\":\"CommentAction\",\"name\":\"Comment\",\"target\":[\"https:\\\/\\\/aconteceunovale.com.br\\\/portal\\\/?p=160984#respond\"]}]},{\"@type\":\"WebPage\",\"@id\":\"https:\\\/\\\/aconteceunovale.com.br\\\/portal\\\/?p=160984\",\"url\":\"https:\\\/\\\/aconteceunovale.com.br\\\/portal\\\/?p=160984\",\"name\":\"Site de vendas de produtos da agricultura familiar substitui feira livre em Capelinha - Aconteceu no Vale\",\"isPartOf\":{\"@id\":\"https:\\\/\\\/aconteceunovale.com.br\\\/portal\\\/#website\"},\"primaryImageOfPage\":{\"@id\":\"https:\\\/\\\/aconteceunovale.com.br\\\/portal\\\/?p=160984#primaryimage\"},\"image\":{\"@id\":\"https:\\\/\\\/aconteceunovale.com.br\\\/portal\\\/?p=160984#primaryimage\"},\"thumbnailUrl\":\"https:\\\/\\\/aconteceunovale.com.br\\\/portal\\\/wp-content\\\/uploads\\\/2020\\\/04\\\/central_da_feira_post.png\",\"datePublished\":\"2020-04-14T19:33:00+00:00\",\"dateModified\":\"2026-09-01T01:54:29+00:00\",\"author\":{\"@id\":\"https:\\\/\\\/aconteceunovale.com.br\\\/portal\\\/#\\\/schema\\\/person\\\/633529146f2c94272bef50ac2953d589\"},\"breadcrumb\":{\"@id\":\"https:\\\/\\\/aconteceunovale.com.br\\\/portal\\\/?p=160984#breadcrumb\"},\"inLanguage\":\"pt-BR\",\"potentialAction\":[{\"@type\":\"ReadAction\",\"target\":[\"https:\\\/\\\/aconteceunovale.com.br\\\/portal\\\/?p=160984\"]}]},{\"@type\":\"ImageObject\",\"inLanguage\":\"pt-BR\",\"@id\":\"https:\\\/\\\/aconteceunovale.com.br\\\/portal\\\/?p=160984#primaryimage\",\"url\":\"https:\\\/\\\/aconteceunovale.com.br\\\/portal\\\/wp-content\\\/uploads\\\/2020\\\/04\\\/central_da_feira_post.png\",\"contentUrl\":\"https:\\\/\\\/aconteceunovale.com.br\\\/portal\\\/wp-content\\\/uploads\\\/2020\\\/04\\\/central_da_feira_post.png\",\"width\":678,\"height\":445},{\"@type\":\"BreadcrumbList\",\"@id\":\"https:\\\/\\\/aconteceunovale.com.br\\\/portal\\\/?p=160984#breadcrumb\",\"itemListElement\":[{\"@type\":\"ListItem\",\"position\":1,\"name\":\"In\u00edcio\",\"item\":\"https:\\\/\\\/aconteceunovale.com.br\\\/portal\\\/\"},{\"@type\":\"ListItem\",\"position\":2,\"name\":\"Site de vendas de produtos da agricultura familiar substitui feira livre em Capelinha\"}]},{\"@type\":\"WebSite\",\"@id\":\"https:\\\/\\\/aconteceunovale.com.br\\\/portal\\\/#website\",\"url\":\"https:\\\/\\\/aconteceunovale.com.br\\\/portal\\\/\",\"name\":\"Aconteceu no Vale\",\"description\":\"Portal de Not\u00edcias\",\"potentialAction\":[{\"@type\":\"SearchAction\",\"target\":{\"@type\":\"EntryPoint\",\"urlTemplate\":\"https:\\\/\\\/aconteceunovale.com.br\\\/portal\\\/?s={search_term_string}\"},\"query-input\":{\"@type\":\"PropertyValueSpecification\",\"valueRequired\":true,\"valueName\":\"search_term_string\"}}],\"inLanguage\":\"pt-BR\"},{\"@type\":\"Person\",\"@id\":\"https:\\\/\\\/aconteceunovale.com.br\\\/portal\\\/#\\\/schema\\\/person\\\/633529146f2c94272bef50ac2953d589\",\"name\":\"Aconteceu no Vale\",\"description\":\"Equipe de reportagem do Aconteceu no Vale, portal de not\u00edcias do Vale do Jequitinhonha, em Minas Gerais. Cobrimos as 51 cidades do Vale desde 2013. Sugest\u00f5es de pauta e pedidos de corre\u00e7\u00e3o: contato@aconteceunovale.com.br\",\"sameAs\":[\"http:\\\/\\\/www.aconteceunovale.com.br\"],\"url\":\"https:\\\/\\\/aconteceunovale.com.br\\\/portal\\\/?author=1\"}]}<\/script>\n<!-- \/ Yoast SEO plugin. -->","yoast_head_json":{"title":"Site de vendas de produtos da agricultura familiar substitui feira livre em Capelinha - Aconteceu no Vale","robots":{"index":"index","follow":"follow","max-snippet":"max-snippet:-1","max-image-preview":"max-image-preview:large","max-video-preview":"max-video-preview:-1"},"canonical":"https:\/\/aconteceunovale.com.br\/portal\/?p=160984","og_locale":"pt_BR","og_type":"article","og_title":"Site de vendas de produtos da agricultura familiar substitui feira livre em Capelinha - Aconteceu no Vale","og_description":"\u201cFa\u00e7a o seu pedido e receba em casa\u201d. Esse \u00e9 o recado simples e direto do site&nbsp;www.centraldafeira.com.br. O portal de delivery de produtos da ro\u00e7a, foi criado em Capelinha, no Vale do Jequitinhonha, para substituir as feiras da agricultura familiar que&nbsp;eram realizadas&nbsp;no munic\u00edpio, duas vezes por semana. As feiras foram suspensas pelo governo municipal para [&hellip;]","og_url":"https:\/\/aconteceunovale.com.br\/portal\/?p=160984","og_site_name":"Aconteceu no Vale","article_publisher":"https:\/\/www.facebook.com\/aconteceunovale\/","article_published_time":"2020-04-14T19:33:00+00:00","article_modified_time":"2026-09-01T01:54:29+00:00","og_image":[{"width":678,"height":445,"url":"https:\/\/aconteceunovale.com.br\/portal\/wp-content\/uploads\/2020\/04\/central_da_feira_post.png","type":"image\/png"}],"author":"Aconteceu no Vale","twitter_card":"summary_large_image","twitter_creator":"@noticiadosvales","twitter_site":"@noticiadosvales","twitter_misc":{"Escrito por":"Aconteceu no Vale","Est. tempo de leitura":"2 minutos"},"schema":{"@context":"https:\/\/schema.org","@graph":[{"@type":"Article","@id":"https:\/\/aconteceunovale.com.br\/portal\/?p=160984#article","isPartOf":{"@id":"https:\/\/aconteceunovale.com.br\/portal\/?p=160984"},"author":{"name":"Aconteceu no Vale","@id":"https:\/\/aconteceunovale.com.br\/portal\/#\/schema\/person\/633529146f2c94272bef50ac2953d589"},"headline":"Site de vendas de produtos da agricultura familiar substitui feira livre em Capelinha","datePublished":"2020-04-14T19:33:00+00:00","dateModified":"2026-09-01T01:54:29+00:00","mainEntityOfPage":{"@id":"https:\/\/aconteceunovale.com.br\/portal\/?p=160984"},"wordCount":498,"commentCount":0,"image":{"@id":"https:\/\/aconteceunovale.com.br\/portal\/?p=160984#primaryimage"},"thumbnailUrl":"https:\/\/aconteceunovale.com.br\/portal\/wp-content\/uploads\/2020\/04\/central_da_feira_post.png","keywords":["Capelinha","Central da Feira","Central da Feira em Capelinha","Coronav\u00edrus","COVID-19","Delivery da agricultura familiar em Capelinha","Delivery de produtos da ro\u00e7a","destaque","Emater-MG","Feira livre em Capelinha","Feira online em Capelinha","Jequitinhonha","Jornal Aconteceu no Vale","Natalina Xavier","Pandemia do coronav\u00edrus","Portal Central da Feira","Portal de delivery de produtos da ro\u00e7a","Prefeitura de Capelinha","Sidemir Val\u00e9rio","Site Central da Feira","Site de vendas de produtos da agricultura familiar em Capelinha","Site de vendas de produtos da agricultura familiar substitui feira livre em Capelinha","Valdirene Rodrigues de Freitas"],"articleSection":["Capelinha","Vale do Jequitinhonha"],"inLanguage":"pt-BR","potentialAction":[{"@type":"CommentAction","name":"Comment","target":["https:\/\/aconteceunovale.com.br\/portal\/?p=160984#respond"]}]},{"@type":"WebPage","@id":"https:\/\/aconteceunovale.com.br\/portal\/?p=160984","url":"https:\/\/aconteceunovale.com.br\/portal\/?p=160984","name":"Site de vendas de produtos da agricultura familiar substitui feira livre em Capelinha - Aconteceu no Vale","isPartOf":{"@id":"https:\/\/aconteceunovale.com.br\/portal\/#website"},"primaryImageOfPage":{"@id":"https:\/\/aconteceunovale.com.br\/portal\/?p=160984#primaryimage"},"image":{"@id":"https:\/\/aconteceunovale.com.br\/portal\/?p=160984#primaryimage"},"thumbnailUrl":"https:\/\/aconteceunovale.com.br\/portal\/wp-content\/uploads\/2020\/04\/central_da_feira_post.png","datePublished":"2020-04-14T19:33:00+00:00","dateModified":"2026-09-01T01:54:29+00:00","author":{"@id":"https:\/\/aconteceunovale.com.br\/portal\/#\/schema\/person\/633529146f2c94272bef50ac2953d589"},"breadcrumb":{"@id":"https:\/\/aconteceunovale.com.br\/portal\/?p=160984#breadcrumb"},"inLanguage":"pt-BR","potentialAction":[{"@type":"ReadAction","target":["https:\/\/aconteceunovale.com.br\/portal\/?p=160984"]}]},{"@type":"ImageObject","inLanguage":"pt-BR","@id":"https:\/\/aconteceunovale.com.br\/portal\/?p=160984#primaryimage","url":"https:\/\/aconteceunovale.com.br\/portal\/wp-content\/uploads\/2020\/04\/central_da_feira_post.png","contentUrl":"https:\/\/aconteceunovale.com.br\/portal\/wp-content\/uploads\/2020\/04\/central_da_feira_post.png","width":678,"height":445},{"@type":"BreadcrumbList","@id":"https:\/\/aconteceunovale.com.br\/portal\/?p=160984#breadcrumb","itemListElement":[{"@type":"ListItem","position":1,"name":"In\u00edcio","item":"https:\/\/aconteceunovale.com.br\/portal\/"},{"@type":"ListItem","position":2,"name":"Site de vendas de produtos da agricultura familiar substitui feira livre em Capelinha"}]},{"@type":"WebSite","@id":"https:\/\/aconteceunovale.com.br\/portal\/#website","url":"https:\/\/aconteceunovale.com.br\/portal\/","name":"Aconteceu no Vale","description":"Portal de Not\u00edcias","potentialAction":[{"@type":"SearchAction","target":{"@type":"EntryPoint","urlTemplate":"https:\/\/aconteceunovale.com.br\/portal\/?s={search_term_string}"},"query-input":{"@type":"PropertyValueSpecification","valueRequired":true,"valueName":"search_term_string"}}],"inLanguage":"pt-BR"},{"@type":"Person","@id":"https:\/\/aconteceunovale.com.br\/portal\/#\/schema\/person\/633529146f2c94272bef50ac2953d589","name":"Aconteceu no Vale","description":"Equipe de reportagem do Aconteceu no Vale, portal de not\u00edcias do Vale do Jequitinhonha, em Minas Gerais. Cobrimos as 51 cidades do Vale desde 2013. Sugest\u00f5es de pauta e pedidos de corre\u00e7\u00e3o: contato@aconteceunovale.com.br","sameAs":["http:\/\/www.aconteceunovale.com.br"],"url":"https:\/\/aconteceunovale.com.br\/portal\/?author=1"}]}},"_links":{"self":[{"href":"https:\/\/aconteceunovale.com.br\/portal\/index.php?rest_route=\/wp\/v2\/posts\/160984","targetHints":{"allow":["GET"]}}],"collection":[{"href":"https:\/\/aconteceunovale.com.br\/portal\/index.php?rest_route=\/wp\/v2\/posts"}],"about":[{"href":"https:\/\/aconteceunovale.com.br\/portal\/index.php?rest_route=\/wp\/v2\/types\/post"}],"author":[{"embeddable":true,"href":"https:\/\/aconteceunovale.com.br\/portal\/index.php?rest_route=\/wp\/v2\/users\/1"}],"replies":[{"embeddable":true,"href":"https:\/\/aconteceunovale.com.br\/portal\/index.php?rest_route=%2Fwp%2Fv2%2Fcomments&post=160984"}],"version-history":[{"count":2,"href":"https:\/\/aconteceunovale.com.br\/portal\/index.php?rest_route=\/wp\/v2\/posts\/160984\/revisions"}],"predecessor-version":[{"id":161002,"href":"https:\/\/aconteceunovale.com.br\/portal\/index.php?rest_route=\/wp\/v2\/posts\/160984\/revisions\/161002"}],"wp:featuredmedia":[{"embeddable":true,"href":"https:\/\/aconteceunovale.com.br\/portal\/index.php?rest_route=\/wp\/v2\/media\/160985"}],"wp:attachment":[{"href":"https:\/\/aconteceunovale.com.br\/portal\/index.php?rest_route=%2Fwp%2Fv2%2Fmedia&parent=160984"}],"wp:term":[{"taxonomy":"category","embeddable":true,"href":"https:\/\/aconteceunovale.com.br\/portal\/index.php?rest_route=%2Fwp%2Fv2%2Fcategories&post=160984"},{"taxonomy":"post_tag","embeddable":true,"href":"https:\/\/aconteceunovale.com.br\/portal\/index.php?rest_route=%2Fwp%2Fv2%2Ftags&post=160984"}],"curies":[{"name":"wp","href":"https:\/\/api.w.org\/{rel}","templated":true}]}}