{"id":160976,"date":"2020-04-14T12:03:38","date_gmt":"2020-04-14T15:03:38","guid":{"rendered":"http:\/\/aconteceunovale.com.br\/portal\/?p=160976"},"modified":"2020-04-20T12:14:21","modified_gmt":"2020-04-20T15:14:21","slug":"coronavirus-secretaria-de-saude-de-minas-gerais-confirma-27-obitos-e-884-casos-2","status":"publish","type":"post","link":"https:\/\/aconteceunovale.com.br\/portal\/?p=160976","title":{"rendered":"Coronav\u00edrus: Secretaria de Sa\u00fade de Minas Gerais confirma 27 \u00f3bitos e 884 casos"},"content":{"rendered":"\n<p class=\"wp-block-paragraph\">A Secretaria de Estado de Sa\u00fade (SES-MG) informou, na manh\u00e3 desta ter\u00e7a-feira (14\/04\/2020), que 884 casos de Covid-19 foram confirmados em Minas Gerais.&nbsp;O n\u00famero de mortes pela doen\u00e7a subiu para 27. As v\u00edtimas residiam em Belo Horizonte (6), Divin\u00f3polis (1), Governador Valadares (2), Itabira (1), Juiz de Fora (2), Mariana (1), Montes Claros (1), Ouro Fino (1), Parais\u00f3polis (2), Patos de Minas (1), Patroc\u00ednio (1), Pouso Alegre (2), Uberaba (1), Uberl\u00e2ndia (4) e Varginha (1).<\/p>\n\n\n\n<p class=\"wp-block-paragraph\">De acordo com o boletim epidemiol\u00f3gico, divulgado \u00e0s 10h22 de hoje, o Estado tamb\u00e9m possui 60 \u00f3bitos em investiga\u00e7\u00e3o e 218 foram descartados. O n\u00famero de casos suspeitos subiu para 63.951.<\/p>\n\n\n\n<p class=\"wp-block-paragraph\">A cidade com mais casos confirmados \u00e9 Belo Horizonte, onde 367 pacientes tiveram diagn\u00f3stico positivo para a doen\u00e7a. Na sequ\u00eancia, aparecem Juiz de Fora, com 74 casos, Uberl\u00e2ndia, com 57, e Nova Lima, com 44.<\/p>\n\n\n\n<p class=\"wp-block-paragraph\"><strong>RESUMO DOS \u00d3BITOS POR COVID-19 EM MINAS GERAIS<\/strong><\/p>\n\n\n\n<figure class=\"wp-block-table\"><table><tbody><tr><td class=\"has-text-align-center\" data-align=\"center\"><strong>Paciente<\/strong><\/td><td class=\"has-text-align-center\" data-align=\"center\"><strong>Sexo<\/strong><\/td><td class=\"has-text-align-center\" data-align=\"center\"><strong>Idade<\/strong><\/td><td class=\"has-text-align-center\" data-align=\"center\"><strong>Munic\u00edpio de Resid\u00eancia<\/strong><\/td><td class=\"has-text-align-center\" data-align=\"center\"><strong>Data do \u00f3bito<\/strong><\/td><td class=\"has-text-align-center\" data-align=\"center\"><strong>Comorbidade<\/strong><\/td><\/tr><tr><td class=\"has-text-align-center\" data-align=\"center\">01<\/td><td class=\"has-text-align-center\" data-align=\"center\">M<\/td><td class=\"has-text-align-center\" data-align=\"center\">79<\/td><td class=\"has-text-align-center\" data-align=\"center\">Patos de Minas<\/td><td class=\"has-text-align-center\" data-align=\"center\">28\/03\/2020<\/td><td class=\"has-text-align-center\" data-align=\"center\">SIM<\/td><\/tr><tr><td class=\"has-text-align-center\" data-align=\"center\">02<\/td><td class=\"has-text-align-center\" data-align=\"center\">F<\/td><td class=\"has-text-align-center\" data-align=\"center\">82<\/td><td class=\"has-text-align-center\" data-align=\"center\">Belo Horizonte<\/td><td class=\"has-text-align-center\" data-align=\"center\">29\/03\/2020<\/td><td class=\"has-text-align-center\" data-align=\"center\">SIM<\/td><\/tr><tr><td class=\"has-text-align-center\" data-align=\"center\">03<\/td><td class=\"has-text-align-center\" data-align=\"center\">M<\/td><td class=\"has-text-align-center\" data-align=\"center\">66<\/td><td class=\"has-text-align-center\" data-align=\"center\">Belo Horizonte<\/td><td class=\"has-text-align-center\" data-align=\"center\">30\/03\/2020<\/td><td class=\"has-text-align-center\" data-align=\"center\">SIM<\/td><\/tr><tr><td class=\"has-text-align-center\" data-align=\"center\">04<\/td><td class=\"has-text-align-center\" data-align=\"center\">M<\/td><td class=\"has-text-align-center\" data-align=\"center\">44<\/td><td class=\"has-text-align-center\" data-align=\"center\">Mariana<\/td><td class=\"has-text-align-center\" data-align=\"center\">30\/03\/2020<\/td><td class=\"has-text-align-center\" data-align=\"center\">N\u00c3O<\/td><\/tr><tr><td class=\"has-text-align-center\" data-align=\"center\">05<\/td><td class=\"has-text-align-center\" data-align=\"center\">M<\/td><td class=\"has-text-align-center\" data-align=\"center\">80<\/td><td class=\"has-text-align-center\" data-align=\"center\">Uberl\u00e2ndia<\/td><td class=\"has-text-align-center\" data-align=\"center\">30\/03\/2020<\/td><td class=\"has-text-align-center\" data-align=\"center\">SIM<\/td><\/tr><tr><td class=\"has-text-align-center\" data-align=\"center\">06<\/td><td class=\"has-text-align-center\" data-align=\"center\">M<\/td><td class=\"has-text-align-center\" data-align=\"center\">72<\/td><td class=\"has-text-align-center\" data-align=\"center\">Ouro Fino<\/td><td class=\"has-text-align-center\" data-align=\"center\">31\/03\/2020<\/td><td class=\"has-text-align-center\" data-align=\"center\">N\u00c3O<\/td><\/tr><tr><td class=\"has-text-align-center\" data-align=\"center\">07<\/td><td class=\"has-text-align-center\" data-align=\"center\">F<\/td><td class=\"has-text-align-center\" data-align=\"center\">76<\/td><td class=\"has-text-align-center\" data-align=\"center\">Belo Horizonte<\/td><td class=\"has-text-align-center\" data-align=\"center\">01\/04\/2020<\/td><td class=\"has-text-align-center\" data-align=\"center\">N\u00c3O<\/td><\/tr><tr><td class=\"has-text-align-center\" data-align=\"center\">08<\/td><td class=\"has-text-align-center\" data-align=\"center\">M<\/td><td class=\"has-text-align-center\" data-align=\"center\">69<\/td><td class=\"has-text-align-center\" data-align=\"center\">Montes Claros<\/td><td class=\"has-text-align-center\" data-align=\"center\">01\/04\/2020<\/td><td class=\"has-text-align-center\" data-align=\"center\">N\u00c3O<\/td><\/tr><tr><td class=\"has-text-align-center\" data-align=\"center\">09<\/td><td class=\"has-text-align-center\" data-align=\"center\">F<\/td><td class=\"has-text-align-center\" data-align=\"center\">61<\/td><td class=\"has-text-align-center\" data-align=\"center\">Uberl\u00e2ndia<\/td><td class=\"has-text-align-center\" data-align=\"center\">02\/04\/2020<\/td><td class=\"has-text-align-center\" data-align=\"center\">SIM<\/td><\/tr><tr><td class=\"has-text-align-center\" data-align=\"center\">10<\/td><td class=\"has-text-align-center\" data-align=\"center\">F<\/td><td class=\"has-text-align-center\" data-align=\"center\">92<\/td><td class=\"has-text-align-center\" data-align=\"center\">Belo Horizonte<\/td><td class=\"has-text-align-center\" data-align=\"center\">02\/04\/2020<\/td><td class=\"has-text-align-center\" data-align=\"center\">SIM<\/td><\/tr><tr><td class=\"has-text-align-center\" data-align=\"center\">11<\/td><td class=\"has-text-align-center\" data-align=\"center\">F<\/td><td class=\"has-text-align-center\" data-align=\"center\">88<\/td><td class=\"has-text-align-center\" data-align=\"center\">Parais\u00f3polis<\/td><td class=\"has-text-align-center\" data-align=\"center\">03\/04\/2020<\/td><td class=\"has-text-align-center\" data-align=\"center\">SIM<\/td><\/tr><tr><td class=\"has-text-align-center\" data-align=\"center\">12<\/td><td class=\"has-text-align-center\" data-align=\"center\">M<\/td><td class=\"has-text-align-center\" data-align=\"center\">78<\/td><td class=\"has-text-align-center\" data-align=\"center\">Pouso Alegre<\/td><td class=\"has-text-align-center\" data-align=\"center\">05\/04\/2020<\/td><td class=\"has-text-align-center\" data-align=\"center\">SIM<\/td><\/tr><tr><td class=\"has-text-align-center\" data-align=\"center\">13<\/td><td class=\"has-text-align-center\" data-align=\"center\">M<\/td><td class=\"has-text-align-center\" data-align=\"center\">59<\/td><td class=\"has-text-align-center\" data-align=\"center\">Varginha<\/td><td class=\"has-text-align-center\" data-align=\"center\">05\/04\/2020<\/td><td class=\"has-text-align-center\" data-align=\"center\">SIM<\/td><\/tr><tr><td class=\"has-text-align-center\" data-align=\"center\">14<\/td><td class=\"has-text-align-center\" data-align=\"center\">M<\/td><td class=\"has-text-align-center\" data-align=\"center\">82<\/td><td class=\"has-text-align-center\" data-align=\"center\">Belo Horizonte<\/td><td class=\"has-text-align-center\" data-align=\"center\">05\/04\/2020<\/td><td class=\"has-text-align-center\" data-align=\"center\">SIM<\/td><\/tr><tr><td class=\"has-text-align-center\" data-align=\"center\">15<\/td><td class=\"has-text-align-center\" data-align=\"center\">F<\/td><td class=\"has-text-align-center\" data-align=\"center\">60<\/td><td class=\"has-text-align-center\" data-align=\"center\">Belo Horizonte<\/td><td class=\"has-text-align-center\" data-align=\"center\">07\/04\/2020<\/td><td class=\"has-text-align-center\" data-align=\"center\">SIM<\/td><\/tr><tr><td class=\"has-text-align-center\" data-align=\"center\">16<\/td><td class=\"has-text-align-center\" data-align=\"center\">M<\/td><td class=\"has-text-align-center\" data-align=\"center\">70<\/td><td class=\"has-text-align-center\" data-align=\"center\">Juiz de Fora<\/td><td class=\"has-text-align-center\" data-align=\"center\">07\/04\/2020<\/td><td class=\"has-text-align-center\" data-align=\"center\">SIM<\/td><\/tr><tr><td class=\"has-text-align-center\" data-align=\"center\">17<\/td><td class=\"has-text-align-center\" data-align=\"center\">F<\/td><td class=\"has-text-align-center\" data-align=\"center\">46<\/td><td class=\"has-text-align-center\" data-align=\"center\">Divin\u00f3polis<\/td><td class=\"has-text-align-center\" data-align=\"center\">08\/04\/2020<\/td><td class=\"has-text-align-center\" data-align=\"center\">N\u00c3O<\/td><\/tr><tr><td class=\"has-text-align-center\" data-align=\"center\">18<\/td><td class=\"has-text-align-center\" data-align=\"center\">M<\/td><td class=\"has-text-align-center\" data-align=\"center\">73<\/td><td class=\"has-text-align-center\" data-align=\"center\">Uberaba<\/td><td class=\"has-text-align-center\" data-align=\"center\">10\/04\/2020<\/td><td class=\"has-text-align-center\" data-align=\"center\">SIM<\/td><\/tr><tr><td class=\"has-text-align-center\" data-align=\"center\">19<\/td><td class=\"has-text-align-center\" data-align=\"center\">F<\/td><td class=\"has-text-align-center\" data-align=\"center\">79<\/td><td class=\"has-text-align-center\" data-align=\"center\">Parais\u00f3polis<\/td><td class=\"has-text-align-center\" data-align=\"center\">28\/03\/2020<\/td><td class=\"has-text-align-center\" data-align=\"center\">SIM<\/td><\/tr><tr><td class=\"has-text-align-center\" data-align=\"center\">20<\/td><td class=\"has-text-align-center\" data-align=\"center\">M<\/td><td class=\"has-text-align-center\" data-align=\"center\">24<\/td><td class=\"has-text-align-center\" data-align=\"center\">Itabira<\/td><td class=\"has-text-align-center\" data-align=\"center\">06\/04\/2020<\/td><td class=\"has-text-align-center\" data-align=\"center\">SIM<\/td><\/tr><tr><td class=\"has-text-align-center\" data-align=\"center\">21<\/td><td class=\"has-text-align-center\" data-align=\"center\">M<\/td><td class=\"has-text-align-center\" data-align=\"center\">71<\/td><td class=\"has-text-align-center\" data-align=\"center\">Juiz de Fora<\/td><td class=\"has-text-align-center\" data-align=\"center\">29\/03\/2020<\/td><td class=\"has-text-align-center\" data-align=\"center\">SIM<\/td><\/tr><tr><td class=\"has-text-align-center\" data-align=\"center\">22<\/td><td class=\"has-text-align-center\" data-align=\"center\">F<\/td><td class=\"has-text-align-center\" data-align=\"center\">68<\/td><td class=\"has-text-align-center\" data-align=\"center\">Governador Valadares<\/td><td class=\"has-text-align-center\" data-align=\"center\">08\/04\/2020<\/td><td class=\"has-text-align-center\" data-align=\"center\">SIM<\/td><\/tr><tr><td class=\"has-text-align-center\" data-align=\"center\">23<\/td><td class=\"has-text-align-center\" data-align=\"center\">M<\/td><td class=\"has-text-align-center\" data-align=\"center\">84<\/td><td class=\"has-text-align-center\" data-align=\"center\">Pouso Alegre<\/td><td class=\"has-text-align-center\" data-align=\"center\">11\/04\/2020<\/td><td class=\"has-text-align-center\" data-align=\"center\">SIM<\/td><\/tr><tr><td class=\"has-text-align-center\" data-align=\"center\">24<\/td><td class=\"has-text-align-center\" data-align=\"center\">M<\/td><td class=\"has-text-align-center\" data-align=\"center\">81<\/td><td class=\"has-text-align-center\" data-align=\"center\">Patroc\u00ednio<\/td><td class=\"has-text-align-center\" data-align=\"center\">11\/04\/2020<\/td><td class=\"has-text-align-center\" data-align=\"center\">SIM<\/td><\/tr><tr><td class=\"has-text-align-center\" data-align=\"center\">25<\/td><td class=\"has-text-align-center\" data-align=\"center\">F<\/td><td class=\"has-text-align-center\" data-align=\"center\">65<\/td><td class=\"has-text-align-center\" data-align=\"center\">Uberl\u00e2ndia<\/td><td class=\"has-text-align-center\" data-align=\"center\">10\/04\/2020<\/td><td class=\"has-text-align-center\" data-align=\"center\">SIM<\/td><\/tr><tr><td class=\"has-text-align-center\" data-align=\"center\">26<\/td><td class=\"has-text-align-center\" data-align=\"center\">M<\/td><td class=\"has-text-align-center\" data-align=\"center\">72<\/td><td class=\"has-text-align-center\" data-align=\"center\">Uberl\u00e2ndia<\/td><td class=\"has-text-align-center\" data-align=\"center\">03\/04\/2020<\/td><td class=\"has-text-align-center\" data-align=\"center\">N\u00c3O<\/td><\/tr><tr><td class=\"has-text-align-center\" data-align=\"center\">27<\/td><td class=\"has-text-align-center\" data-align=\"center\">M<\/td><td class=\"has-text-align-center\" data-align=\"center\">62<\/td><td class=\"has-text-align-center\" data-align=\"center\">Governador Valadares<\/td><td class=\"has-text-align-center\" data-align=\"center\">08\/04\/2020<\/td><td class=\"has-text-align-center\" data-align=\"center\">SIM<\/td><\/tr><\/tbody><\/table><\/figure>\n\n\n\n<p class=\"wp-block-paragraph\"><strong>INFORME EPIDEMIOL\u00d3GICO \u2013 14\/04\/2020 &#8211; 10h22<\/strong><\/p>\n\n\n\n<figure class=\"wp-block-image size-large\"><img decoding=\"async\" src=\"http:\/\/aconteceu.info\/pub\/boletim_corona_cap_14abril.png\" alt=\"\"\/><\/figure>\n\n\n\n<p class=\"has-background has-very-light-gray-background-color wp-block-paragraph\">Quer saber as not\u00edcias do <strong>Aconteceu no Vale<\/strong> em primeira m\u00e3o? Siga-nos no Facebook <a rel=\"noreferrer noopener\" href=\"http:\/\/facebook.com\/aconteceunovale\" target=\"_blank\">@aconteceunovale<\/a>, Twitter <a rel=\"noreferrer noopener\" href=\"https:\/\/twitter.com\/noticiadosvales\" target=\"_blank\">@noticiadosvales<\/a> e Instagram <a rel=\"noreferrer noopener\" href=\"https:\/\/www.instagram.com\/aconteceunovale\" target=\"_blank\">@aconteceunovale<\/a>.<\/p>\n","protected":false},"excerpt":{"rendered":"<p>A Secretaria de Estado de Sa\u00fade (SES-MG) informou, na manh\u00e3 desta ter\u00e7a-feira (14\/04\/2020), que 884 casos de Covid-19 foram confirmados em Minas Gerais.&nbsp;O n\u00famero de mortes pela doen\u00e7a subiu para 27. As v\u00edtimas residiam em Belo Horizonte (6), Divin\u00f3polis (1), Governador Valadares (2), Itabira (1), Juiz de Fora (2), Mariana (1), Montes Claros (1), Ouro [&hellip;]<\/p>\n","protected":false},"author":1,"featured_media":159378,"comment_status":"open","ping_status":"closed","sticky":false,"template":"","format":"standard","meta":{"amp_status":"","footnotes":""},"categories":[121,123,1236],"tags":[194,217922,217924,1017,217928,217930,218641,217925,217931,217945,217952,217743,217959,217738,217938,217968,217976,217985,217926,217932,217946,217955,217919,217963,217991,217939,217970,217979,217986,215651,215649,217947,217954,217920,217962,217543,217940,217971,217980,217988,217927,217933,217948,217956,217921,217964,217990,217941,217972,217978,217987,218218,214884,219126,215396,215652,217870,217949,217741,217957,217542,217934,217965,217974,217982,218220,218548,219065,1524,217944,217943,216498,217923,217929,217942,217950,217742,217958,217739,217935,217966,217973,217981,218219,199,217951,217953,218124,218175,201,217917,217918,206,217960,217961,131,217989,217992,218176,218743,219582,218553,218551,1496,217937,217936,215653,1489,217967,217969,604,218221,218550,218552,218549,218202,217994,219406,52113,1532,217975,217977,218008,218059,221,217983,217984],"class_list":["post-160976","post","type-post","status-publish","format-standard","has-post-thumbnail","hentry","category-leste","category-gerais","category-norte_de_minas","tag-belo-horizonte","tag-belo-horizonte-coronavirus","tag-belo-horizonte-covid-19","tag-bh","tag-bh-coronavirus","tag-bh-covid-19","tag-boletim-covid-19-em-minas-gerais","tag-caso-confirmado-de-coronavirus-em-belo-horizonte","tag-caso-confirmado-de-coronavirus-em-bh","tag-caso-confirmado-de-coronavirus-em-coronel-fabriciano","tag-caso-confirmado-de-coronavirus-em-divinopolis","tag-caso-confirmado-de-coronavirus-em-ipatinga","tag-caso-confirmado-de-coronavirus-em-juiz-de-fora","tag-caso-confirmado-de-coronavirus-em-minas-gerais","tag-caso-confirmado-de-coronavirus-em-nova-lima","tag-caso-confirmado-de-coronavirus-em-patrocinio","tag-caso-confirmado-de-coronavirus-em-sete-lagoas","tag-caso-confirmado-de-coronavirus-em-uberlandia","tag-caso-confirmado-de-covid-19-em-belo-horizonte","tag-caso-confirmado-de-covid-19-em-bh","tag-caso-confirmado-de-covid-19-em-coronel-fabriciano","tag-caso-confirmado-de-covid-19-em-divinopolis","tag-caso-confirmado-de-covid-19-em-ipatinga","tag-caso-confirmado-de-covid-19-em-juiz-de-fora","tag-caso-confirmado-de-covid-19-em-minas-gerais","tag-caso-confirmado-de-covid-19-em-nova-lima","tag-caso-confirmado-de-covid-19-em-patrocinio","tag-caso-confirmado-de-covid-19-em-sete-lagoas","tag-caso-confirmado-de-covid-19-em-uberlandia","tag-caso-de-coronavirus-em-belo-horizonte","tag-caso-de-coronavirus-em-bh","tag-caso-de-coronavirus-em-coronel-fabriciano","tag-caso-de-coronavirus-em-divinopolis","tag-caso-de-coronavirus-em-ipatinga","tag-caso-de-coronavirus-em-juiz-de-fora","tag-caso-de-coronavirus-em-minas-gerais","tag-caso-de-coronavirus-em-nova-lima","tag-caso-de-coronavirus-em-patrocinio","tag-caso-de-coronavirus-em-sete-lagoas","tag-caso-de-coronavirus-em-uberlandia","tag-caso-de-covid-19-em-belo-horizonte","tag-caso-de-covid-19-em-bh","tag-caso-de-covid-19-em-coronel-fabriciano","tag-caso-de-covid-19-em-divinopolis","tag-caso-de-covid-19-em-ipatinga","tag-caso-de-covid-19-em-juiz-de-fora","tag-caso-de-covid-19-em-minas-gerais","tag-caso-de-covid-19-em-nova-lima","tag-caso-de-covid-19-em-patrocinio","tag-caso-de-covid-19-em-sete-lagoas","tag-caso-de-covid-19-em-uberlandia","tag-casos-suspeitos-de-coronavirus-chegam-a-quase-6-mil-em-minas-gerais","tag-coronavirus","tag-coronavirus-chega-a-64-municipios-de-minas-gerais","tag-coronavirus-em-belo-horizonte","tag-coronavirus-em-bh","tag-coronavirus-em-coronel-fabriciano","tag-coronavirus-em-divinopolis","tag-coronavirus-em-ipatinga","tag-coronavirus-em-juiz-de-fora","tag-coronavirus-em-minas-gerais","tag-coronavirus-em-nova-lima","tag-coronavirus-em-patrocinio","tag-coronavirus-em-sete-lagoas","tag-coronavirus-em-uberlandia","tag-coronavirus-pcmg","tag-coronavirus-primeiro-obito-por-coronavirus-em-minas-gerais","tag-coronavirus-secretaria-de-saude-de-minas-gerais-confirma-9-mortes-e-525-casos","tag-coronel-fabriciano","tag-coronel-fabriciano-coronavirus","tag-coronel-fabriciano-covid-19","tag-covid-19","tag-covid-19-em-belo-horizonte","tag-covid-19-em-bh","tag-covid-19-em-coronel-fabriciano","tag-covid-19-em-divinopolis","tag-covid-19-em-ipatinga","tag-covid-19-em-juiz-de-fora","tag-covid-19-em-minas-gerais","tag-covid-19-em-nova-lima","tag-covid-19-em-patrocinio","tag-covid-19-em-sete-lagoas","tag-covid-19-em-uberlandia","tag-descumprir-medidas-de-enfrentamento-ao-coronavirus-cabe-punicao-penal","tag-divinopolis","tag-divinopolis-coronavirus","tag-divinopolis-covid-19","tag-governador-de-minas-gerais-anuncia-novo-pacote-de-medidas-contra-pandemia-do-coronavirus","tag-governador-de-minas-gerais-decreta-calamidade-publica","tag-ipatinga","tag-ipatinga-coronavirus","tag-ipatinga-covid-19","tag-juiz-de-fora","tag-juiz-de-fora-coronavirus","tag-juiz-de-fora-covid-19","tag-minas-gerais","tag-minas-gerais-coronavirus","tag-minas-gerais-covid-19","tag-minas-gerais-fecha-fronteiras","tag-minas-gerais-tem-6-obitos-por-coronavirus-e-370-casos-confirmados","tag-minas-gerais-tem-750-infectados-com-coronavirus","tag-morte-por-coronavirus-em-minas-gerais","tag-morte-por-covid-19-em-minas-gerais","tag-nova-lima","tag-nova-lima-coronavirus","tag-nova-lima-covid-19","tag-novo-coronavirus","tag-patrocinio","tag-patrocinio-coronavirus","tag-patrocinio-covid-19","tag-pcmg","tag-pcmg-coronavirus","tag-primeira-morte-por-coronavirus-em-minas-gerais","tag-primeira-morte-por-covid-19-em-minas-gerais","tag-primeiro-obito-por-covid-19-em-minas-gerais","tag-saiba-o-que-pode-e-o-que-nao-pode-funcionar-apos-decreto-do-governo-de-minas-para-conter-o-avanco-do-coronavirus","tag-secretaria-de-saude-confirma-14-casos-de-coronavirus-em-minas-gerais","tag-secretaria-de-saude-de-minas-gerais-confirma-15-obitos-por-covid-19-e-655-casos","tag-ses-mg","tag-sete-lagoas","tag-sete-lagoas-coronavirus","tag-sete-lagoas-covid-19","tag-sobe-para-19-o-numero-de-casos-confirmados-do-coronavirus-em-minas-gerais","tag-sobe-para-29-o-numero-de-casos-confirmados-do-coronavirus-em-minas-gerais","tag-uberlandia","tag-uberlandia-coronavirus","tag-uberlandia-covid-19"],"yoast_head":"<!-- This site is optimized with the Yoast SEO plugin v28.3 - https:\/\/yoast.com\/product\/yoast-seo-wordpress\/ -->\n<title>Coronav\u00edrus: Secretaria de Sa\u00fade de Minas Gerais confirma 27 \u00f3bitos e 884 casos - Aconteceu no Vale<\/title>\n<meta name=\"robots\" content=\"index, follow, max-snippet:-1, max-image-preview:large, max-video-preview:-1\" \/>\n<link rel=\"canonical\" href=\"https:\/\/aconteceunovale.com.br\/portal\/?p=160976\" \/>\n<meta property=\"og:locale\" content=\"pt_BR\" \/>\n<meta property=\"og:type\" content=\"article\" \/>\n<meta property=\"og:title\" content=\"Coronav\u00edrus: Secretaria de Sa\u00fade de Minas Gerais confirma 27 \u00f3bitos e 884 casos - Aconteceu no Vale\" \/>\n<meta property=\"og:description\" content=\"A Secretaria de Estado de Sa\u00fade (SES-MG) informou, na manh\u00e3 desta ter\u00e7a-feira (14\/04\/2020), que 884 casos de Covid-19 foram confirmados em Minas Gerais.&nbsp;O n\u00famero de mortes pela doen\u00e7a subiu para 27. As v\u00edtimas residiam em Belo Horizonte (6), Divin\u00f3polis (1), Governador Valadares (2), Itabira (1), Juiz de Fora (2), Mariana (1), Montes Claros (1), Ouro [&hellip;]\" \/>\n<meta property=\"og:url\" content=\"https:\/\/aconteceunovale.com.br\/portal\/?p=160976\" \/>\n<meta property=\"og:site_name\" content=\"Aconteceu no Vale\" \/>\n<meta property=\"article:publisher\" content=\"https:\/\/www.facebook.com\/aconteceunovale\/\" \/>\n<meta property=\"article:published_time\" content=\"2020-04-14T15:03:38+00:00\" \/>\n<meta property=\"article:modified_time\" content=\"2020-04-20T15:14:21+00:00\" \/>\n<meta property=\"og:image\" content=\"https:\/\/aconteceunovale.com.br\/portal\/wp-content\/uploads\/2020\/02\/covid_19_corona.jpg\" \/>\n\t<meta property=\"og:image:width\" content=\"675\" \/>\n\t<meta property=\"og:image:height\" content=\"450\" \/>\n\t<meta property=\"og:image:type\" content=\"image\/jpeg\" \/>\n<meta name=\"author\" content=\"Aconteceu no Vale\" \/>\n<meta name=\"twitter:card\" content=\"summary_large_image\" \/>\n<meta name=\"twitter:creator\" content=\"@noticiadosvales\" \/>\n<meta name=\"twitter:site\" content=\"@noticiadosvales\" \/>\n<meta name=\"twitter:label1\" content=\"Escrito por\" \/>\n\t<meta name=\"twitter:data1\" content=\"Aconteceu no Vale\" \/>\n\t<meta name=\"twitter:label2\" content=\"Est. tempo de leitura\" \/>\n\t<meta name=\"twitter:data2\" content=\"1 minuto\" \/>\n<script type=\"application\/ld+json\" class=\"yoast-schema-graph\">{\"@context\":\"https:\\\/\\\/schema.org\",\"@graph\":[{\"@type\":\"Article\",\"@id\":\"https:\\\/\\\/aconteceunovale.com.br\\\/portal\\\/?p=160976#article\",\"isPartOf\":{\"@id\":\"https:\\\/\\\/aconteceunovale.com.br\\\/portal\\\/?p=160976\"},\"author\":{\"name\":\"Aconteceu no Vale\",\"@id\":\"https:\\\/\\\/aconteceunovale.com.br\\\/portal\\\/#\\\/schema\\\/person\\\/633529146f2c94272bef50ac2953d589\"},\"headline\":\"Coronav\u00edrus: Secretaria de Sa\u00fade de Minas Gerais confirma 27 \u00f3bitos e 884 casos\",\"datePublished\":\"2020-04-14T15:03:38+00:00\",\"dateModified\":\"2020-04-20T15:14:21+00:00\",\"mainEntityOfPage\":{\"@id\":\"https:\\\/\\\/aconteceunovale.com.br\\\/portal\\\/?p=160976\"},\"wordCount\":307,\"commentCount\":0,\"image\":{\"@id\":\"https:\\\/\\\/aconteceunovale.com.br\\\/portal\\\/?p=160976#primaryimage\"},\"thumbnailUrl\":\"https:\\\/\\\/aconteceunovale.com.br\\\/portal\\\/wp-content\\\/uploads\\\/2020\\\/02\\\/covid_19_corona.jpg\",\"keywords\":[\"Belo Horizonte\",\"Belo Horizonte Coronav\u00edrus\",\"Belo Horizonte Covid-19\",\"bh\",\"BH Coronav\u00edrus\",\"BH Covid-19\",\"Boletim Covid-19 em Minas Gerais\",\"Caso confirmado de coronav\u00edrus em Belo Horizonte\",\"Caso confirmado de coronav\u00edrus em BH\",\"Caso confirmado de coronav\u00edrus em CORONEL FABRICIANO\",\"Caso confirmado de coronav\u00edrus em Divin\u00f3polis\",\"Caso confirmado de coronav\u00edrus em Ipatinga\",\"Caso confirmado de coronav\u00edrus em Juiz de Fora\",\"Caso confirmado de coronav\u00edrus em Minas Gerais\",\"Caso confirmado de coronav\u00edrus em NOVA LIMA\",\"Caso confirmado de coronav\u00edrus em Patroc\u00ednio\",\"Caso confirmado de coronav\u00edrus em Sete Lagoas\",\"Caso confirmado de coronav\u00edrus em Uberl\u00e2ndia\",\"Caso confirmado de Covid-19 em Belo Horizonte\",\"Caso confirmado de Covid-19 em BH\",\"Caso confirmado de Covid-19 em CORONEL FABRICIANO\",\"Caso confirmado de Covid-19 em Divin\u00f3polis\",\"Caso confirmado de Covid-19 em Ipatinga\",\"Caso confirmado de Covid-19 em Juiz de Fora\",\"Caso confirmado de Covid-19 em Minas Gerais\",\"Caso confirmado de Covid-19 em NOVA LIMA\",\"Caso confirmado de Covid-19 em Patroc\u00ednio\",\"Caso confirmado de Covid-19 em Sete Lagoas\",\"Caso confirmado de Covid-19 em Uberl\u00e2ndia\",\"Caso de coronav\u00edrus em Belo Horizonte\",\"Caso de coronav\u00edrus em BH\",\"Caso de coronav\u00edrus em CORONEL FABRICIANO\",\"Caso de coronav\u00edrus em Divin\u00f3polis\",\"Caso de coronav\u00edrus em Ipatinga\",\"Caso de coronav\u00edrus em Juiz de Fora\",\"Caso de coronav\u00edrus em Minas Gerais\",\"Caso de coronav\u00edrus em NOVA LIMA\",\"Caso de coronav\u00edrus em Patroc\u00ednio\",\"Caso de coronav\u00edrus em Sete Lagoas\",\"Caso de coronav\u00edrus em Uberl\u00e2ndia\",\"Caso de Covid-19 em Belo Horizonte\",\"Caso de Covid-19 em BH\",\"Caso de Covid-19 em CORONEL FABRICIANO\",\"Caso de Covid-19 em Divin\u00f3polis\",\"Caso de Covid-19 em Ipatinga\",\"Caso de Covid-19 em Juiz de Fora\",\"Caso de Covid-19 em Minas Gerais\",\"Caso de Covid-19 em NOVA LIMA\",\"Caso de Covid-19 em Patroc\u00ednio\",\"Caso de Covid-19 em Sete Lagoas\",\"Caso de Covid-19 em Uberl\u00e2ndia\",\"Casos suspeitos de coronav\u00edrus chegam a quase 6 mil em Minas Gerais\",\"Coronav\u00edrus\",\"Coronav\u00edrus chega a 64 munic\u00edpios de Minas Gerais\",\"Coronav\u00edrus em Belo Horizonte\",\"Coronav\u00edrus em BH\",\"Coronav\u00edrus em Coronel Fabriciano\",\"Coronav\u00edrus em Divin\u00f3polis\",\"Coronav\u00edrus em Ipatinga\",\"Coronav\u00edrus em Juiz de Fora\",\"Coronav\u00edrus em Minas Gerais\",\"Coronav\u00edrus em NOVA LIMA\",\"Coronav\u00edrus em Patroc\u00ednio\",\"Coronav\u00edrus em Sete Lagoas\",\"Coronav\u00edrus em Uberl\u00e2ndia\",\"Coronav\u00edrus PCMG\",\"Coronav\u00edrus: Primeiro \u00f3bito por coronav\u00edrus em Minas Gerais\",\"Coronav\u00edrus: Secretaria de Sa\u00fade de Minas Gerais confirma 9 mortes e 525 casos\",\"Coronel Fabriciano\",\"CORONEL FABRICIANO Coronav\u00edrus\",\"CORONEL FABRICIANO Covid-19\",\"COVID-19\",\"Covid-19 em Belo Horizonte\",\"Covid-19 em BH\",\"Covid-19 em CORONEL FABRICIANO\",\"Covid-19 em Divin\u00f3polis\",\"Covid-19 em Ipatinga\",\"Covid-19 em Juiz de Fora\",\"Covid-19 em Minas Gerais\",\"Covid-19 em NOVA LIMA\",\"Covid-19 em Patroc\u00ednio\",\"Covid-19 em Sete Lagoas\",\"Covid-19 em Uberl\u00e2ndia\",\"Descumprir medidas de enfrentamento ao coronav\u00edrus cabe puni\u00e7\u00e3o penal\",\"Divin\u00f3polis\",\"Divin\u00f3polis Coronav\u00edrus\",\"Divin\u00f3polis Covid-19\",\"Governador de Minas Gerais anuncia novo pacote de medidas contra pandemia do coronav\u00edrus\",\"Governador de Minas Gerais decreta calamidade p\u00fablica\",\"Ipatinga\",\"Ipatinga Coronav\u00edrus\",\"Ipatinga Covid-19\",\"Juiz de Fora\",\"Juiz de Fora Coronav\u00edrus\",\"Juiz de Fora Covid-19\",\"Minas Gerais\",\"Minas Gerais Coronav\u00edrus\",\"Minas Gerais Covid-19\",\"Minas Gerais fecha fronteiras\",\"Minas Gerais tem 6 \u00f3bitos por coronav\u00edrus e 370 casos confirmados\",\"Minas Gerais tem 750 infectados com coronav\u00edrus\",\"Morte por coronav\u00edrus em Minas Gerais\",\"Morte por Covid-19 em Minas Gerais\",\"Nova Lima\",\"NOVA LIMA Coronav\u00edrus\",\"NOVA LIMA Covid-19\",\"Novo coronav\u00edrus\",\"Patroc\u00ednio\",\"Patroc\u00ednio Coronav\u00edrus\",\"Patroc\u00ednio Covid-19\",\"PCMG\",\"PCMG coronav\u00edrus\",\"Primeira morte por coronav\u00edrus em Minas Gerais\",\"Primeira morte por Covid-19 em Minas Gerais\",\"Primeiro \u00f3bito por Covid-19 em Minas Gerais\",\"Saiba o que pode e o que n\u00e3o pode funcionar ap\u00f3s decreto do Governo de Minas para conter o avan\u00e7o do coronav\u00edrus\",\"Secretaria de Sa\u00fade confirma 14 casos de coronav\u00edrus em Minas Gerais\",\"Secretaria de Sa\u00fade de Minas Gerais confirma 15 \u00f3bitos por Covid-19 e 655 casos\",\"SES-MG\",\"Sete Lagoas\",\"Sete Lagoas Coronav\u00edrus\",\"Sete Lagoas Covid-19\",\"Sobe para 19 o n\u00famero de casos confirmados do coronav\u00edrus em Minas Gerais\",\"Sobe para 29 o n\u00famero de casos confirmados do coronav\u00edrus em Minas Gerais\",\"Uberl\u00e2ndia\",\"Uberl\u00e2ndia Coronav\u00edrus\",\"Uberl\u00e2ndia Covid-19\"],\"articleSection\":[\"Leste de Minas\",\"Minas Gerais\",\"Norte de Minas\"],\"inLanguage\":\"pt-BR\",\"potentialAction\":[{\"@type\":\"CommentAction\",\"name\":\"Comment\",\"target\":[\"https:\\\/\\\/aconteceunovale.com.br\\\/portal\\\/?p=160976#respond\"]}]},{\"@type\":\"WebPage\",\"@id\":\"https:\\\/\\\/aconteceunovale.com.br\\\/portal\\\/?p=160976\",\"url\":\"https:\\\/\\\/aconteceunovale.com.br\\\/portal\\\/?p=160976\",\"name\":\"Coronav\u00edrus: Secretaria de Sa\u00fade de Minas Gerais confirma 27 \u00f3bitos e 884 casos - Aconteceu no Vale\",\"isPartOf\":{\"@id\":\"https:\\\/\\\/aconteceunovale.com.br\\\/portal\\\/#website\"},\"primaryImageOfPage\":{\"@id\":\"https:\\\/\\\/aconteceunovale.com.br\\\/portal\\\/?p=160976#primaryimage\"},\"image\":{\"@id\":\"https:\\\/\\\/aconteceunovale.com.br\\\/portal\\\/?p=160976#primaryimage\"},\"thumbnailUrl\":\"https:\\\/\\\/aconteceunovale.com.br\\\/portal\\\/wp-content\\\/uploads\\\/2020\\\/02\\\/covid_19_corona.jpg\",\"datePublished\":\"2020-04-14T15:03:38+00:00\",\"dateModified\":\"2020-04-20T15:14:21+00:00\",\"author\":{\"@id\":\"https:\\\/\\\/aconteceunovale.com.br\\\/portal\\\/#\\\/schema\\\/person\\\/633529146f2c94272bef50ac2953d589\"},\"breadcrumb\":{\"@id\":\"https:\\\/\\\/aconteceunovale.com.br\\\/portal\\\/?p=160976#breadcrumb\"},\"inLanguage\":\"pt-BR\",\"potentialAction\":[{\"@type\":\"ReadAction\",\"target\":[\"https:\\\/\\\/aconteceunovale.com.br\\\/portal\\\/?p=160976\"]}]},{\"@type\":\"ImageObject\",\"inLanguage\":\"pt-BR\",\"@id\":\"https:\\\/\\\/aconteceunovale.com.br\\\/portal\\\/?p=160976#primaryimage\",\"url\":\"https:\\\/\\\/aconteceunovale.com.br\\\/portal\\\/wp-content\\\/uploads\\\/2020\\\/02\\\/covid_19_corona.jpg\",\"contentUrl\":\"https:\\\/\\\/aconteceunovale.com.br\\\/portal\\\/wp-content\\\/uploads\\\/2020\\\/02\\\/covid_19_corona.jpg\",\"width\":675,\"height\":450},{\"@type\":\"BreadcrumbList\",\"@id\":\"https:\\\/\\\/aconteceunovale.com.br\\\/portal\\\/?p=160976#breadcrumb\",\"itemListElement\":[{\"@type\":\"ListItem\",\"position\":1,\"name\":\"In\u00edcio\",\"item\":\"https:\\\/\\\/aconteceunovale.com.br\\\/portal\\\/\"},{\"@type\":\"ListItem\",\"position\":2,\"name\":\"Coronav\u00edrus: Secretaria de Sa\u00fade de Minas Gerais confirma 27 \u00f3bitos e 884 casos\"}]},{\"@type\":\"WebSite\",\"@id\":\"https:\\\/\\\/aconteceunovale.com.br\\\/portal\\\/#website\",\"url\":\"https:\\\/\\\/aconteceunovale.com.br\\\/portal\\\/\",\"name\":\"Aconteceu no Vale\",\"description\":\"Portal de Not\u00edcias\",\"potentialAction\":[{\"@type\":\"SearchAction\",\"target\":{\"@type\":\"EntryPoint\",\"urlTemplate\":\"https:\\\/\\\/aconteceunovale.com.br\\\/portal\\\/?s={search_term_string}\"},\"query-input\":{\"@type\":\"PropertyValueSpecification\",\"valueRequired\":true,\"valueName\":\"search_term_string\"}}],\"inLanguage\":\"pt-BR\"},{\"@type\":\"Person\",\"@id\":\"https:\\\/\\\/aconteceunovale.com.br\\\/portal\\\/#\\\/schema\\\/person\\\/633529146f2c94272bef50ac2953d589\",\"name\":\"Aconteceu no Vale\",\"description\":\"Equipe de reportagem do Aconteceu no Vale, portal de not\u00edcias do Vale do Jequitinhonha, em Minas Gerais. Cobrimos as 51 cidades do Vale desde 2013. Sugest\u00f5es de pauta e pedidos de corre\u00e7\u00e3o: contato@aconteceunovale.com.br\",\"sameAs\":[\"http:\\\/\\\/www.aconteceunovale.com.br\"],\"url\":\"https:\\\/\\\/aconteceunovale.com.br\\\/portal\\\/?author=1\"}]}<\/script>\n<!-- \/ Yoast SEO plugin. -->","yoast_head_json":{"title":"Coronav\u00edrus: Secretaria de Sa\u00fade de Minas Gerais confirma 27 \u00f3bitos e 884 casos - Aconteceu no Vale","robots":{"index":"index","follow":"follow","max-snippet":"max-snippet:-1","max-image-preview":"max-image-preview:large","max-video-preview":"max-video-preview:-1"},"canonical":"https:\/\/aconteceunovale.com.br\/portal\/?p=160976","og_locale":"pt_BR","og_type":"article","og_title":"Coronav\u00edrus: Secretaria de Sa\u00fade de Minas Gerais confirma 27 \u00f3bitos e 884 casos - Aconteceu no Vale","og_description":"A Secretaria de Estado de Sa\u00fade (SES-MG) informou, na manh\u00e3 desta ter\u00e7a-feira (14\/04\/2020), que 884 casos de Covid-19 foram confirmados em Minas Gerais.&nbsp;O n\u00famero de mortes pela doen\u00e7a subiu para 27. As v\u00edtimas residiam em Belo Horizonte (6), Divin\u00f3polis (1), Governador Valadares (2), Itabira (1), Juiz de Fora (2), Mariana (1), Montes Claros (1), Ouro [&hellip;]","og_url":"https:\/\/aconteceunovale.com.br\/portal\/?p=160976","og_site_name":"Aconteceu no Vale","article_publisher":"https:\/\/www.facebook.com\/aconteceunovale\/","article_published_time":"2020-04-14T15:03:38+00:00","article_modified_time":"2020-04-20T15:14:21+00:00","og_image":[{"width":675,"height":450,"url":"https:\/\/aconteceunovale.com.br\/portal\/wp-content\/uploads\/2020\/02\/covid_19_corona.jpg","type":"image\/jpeg"}],"author":"Aconteceu no Vale","twitter_card":"summary_large_image","twitter_creator":"@noticiadosvales","twitter_site":"@noticiadosvales","twitter_misc":{"Escrito por":"Aconteceu no Vale","Est. tempo de leitura":"1 minuto"},"schema":{"@context":"https:\/\/schema.org","@graph":[{"@type":"Article","@id":"https:\/\/aconteceunovale.com.br\/portal\/?p=160976#article","isPartOf":{"@id":"https:\/\/aconteceunovale.com.br\/portal\/?p=160976"},"author":{"name":"Aconteceu no Vale","@id":"https:\/\/aconteceunovale.com.br\/portal\/#\/schema\/person\/633529146f2c94272bef50ac2953d589"},"headline":"Coronav\u00edrus: Secretaria de Sa\u00fade de Minas Gerais confirma 27 \u00f3bitos e 884 casos","datePublished":"2020-04-14T15:03:38+00:00","dateModified":"2020-04-20T15:14:21+00:00","mainEntityOfPage":{"@id":"https:\/\/aconteceunovale.com.br\/portal\/?p=160976"},"wordCount":307,"commentCount":0,"image":{"@id":"https:\/\/aconteceunovale.com.br\/portal\/?p=160976#primaryimage"},"thumbnailUrl":"https:\/\/aconteceunovale.com.br\/portal\/wp-content\/uploads\/2020\/02\/covid_19_corona.jpg","keywords":["Belo Horizonte","Belo Horizonte Coronav\u00edrus","Belo Horizonte Covid-19","bh","BH Coronav\u00edrus","BH Covid-19","Boletim Covid-19 em Minas Gerais","Caso confirmado de coronav\u00edrus em Belo Horizonte","Caso confirmado de coronav\u00edrus em BH","Caso confirmado de coronav\u00edrus em CORONEL FABRICIANO","Caso confirmado de coronav\u00edrus em Divin\u00f3polis","Caso confirmado de coronav\u00edrus em Ipatinga","Caso confirmado de coronav\u00edrus em Juiz de Fora","Caso confirmado de coronav\u00edrus em Minas Gerais","Caso confirmado de coronav\u00edrus em NOVA LIMA","Caso confirmado de coronav\u00edrus em Patroc\u00ednio","Caso confirmado de coronav\u00edrus em Sete Lagoas","Caso confirmado de coronav\u00edrus em Uberl\u00e2ndia","Caso confirmado de Covid-19 em Belo Horizonte","Caso confirmado de Covid-19 em BH","Caso confirmado de Covid-19 em CORONEL FABRICIANO","Caso confirmado de Covid-19 em Divin\u00f3polis","Caso confirmado de Covid-19 em Ipatinga","Caso confirmado de Covid-19 em Juiz de Fora","Caso confirmado de Covid-19 em Minas Gerais","Caso confirmado de Covid-19 em NOVA LIMA","Caso confirmado de Covid-19 em Patroc\u00ednio","Caso confirmado de Covid-19 em Sete Lagoas","Caso confirmado de Covid-19 em Uberl\u00e2ndia","Caso de coronav\u00edrus em Belo Horizonte","Caso de coronav\u00edrus em BH","Caso de coronav\u00edrus em CORONEL FABRICIANO","Caso de coronav\u00edrus em Divin\u00f3polis","Caso de coronav\u00edrus em Ipatinga","Caso de coronav\u00edrus em Juiz de Fora","Caso de coronav\u00edrus em Minas Gerais","Caso de coronav\u00edrus em NOVA LIMA","Caso de coronav\u00edrus em Patroc\u00ednio","Caso de coronav\u00edrus em Sete Lagoas","Caso de coronav\u00edrus em Uberl\u00e2ndia","Caso de Covid-19 em Belo Horizonte","Caso de Covid-19 em BH","Caso de Covid-19 em CORONEL FABRICIANO","Caso de Covid-19 em Divin\u00f3polis","Caso de Covid-19 em Ipatinga","Caso de Covid-19 em Juiz de Fora","Caso de Covid-19 em Minas Gerais","Caso de Covid-19 em NOVA LIMA","Caso de Covid-19 em Patroc\u00ednio","Caso de Covid-19 em Sete Lagoas","Caso de Covid-19 em Uberl\u00e2ndia","Casos suspeitos de coronav\u00edrus chegam a quase 6 mil em Minas Gerais","Coronav\u00edrus","Coronav\u00edrus chega a 64 munic\u00edpios de Minas Gerais","Coronav\u00edrus em Belo Horizonte","Coronav\u00edrus em BH","Coronav\u00edrus em Coronel Fabriciano","Coronav\u00edrus em Divin\u00f3polis","Coronav\u00edrus em Ipatinga","Coronav\u00edrus em Juiz de Fora","Coronav\u00edrus em Minas Gerais","Coronav\u00edrus em NOVA LIMA","Coronav\u00edrus em Patroc\u00ednio","Coronav\u00edrus em Sete Lagoas","Coronav\u00edrus em Uberl\u00e2ndia","Coronav\u00edrus PCMG","Coronav\u00edrus: Primeiro \u00f3bito por coronav\u00edrus em Minas Gerais","Coronav\u00edrus: Secretaria de Sa\u00fade de Minas Gerais confirma 9 mortes e 525 casos","Coronel Fabriciano","CORONEL FABRICIANO Coronav\u00edrus","CORONEL FABRICIANO Covid-19","COVID-19","Covid-19 em Belo Horizonte","Covid-19 em BH","Covid-19 em CORONEL FABRICIANO","Covid-19 em Divin\u00f3polis","Covid-19 em Ipatinga","Covid-19 em Juiz de Fora","Covid-19 em Minas Gerais","Covid-19 em NOVA LIMA","Covid-19 em Patroc\u00ednio","Covid-19 em Sete Lagoas","Covid-19 em Uberl\u00e2ndia","Descumprir medidas de enfrentamento ao coronav\u00edrus cabe puni\u00e7\u00e3o penal","Divin\u00f3polis","Divin\u00f3polis Coronav\u00edrus","Divin\u00f3polis Covid-19","Governador de Minas Gerais anuncia novo pacote de medidas contra pandemia do coronav\u00edrus","Governador de Minas Gerais decreta calamidade p\u00fablica","Ipatinga","Ipatinga Coronav\u00edrus","Ipatinga Covid-19","Juiz de Fora","Juiz de Fora Coronav\u00edrus","Juiz de Fora Covid-19","Minas Gerais","Minas Gerais Coronav\u00edrus","Minas Gerais Covid-19","Minas Gerais fecha fronteiras","Minas Gerais tem 6 \u00f3bitos por coronav\u00edrus e 370 casos confirmados","Minas Gerais tem 750 infectados com coronav\u00edrus","Morte por coronav\u00edrus em Minas Gerais","Morte por Covid-19 em Minas Gerais","Nova Lima","NOVA LIMA Coronav\u00edrus","NOVA LIMA Covid-19","Novo coronav\u00edrus","Patroc\u00ednio","Patroc\u00ednio Coronav\u00edrus","Patroc\u00ednio Covid-19","PCMG","PCMG coronav\u00edrus","Primeira morte por coronav\u00edrus em Minas Gerais","Primeira morte por Covid-19 em Minas Gerais","Primeiro \u00f3bito por Covid-19 em Minas Gerais","Saiba o que pode e o que n\u00e3o pode funcionar ap\u00f3s decreto do Governo de Minas para conter o avan\u00e7o do coronav\u00edrus","Secretaria de Sa\u00fade confirma 14 casos de coronav\u00edrus em Minas Gerais","Secretaria de Sa\u00fade de Minas Gerais confirma 15 \u00f3bitos por Covid-19 e 655 casos","SES-MG","Sete Lagoas","Sete Lagoas Coronav\u00edrus","Sete Lagoas Covid-19","Sobe para 19 o n\u00famero de casos confirmados do coronav\u00edrus em Minas Gerais","Sobe para 29 o n\u00famero de casos confirmados do coronav\u00edrus em Minas Gerais","Uberl\u00e2ndia","Uberl\u00e2ndia Coronav\u00edrus","Uberl\u00e2ndia Covid-19"],"articleSection":["Leste de Minas","Minas Gerais","Norte de Minas"],"inLanguage":"pt-BR","potentialAction":[{"@type":"CommentAction","name":"Comment","target":["https:\/\/aconteceunovale.com.br\/portal\/?p=160976#respond"]}]},{"@type":"WebPage","@id":"https:\/\/aconteceunovale.com.br\/portal\/?p=160976","url":"https:\/\/aconteceunovale.com.br\/portal\/?p=160976","name":"Coronav\u00edrus: Secretaria de Sa\u00fade de Minas Gerais confirma 27 \u00f3bitos e 884 casos - Aconteceu no Vale","isPartOf":{"@id":"https:\/\/aconteceunovale.com.br\/portal\/#website"},"primaryImageOfPage":{"@id":"https:\/\/aconteceunovale.com.br\/portal\/?p=160976#primaryimage"},"image":{"@id":"https:\/\/aconteceunovale.com.br\/portal\/?p=160976#primaryimage"},"thumbnailUrl":"https:\/\/aconteceunovale.com.br\/portal\/wp-content\/uploads\/2020\/02\/covid_19_corona.jpg","datePublished":"2020-04-14T15:03:38+00:00","dateModified":"2020-04-20T15:14:21+00:00","author":{"@id":"https:\/\/aconteceunovale.com.br\/portal\/#\/schema\/person\/633529146f2c94272bef50ac2953d589"},"breadcrumb":{"@id":"https:\/\/aconteceunovale.com.br\/portal\/?p=160976#breadcrumb"},"inLanguage":"pt-BR","potentialAction":[{"@type":"ReadAction","target":["https:\/\/aconteceunovale.com.br\/portal\/?p=160976"]}]},{"@type":"ImageObject","inLanguage":"pt-BR","@id":"https:\/\/aconteceunovale.com.br\/portal\/?p=160976#primaryimage","url":"https:\/\/aconteceunovale.com.br\/portal\/wp-content\/uploads\/2020\/02\/covid_19_corona.jpg","contentUrl":"https:\/\/aconteceunovale.com.br\/portal\/wp-content\/uploads\/2020\/02\/covid_19_corona.jpg","width":675,"height":450},{"@type":"BreadcrumbList","@id":"https:\/\/aconteceunovale.com.br\/portal\/?p=160976#breadcrumb","itemListElement":[{"@type":"ListItem","position":1,"name":"In\u00edcio","item":"https:\/\/aconteceunovale.com.br\/portal\/"},{"@type":"ListItem","position":2,"name":"Coronav\u00edrus: Secretaria de Sa\u00fade de Minas Gerais confirma 27 \u00f3bitos e 884 casos"}]},{"@type":"WebSite","@id":"https:\/\/aconteceunovale.com.br\/portal\/#website","url":"https:\/\/aconteceunovale.com.br\/portal\/","name":"Aconteceu no Vale","description":"Portal de Not\u00edcias","potentialAction":[{"@type":"SearchAction","target":{"@type":"EntryPoint","urlTemplate":"https:\/\/aconteceunovale.com.br\/portal\/?s={search_term_string}"},"query-input":{"@type":"PropertyValueSpecification","valueRequired":true,"valueName":"search_term_string"}}],"inLanguage":"pt-BR"},{"@type":"Person","@id":"https:\/\/aconteceunovale.com.br\/portal\/#\/schema\/person\/633529146f2c94272bef50ac2953d589","name":"Aconteceu no Vale","description":"Equipe de reportagem do Aconteceu no Vale, portal de not\u00edcias do Vale do Jequitinhonha, em Minas Gerais. Cobrimos as 51 cidades do Vale desde 2013. Sugest\u00f5es de pauta e pedidos de corre\u00e7\u00e3o: contato@aconteceunovale.com.br","sameAs":["http:\/\/www.aconteceunovale.com.br"],"url":"https:\/\/aconteceunovale.com.br\/portal\/?author=1"}]}},"_links":{"self":[{"href":"https:\/\/aconteceunovale.com.br\/portal\/index.php?rest_route=\/wp\/v2\/posts\/160976","targetHints":{"allow":["GET"]}}],"collection":[{"href":"https:\/\/aconteceunovale.com.br\/portal\/index.php?rest_route=\/wp\/v2\/posts"}],"about":[{"href":"https:\/\/aconteceunovale.com.br\/portal\/index.php?rest_route=\/wp\/v2\/types\/post"}],"author":[{"embeddable":true,"href":"https:\/\/aconteceunovale.com.br\/portal\/index.php?rest_route=\/wp\/v2\/users\/1"}],"replies":[{"embeddable":true,"href":"https:\/\/aconteceunovale.com.br\/portal\/index.php?rest_route=%2Fwp%2Fv2%2Fcomments&post=160976"}],"version-history":[{"count":3,"href":"https:\/\/aconteceunovale.com.br\/portal\/index.php?rest_route=\/wp\/v2\/posts\/160976\/revisions"}],"predecessor-version":[{"id":161235,"href":"https:\/\/aconteceunovale.com.br\/portal\/index.php?rest_route=\/wp\/v2\/posts\/160976\/revisions\/161235"}],"wp:featuredmedia":[{"embeddable":true,"href":"https:\/\/aconteceunovale.com.br\/portal\/index.php?rest_route=\/wp\/v2\/media\/159378"}],"wp:attachment":[{"href":"https:\/\/aconteceunovale.com.br\/portal\/index.php?rest_route=%2Fwp%2Fv2%2Fmedia&parent=160976"}],"wp:term":[{"taxonomy":"category","embeddable":true,"href":"https:\/\/aconteceunovale.com.br\/portal\/index.php?rest_route=%2Fwp%2Fv2%2Fcategories&post=160976"},{"taxonomy":"post_tag","embeddable":true,"href":"https:\/\/aconteceunovale.com.br\/portal\/index.php?rest_route=%2Fwp%2Fv2%2Ftags&post=160976"}],"curies":[{"name":"wp","href":"https:\/\/api.w.org\/{rel}","templated":true}]}}