{"id":160968,"date":"2020-04-13T22:37:05","date_gmt":"2020-04-14T01:37:05","guid":{"rendered":"http:\/\/aconteceunovale.com.br\/portal\/?p=160968"},"modified":"2026-09-02T12:10:51","modified_gmt":"2026-09-02T15:10:51","slug":"tribunal-de-justica-mantem-condenacao-do-municipio-de-angelandia-por-inadimplencia","status":"publish","type":"post","link":"https:\/\/aconteceunovale.com.br\/portal\/?p=160968","title":{"rendered":"Tribunal de Justi\u00e7a mant\u00e9m condena\u00e7\u00e3o do munic\u00edpio de Angel\u00e2ndia por inadimpl\u00eancia"},"content":{"rendered":"\n<p class=\"wp-block-paragraph\">O Tribunal de Justi\u00e7a de Minas Gerais (TJMG) manteve a senten\u00e7a que condenou o Munic\u00edpio de Angel\u00e2ndia, pertencente \u00e0 Comarca de Capelinha, no Vale do Jequitinhonha, ao pagamento de insalubridade a um enfermeiro da rede p\u00fablica.<\/p>\n\n\n\n<p class=\"wp-block-paragraph\">A prefeitura ter\u00e1 que pagar o valor relativo a um ano, per\u00edodo em que o profissional de sa\u00fade trabalhou sem receber o acr\u00e9scimo de 20% sobre seu sal\u00e1rio, previsto em lei, devido \u00e0s suas condi\u00e7\u00f5es de trabalho.<\/p>\n\n\n\n<p class=\"wp-block-paragraph\"><strong>Senten\u00e7a<\/strong><\/p>\n\n\n\n<p class=\"wp-block-paragraph\">O enfermeiro alegou que trabalha desde julho de 2008 exposto a agentes nocivos \u00e0 sua sa\u00fade. Mas, segundo afirma, somente a partir de dezembro de 2011 ele passou a receber o pagamento adicional de insalubridade por parte do munic\u00edpio.<\/p>\n\n\n\n<p class=\"wp-block-paragraph\">Dessa forma, o servidor pediu que a prefeitura fosse condenada a pagar-lhe o adicional referente ao per\u00edodo de julho de 2008 a novembro de 2011.<\/p>\n\n\n\n<p class=\"wp-block-paragraph\">Em sua defesa, a administra\u00e7\u00e3o do munic\u00edpio&nbsp;alegou que o enfermeiro n\u00e3o apresentou provas capazes de comprovar que ele exercia atividade insalubre no per\u00edodo em quest\u00e3o. Al\u00e9m disso, afirmou que a Lei Complementar 7\/2010, que regulamenta o pagamento do benef\u00edcio, passou a vigorar somente a partir de dezembro de 2010.<\/p>\n\n\n\n<p class=\"wp-block-paragraph\">Para o juiz Cleiton Luis Chiodi, a per\u00edcia realizada comprovou que as condi\u00e7\u00f5es de trabalho do profissional eram insalubres. \u201cConforme o laudo pericial, o autor mant\u00e9m contato com sangue, fezes, urina e outras secre\u00e7\u00f5es corporais, bem como est\u00e1 exposto \u00e0 a\u00e7\u00e3o de bact\u00e9rias, v\u00edrus, bacilos e protozo\u00e1rios.\u201d<\/p>\n\n\n\n<p class=\"wp-block-paragraph\">No entanto, o juiz atendeu parcialmente o pedido. Segundo ele, o servidor tem direito a receber o valor relativo apenas aos meses posteriores \u00e0 publica\u00e7\u00e3o da lei municipal, ou seja, a partir de 2010.<\/p>\n\n\n\n<p class=\"wp-block-paragraph\"><strong>Decis\u00e3o<\/strong><\/p>\n\n\n\n<p class=\"wp-block-paragraph\">O Munic\u00edpio de Capelinha recorreu ao TJMG, reafirmando os argumentos apresentados em primeira inst\u00e2ncia.<\/p>\n\n\n\n<p class=\"wp-block-paragraph\">Por\u00e9m, segundo&nbsp;o relator, desembargador Alberto Vilas Boas, cabia \u00e0 prefeitura apresentar prova contr\u00e1ria aos resultados da per\u00edcia, mas ela n\u00e3o o fez.<\/p>\n\n\n\n<p class=\"wp-block-paragraph\">O magistrado acrescentou que tamb\u00e9m era responsabilidade do munic\u00edpio comprovar que havia pagado o benef\u00edcio, j\u00e1 que, segundo afirmou no recurso, a acusa\u00e7\u00e3o do funcion\u00e1rio p\u00fablico n\u00e3o era verdadeira.<\/p>\n\n\n\n<p class=\"wp-block-paragraph\">Dessa forma, a decis\u00e3o negou o pedido da prefeitura e confirmou a senten\u00e7a. Acompanharam o relator os desembargadores Washington Ferreira e Geraldo Augusto.<\/p>\n\n\n\n<p class=\"wp-block-paragraph\">Siga a\u00a0<a rel=\"noreferrer noopener\" target=\"_blank\" href=\"https:\/\/www4.tjmg.jus.br\/juridico\/sf\/proc_resultado2.jsp?tipoPesquisa2=1&amp;txtProcesso=10123130011117001&amp;nomePessoa=&amp;tipoPessoa=X&amp;naturezaProcesso=0&amp;situacaoParte=X&amp;codigoOAB2=&amp;tipoOAB=N&amp;ufOAB=MG&amp;numero=20&amp;select=1&amp;listaProcessos=10123130011117001&amp;tipoConsulta=1&amp;natureza=0&amp;ativoBaixado=X&amp;comrCodigo=0024\">movimenta\u00e7\u00e3o<\/a>\u00a0processual e acesse o\u00a0<a rel=\"noreferrer noopener\" target=\"_blank\" href=\"https:\/\/www5.tjmg.jus.br\/jurisprudencia\/pesquisaNumeroCNJEspelhoAcordao.do?numeroRegistro=1&amp;totalLinhas=1&amp;linhasPorPagina=10&amp;numeroUnico=0011117-19.2013.8.13.0123&amp;pesquisaNumeroCNJ=Pesquisar\">ac\u00f3rd\u00e3o<\/a>.<\/p>\n\n\n\n<p class=\"has-background has-very-light-gray-background-color wp-block-paragraph\">Quer saber as not\u00edcias do <strong>Aconteceu no Vale<\/strong> em primeira m\u00e3o? Siga-nos no Facebook <a rel=\"noreferrer noopener\" href=\"http:\/\/facebook.com\/aconteceunovale\" target=\"_blank\">@aconteceunovale<\/a>, Twitter <a rel=\"noreferrer noopener\" href=\"https:\/\/twitter.com\/noticiadosvales\" target=\"_blank\">@noticiadosvales<\/a> e Instagram <a rel=\"noreferrer noopener\" href=\"https:\/\/www.instagram.com\/aconteceunovale\" target=\"_blank\">@aconteceunovale<\/a>.<\/p>\n","protected":false},"excerpt":{"rendered":"<p>O Tribunal de Justi\u00e7a de Minas Gerais (TJMG) manteve a senten\u00e7a que condenou o Munic\u00edpio de Angel\u00e2ndia, pertencente \u00e0 Comarca de Capelinha, no Vale do Jequitinhonha, ao pagamento de insalubridade a um enfermeiro da rede p\u00fablica. A prefeitura ter\u00e1 que pagar o valor relativo a um ano, per\u00edodo em que o profissional de sa\u00fade trabalhou [&hellip;]<\/p>\n","protected":false},"author":1,"featured_media":89961,"comment_status":"open","ping_status":"closed","sticky":false,"template":"","format":"standard","meta":{"amp_status":"","footnotes":""},"categories":[272529,40242,120],"tags":[110765,657,132,170001,219729,219730,270,92646,219728],"class_list":["post-160968","post","type-post","status-publish","format-standard","has-post-thumbnail","hentry","category-angelandia","category-saude-2","category-jequi","tag-alberto-vilas-boas","tag-angelandia","tag-capelinha","tag-cleiton-luis-chiodi","tag-condenacao-do-municipio-de-angelandia","tag-juiz-cleiton-luis-chiodi","tag-tjmg","tag-tribunal-de-justica-de-minas-gerais","tag-tribunal-de-justica-mantem-condenacao-do-municipio-de-angelandia-por-inadimplencia"],"yoast_head":"<!-- This site is optimized with the Yoast SEO plugin v28.3 - https:\/\/yoast.com\/product\/yoast-seo-wordpress\/ -->\n<title>Tribunal de Justi\u00e7a mant\u00e9m condena\u00e7\u00e3o do munic\u00edpio de Angel\u00e2ndia por inadimpl\u00eancia - Aconteceu no Vale<\/title>\n<meta name=\"robots\" content=\"index, follow, max-snippet:-1, max-image-preview:large, max-video-preview:-1\" \/>\n<link rel=\"canonical\" href=\"https:\/\/aconteceunovale.com.br\/portal\/?p=160968\" \/>\n<meta property=\"og:locale\" content=\"pt_BR\" \/>\n<meta property=\"og:type\" content=\"article\" \/>\n<meta property=\"og:title\" content=\"Tribunal de Justi\u00e7a mant\u00e9m condena\u00e7\u00e3o do munic\u00edpio de Angel\u00e2ndia por inadimpl\u00eancia - Aconteceu no Vale\" \/>\n<meta property=\"og:description\" content=\"O Tribunal de Justi\u00e7a de Minas Gerais (TJMG) manteve a senten\u00e7a que condenou o Munic\u00edpio de Angel\u00e2ndia, pertencente \u00e0 Comarca de Capelinha, no Vale do Jequitinhonha, ao pagamento de insalubridade a um enfermeiro da rede p\u00fablica. A prefeitura ter\u00e1 que pagar o valor relativo a um ano, per\u00edodo em que o profissional de sa\u00fade trabalhou [&hellip;]\" \/>\n<meta property=\"og:url\" content=\"https:\/\/aconteceunovale.com.br\/portal\/?p=160968\" \/>\n<meta property=\"og:site_name\" content=\"Aconteceu no Vale\" \/>\n<meta property=\"article:publisher\" content=\"https:\/\/www.facebook.com\/aconteceunovale\/\" \/>\n<meta property=\"article:published_time\" content=\"2020-04-14T01:37:05+00:00\" \/>\n<meta property=\"article:modified_time\" content=\"2026-09-02T15:10:51+00:00\" \/>\n<meta property=\"og:image\" content=\"https:\/\/aconteceunovale.com.br\/portal\/wp-content\/uploads\/2016\/06\/angelandia_mg.jpg\" \/>\n\t<meta property=\"og:image:width\" content=\"678\" \/>\n\t<meta property=\"og:image:height\" content=\"388\" \/>\n\t<meta property=\"og:image:type\" content=\"image\/jpeg\" \/>\n<meta name=\"author\" content=\"Aconteceu no Vale\" \/>\n<meta name=\"twitter:card\" content=\"summary_large_image\" \/>\n<meta name=\"twitter:creator\" content=\"@noticiadosvales\" \/>\n<meta name=\"twitter:site\" content=\"@noticiadosvales\" \/>\n<meta name=\"twitter:label1\" content=\"Escrito por\" \/>\n\t<meta name=\"twitter:data1\" content=\"Aconteceu no Vale\" \/>\n\t<meta name=\"twitter:label2\" content=\"Est. tempo de leitura\" \/>\n\t<meta name=\"twitter:data2\" content=\"2 minutos\" \/>\n<script type=\"application\/ld+json\" class=\"yoast-schema-graph\">{\"@context\":\"https:\\\/\\\/schema.org\",\"@graph\":[{\"@type\":\"Article\",\"@id\":\"https:\\\/\\\/aconteceunovale.com.br\\\/portal\\\/?p=160968#article\",\"isPartOf\":{\"@id\":\"https:\\\/\\\/aconteceunovale.com.br\\\/portal\\\/?p=160968\"},\"author\":{\"name\":\"Aconteceu no Vale\",\"@id\":\"https:\\\/\\\/aconteceunovale.com.br\\\/portal\\\/#\\\/schema\\\/person\\\/633529146f2c94272bef50ac2953d589\"},\"headline\":\"Tribunal de Justi\u00e7a mant\u00e9m condena\u00e7\u00e3o do munic\u00edpio de Angel\u00e2ndia por inadimpl\u00eancia\",\"datePublished\":\"2020-04-14T01:37:05+00:00\",\"dateModified\":\"2026-09-02T15:10:51+00:00\",\"mainEntityOfPage\":{\"@id\":\"https:\\\/\\\/aconteceunovale.com.br\\\/portal\\\/?p=160968\"},\"wordCount\":444,\"commentCount\":0,\"image\":{\"@id\":\"https:\\\/\\\/aconteceunovale.com.br\\\/portal\\\/?p=160968#primaryimage\"},\"thumbnailUrl\":\"https:\\\/\\\/aconteceunovale.com.br\\\/portal\\\/wp-content\\\/uploads\\\/2016\\\/06\\\/angelandia_mg.jpg\",\"keywords\":[\"Alberto Vilas Boas\",\"Angel\u00e2ndia\",\"Capelinha\",\"Cleiton Luis Chiodi\",\"Condena\u00e7\u00e3o do munic\u00edpio de Angel\u00e2ndia\",\"Juiz Cleiton Luis Chiodi\",\"TJMG\",\"Tribunal de Justi\u00e7a de Minas Gerais\",\"Tribunal de Justi\u00e7a mant\u00e9m condena\u00e7\u00e3o do munic\u00edpio de Angel\u00e2ndia por inadimpl\u00eancia\"],\"articleSection\":[\"Angel\u00e2ndia\",\"Sa\u00fade\",\"Vale do Jequitinhonha\"],\"inLanguage\":\"pt-BR\",\"potentialAction\":[{\"@type\":\"CommentAction\",\"name\":\"Comment\",\"target\":[\"https:\\\/\\\/aconteceunovale.com.br\\\/portal\\\/?p=160968#respond\"]}]},{\"@type\":\"WebPage\",\"@id\":\"https:\\\/\\\/aconteceunovale.com.br\\\/portal\\\/?p=160968\",\"url\":\"https:\\\/\\\/aconteceunovale.com.br\\\/portal\\\/?p=160968\",\"name\":\"Tribunal de Justi\u00e7a mant\u00e9m condena\u00e7\u00e3o do munic\u00edpio de Angel\u00e2ndia por inadimpl\u00eancia - Aconteceu no Vale\",\"isPartOf\":{\"@id\":\"https:\\\/\\\/aconteceunovale.com.br\\\/portal\\\/#website\"},\"primaryImageOfPage\":{\"@id\":\"https:\\\/\\\/aconteceunovale.com.br\\\/portal\\\/?p=160968#primaryimage\"},\"image\":{\"@id\":\"https:\\\/\\\/aconteceunovale.com.br\\\/portal\\\/?p=160968#primaryimage\"},\"thumbnailUrl\":\"https:\\\/\\\/aconteceunovale.com.br\\\/portal\\\/wp-content\\\/uploads\\\/2016\\\/06\\\/angelandia_mg.jpg\",\"datePublished\":\"2020-04-14T01:37:05+00:00\",\"dateModified\":\"2026-09-02T15:10:51+00:00\",\"author\":{\"@id\":\"https:\\\/\\\/aconteceunovale.com.br\\\/portal\\\/#\\\/schema\\\/person\\\/633529146f2c94272bef50ac2953d589\"},\"breadcrumb\":{\"@id\":\"https:\\\/\\\/aconteceunovale.com.br\\\/portal\\\/?p=160968#breadcrumb\"},\"inLanguage\":\"pt-BR\",\"potentialAction\":[{\"@type\":\"ReadAction\",\"target\":[\"https:\\\/\\\/aconteceunovale.com.br\\\/portal\\\/?p=160968\"]}]},{\"@type\":\"ImageObject\",\"inLanguage\":\"pt-BR\",\"@id\":\"https:\\\/\\\/aconteceunovale.com.br\\\/portal\\\/?p=160968#primaryimage\",\"url\":\"https:\\\/\\\/aconteceunovale.com.br\\\/portal\\\/wp-content\\\/uploads\\\/2016\\\/06\\\/angelandia_mg.jpg\",\"contentUrl\":\"https:\\\/\\\/aconteceunovale.com.br\\\/portal\\\/wp-content\\\/uploads\\\/2016\\\/06\\\/angelandia_mg.jpg\",\"width\":678,\"height\":388},{\"@type\":\"BreadcrumbList\",\"@id\":\"https:\\\/\\\/aconteceunovale.com.br\\\/portal\\\/?p=160968#breadcrumb\",\"itemListElement\":[{\"@type\":\"ListItem\",\"position\":1,\"name\":\"In\u00edcio\",\"item\":\"https:\\\/\\\/aconteceunovale.com.br\\\/portal\\\/\"},{\"@type\":\"ListItem\",\"position\":2,\"name\":\"Tribunal de Justi\u00e7a mant\u00e9m condena\u00e7\u00e3o do munic\u00edpio de Angel\u00e2ndia por inadimpl\u00eancia\"}]},{\"@type\":\"WebSite\",\"@id\":\"https:\\\/\\\/aconteceunovale.com.br\\\/portal\\\/#website\",\"url\":\"https:\\\/\\\/aconteceunovale.com.br\\\/portal\\\/\",\"name\":\"Aconteceu no Vale\",\"description\":\"Portal de Not\u00edcias\",\"potentialAction\":[{\"@type\":\"SearchAction\",\"target\":{\"@type\":\"EntryPoint\",\"urlTemplate\":\"https:\\\/\\\/aconteceunovale.com.br\\\/portal\\\/?s={search_term_string}\"},\"query-input\":{\"@type\":\"PropertyValueSpecification\",\"valueRequired\":true,\"valueName\":\"search_term_string\"}}],\"inLanguage\":\"pt-BR\"},{\"@type\":\"Person\",\"@id\":\"https:\\\/\\\/aconteceunovale.com.br\\\/portal\\\/#\\\/schema\\\/person\\\/633529146f2c94272bef50ac2953d589\",\"name\":\"Aconteceu no Vale\",\"description\":\"Equipe de reportagem do Aconteceu no Vale, portal de not\u00edcias do Vale do Jequitinhonha, em Minas Gerais. Cobrimos as 51 cidades do Vale desde 2013. Sugest\u00f5es de pauta e pedidos de corre\u00e7\u00e3o: contato@aconteceunovale.com.br\",\"sameAs\":[\"http:\\\/\\\/www.aconteceunovale.com.br\"],\"url\":\"https:\\\/\\\/aconteceunovale.com.br\\\/portal\\\/?author=1\"}]}<\/script>\n<!-- \/ Yoast SEO plugin. -->","yoast_head_json":{"title":"Tribunal de Justi\u00e7a mant\u00e9m condena\u00e7\u00e3o do munic\u00edpio de Angel\u00e2ndia por inadimpl\u00eancia - Aconteceu no Vale","robots":{"index":"index","follow":"follow","max-snippet":"max-snippet:-1","max-image-preview":"max-image-preview:large","max-video-preview":"max-video-preview:-1"},"canonical":"https:\/\/aconteceunovale.com.br\/portal\/?p=160968","og_locale":"pt_BR","og_type":"article","og_title":"Tribunal de Justi\u00e7a mant\u00e9m condena\u00e7\u00e3o do munic\u00edpio de Angel\u00e2ndia por inadimpl\u00eancia - Aconteceu no Vale","og_description":"O Tribunal de Justi\u00e7a de Minas Gerais (TJMG) manteve a senten\u00e7a que condenou o Munic\u00edpio de Angel\u00e2ndia, pertencente \u00e0 Comarca de Capelinha, no Vale do Jequitinhonha, ao pagamento de insalubridade a um enfermeiro da rede p\u00fablica. A prefeitura ter\u00e1 que pagar o valor relativo a um ano, per\u00edodo em que o profissional de sa\u00fade trabalhou [&hellip;]","og_url":"https:\/\/aconteceunovale.com.br\/portal\/?p=160968","og_site_name":"Aconteceu no Vale","article_publisher":"https:\/\/www.facebook.com\/aconteceunovale\/","article_published_time":"2020-04-14T01:37:05+00:00","article_modified_time":"2026-09-02T15:10:51+00:00","og_image":[{"width":678,"height":388,"url":"https:\/\/aconteceunovale.com.br\/portal\/wp-content\/uploads\/2016\/06\/angelandia_mg.jpg","type":"image\/jpeg"}],"author":"Aconteceu no Vale","twitter_card":"summary_large_image","twitter_creator":"@noticiadosvales","twitter_site":"@noticiadosvales","twitter_misc":{"Escrito por":"Aconteceu no Vale","Est. tempo de leitura":"2 minutos"},"schema":{"@context":"https:\/\/schema.org","@graph":[{"@type":"Article","@id":"https:\/\/aconteceunovale.com.br\/portal\/?p=160968#article","isPartOf":{"@id":"https:\/\/aconteceunovale.com.br\/portal\/?p=160968"},"author":{"name":"Aconteceu no Vale","@id":"https:\/\/aconteceunovale.com.br\/portal\/#\/schema\/person\/633529146f2c94272bef50ac2953d589"},"headline":"Tribunal de Justi\u00e7a mant\u00e9m condena\u00e7\u00e3o do munic\u00edpio de Angel\u00e2ndia por inadimpl\u00eancia","datePublished":"2020-04-14T01:37:05+00:00","dateModified":"2026-09-02T15:10:51+00:00","mainEntityOfPage":{"@id":"https:\/\/aconteceunovale.com.br\/portal\/?p=160968"},"wordCount":444,"commentCount":0,"image":{"@id":"https:\/\/aconteceunovale.com.br\/portal\/?p=160968#primaryimage"},"thumbnailUrl":"https:\/\/aconteceunovale.com.br\/portal\/wp-content\/uploads\/2016\/06\/angelandia_mg.jpg","keywords":["Alberto Vilas Boas","Angel\u00e2ndia","Capelinha","Cleiton Luis Chiodi","Condena\u00e7\u00e3o do munic\u00edpio de Angel\u00e2ndia","Juiz Cleiton Luis Chiodi","TJMG","Tribunal de Justi\u00e7a de Minas Gerais","Tribunal de Justi\u00e7a mant\u00e9m condena\u00e7\u00e3o do munic\u00edpio de Angel\u00e2ndia por inadimpl\u00eancia"],"articleSection":["Angel\u00e2ndia","Sa\u00fade","Vale do Jequitinhonha"],"inLanguage":"pt-BR","potentialAction":[{"@type":"CommentAction","name":"Comment","target":["https:\/\/aconteceunovale.com.br\/portal\/?p=160968#respond"]}]},{"@type":"WebPage","@id":"https:\/\/aconteceunovale.com.br\/portal\/?p=160968","url":"https:\/\/aconteceunovale.com.br\/portal\/?p=160968","name":"Tribunal de Justi\u00e7a mant\u00e9m condena\u00e7\u00e3o do munic\u00edpio de Angel\u00e2ndia por inadimpl\u00eancia - Aconteceu no Vale","isPartOf":{"@id":"https:\/\/aconteceunovale.com.br\/portal\/#website"},"primaryImageOfPage":{"@id":"https:\/\/aconteceunovale.com.br\/portal\/?p=160968#primaryimage"},"image":{"@id":"https:\/\/aconteceunovale.com.br\/portal\/?p=160968#primaryimage"},"thumbnailUrl":"https:\/\/aconteceunovale.com.br\/portal\/wp-content\/uploads\/2016\/06\/angelandia_mg.jpg","datePublished":"2020-04-14T01:37:05+00:00","dateModified":"2026-09-02T15:10:51+00:00","author":{"@id":"https:\/\/aconteceunovale.com.br\/portal\/#\/schema\/person\/633529146f2c94272bef50ac2953d589"},"breadcrumb":{"@id":"https:\/\/aconteceunovale.com.br\/portal\/?p=160968#breadcrumb"},"inLanguage":"pt-BR","potentialAction":[{"@type":"ReadAction","target":["https:\/\/aconteceunovale.com.br\/portal\/?p=160968"]}]},{"@type":"ImageObject","inLanguage":"pt-BR","@id":"https:\/\/aconteceunovale.com.br\/portal\/?p=160968#primaryimage","url":"https:\/\/aconteceunovale.com.br\/portal\/wp-content\/uploads\/2016\/06\/angelandia_mg.jpg","contentUrl":"https:\/\/aconteceunovale.com.br\/portal\/wp-content\/uploads\/2016\/06\/angelandia_mg.jpg","width":678,"height":388},{"@type":"BreadcrumbList","@id":"https:\/\/aconteceunovale.com.br\/portal\/?p=160968#breadcrumb","itemListElement":[{"@type":"ListItem","position":1,"name":"In\u00edcio","item":"https:\/\/aconteceunovale.com.br\/portal\/"},{"@type":"ListItem","position":2,"name":"Tribunal de Justi\u00e7a mant\u00e9m condena\u00e7\u00e3o do munic\u00edpio de Angel\u00e2ndia por inadimpl\u00eancia"}]},{"@type":"WebSite","@id":"https:\/\/aconteceunovale.com.br\/portal\/#website","url":"https:\/\/aconteceunovale.com.br\/portal\/","name":"Aconteceu no Vale","description":"Portal de Not\u00edcias","potentialAction":[{"@type":"SearchAction","target":{"@type":"EntryPoint","urlTemplate":"https:\/\/aconteceunovale.com.br\/portal\/?s={search_term_string}"},"query-input":{"@type":"PropertyValueSpecification","valueRequired":true,"valueName":"search_term_string"}}],"inLanguage":"pt-BR"},{"@type":"Person","@id":"https:\/\/aconteceunovale.com.br\/portal\/#\/schema\/person\/633529146f2c94272bef50ac2953d589","name":"Aconteceu no Vale","description":"Equipe de reportagem do Aconteceu no Vale, portal de not\u00edcias do Vale do Jequitinhonha, em Minas Gerais. Cobrimos as 51 cidades do Vale desde 2013. Sugest\u00f5es de pauta e pedidos de corre\u00e7\u00e3o: contato@aconteceunovale.com.br","sameAs":["http:\/\/www.aconteceunovale.com.br"],"url":"https:\/\/aconteceunovale.com.br\/portal\/?author=1"}]}},"_links":{"self":[{"href":"https:\/\/aconteceunovale.com.br\/portal\/index.php?rest_route=\/wp\/v2\/posts\/160968","targetHints":{"allow":["GET"]}}],"collection":[{"href":"https:\/\/aconteceunovale.com.br\/portal\/index.php?rest_route=\/wp\/v2\/posts"}],"about":[{"href":"https:\/\/aconteceunovale.com.br\/portal\/index.php?rest_route=\/wp\/v2\/types\/post"}],"author":[{"embeddable":true,"href":"https:\/\/aconteceunovale.com.br\/portal\/index.php?rest_route=\/wp\/v2\/users\/1"}],"replies":[{"embeddable":true,"href":"https:\/\/aconteceunovale.com.br\/portal\/index.php?rest_route=%2Fwp%2Fv2%2Fcomments&post=160968"}],"version-history":[{"count":1,"href":"https:\/\/aconteceunovale.com.br\/portal\/index.php?rest_route=\/wp\/v2\/posts\/160968\/revisions"}],"predecessor-version":[{"id":160969,"href":"https:\/\/aconteceunovale.com.br\/portal\/index.php?rest_route=\/wp\/v2\/posts\/160968\/revisions\/160969"}],"wp:featuredmedia":[{"embeddable":true,"href":"https:\/\/aconteceunovale.com.br\/portal\/index.php?rest_route=\/wp\/v2\/media\/89961"}],"wp:attachment":[{"href":"https:\/\/aconteceunovale.com.br\/portal\/index.php?rest_route=%2Fwp%2Fv2%2Fmedia&parent=160968"}],"wp:term":[{"taxonomy":"category","embeddable":true,"href":"https:\/\/aconteceunovale.com.br\/portal\/index.php?rest_route=%2Fwp%2Fv2%2Fcategories&post=160968"},{"taxonomy":"post_tag","embeddable":true,"href":"https:\/\/aconteceunovale.com.br\/portal\/index.php?rest_route=%2Fwp%2Fv2%2Ftags&post=160968"}],"curies":[{"name":"wp","href":"https:\/\/api.w.org\/{rel}","templated":true}]}}