{"id":160964,"date":"2020-04-13T21:27:43","date_gmt":"2020-04-14T00:27:43","guid":{"rendered":"http:\/\/aconteceunovale.com.br\/portal\/?p=160964"},"modified":"2020-04-13T21:28:13","modified_gmt":"2020-04-14T00:28:13","slug":"camara-aprova-ajuda-financeira-a-estados-e-municipios","status":"publish","type":"post","link":"https:\/\/aconteceunovale.com.br\/portal\/?p=160964","title":{"rendered":"C\u00e2mara aprova ajuda financeira a estados e munic\u00edpios"},"content":{"rendered":"\n<p class=\"wp-block-paragraph\">O plen\u00e1rio da C\u00e2mara dos Deputados aprovou hoje (13), por 431 votos a 70, o Projeto de Lei Complementar 149\/19, substitutivo do deputado Pedro Paulo (DEM-RJ) ao projeto conhecido como Plano Mansueto, que prev\u00ea ajuda financeira da Uni\u00e3o a estados, Distrito Federal e munic\u00edpios para o enfrentamento \u00e0\u00a0pandemia de covid-19. O texto segue para aprecia\u00e7\u00e3o do Senado.<\/p>\n\n\n\n<p class=\"wp-block-paragraph\">O projeto prev\u00ea compensar a queda de arrecada\u00e7\u00e3o do Imposto de Circula\u00e7\u00e3o, Mercadorias e Servi\u00e7os (ICMS) e do Imposto sobre Servi\u00e7os (ISS) de 2020&nbsp;em rela\u00e7\u00e3o ao ano passado.<\/p>\n\n\n\n<p class=\"wp-block-paragraph\">V\u00e1rios l\u00edderes partid\u00e1rios defenderam a retirada do aumento de limite de endividamento dos estados do projeto, e&nbsp;o l\u00edder do governo, deputado Vitor Hugo (PSL-GO), afirmou que o governo \u00e9 contra o texto. Uma das cr\u00edticas \u00e9 ter deixado fora do projeto&nbsp;o congelamento de sal\u00e1rios dos servidores. Ele tamb\u00e9m mencionou&nbsp;a negativa de vincular os recursos da recomposi\u00e7\u00e3o a gastos especificamente voltados para o combate do novo coronav\u00edrus.<\/p>\n\n\n\n<p class=\"wp-block-paragraph\">&#8220;O governo quer ajudar os estados e os munic\u00edpios, mas n\u00e3o desta forma&#8221;, disse Vitor Hugo. Ele afirmou ainda que o crit\u00e9rio da divis\u00e3o dos recursos deve levar em conta a contamina\u00e7\u00e3o por covid-19.<\/p>\n\n\n\n<p class=\"wp-block-paragraph\">O l\u00edder do Cidadania, deputado Arnaldo Jardim (Cidadania-SP), disse que a vota\u00e7\u00e3o \u00e9 importante neste&nbsp;per\u00edodo de crise. &#8220;Tudo o que est\u00e1 sendo votado \u00e9 tempor\u00e1rio e engloba o per\u00edodo da crise. Estamos fazendo tudo para tomar as medidas necess\u00e1rias agora e, depois, retomar os cuidados com a quest\u00e3o fiscal&#8221;, disse Jardim.<\/p>\n\n\n\n<p class=\"wp-block-paragraph\">O deputado Samuel Moreira (PSDB-SP) destacou que n\u00e3o \u00e9 bom permitir novos empr\u00e9stimos no momento atual. &#8220;\u00c9 um relat\u00f3rio simples e competente, que lida com o fato de que os estados e munic\u00edpios ter\u00e3o perda de receitas e aumento das despesas, e n\u00e3o poder\u00e3o abrir m\u00e3o das despesas com sa\u00fade&#8221;, disse.<\/p>\n\n\n\n<h2 class=\"wp-block-heading\">Contas p\u00fablicas<\/h2>\n\n\n\n<p class=\"wp-block-paragraph\">O projeto de ajuda aos estados&nbsp;pode gerar impacto nas contas p\u00fablicas de pelo menos R$ 105 bilh\u00f5es at\u00e9 R$ 222 bilh\u00f5es. \u00c9 o que diz nota t\u00e9cnica divulgada no \u00faltimo s\u00e1bado (11) pelo Minist\u00e9rio da Economia sobre o substitutivo do Plano Mansueto.<\/p>\n\n\n\n<p class=\"wp-block-paragraph\">Dentre os\u00a0R$ 105 bilh\u00f5es, R$ 9 bilh\u00f5es s\u00e3o suspens\u00f5es de d\u00edvidas com a Caixa Econ\u00f4mica Federal e o Banco Nacional de Desenvolvimento Econ\u00f4mico e Social (BNDES); R$ 55 bilh\u00f5es decorrem das opera\u00e7\u00f5es de cr\u00e9dito autorizadas pelo substitutivo; e R$ 41 s\u00e3o transfer\u00eancias para recompor perdas de arrecada\u00e7\u00e3o com o ICMS e o ISS.<\/p>\n\n\n\n<p class=\"has-background has-very-light-gray-background-color wp-block-paragraph\">Quer saber as not\u00edcias do <strong>Aconteceu no Vale<\/strong> em primeira m\u00e3o? Siga-nos no Facebook <a rel=\"noreferrer noopener\" href=\"http:\/\/facebook.com\/aconteceunovale\" target=\"_blank\">@aconteceunovale<\/a>, Twitter <a rel=\"noreferrer noopener\" href=\"https:\/\/twitter.com\/noticiadosvales\" target=\"_blank\">@noticiadosvales<\/a> e Instagram <a rel=\"noreferrer noopener\" href=\"https:\/\/www.instagram.com\/aconteceunovale\" target=\"_blank\">@aconteceunovale<\/a>.<\/p>\n","protected":false},"excerpt":{"rendered":"<p>O plen\u00e1rio da C\u00e2mara dos Deputados aprovou hoje (13), por 431 votos a 70, o Projeto de Lei Complementar 149\/19, substitutivo do deputado Pedro Paulo (DEM-RJ) ao projeto conhecido como Plano Mansueto, que prev\u00ea ajuda financeira da Uni\u00e3o a estados, Distrito Federal e munic\u00edpios para o enfrentamento \u00e0\u00a0pandemia de covid-19. O texto segue para aprecia\u00e7\u00e3o [&hellip;]<\/p>\n","protected":false},"author":1,"featured_media":73253,"comment_status":"open","ping_status":"closed","sticky":false,"template":"","format":"standard","meta":{"amp_status":"","footnotes":""},"categories":[6,40240],"tags":[219723,219722,219724,219726,20922,214884,216498,35299,44556,219725],"class_list":["post-160964","post","type-post","status-publish","format-standard","has-post-thumbnail","hentry","category-br","category-politica","tag-ajuda-para-combate-ao-coronavirus","tag-ajuda-para-municipios","tag-aprovacao-do-plano-mansueto","tag-camara-aprova-ajuda-financeira-a-estados-e-municipios","tag-camara-dos-deputados","tag-coronavirus","tag-covid-19","tag-icms","tag-iss","tag-plano-mansueto"],"yoast_head":"<!-- This site is optimized with the Yoast SEO plugin v28.3 - https:\/\/yoast.com\/product\/yoast-seo-wordpress\/ -->\n<title>C\u00e2mara aprova ajuda financeira a estados e munic\u00edpios - Aconteceu no Vale<\/title>\n<meta name=\"robots\" content=\"index, follow, max-snippet:-1, max-image-preview:large, max-video-preview:-1\" \/>\n<link rel=\"canonical\" href=\"https:\/\/aconteceunovale.com.br\/portal\/?p=160964\" \/>\n<meta property=\"og:locale\" content=\"pt_BR\" \/>\n<meta property=\"og:type\" content=\"article\" \/>\n<meta property=\"og:title\" content=\"C\u00e2mara aprova ajuda financeira a estados e munic\u00edpios - Aconteceu no Vale\" \/>\n<meta property=\"og:description\" content=\"O plen\u00e1rio da C\u00e2mara dos Deputados aprovou hoje (13), por 431 votos a 70, o Projeto de Lei Complementar 149\/19, substitutivo do deputado Pedro Paulo (DEM-RJ) ao projeto conhecido como Plano Mansueto, que prev\u00ea ajuda financeira da Uni\u00e3o a estados, Distrito Federal e munic\u00edpios para o enfrentamento \u00e0\u00a0pandemia de covid-19. O texto segue para aprecia\u00e7\u00e3o [&hellip;]\" \/>\n<meta property=\"og:url\" content=\"https:\/\/aconteceunovale.com.br\/portal\/?p=160964\" \/>\n<meta property=\"og:site_name\" content=\"Aconteceu no Vale\" \/>\n<meta property=\"article:publisher\" content=\"https:\/\/www.facebook.com\/aconteceunovale\/\" \/>\n<meta property=\"article:published_time\" content=\"2020-04-14T00:27:43+00:00\" \/>\n<meta property=\"article:modified_time\" content=\"2020-04-14T00:28:13+00:00\" \/>\n<meta property=\"og:image\" content=\"https:\/\/aconteceunovale.com.br\/portal\/wp-content\/uploads\/2015\/11\/congresso.jpg\" \/>\n\t<meta property=\"og:image:width\" content=\"640\" \/>\n\t<meta property=\"og:image:height\" content=\"423\" \/>\n\t<meta property=\"og:image:type\" content=\"image\/jpeg\" \/>\n<meta name=\"author\" content=\"Aconteceu no Vale\" \/>\n<meta name=\"twitter:card\" content=\"summary_large_image\" \/>\n<meta name=\"twitter:creator\" content=\"@noticiadosvales\" \/>\n<meta name=\"twitter:site\" content=\"@noticiadosvales\" \/>\n<meta name=\"twitter:label1\" content=\"Escrito por\" \/>\n\t<meta name=\"twitter:data1\" content=\"Aconteceu no Vale\" \/>\n\t<meta name=\"twitter:label2\" content=\"Est. tempo de leitura\" \/>\n\t<meta name=\"twitter:data2\" content=\"2 minutos\" \/>\n<script type=\"application\/ld+json\" class=\"yoast-schema-graph\">{\"@context\":\"https:\\\/\\\/schema.org\",\"@graph\":[{\"@type\":\"Article\",\"@id\":\"https:\\\/\\\/aconteceunovale.com.br\\\/portal\\\/?p=160964#article\",\"isPartOf\":{\"@id\":\"https:\\\/\\\/aconteceunovale.com.br\\\/portal\\\/?p=160964\"},\"author\":{\"name\":\"Aconteceu no Vale\",\"@id\":\"https:\\\/\\\/aconteceunovale.com.br\\\/portal\\\/#\\\/schema\\\/person\\\/633529146f2c94272bef50ac2953d589\"},\"headline\":\"C\u00e2mara aprova ajuda financeira a estados e munic\u00edpios\",\"datePublished\":\"2020-04-14T00:27:43+00:00\",\"dateModified\":\"2020-04-14T00:28:13+00:00\",\"mainEntityOfPage\":{\"@id\":\"https:\\\/\\\/aconteceunovale.com.br\\\/portal\\\/?p=160964\"},\"wordCount\":470,\"commentCount\":0,\"image\":{\"@id\":\"https:\\\/\\\/aconteceunovale.com.br\\\/portal\\\/?p=160964#primaryimage\"},\"thumbnailUrl\":\"https:\\\/\\\/aconteceunovale.com.br\\\/portal\\\/wp-content\\\/uploads\\\/2015\\\/11\\\/congresso.jpg\",\"keywords\":[\"Ajuda para combate ao coronav\u00edrus\",\"Ajuda para munic\u00edpios\",\"Aprova\u00e7\u00e3o do Plano Mansueto\",\"C\u00e2mara aprova ajuda financeira a estados e munic\u00edpios\",\"C\u00e2mara dos Deputados\",\"Coronav\u00edrus\",\"COVID-19\",\"ICMS\",\"ISS\",\"Plano Mansueto\"],\"articleSection\":[\"Brasil\",\"Pol\u00edtica\"],\"inLanguage\":\"pt-BR\",\"potentialAction\":[{\"@type\":\"CommentAction\",\"name\":\"Comment\",\"target\":[\"https:\\\/\\\/aconteceunovale.com.br\\\/portal\\\/?p=160964#respond\"]}]},{\"@type\":\"WebPage\",\"@id\":\"https:\\\/\\\/aconteceunovale.com.br\\\/portal\\\/?p=160964\",\"url\":\"https:\\\/\\\/aconteceunovale.com.br\\\/portal\\\/?p=160964\",\"name\":\"C\u00e2mara aprova ajuda financeira a estados e munic\u00edpios - Aconteceu no Vale\",\"isPartOf\":{\"@id\":\"https:\\\/\\\/aconteceunovale.com.br\\\/portal\\\/#website\"},\"primaryImageOfPage\":{\"@id\":\"https:\\\/\\\/aconteceunovale.com.br\\\/portal\\\/?p=160964#primaryimage\"},\"image\":{\"@id\":\"https:\\\/\\\/aconteceunovale.com.br\\\/portal\\\/?p=160964#primaryimage\"},\"thumbnailUrl\":\"https:\\\/\\\/aconteceunovale.com.br\\\/portal\\\/wp-content\\\/uploads\\\/2015\\\/11\\\/congresso.jpg\",\"datePublished\":\"2020-04-14T00:27:43+00:00\",\"dateModified\":\"2020-04-14T00:28:13+00:00\",\"author\":{\"@id\":\"https:\\\/\\\/aconteceunovale.com.br\\\/portal\\\/#\\\/schema\\\/person\\\/633529146f2c94272bef50ac2953d589\"},\"breadcrumb\":{\"@id\":\"https:\\\/\\\/aconteceunovale.com.br\\\/portal\\\/?p=160964#breadcrumb\"},\"inLanguage\":\"pt-BR\",\"potentialAction\":[{\"@type\":\"ReadAction\",\"target\":[\"https:\\\/\\\/aconteceunovale.com.br\\\/portal\\\/?p=160964\"]}]},{\"@type\":\"ImageObject\",\"inLanguage\":\"pt-BR\",\"@id\":\"https:\\\/\\\/aconteceunovale.com.br\\\/portal\\\/?p=160964#primaryimage\",\"url\":\"https:\\\/\\\/aconteceunovale.com.br\\\/portal\\\/wp-content\\\/uploads\\\/2015\\\/11\\\/congresso.jpg\",\"contentUrl\":\"https:\\\/\\\/aconteceunovale.com.br\\\/portal\\\/wp-content\\\/uploads\\\/2015\\\/11\\\/congresso.jpg\",\"width\":640,\"height\":423},{\"@type\":\"BreadcrumbList\",\"@id\":\"https:\\\/\\\/aconteceunovale.com.br\\\/portal\\\/?p=160964#breadcrumb\",\"itemListElement\":[{\"@type\":\"ListItem\",\"position\":1,\"name\":\"In\u00edcio\",\"item\":\"https:\\\/\\\/aconteceunovale.com.br\\\/portal\\\/\"},{\"@type\":\"ListItem\",\"position\":2,\"name\":\"C\u00e2mara aprova ajuda financeira a estados e munic\u00edpios\"}]},{\"@type\":\"WebSite\",\"@id\":\"https:\\\/\\\/aconteceunovale.com.br\\\/portal\\\/#website\",\"url\":\"https:\\\/\\\/aconteceunovale.com.br\\\/portal\\\/\",\"name\":\"Aconteceu no Vale\",\"description\":\"Portal de Not\u00edcias\",\"potentialAction\":[{\"@type\":\"SearchAction\",\"target\":{\"@type\":\"EntryPoint\",\"urlTemplate\":\"https:\\\/\\\/aconteceunovale.com.br\\\/portal\\\/?s={search_term_string}\"},\"query-input\":{\"@type\":\"PropertyValueSpecification\",\"valueRequired\":true,\"valueName\":\"search_term_string\"}}],\"inLanguage\":\"pt-BR\"},{\"@type\":\"Person\",\"@id\":\"https:\\\/\\\/aconteceunovale.com.br\\\/portal\\\/#\\\/schema\\\/person\\\/633529146f2c94272bef50ac2953d589\",\"name\":\"Aconteceu no Vale\",\"description\":\"Equipe de reportagem do Aconteceu no Vale, portal de not\u00edcias do Vale do Jequitinhonha, em Minas Gerais. Cobrimos as 51 cidades do Vale desde 2013. Sugest\u00f5es de pauta e pedidos de corre\u00e7\u00e3o: contato@aconteceunovale.com.br\",\"sameAs\":[\"http:\\\/\\\/www.aconteceunovale.com.br\"],\"url\":\"https:\\\/\\\/aconteceunovale.com.br\\\/portal\\\/?author=1\"}]}<\/script>\n<!-- \/ Yoast SEO plugin. -->","yoast_head_json":{"title":"C\u00e2mara aprova ajuda financeira a estados e munic\u00edpios - Aconteceu no Vale","robots":{"index":"index","follow":"follow","max-snippet":"max-snippet:-1","max-image-preview":"max-image-preview:large","max-video-preview":"max-video-preview:-1"},"canonical":"https:\/\/aconteceunovale.com.br\/portal\/?p=160964","og_locale":"pt_BR","og_type":"article","og_title":"C\u00e2mara aprova ajuda financeira a estados e munic\u00edpios - Aconteceu no Vale","og_description":"O plen\u00e1rio da C\u00e2mara dos Deputados aprovou hoje (13), por 431 votos a 70, o Projeto de Lei Complementar 149\/19, substitutivo do deputado Pedro Paulo (DEM-RJ) ao projeto conhecido como Plano Mansueto, que prev\u00ea ajuda financeira da Uni\u00e3o a estados, Distrito Federal e munic\u00edpios para o enfrentamento \u00e0\u00a0pandemia de covid-19. O texto segue para aprecia\u00e7\u00e3o [&hellip;]","og_url":"https:\/\/aconteceunovale.com.br\/portal\/?p=160964","og_site_name":"Aconteceu no Vale","article_publisher":"https:\/\/www.facebook.com\/aconteceunovale\/","article_published_time":"2020-04-14T00:27:43+00:00","article_modified_time":"2020-04-14T00:28:13+00:00","og_image":[{"width":640,"height":423,"url":"https:\/\/aconteceunovale.com.br\/portal\/wp-content\/uploads\/2015\/11\/congresso.jpg","type":"image\/jpeg"}],"author":"Aconteceu no Vale","twitter_card":"summary_large_image","twitter_creator":"@noticiadosvales","twitter_site":"@noticiadosvales","twitter_misc":{"Escrito por":"Aconteceu no Vale","Est. tempo de leitura":"2 minutos"},"schema":{"@context":"https:\/\/schema.org","@graph":[{"@type":"Article","@id":"https:\/\/aconteceunovale.com.br\/portal\/?p=160964#article","isPartOf":{"@id":"https:\/\/aconteceunovale.com.br\/portal\/?p=160964"},"author":{"name":"Aconteceu no Vale","@id":"https:\/\/aconteceunovale.com.br\/portal\/#\/schema\/person\/633529146f2c94272bef50ac2953d589"},"headline":"C\u00e2mara aprova ajuda financeira a estados e munic\u00edpios","datePublished":"2020-04-14T00:27:43+00:00","dateModified":"2020-04-14T00:28:13+00:00","mainEntityOfPage":{"@id":"https:\/\/aconteceunovale.com.br\/portal\/?p=160964"},"wordCount":470,"commentCount":0,"image":{"@id":"https:\/\/aconteceunovale.com.br\/portal\/?p=160964#primaryimage"},"thumbnailUrl":"https:\/\/aconteceunovale.com.br\/portal\/wp-content\/uploads\/2015\/11\/congresso.jpg","keywords":["Ajuda para combate ao coronav\u00edrus","Ajuda para munic\u00edpios","Aprova\u00e7\u00e3o do Plano Mansueto","C\u00e2mara aprova ajuda financeira a estados e munic\u00edpios","C\u00e2mara dos Deputados","Coronav\u00edrus","COVID-19","ICMS","ISS","Plano Mansueto"],"articleSection":["Brasil","Pol\u00edtica"],"inLanguage":"pt-BR","potentialAction":[{"@type":"CommentAction","name":"Comment","target":["https:\/\/aconteceunovale.com.br\/portal\/?p=160964#respond"]}]},{"@type":"WebPage","@id":"https:\/\/aconteceunovale.com.br\/portal\/?p=160964","url":"https:\/\/aconteceunovale.com.br\/portal\/?p=160964","name":"C\u00e2mara aprova ajuda financeira a estados e munic\u00edpios - Aconteceu no Vale","isPartOf":{"@id":"https:\/\/aconteceunovale.com.br\/portal\/#website"},"primaryImageOfPage":{"@id":"https:\/\/aconteceunovale.com.br\/portal\/?p=160964#primaryimage"},"image":{"@id":"https:\/\/aconteceunovale.com.br\/portal\/?p=160964#primaryimage"},"thumbnailUrl":"https:\/\/aconteceunovale.com.br\/portal\/wp-content\/uploads\/2015\/11\/congresso.jpg","datePublished":"2020-04-14T00:27:43+00:00","dateModified":"2020-04-14T00:28:13+00:00","author":{"@id":"https:\/\/aconteceunovale.com.br\/portal\/#\/schema\/person\/633529146f2c94272bef50ac2953d589"},"breadcrumb":{"@id":"https:\/\/aconteceunovale.com.br\/portal\/?p=160964#breadcrumb"},"inLanguage":"pt-BR","potentialAction":[{"@type":"ReadAction","target":["https:\/\/aconteceunovale.com.br\/portal\/?p=160964"]}]},{"@type":"ImageObject","inLanguage":"pt-BR","@id":"https:\/\/aconteceunovale.com.br\/portal\/?p=160964#primaryimage","url":"https:\/\/aconteceunovale.com.br\/portal\/wp-content\/uploads\/2015\/11\/congresso.jpg","contentUrl":"https:\/\/aconteceunovale.com.br\/portal\/wp-content\/uploads\/2015\/11\/congresso.jpg","width":640,"height":423},{"@type":"BreadcrumbList","@id":"https:\/\/aconteceunovale.com.br\/portal\/?p=160964#breadcrumb","itemListElement":[{"@type":"ListItem","position":1,"name":"In\u00edcio","item":"https:\/\/aconteceunovale.com.br\/portal\/"},{"@type":"ListItem","position":2,"name":"C\u00e2mara aprova ajuda financeira a estados e munic\u00edpios"}]},{"@type":"WebSite","@id":"https:\/\/aconteceunovale.com.br\/portal\/#website","url":"https:\/\/aconteceunovale.com.br\/portal\/","name":"Aconteceu no Vale","description":"Portal de Not\u00edcias","potentialAction":[{"@type":"SearchAction","target":{"@type":"EntryPoint","urlTemplate":"https:\/\/aconteceunovale.com.br\/portal\/?s={search_term_string}"},"query-input":{"@type":"PropertyValueSpecification","valueRequired":true,"valueName":"search_term_string"}}],"inLanguage":"pt-BR"},{"@type":"Person","@id":"https:\/\/aconteceunovale.com.br\/portal\/#\/schema\/person\/633529146f2c94272bef50ac2953d589","name":"Aconteceu no Vale","description":"Equipe de reportagem do Aconteceu no Vale, portal de not\u00edcias do Vale do Jequitinhonha, em Minas Gerais. Cobrimos as 51 cidades do Vale desde 2013. Sugest\u00f5es de pauta e pedidos de corre\u00e7\u00e3o: contato@aconteceunovale.com.br","sameAs":["http:\/\/www.aconteceunovale.com.br"],"url":"https:\/\/aconteceunovale.com.br\/portal\/?author=1"}]}},"_links":{"self":[{"href":"https:\/\/aconteceunovale.com.br\/portal\/index.php?rest_route=\/wp\/v2\/posts\/160964","targetHints":{"allow":["GET"]}}],"collection":[{"href":"https:\/\/aconteceunovale.com.br\/portal\/index.php?rest_route=\/wp\/v2\/posts"}],"about":[{"href":"https:\/\/aconteceunovale.com.br\/portal\/index.php?rest_route=\/wp\/v2\/types\/post"}],"author":[{"embeddable":true,"href":"https:\/\/aconteceunovale.com.br\/portal\/index.php?rest_route=\/wp\/v2\/users\/1"}],"replies":[{"embeddable":true,"href":"https:\/\/aconteceunovale.com.br\/portal\/index.php?rest_route=%2Fwp%2Fv2%2Fcomments&post=160964"}],"version-history":[{"count":1,"href":"https:\/\/aconteceunovale.com.br\/portal\/index.php?rest_route=\/wp\/v2\/posts\/160964\/revisions"}],"predecessor-version":[{"id":160965,"href":"https:\/\/aconteceunovale.com.br\/portal\/index.php?rest_route=\/wp\/v2\/posts\/160964\/revisions\/160965"}],"wp:featuredmedia":[{"embeddable":true,"href":"https:\/\/aconteceunovale.com.br\/portal\/index.php?rest_route=\/wp\/v2\/media\/73253"}],"wp:attachment":[{"href":"https:\/\/aconteceunovale.com.br\/portal\/index.php?rest_route=%2Fwp%2Fv2%2Fmedia&parent=160964"}],"wp:term":[{"taxonomy":"category","embeddable":true,"href":"https:\/\/aconteceunovale.com.br\/portal\/index.php?rest_route=%2Fwp%2Fv2%2Fcategories&post=160964"},{"taxonomy":"post_tag","embeddable":true,"href":"https:\/\/aconteceunovale.com.br\/portal\/index.php?rest_route=%2Fwp%2Fv2%2Ftags&post=160964"}],"curies":[{"name":"wp","href":"https:\/\/api.w.org\/{rel}","templated":true}]}}