{"id":160960,"date":"2020-04-13T21:20:08","date_gmt":"2020-04-14T00:20:08","guid":{"rendered":"http:\/\/aconteceunovale.com.br\/portal\/?p=160960"},"modified":"2020-04-13T21:20:57","modified_gmt":"2020-04-14T00:20:57","slug":"e-preciso-evitar-exageros-contra-quem-nao-cumprir-isolamento-social-diz-moro","status":"publish","type":"post","link":"https:\/\/aconteceunovale.com.br\/portal\/?p=160960","title":{"rendered":"\u00c9 preciso evitar exageros contra quem n\u00e3o cumprir isolamento social, diz Moro"},"content":{"rendered":"\n<p class=\"wp-block-paragraph\">O ministro da Justi\u00e7a e Seguran\u00e7a P\u00fablica, Sergio Moro, disse hoje (13\/4\/2020) que \u00e9 preciso tomar cuidado com exageros cometidos por autoridades para punir as pessoas que descumprirem medidas de isolamento social para combater o novo coronav\u00edrus (covid-19). Segundo Moro, a pris\u00e3o deve ser usada somente em \u00faltimo caso.<\/p>\n\n\n\n<p class=\"wp-block-paragraph\">Durante entrevista ao portal jur\u00eddico Jota e&nbsp;transmitida ao vivo, Moro disse que as autoridades sanit\u00e1rias e policiais devem optar pelo di\u00e1logo e orientar as pessoas a cumprirem as medidas.&nbsp;<\/p>\n\n\n\n<p class=\"wp-block-paragraph\">\u201cAs pessoas t\u00eam que seguir as orienta\u00e7\u00f5es que forem necess\u00e1rias para debelar essa pandemia e n\u00f3s temos que tomar cuidado com exageros, com atos que possam representar alguma esp\u00e9cie de abuso\u201d, disse.&nbsp;<\/p>\n\n\n\n<p class=\"wp-block-paragraph\">Moro tamb\u00e9m afirmou que o minist\u00e9rio n\u00e3o usa mecanismos de geolocaliza\u00e7\u00e3o para monitorar pessoas que foram colocadas em isolamento por apresentarem sintomas da doen\u00e7a. O monitoramento de celulares \u00e9 utilizado por alguns estados para verificar se a popula\u00e7\u00e3o est\u00e1 cumprido as medidas de isolamento social.&nbsp;<\/p>\n\n\n\n<p class=\"wp-block-paragraph\">\u201c\u00c9 algo que n\u00f3s temos que nos preocupar e evitar que o combate \u00e0 epidemia possa gerar abalos em outras \u00e1reas &nbsp;com consequ\u00eancias imprevis\u00edveis, mas isso [monitoramento] n\u00e3o tem sido feito pelo governo federal\u201d, garantiu.&nbsp;<\/p>\n\n\n\n<p class=\"wp-block-paragraph\">No m\u00eas passado, os minist\u00e9rios da Sa\u00fade e da Justi\u00e7a publicaram uma portaria\u00a0disciplinando provid\u00eancias compuls\u00f3rias\u00a0e a responsabiliza\u00e7\u00e3o das pessoas que n\u00e3o cumprirem essas medidas determinadas pelo Poder P\u00fablico para prevenir e conter o avan\u00e7o do covid-19.<\/p>\n\n\n\n<p class=\"has-background has-very-light-gray-background-color wp-block-paragraph\">Quer saber as not\u00edcias do <strong>Aconteceu no Vale<\/strong> em primeira m\u00e3o? Siga-nos no Facebook <a rel=\"noreferrer noopener\" href=\"http:\/\/facebook.com\/aconteceunovale\" target=\"_blank\">@aconteceunovale<\/a>, Twitter <a rel=\"noreferrer noopener\" href=\"https:\/\/twitter.com\/noticiadosvales\" target=\"_blank\">@noticiadosvales<\/a> e Instagram <a rel=\"noreferrer noopener\" href=\"https:\/\/www.instagram.com\/aconteceunovale\" target=\"_blank\">@aconteceunovale<\/a>.<\/p>\n","protected":false},"excerpt":{"rendered":"<p>O ministro da Justi\u00e7a e Seguran\u00e7a P\u00fablica, Sergio Moro, disse hoje (13\/4\/2020) que \u00e9 preciso tomar cuidado com exageros cometidos por autoridades para punir as pessoas que descumprirem medidas de isolamento social para combater o novo coronav\u00edrus (covid-19). Segundo Moro, a pris\u00e3o deve ser usada somente em \u00faltimo caso. Durante entrevista ao portal jur\u00eddico Jota [&hellip;]<\/p>\n","protected":false},"author":1,"featured_media":160961,"comment_status":"open","ping_status":"closed","sticky":false,"template":"","format":"standard","meta":{"amp_status":"","footnotes":""},"categories":[6],"tags":[219712,214884,216498,219721,218364,219713,219716,218365,219715,35052,219714],"class_list":["post-160960","post","type-post","status-publish","format-standard","has-post-thumbnail","hentry","category-br","tag-acidentes-e-roubos-de-carga-em-rodovias-caem-no-brasil","tag-coronavirus","tag-covid-19","tag-e-preciso-evitar-exageros-contra-quem-nao-cumprir-isolamento-social","tag-isolamento-social","tag-isolamento-social-no-brasil","tag-justica-e-seguranca-publica","tag-pandemia-do-coronavirus","tag-roubo-de-cargas-no-brasil","tag-sergio-moro","tag-trafego-de-veiculos-no-brasil"],"yoast_head":"<!-- This site is optimized with the Yoast SEO plugin v28.3 - https:\/\/yoast.com\/product\/yoast-seo-wordpress\/ -->\n<title>\u00c9 preciso evitar exageros contra quem n\u00e3o cumprir isolamento social, diz Moro - Aconteceu no Vale<\/title>\n<meta name=\"robots\" content=\"index, follow, max-snippet:-1, max-image-preview:large, max-video-preview:-1\" \/>\n<link rel=\"canonical\" href=\"https:\/\/aconteceunovale.com.br\/portal\/?p=160960\" \/>\n<meta property=\"og:locale\" content=\"pt_BR\" \/>\n<meta property=\"og:type\" content=\"article\" \/>\n<meta property=\"og:title\" content=\"\u00c9 preciso evitar exageros contra quem n\u00e3o cumprir isolamento social, diz Moro - Aconteceu no Vale\" \/>\n<meta property=\"og:description\" content=\"O ministro da Justi\u00e7a e Seguran\u00e7a P\u00fablica, Sergio Moro, disse hoje (13\/4\/2020) que \u00e9 preciso tomar cuidado com exageros cometidos por autoridades para punir as pessoas que descumprirem medidas de isolamento social para combater o novo coronav\u00edrus (covid-19). Segundo Moro, a pris\u00e3o deve ser usada somente em \u00faltimo caso. Durante entrevista ao portal jur\u00eddico Jota [&hellip;]\" \/>\n<meta property=\"og:url\" content=\"https:\/\/aconteceunovale.com.br\/portal\/?p=160960\" \/>\n<meta property=\"og:site_name\" content=\"Aconteceu no Vale\" \/>\n<meta property=\"article:publisher\" content=\"https:\/\/www.facebook.com\/aconteceunovale\/\" \/>\n<meta property=\"article:published_time\" content=\"2020-04-14T00:20:08+00:00\" \/>\n<meta property=\"article:modified_time\" content=\"2020-04-14T00:20:57+00:00\" \/>\n<meta property=\"og:image\" content=\"https:\/\/aconteceunovale.com.br\/portal\/wp-content\/uploads\/2020\/04\/moro_isolamento.jpg\" \/>\n\t<meta property=\"og:image:width\" content=\"678\" \/>\n\t<meta property=\"og:image:height\" content=\"406\" \/>\n\t<meta property=\"og:image:type\" content=\"image\/jpeg\" \/>\n<meta name=\"author\" content=\"Aconteceu no Vale\" \/>\n<meta name=\"twitter:card\" content=\"summary_large_image\" \/>\n<meta name=\"twitter:creator\" content=\"@noticiadosvales\" \/>\n<meta name=\"twitter:site\" content=\"@noticiadosvales\" \/>\n<meta name=\"twitter:label1\" content=\"Escrito por\" \/>\n\t<meta name=\"twitter:data1\" content=\"Aconteceu no Vale\" \/>\n\t<meta name=\"twitter:label2\" content=\"Est. tempo de leitura\" \/>\n\t<meta name=\"twitter:data2\" content=\"1 minuto\" \/>\n<script type=\"application\/ld+json\" class=\"yoast-schema-graph\">{\"@context\":\"https:\\\/\\\/schema.org\",\"@graph\":[{\"@type\":\"Article\",\"@id\":\"https:\\\/\\\/aconteceunovale.com.br\\\/portal\\\/?p=160960#article\",\"isPartOf\":{\"@id\":\"https:\\\/\\\/aconteceunovale.com.br\\\/portal\\\/?p=160960\"},\"author\":{\"name\":\"Aconteceu no Vale\",\"@id\":\"https:\\\/\\\/aconteceunovale.com.br\\\/portal\\\/#\\\/schema\\\/person\\\/633529146f2c94272bef50ac2953d589\"},\"headline\":\"\u00c9 preciso evitar exageros contra quem n\u00e3o cumprir isolamento social, diz Moro\",\"datePublished\":\"2020-04-14T00:20:08+00:00\",\"dateModified\":\"2020-04-14T00:20:57+00:00\",\"mainEntityOfPage\":{\"@id\":\"https:\\\/\\\/aconteceunovale.com.br\\\/portal\\\/?p=160960\"},\"wordCount\":297,\"commentCount\":0,\"image\":{\"@id\":\"https:\\\/\\\/aconteceunovale.com.br\\\/portal\\\/?p=160960#primaryimage\"},\"thumbnailUrl\":\"https:\\\/\\\/aconteceunovale.com.br\\\/portal\\\/wp-content\\\/uploads\\\/2020\\\/04\\\/moro_isolamento.jpg\",\"keywords\":[\"Acidentes e roubos de carga em rodovias caem no Brasil\",\"Coronav\u00edrus\",\"COVID-19\",\"\u00c9 preciso evitar exageros contra quem n\u00e3o cumprir isolamento social\",\"Isolamento social\",\"Isolamento social no Brasil\",\"Justi\u00e7a e Seguran\u00e7a P\u00fablica\",\"Pandemia do coronav\u00edrus\",\"Roubo de cargas no Brasil\",\"Sergio Moro\",\"Tr\u00e1fego de ve\u00edculos no Brasil\"],\"articleSection\":[\"Brasil\"],\"inLanguage\":\"pt-BR\",\"potentialAction\":[{\"@type\":\"CommentAction\",\"name\":\"Comment\",\"target\":[\"https:\\\/\\\/aconteceunovale.com.br\\\/portal\\\/?p=160960#respond\"]}]},{\"@type\":\"WebPage\",\"@id\":\"https:\\\/\\\/aconteceunovale.com.br\\\/portal\\\/?p=160960\",\"url\":\"https:\\\/\\\/aconteceunovale.com.br\\\/portal\\\/?p=160960\",\"name\":\"\u00c9 preciso evitar exageros contra quem n\u00e3o cumprir isolamento social, diz Moro - Aconteceu no Vale\",\"isPartOf\":{\"@id\":\"https:\\\/\\\/aconteceunovale.com.br\\\/portal\\\/#website\"},\"primaryImageOfPage\":{\"@id\":\"https:\\\/\\\/aconteceunovale.com.br\\\/portal\\\/?p=160960#primaryimage\"},\"image\":{\"@id\":\"https:\\\/\\\/aconteceunovale.com.br\\\/portal\\\/?p=160960#primaryimage\"},\"thumbnailUrl\":\"https:\\\/\\\/aconteceunovale.com.br\\\/portal\\\/wp-content\\\/uploads\\\/2020\\\/04\\\/moro_isolamento.jpg\",\"datePublished\":\"2020-04-14T00:20:08+00:00\",\"dateModified\":\"2020-04-14T00:20:57+00:00\",\"author\":{\"@id\":\"https:\\\/\\\/aconteceunovale.com.br\\\/portal\\\/#\\\/schema\\\/person\\\/633529146f2c94272bef50ac2953d589\"},\"breadcrumb\":{\"@id\":\"https:\\\/\\\/aconteceunovale.com.br\\\/portal\\\/?p=160960#breadcrumb\"},\"inLanguage\":\"pt-BR\",\"potentialAction\":[{\"@type\":\"ReadAction\",\"target\":[\"https:\\\/\\\/aconteceunovale.com.br\\\/portal\\\/?p=160960\"]}]},{\"@type\":\"ImageObject\",\"inLanguage\":\"pt-BR\",\"@id\":\"https:\\\/\\\/aconteceunovale.com.br\\\/portal\\\/?p=160960#primaryimage\",\"url\":\"https:\\\/\\\/aconteceunovale.com.br\\\/portal\\\/wp-content\\\/uploads\\\/2020\\\/04\\\/moro_isolamento.jpg\",\"contentUrl\":\"https:\\\/\\\/aconteceunovale.com.br\\\/portal\\\/wp-content\\\/uploads\\\/2020\\\/04\\\/moro_isolamento.jpg\",\"width\":678,\"height\":406,\"caption\":\"O ministro da Justi\u00e7a e Seguran\u00e7a P\u00fablica, Sergio Moro, participa de coletiva de imprensa no Pal\u00e1cio do Planalto, sobre as a\u00e7\u00f5es de enfrentamento ao covid-19 no pa\u00eds\"},{\"@type\":\"BreadcrumbList\",\"@id\":\"https:\\\/\\\/aconteceunovale.com.br\\\/portal\\\/?p=160960#breadcrumb\",\"itemListElement\":[{\"@type\":\"ListItem\",\"position\":1,\"name\":\"In\u00edcio\",\"item\":\"https:\\\/\\\/aconteceunovale.com.br\\\/portal\\\/\"},{\"@type\":\"ListItem\",\"position\":2,\"name\":\"\u00c9 preciso evitar exageros contra quem n\u00e3o cumprir isolamento social, diz Moro\"}]},{\"@type\":\"WebSite\",\"@id\":\"https:\\\/\\\/aconteceunovale.com.br\\\/portal\\\/#website\",\"url\":\"https:\\\/\\\/aconteceunovale.com.br\\\/portal\\\/\",\"name\":\"Aconteceu no Vale\",\"description\":\"Portal de Not\u00edcias\",\"potentialAction\":[{\"@type\":\"SearchAction\",\"target\":{\"@type\":\"EntryPoint\",\"urlTemplate\":\"https:\\\/\\\/aconteceunovale.com.br\\\/portal\\\/?s={search_term_string}\"},\"query-input\":{\"@type\":\"PropertyValueSpecification\",\"valueRequired\":true,\"valueName\":\"search_term_string\"}}],\"inLanguage\":\"pt-BR\"},{\"@type\":\"Person\",\"@id\":\"https:\\\/\\\/aconteceunovale.com.br\\\/portal\\\/#\\\/schema\\\/person\\\/633529146f2c94272bef50ac2953d589\",\"name\":\"Aconteceu no Vale\",\"description\":\"Equipe de reportagem do Aconteceu no Vale, portal de not\u00edcias do Vale do Jequitinhonha, em Minas Gerais. Cobrimos as 51 cidades do Vale desde 2013. Sugest\u00f5es de pauta e pedidos de corre\u00e7\u00e3o: contato@aconteceunovale.com.br\",\"sameAs\":[\"http:\\\/\\\/www.aconteceunovale.com.br\"],\"url\":\"https:\\\/\\\/aconteceunovale.com.br\\\/portal\\\/?author=1\"}]}<\/script>\n<!-- \/ Yoast SEO plugin. -->","yoast_head_json":{"title":"\u00c9 preciso evitar exageros contra quem n\u00e3o cumprir isolamento social, diz Moro - Aconteceu no Vale","robots":{"index":"index","follow":"follow","max-snippet":"max-snippet:-1","max-image-preview":"max-image-preview:large","max-video-preview":"max-video-preview:-1"},"canonical":"https:\/\/aconteceunovale.com.br\/portal\/?p=160960","og_locale":"pt_BR","og_type":"article","og_title":"\u00c9 preciso evitar exageros contra quem n\u00e3o cumprir isolamento social, diz Moro - Aconteceu no Vale","og_description":"O ministro da Justi\u00e7a e Seguran\u00e7a P\u00fablica, Sergio Moro, disse hoje (13\/4\/2020) que \u00e9 preciso tomar cuidado com exageros cometidos por autoridades para punir as pessoas que descumprirem medidas de isolamento social para combater o novo coronav\u00edrus (covid-19). Segundo Moro, a pris\u00e3o deve ser usada somente em \u00faltimo caso. Durante entrevista ao portal jur\u00eddico Jota [&hellip;]","og_url":"https:\/\/aconteceunovale.com.br\/portal\/?p=160960","og_site_name":"Aconteceu no Vale","article_publisher":"https:\/\/www.facebook.com\/aconteceunovale\/","article_published_time":"2020-04-14T00:20:08+00:00","article_modified_time":"2020-04-14T00:20:57+00:00","og_image":[{"width":678,"height":406,"url":"https:\/\/aconteceunovale.com.br\/portal\/wp-content\/uploads\/2020\/04\/moro_isolamento.jpg","type":"image\/jpeg"}],"author":"Aconteceu no Vale","twitter_card":"summary_large_image","twitter_creator":"@noticiadosvales","twitter_site":"@noticiadosvales","twitter_misc":{"Escrito por":"Aconteceu no Vale","Est. tempo de leitura":"1 minuto"},"schema":{"@context":"https:\/\/schema.org","@graph":[{"@type":"Article","@id":"https:\/\/aconteceunovale.com.br\/portal\/?p=160960#article","isPartOf":{"@id":"https:\/\/aconteceunovale.com.br\/portal\/?p=160960"},"author":{"name":"Aconteceu no Vale","@id":"https:\/\/aconteceunovale.com.br\/portal\/#\/schema\/person\/633529146f2c94272bef50ac2953d589"},"headline":"\u00c9 preciso evitar exageros contra quem n\u00e3o cumprir isolamento social, diz Moro","datePublished":"2020-04-14T00:20:08+00:00","dateModified":"2020-04-14T00:20:57+00:00","mainEntityOfPage":{"@id":"https:\/\/aconteceunovale.com.br\/portal\/?p=160960"},"wordCount":297,"commentCount":0,"image":{"@id":"https:\/\/aconteceunovale.com.br\/portal\/?p=160960#primaryimage"},"thumbnailUrl":"https:\/\/aconteceunovale.com.br\/portal\/wp-content\/uploads\/2020\/04\/moro_isolamento.jpg","keywords":["Acidentes e roubos de carga em rodovias caem no Brasil","Coronav\u00edrus","COVID-19","\u00c9 preciso evitar exageros contra quem n\u00e3o cumprir isolamento social","Isolamento social","Isolamento social no Brasil","Justi\u00e7a e Seguran\u00e7a P\u00fablica","Pandemia do coronav\u00edrus","Roubo de cargas no Brasil","Sergio Moro","Tr\u00e1fego de ve\u00edculos no Brasil"],"articleSection":["Brasil"],"inLanguage":"pt-BR","potentialAction":[{"@type":"CommentAction","name":"Comment","target":["https:\/\/aconteceunovale.com.br\/portal\/?p=160960#respond"]}]},{"@type":"WebPage","@id":"https:\/\/aconteceunovale.com.br\/portal\/?p=160960","url":"https:\/\/aconteceunovale.com.br\/portal\/?p=160960","name":"\u00c9 preciso evitar exageros contra quem n\u00e3o cumprir isolamento social, diz Moro - Aconteceu no Vale","isPartOf":{"@id":"https:\/\/aconteceunovale.com.br\/portal\/#website"},"primaryImageOfPage":{"@id":"https:\/\/aconteceunovale.com.br\/portal\/?p=160960#primaryimage"},"image":{"@id":"https:\/\/aconteceunovale.com.br\/portal\/?p=160960#primaryimage"},"thumbnailUrl":"https:\/\/aconteceunovale.com.br\/portal\/wp-content\/uploads\/2020\/04\/moro_isolamento.jpg","datePublished":"2020-04-14T00:20:08+00:00","dateModified":"2020-04-14T00:20:57+00:00","author":{"@id":"https:\/\/aconteceunovale.com.br\/portal\/#\/schema\/person\/633529146f2c94272bef50ac2953d589"},"breadcrumb":{"@id":"https:\/\/aconteceunovale.com.br\/portal\/?p=160960#breadcrumb"},"inLanguage":"pt-BR","potentialAction":[{"@type":"ReadAction","target":["https:\/\/aconteceunovale.com.br\/portal\/?p=160960"]}]},{"@type":"ImageObject","inLanguage":"pt-BR","@id":"https:\/\/aconteceunovale.com.br\/portal\/?p=160960#primaryimage","url":"https:\/\/aconteceunovale.com.br\/portal\/wp-content\/uploads\/2020\/04\/moro_isolamento.jpg","contentUrl":"https:\/\/aconteceunovale.com.br\/portal\/wp-content\/uploads\/2020\/04\/moro_isolamento.jpg","width":678,"height":406,"caption":"O ministro da Justi\u00e7a e Seguran\u00e7a P\u00fablica, Sergio Moro, participa de coletiva de imprensa no Pal\u00e1cio do Planalto, sobre as a\u00e7\u00f5es de enfrentamento ao covid-19 no pa\u00eds"},{"@type":"BreadcrumbList","@id":"https:\/\/aconteceunovale.com.br\/portal\/?p=160960#breadcrumb","itemListElement":[{"@type":"ListItem","position":1,"name":"In\u00edcio","item":"https:\/\/aconteceunovale.com.br\/portal\/"},{"@type":"ListItem","position":2,"name":"\u00c9 preciso evitar exageros contra quem n\u00e3o cumprir isolamento social, diz Moro"}]},{"@type":"WebSite","@id":"https:\/\/aconteceunovale.com.br\/portal\/#website","url":"https:\/\/aconteceunovale.com.br\/portal\/","name":"Aconteceu no Vale","description":"Portal de Not\u00edcias","potentialAction":[{"@type":"SearchAction","target":{"@type":"EntryPoint","urlTemplate":"https:\/\/aconteceunovale.com.br\/portal\/?s={search_term_string}"},"query-input":{"@type":"PropertyValueSpecification","valueRequired":true,"valueName":"search_term_string"}}],"inLanguage":"pt-BR"},{"@type":"Person","@id":"https:\/\/aconteceunovale.com.br\/portal\/#\/schema\/person\/633529146f2c94272bef50ac2953d589","name":"Aconteceu no Vale","description":"Equipe de reportagem do Aconteceu no Vale, portal de not\u00edcias do Vale do Jequitinhonha, em Minas Gerais. Cobrimos as 51 cidades do Vale desde 2013. Sugest\u00f5es de pauta e pedidos de corre\u00e7\u00e3o: contato@aconteceunovale.com.br","sameAs":["http:\/\/www.aconteceunovale.com.br"],"url":"https:\/\/aconteceunovale.com.br\/portal\/?author=1"}]}},"_links":{"self":[{"href":"https:\/\/aconteceunovale.com.br\/portal\/index.php?rest_route=\/wp\/v2\/posts\/160960","targetHints":{"allow":["GET"]}}],"collection":[{"href":"https:\/\/aconteceunovale.com.br\/portal\/index.php?rest_route=\/wp\/v2\/posts"}],"about":[{"href":"https:\/\/aconteceunovale.com.br\/portal\/index.php?rest_route=\/wp\/v2\/types\/post"}],"author":[{"embeddable":true,"href":"https:\/\/aconteceunovale.com.br\/portal\/index.php?rest_route=\/wp\/v2\/users\/1"}],"replies":[{"embeddable":true,"href":"https:\/\/aconteceunovale.com.br\/portal\/index.php?rest_route=%2Fwp%2Fv2%2Fcomments&post=160960"}],"version-history":[{"count":1,"href":"https:\/\/aconteceunovale.com.br\/portal\/index.php?rest_route=\/wp\/v2\/posts\/160960\/revisions"}],"predecessor-version":[{"id":160962,"href":"https:\/\/aconteceunovale.com.br\/portal\/index.php?rest_route=\/wp\/v2\/posts\/160960\/revisions\/160962"}],"wp:featuredmedia":[{"embeddable":true,"href":"https:\/\/aconteceunovale.com.br\/portal\/index.php?rest_route=\/wp\/v2\/media\/160961"}],"wp:attachment":[{"href":"https:\/\/aconteceunovale.com.br\/portal\/index.php?rest_route=%2Fwp%2Fv2%2Fmedia&parent=160960"}],"wp:term":[{"taxonomy":"category","embeddable":true,"href":"https:\/\/aconteceunovale.com.br\/portal\/index.php?rest_route=%2Fwp%2Fv2%2Fcategories&post=160960"},{"taxonomy":"post_tag","embeddable":true,"href":"https:\/\/aconteceunovale.com.br\/portal\/index.php?rest_route=%2Fwp%2Fv2%2Ftags&post=160960"}],"curies":[{"name":"wp","href":"https:\/\/api.w.org\/{rel}","templated":true}]}}