{"id":160953,"date":"2020-04-13T20:51:39","date_gmt":"2020-04-13T23:51:39","guid":{"rendered":"http:\/\/aconteceunovale.com.br\/portal\/?p=160953"},"modified":"2020-04-13T20:52:17","modified_gmt":"2020-04-13T23:52:17","slug":"acidentes-e-roubos-de-carga-em-rodovias-caem-no-brasil-diz-sergio-moro","status":"publish","type":"post","link":"https:\/\/aconteceunovale.com.br\/portal\/?p=160953","title":{"rendered":"Acidentes e roubos de carga em rodovias caem no Brasil, diz Sergio Moro"},"content":{"rendered":"\n<p class=\"wp-block-paragraph\">O isolamento social em vigor no Brasil diminuiu o tr\u00e1fego de ve\u00edculos nas estradas e, com isso, ca\u00edram tamb\u00e9m os n\u00fameros relacionados a roubo de carga e acidentes nas rodoviais federais. Os dados foram informados pelo ministro da Justi\u00e7a e Seguran\u00e7a P\u00fablica, Sergio Moro, em coletiva de imprensa nesta\u00a0segunda-feira (13\/4\/2020), no Pal\u00e1cio do Planalto, para atualizar\u00a0as a\u00e7\u00f5es do governo federal relacionadas \u00e0 pandemia do novo coronav\u00edrus.\u00a0<\/p>\n\n\n\n<p class=\"wp-block-paragraph\">Segundo Moro, citando dados da Pol\u00edcia Rodovi\u00e1ria Federal (PRF), os roubos de carga ca\u00edram 19%, entre os dias&nbsp;11 de mar\u00e7o e&nbsp;12 de abril&nbsp;deste ano, na compara\u00e7\u00e3o com o mesmo per\u00edodo do ano passado. A queda no roubo a \u00f4nibus foi ainda maior: 49%, segundo a mesma compara\u00e7\u00e3o. O n\u00famero de acidentes nas rodoviais federais caiu 28%. No caso dos acidentes graves, a redu\u00e7\u00e3o foi de 23%. O n\u00famero de \u00f3bitos no \u00faltimo m\u00eas caiu 7% em rela\u00e7\u00e3o a 2019 e o de pessoas feridas nos acidentes registrou queda de 30%.&nbsp;&nbsp;<\/p>\n\n\n\n<p class=\"wp-block-paragraph\">&#8220;Isso pode ser atribu\u00eddo \u00e0 diminui\u00e7\u00e3o do tr\u00e1fego nas rodovias federais, que&nbsp;gera dificuldades log\u00edsticas e de planejamento a esses criminosos&#8221;, disse o ministro. Moro destacou que a redu\u00e7\u00e3o do n\u00famero de mortes e pessoas feridas tamb\u00e9m diminuiu a press\u00e3o sobre o sistema de sa\u00fade, j\u00e1 que reduz a demanda, por exemplo, por leitos de unidades de terapia intensiva (UTIs), essenciais na hospitaliza\u00e7\u00e3o de pessoas infectadas por covid-19.&nbsp;<\/p>\n\n\n\n<h2 class=\"wp-block-heading\">Criminalidade<\/h2>\n\n\n\n<p class=\"wp-block-paragraph\">Sobre os \u00edndices de criminalidade, em geral, o ministro Sergio Moro disse que tem recebido informes diferentes dos estados, alguns com aumento da criminalidade e outros com registro de queda, e que ainda n\u00e3o \u00e9 poss\u00edvel concluir se, durante a pandemia, as estat\u00edsticas de viol\u00eancia ser\u00e3o, de fato, reduzidas no pa\u00eds. A preocupa\u00e7\u00e3o, segundo ele, \u00e9 com a pr\u00e1tica de outros tipos de crime, principalmente pela internet, os chamados crimes cibern\u00e9ticos. Sobre isso, Moro disse que a atua\u00e7\u00e3o da pasta \u00e9 prestar apoio, via Pol\u00edcia Federal, para prevenir fraudes, por exemplo, no programa de aux\u00edlio emergencial a trabalhadores informais.&nbsp;&nbsp;<\/p>\n\n\n\n<p class=\"wp-block-paragraph\">&#8220;Estamos direcionando a a\u00e7\u00e3o da Pol\u00edcia Federal para uma atua\u00e7\u00e3o proativa juntamente com a&nbsp;Caixa Econ\u00f4mica Federal e o Minist\u00e9rio da Cidadania para prevenir que este importante instrumento de transfer\u00eancia de renda seja submetido a fraude por pessoas inescrupulosas nesse momento&#8221;, afirmou.<\/p>\n\n\n\n<h2 class=\"wp-block-heading\">Sistema penitenci\u00e1rio<\/h2>\n\n\n\n<p class=\"wp-block-paragraph\">Sergio Moro tamb\u00e9m comentou sobre a infec\u00e7\u00e3o de detentos pelo novo coronav\u00edrus. Nos \u00faltimos dias, foram registrados casos no Distrito Federal (DF), no Par\u00e1 e no Cear\u00e1. No caso do DF, j\u00e1 subiu para 23 o n\u00famero de presos infectados e para 20 o de agentes penitenci\u00e1rios diagnosticados com a covid-19, segundo a \u00faltima atualiza\u00e7\u00e3o da Subsecretaria do Sistema Penitenci\u00e1rio (Sesipe).&nbsp;<\/p>\n\n\n\n<p class=\"wp-block-paragraph\">&#8220;A situa\u00e7\u00e3o se encontra ainda absolutamente sob controle, tomando cuidados necess\u00e1rios para que, se forem encontrados presos com sintomas ou positivados com a infec\u00e7\u00e3o, eles sejam isolados&#8221;, afirmou o ministro.<\/p>\n\n\n\n<p class=\"wp-block-paragraph\">Segundo o Minist\u00e9rio da Justi\u00e7a, a popula\u00e7\u00e3o carcer\u00e1ria do Brasil \u00e9 de 752 mil detentos em 1.412 unidades prisionais. Quinze mil est\u00e3o presos em delegacias. O sistema tamb\u00e9m conta com 7.344 profissionais de sa\u00fade e 83 mil servidores prisionais.&nbsp; &nbsp;<\/p>\n\n\n\n<p class=\"wp-block-paragraph\">No caso de novas pessoas presas pela pol\u00edcia em meio \u00e0 pandemia, o ministro explicou que o protocolo que tem sido adotado pelas for\u00e7as de seguran\u00e7a estaduais e federais \u00e9 a separa\u00e7\u00e3o desses detentos para um per\u00edodo de quarentena em espa\u00e7os carcer\u00e1rios espec\u00edficos, antes que eles possam conviver com os demais detentos que est\u00e3o encarcerados h\u00e1 mais tempo.\u00a0<\/p>\n\n\n\n<p class=\"has-background has-very-light-gray-background-color wp-block-paragraph\">Quer saber as not\u00edcias do <strong>Aconteceu no Vale<\/strong> em primeira m\u00e3o? Siga-nos no Facebook <a rel=\"noreferrer noopener\" href=\"http:\/\/facebook.com\/aconteceunovale\" target=\"_blank\">@aconteceunovale<\/a>, Twitter <a rel=\"noreferrer noopener\" href=\"https:\/\/twitter.com\/noticiadosvales\" target=\"_blank\">@noticiadosvales<\/a> e Instagram <a rel=\"noreferrer noopener\" href=\"https:\/\/www.instagram.com\/aconteceunovale\" target=\"_blank\">@aconteceunovale<\/a>.<\/p>\n","protected":false},"excerpt":{"rendered":"<p>O isolamento social em vigor no Brasil diminuiu o tr\u00e1fego de ve\u00edculos nas estradas e, com isso, ca\u00edram tamb\u00e9m os n\u00fameros relacionados a roubo de carga e acidentes nas rodoviais federais. Os dados foram informados pelo ministro da Justi\u00e7a e Seguran\u00e7a P\u00fablica, Sergio Moro, em coletiva de imprensa nesta\u00a0segunda-feira (13\/4\/2020), no Pal\u00e1cio do Planalto, para [&hellip;]<\/p>\n","protected":false},"author":1,"featured_media":160954,"comment_status":"open","ping_status":"closed","sticky":false,"template":"","format":"standard","meta":{"amp_status":"","footnotes":""},"categories":[6],"tags":[219712,214884,216498,218364,219713,219716,218365,219715,35052,219714],"class_list":["post-160953","post","type-post","status-publish","format-standard","has-post-thumbnail","hentry","category-br","tag-acidentes-e-roubos-de-carga-em-rodovias-caem-no-brasil","tag-coronavirus","tag-covid-19","tag-isolamento-social","tag-isolamento-social-no-brasil","tag-justica-e-seguranca-publica","tag-pandemia-do-coronavirus","tag-roubo-de-cargas-no-brasil","tag-sergio-moro","tag-trafego-de-veiculos-no-brasil"],"yoast_head":"<!-- This site is optimized with the Yoast SEO plugin v28.3 - https:\/\/yoast.com\/product\/yoast-seo-wordpress\/ -->\n<title>Acidentes e roubos de carga em rodovias caem no Brasil, diz Sergio Moro - Aconteceu no Vale<\/title>\n<meta name=\"robots\" content=\"index, follow, max-snippet:-1, max-image-preview:large, max-video-preview:-1\" \/>\n<link rel=\"canonical\" href=\"https:\/\/aconteceunovale.com.br\/portal\/?p=160953\" \/>\n<meta property=\"og:locale\" content=\"pt_BR\" \/>\n<meta property=\"og:type\" content=\"article\" \/>\n<meta property=\"og:title\" content=\"Acidentes e roubos de carga em rodovias caem no Brasil, diz Sergio Moro - Aconteceu no Vale\" \/>\n<meta property=\"og:description\" content=\"O isolamento social em vigor no Brasil diminuiu o tr\u00e1fego de ve\u00edculos nas estradas e, com isso, ca\u00edram tamb\u00e9m os n\u00fameros relacionados a roubo de carga e acidentes nas rodoviais federais. Os dados foram informados pelo ministro da Justi\u00e7a e Seguran\u00e7a P\u00fablica, Sergio Moro, em coletiva de imprensa nesta\u00a0segunda-feira (13\/4\/2020), no Pal\u00e1cio do Planalto, para [&hellip;]\" \/>\n<meta property=\"og:url\" content=\"https:\/\/aconteceunovale.com.br\/portal\/?p=160953\" \/>\n<meta property=\"og:site_name\" content=\"Aconteceu no Vale\" \/>\n<meta property=\"article:publisher\" content=\"https:\/\/www.facebook.com\/aconteceunovale\/\" \/>\n<meta property=\"article:published_time\" content=\"2020-04-13T23:51:39+00:00\" \/>\n<meta property=\"article:modified_time\" content=\"2020-04-13T23:52:17+00:00\" \/>\n<meta property=\"og:image\" content=\"https:\/\/aconteceunovale.com.br\/portal\/wp-content\/uploads\/2020\/04\/ministro_moro.jpg\" \/>\n\t<meta property=\"og:image:width\" content=\"678\" \/>\n\t<meta property=\"og:image:height\" content=\"406\" \/>\n\t<meta property=\"og:image:type\" content=\"image\/jpeg\" \/>\n<meta name=\"author\" content=\"Aconteceu no Vale\" \/>\n<meta name=\"twitter:card\" content=\"summary_large_image\" \/>\n<meta name=\"twitter:creator\" content=\"@noticiadosvales\" \/>\n<meta name=\"twitter:site\" content=\"@noticiadosvales\" \/>\n<meta name=\"twitter:label1\" content=\"Escrito por\" \/>\n\t<meta name=\"twitter:data1\" content=\"Aconteceu no Vale\" \/>\n\t<meta name=\"twitter:label2\" content=\"Est. tempo de leitura\" \/>\n\t<meta name=\"twitter:data2\" content=\"3 minutos\" \/>\n<script type=\"application\/ld+json\" class=\"yoast-schema-graph\">{\"@context\":\"https:\\\/\\\/schema.org\",\"@graph\":[{\"@type\":\"Article\",\"@id\":\"https:\\\/\\\/aconteceunovale.com.br\\\/portal\\\/?p=160953#article\",\"isPartOf\":{\"@id\":\"https:\\\/\\\/aconteceunovale.com.br\\\/portal\\\/?p=160953\"},\"author\":{\"name\":\"Aconteceu no Vale\",\"@id\":\"https:\\\/\\\/aconteceunovale.com.br\\\/portal\\\/#\\\/schema\\\/person\\\/633529146f2c94272bef50ac2953d589\"},\"headline\":\"Acidentes e roubos de carga em rodovias caem no Brasil, diz Sergio Moro\",\"datePublished\":\"2020-04-13T23:51:39+00:00\",\"dateModified\":\"2020-04-13T23:52:17+00:00\",\"mainEntityOfPage\":{\"@id\":\"https:\\\/\\\/aconteceunovale.com.br\\\/portal\\\/?p=160953\"},\"wordCount\":663,\"commentCount\":0,\"image\":{\"@id\":\"https:\\\/\\\/aconteceunovale.com.br\\\/portal\\\/?p=160953#primaryimage\"},\"thumbnailUrl\":\"https:\\\/\\\/aconteceunovale.com.br\\\/portal\\\/wp-content\\\/uploads\\\/2020\\\/04\\\/ministro_moro.jpg\",\"keywords\":[\"Acidentes e roubos de carga em rodovias caem no Brasil\",\"Coronav\u00edrus\",\"COVID-19\",\"Isolamento social\",\"Isolamento social no Brasil\",\"Justi\u00e7a e Seguran\u00e7a P\u00fablica\",\"Pandemia do coronav\u00edrus\",\"Roubo de cargas no Brasil\",\"Sergio Moro\",\"Tr\u00e1fego de ve\u00edculos no Brasil\"],\"articleSection\":[\"Brasil\"],\"inLanguage\":\"pt-BR\",\"potentialAction\":[{\"@type\":\"CommentAction\",\"name\":\"Comment\",\"target\":[\"https:\\\/\\\/aconteceunovale.com.br\\\/portal\\\/?p=160953#respond\"]}]},{\"@type\":\"WebPage\",\"@id\":\"https:\\\/\\\/aconteceunovale.com.br\\\/portal\\\/?p=160953\",\"url\":\"https:\\\/\\\/aconteceunovale.com.br\\\/portal\\\/?p=160953\",\"name\":\"Acidentes e roubos de carga em rodovias caem no Brasil, diz Sergio Moro - Aconteceu no Vale\",\"isPartOf\":{\"@id\":\"https:\\\/\\\/aconteceunovale.com.br\\\/portal\\\/#website\"},\"primaryImageOfPage\":{\"@id\":\"https:\\\/\\\/aconteceunovale.com.br\\\/portal\\\/?p=160953#primaryimage\"},\"image\":{\"@id\":\"https:\\\/\\\/aconteceunovale.com.br\\\/portal\\\/?p=160953#primaryimage\"},\"thumbnailUrl\":\"https:\\\/\\\/aconteceunovale.com.br\\\/portal\\\/wp-content\\\/uploads\\\/2020\\\/04\\\/ministro_moro.jpg\",\"datePublished\":\"2020-04-13T23:51:39+00:00\",\"dateModified\":\"2020-04-13T23:52:17+00:00\",\"author\":{\"@id\":\"https:\\\/\\\/aconteceunovale.com.br\\\/portal\\\/#\\\/schema\\\/person\\\/633529146f2c94272bef50ac2953d589\"},\"breadcrumb\":{\"@id\":\"https:\\\/\\\/aconteceunovale.com.br\\\/portal\\\/?p=160953#breadcrumb\"},\"inLanguage\":\"pt-BR\",\"potentialAction\":[{\"@type\":\"ReadAction\",\"target\":[\"https:\\\/\\\/aconteceunovale.com.br\\\/portal\\\/?p=160953\"]}]},{\"@type\":\"ImageObject\",\"inLanguage\":\"pt-BR\",\"@id\":\"https:\\\/\\\/aconteceunovale.com.br\\\/portal\\\/?p=160953#primaryimage\",\"url\":\"https:\\\/\\\/aconteceunovale.com.br\\\/portal\\\/wp-content\\\/uploads\\\/2020\\\/04\\\/ministro_moro.jpg\",\"contentUrl\":\"https:\\\/\\\/aconteceunovale.com.br\\\/portal\\\/wp-content\\\/uploads\\\/2020\\\/04\\\/ministro_moro.jpg\",\"width\":678,\"height\":406,\"caption\":\"O ministro da Justi\u00e7a e Seguran\u00e7a P\u00fablica, Sergio Moro, participa de coletiva de imprensa no Pal\u00e1cio do Planalto\"},{\"@type\":\"BreadcrumbList\",\"@id\":\"https:\\\/\\\/aconteceunovale.com.br\\\/portal\\\/?p=160953#breadcrumb\",\"itemListElement\":[{\"@type\":\"ListItem\",\"position\":1,\"name\":\"In\u00edcio\",\"item\":\"https:\\\/\\\/aconteceunovale.com.br\\\/portal\\\/\"},{\"@type\":\"ListItem\",\"position\":2,\"name\":\"Acidentes e roubos de carga em rodovias caem no Brasil, diz Sergio Moro\"}]},{\"@type\":\"WebSite\",\"@id\":\"https:\\\/\\\/aconteceunovale.com.br\\\/portal\\\/#website\",\"url\":\"https:\\\/\\\/aconteceunovale.com.br\\\/portal\\\/\",\"name\":\"Aconteceu no Vale\",\"description\":\"Portal de Not\u00edcias\",\"potentialAction\":[{\"@type\":\"SearchAction\",\"target\":{\"@type\":\"EntryPoint\",\"urlTemplate\":\"https:\\\/\\\/aconteceunovale.com.br\\\/portal\\\/?s={search_term_string}\"},\"query-input\":{\"@type\":\"PropertyValueSpecification\",\"valueRequired\":true,\"valueName\":\"search_term_string\"}}],\"inLanguage\":\"pt-BR\"},{\"@type\":\"Person\",\"@id\":\"https:\\\/\\\/aconteceunovale.com.br\\\/portal\\\/#\\\/schema\\\/person\\\/633529146f2c94272bef50ac2953d589\",\"name\":\"Aconteceu no Vale\",\"description\":\"Equipe de reportagem do Aconteceu no Vale, portal de not\u00edcias do Vale do Jequitinhonha, em Minas Gerais. Cobrimos as 51 cidades do Vale desde 2013. Sugest\u00f5es de pauta e pedidos de corre\u00e7\u00e3o: contato@aconteceunovale.com.br\",\"sameAs\":[\"http:\\\/\\\/www.aconteceunovale.com.br\"],\"url\":\"https:\\\/\\\/aconteceunovale.com.br\\\/portal\\\/?author=1\"}]}<\/script>\n<!-- \/ Yoast SEO plugin. -->","yoast_head_json":{"title":"Acidentes e roubos de carga em rodovias caem no Brasil, diz Sergio Moro - Aconteceu no Vale","robots":{"index":"index","follow":"follow","max-snippet":"max-snippet:-1","max-image-preview":"max-image-preview:large","max-video-preview":"max-video-preview:-1"},"canonical":"https:\/\/aconteceunovale.com.br\/portal\/?p=160953","og_locale":"pt_BR","og_type":"article","og_title":"Acidentes e roubos de carga em rodovias caem no Brasil, diz Sergio Moro - Aconteceu no Vale","og_description":"O isolamento social em vigor no Brasil diminuiu o tr\u00e1fego de ve\u00edculos nas estradas e, com isso, ca\u00edram tamb\u00e9m os n\u00fameros relacionados a roubo de carga e acidentes nas rodoviais federais. Os dados foram informados pelo ministro da Justi\u00e7a e Seguran\u00e7a P\u00fablica, Sergio Moro, em coletiva de imprensa nesta\u00a0segunda-feira (13\/4\/2020), no Pal\u00e1cio do Planalto, para [&hellip;]","og_url":"https:\/\/aconteceunovale.com.br\/portal\/?p=160953","og_site_name":"Aconteceu no Vale","article_publisher":"https:\/\/www.facebook.com\/aconteceunovale\/","article_published_time":"2020-04-13T23:51:39+00:00","article_modified_time":"2020-04-13T23:52:17+00:00","og_image":[{"width":678,"height":406,"url":"https:\/\/aconteceunovale.com.br\/portal\/wp-content\/uploads\/2020\/04\/ministro_moro.jpg","type":"image\/jpeg"}],"author":"Aconteceu no Vale","twitter_card":"summary_large_image","twitter_creator":"@noticiadosvales","twitter_site":"@noticiadosvales","twitter_misc":{"Escrito por":"Aconteceu no Vale","Est. tempo de leitura":"3 minutos"},"schema":{"@context":"https:\/\/schema.org","@graph":[{"@type":"Article","@id":"https:\/\/aconteceunovale.com.br\/portal\/?p=160953#article","isPartOf":{"@id":"https:\/\/aconteceunovale.com.br\/portal\/?p=160953"},"author":{"name":"Aconteceu no Vale","@id":"https:\/\/aconteceunovale.com.br\/portal\/#\/schema\/person\/633529146f2c94272bef50ac2953d589"},"headline":"Acidentes e roubos de carga em rodovias caem no Brasil, diz Sergio Moro","datePublished":"2020-04-13T23:51:39+00:00","dateModified":"2020-04-13T23:52:17+00:00","mainEntityOfPage":{"@id":"https:\/\/aconteceunovale.com.br\/portal\/?p=160953"},"wordCount":663,"commentCount":0,"image":{"@id":"https:\/\/aconteceunovale.com.br\/portal\/?p=160953#primaryimage"},"thumbnailUrl":"https:\/\/aconteceunovale.com.br\/portal\/wp-content\/uploads\/2020\/04\/ministro_moro.jpg","keywords":["Acidentes e roubos de carga em rodovias caem no Brasil","Coronav\u00edrus","COVID-19","Isolamento social","Isolamento social no Brasil","Justi\u00e7a e Seguran\u00e7a P\u00fablica","Pandemia do coronav\u00edrus","Roubo de cargas no Brasil","Sergio Moro","Tr\u00e1fego de ve\u00edculos no Brasil"],"articleSection":["Brasil"],"inLanguage":"pt-BR","potentialAction":[{"@type":"CommentAction","name":"Comment","target":["https:\/\/aconteceunovale.com.br\/portal\/?p=160953#respond"]}]},{"@type":"WebPage","@id":"https:\/\/aconteceunovale.com.br\/portal\/?p=160953","url":"https:\/\/aconteceunovale.com.br\/portal\/?p=160953","name":"Acidentes e roubos de carga em rodovias caem no Brasil, diz Sergio Moro - Aconteceu no Vale","isPartOf":{"@id":"https:\/\/aconteceunovale.com.br\/portal\/#website"},"primaryImageOfPage":{"@id":"https:\/\/aconteceunovale.com.br\/portal\/?p=160953#primaryimage"},"image":{"@id":"https:\/\/aconteceunovale.com.br\/portal\/?p=160953#primaryimage"},"thumbnailUrl":"https:\/\/aconteceunovale.com.br\/portal\/wp-content\/uploads\/2020\/04\/ministro_moro.jpg","datePublished":"2020-04-13T23:51:39+00:00","dateModified":"2020-04-13T23:52:17+00:00","author":{"@id":"https:\/\/aconteceunovale.com.br\/portal\/#\/schema\/person\/633529146f2c94272bef50ac2953d589"},"breadcrumb":{"@id":"https:\/\/aconteceunovale.com.br\/portal\/?p=160953#breadcrumb"},"inLanguage":"pt-BR","potentialAction":[{"@type":"ReadAction","target":["https:\/\/aconteceunovale.com.br\/portal\/?p=160953"]}]},{"@type":"ImageObject","inLanguage":"pt-BR","@id":"https:\/\/aconteceunovale.com.br\/portal\/?p=160953#primaryimage","url":"https:\/\/aconteceunovale.com.br\/portal\/wp-content\/uploads\/2020\/04\/ministro_moro.jpg","contentUrl":"https:\/\/aconteceunovale.com.br\/portal\/wp-content\/uploads\/2020\/04\/ministro_moro.jpg","width":678,"height":406,"caption":"O ministro da Justi\u00e7a e Seguran\u00e7a P\u00fablica, Sergio Moro, participa de coletiva de imprensa no Pal\u00e1cio do Planalto"},{"@type":"BreadcrumbList","@id":"https:\/\/aconteceunovale.com.br\/portal\/?p=160953#breadcrumb","itemListElement":[{"@type":"ListItem","position":1,"name":"In\u00edcio","item":"https:\/\/aconteceunovale.com.br\/portal\/"},{"@type":"ListItem","position":2,"name":"Acidentes e roubos de carga em rodovias caem no Brasil, diz Sergio Moro"}]},{"@type":"WebSite","@id":"https:\/\/aconteceunovale.com.br\/portal\/#website","url":"https:\/\/aconteceunovale.com.br\/portal\/","name":"Aconteceu no Vale","description":"Portal de Not\u00edcias","potentialAction":[{"@type":"SearchAction","target":{"@type":"EntryPoint","urlTemplate":"https:\/\/aconteceunovale.com.br\/portal\/?s={search_term_string}"},"query-input":{"@type":"PropertyValueSpecification","valueRequired":true,"valueName":"search_term_string"}}],"inLanguage":"pt-BR"},{"@type":"Person","@id":"https:\/\/aconteceunovale.com.br\/portal\/#\/schema\/person\/633529146f2c94272bef50ac2953d589","name":"Aconteceu no Vale","description":"Equipe de reportagem do Aconteceu no Vale, portal de not\u00edcias do Vale do Jequitinhonha, em Minas Gerais. Cobrimos as 51 cidades do Vale desde 2013. Sugest\u00f5es de pauta e pedidos de corre\u00e7\u00e3o: contato@aconteceunovale.com.br","sameAs":["http:\/\/www.aconteceunovale.com.br"],"url":"https:\/\/aconteceunovale.com.br\/portal\/?author=1"}]}},"_links":{"self":[{"href":"https:\/\/aconteceunovale.com.br\/portal\/index.php?rest_route=\/wp\/v2\/posts\/160953","targetHints":{"allow":["GET"]}}],"collection":[{"href":"https:\/\/aconteceunovale.com.br\/portal\/index.php?rest_route=\/wp\/v2\/posts"}],"about":[{"href":"https:\/\/aconteceunovale.com.br\/portal\/index.php?rest_route=\/wp\/v2\/types\/post"}],"author":[{"embeddable":true,"href":"https:\/\/aconteceunovale.com.br\/portal\/index.php?rest_route=\/wp\/v2\/users\/1"}],"replies":[{"embeddable":true,"href":"https:\/\/aconteceunovale.com.br\/portal\/index.php?rest_route=%2Fwp%2Fv2%2Fcomments&post=160953"}],"version-history":[{"count":1,"href":"https:\/\/aconteceunovale.com.br\/portal\/index.php?rest_route=\/wp\/v2\/posts\/160953\/revisions"}],"predecessor-version":[{"id":160955,"href":"https:\/\/aconteceunovale.com.br\/portal\/index.php?rest_route=\/wp\/v2\/posts\/160953\/revisions\/160955"}],"wp:featuredmedia":[{"embeddable":true,"href":"https:\/\/aconteceunovale.com.br\/portal\/index.php?rest_route=\/wp\/v2\/media\/160954"}],"wp:attachment":[{"href":"https:\/\/aconteceunovale.com.br\/portal\/index.php?rest_route=%2Fwp%2Fv2%2Fmedia&parent=160953"}],"wp:term":[{"taxonomy":"category","embeddable":true,"href":"https:\/\/aconteceunovale.com.br\/portal\/index.php?rest_route=%2Fwp%2Fv2%2Fcategories&post=160953"},{"taxonomy":"post_tag","embeddable":true,"href":"https:\/\/aconteceunovale.com.br\/portal\/index.php?rest_route=%2Fwp%2Fv2%2Ftags&post=160953"}],"curies":[{"name":"wp","href":"https:\/\/api.w.org\/{rel}","templated":true}]}}