{"id":160951,"date":"2020-04-13T20:46:54","date_gmt":"2020-04-13T23:46:54","guid":{"rendered":"http:\/\/aconteceunovale.com.br\/portal\/?p=160951"},"modified":"2020-04-13T20:47:14","modified_gmt":"2020-04-13T23:47:14","slug":"medidas-provisorias-de-contratos-trabalhistas-preservaram-mais-de-1-milhao-de-empregos-diz-secretario","status":"publish","type":"post","link":"https:\/\/aconteceunovale.com.br\/portal\/?p=160951","title":{"rendered":"Medidas provis\u00f3rias de contratos trabalhistas preservaram mais de 1 milh\u00e3o de empregos, diz secret\u00e1rio"},"content":{"rendered":"\n<p class=\"wp-block-paragraph\">As medidas provis\u00f3rias que flexibilizaram os contratos trabalhistas durante a pandemia de coronav\u00edrus permitiram a preserva\u00e7\u00e3o de mais de 1 milh\u00e3o de empregos at\u00e9 agora, disse hoje (13\/4\/2020) \u00e0 noite o secret\u00e1rio especial de Previd\u00eancia e Trabalho do minist\u00e9rio da Economia, Bruno Bianco. Segundo ele, o governo lan\u00e7ar\u00e1, amanh\u00e3 (14) ou quarta-feira (15), uma p\u00e1gina na internet com os n\u00fameros atualizados de postos de trabalho preservados.<\/p>\n\n\n\n<p class=\"wp-block-paragraph\">O&nbsp;<em>site<\/em>&nbsp;tamb\u00e9m ter\u00e1 o n\u00famero de acordos individuais e coletivos que permitem a suspens\u00e3o do contrato de trabalho ou a redu\u00e7\u00e3o de jornada com redu\u00e7\u00e3o proporcional de sal\u00e1rios. \u201cO objetivo \u00e9 quantificar esse processo&nbsp;<em>online<\/em>. Colocaremos ali, todos os dias, quantos empregos est\u00e3o sendo preservados\u201d, disse Bianco, que apelidou o novo&nbsp;<em>site<\/em>&nbsp;de &#8220;Empreg\u00f4metro&#8221;.<\/p>\n\n\n\n<p class=\"wp-block-paragraph\">Bianco classificou de \u201cexcelente\u201d a decis\u00e3o do ministro do Supremo Tribunal Federal (STF), Ricardo Lewandowski, que considerou legais e com efeito imediato os acordos individuais fechados com base na Medida Provis\u00f3ria 936, que criou o Programa Emergencial de Manuten\u00e7\u00e3o do Emprego e da Renda. Segundo o secret\u00e1rio especial, trabalhadores e empregadores ter\u00e3o seguran\u00e7a jur\u00eddica para fecharem os acordos.<\/p>\n\n\n\n<p class=\"wp-block-paragraph\">\u201cEsse \u00e9 um importante momento pelo qual passamos, que d\u00e1 ainda mais seguran\u00e7a jur\u00eddica ao processo. Estamos convictos de que a MP [medida provis\u00f3ria] \u00e9 segura do ponto de vista jur\u00eddico e constitucional. Agora temos o crivo de um ministro do STF dando ainda mais seguran\u00e7a jur\u00eddica\u201d, declarou.<\/p>\n\n\n\n<p class=\"wp-block-paragraph\">Pela decis\u00e3o de Lewandowski, os acordos individuais fechados dentro das faixas de sal\u00e1rio estabelecidas pela medida provis\u00f3ria s\u00e3o leg\u00edtimos e t\u00eam validade imediata. Caso o sindicato da categoria do empregado feche um acordo coletivo, este se sobrepor\u00e1 ao acerto individual.<\/p>\n\n\n\n<p class=\"wp-block-paragraph\">H\u00e1 dez dias, o pr\u00f3prio Lewandowski tinha decidido que as empresas tinham dez dias para notificarem os sindicatos da inten\u00e7\u00e3o de suspender contratos e de promover cortes salariais. No entanto, n\u00e3o estava claro se os acordos individuais perderiam a validade. Nesta quinta-feira (16), o plen\u00e1rio do STF julgar\u00e1 a a\u00e7\u00e3o, movida pelo partido Rede.<\/p>\n\n\n\n<h2 class=\"wp-block-heading\">Detalhamento<\/h2>\n\n\n\n<p class=\"wp-block-paragraph\">A Medida Provis\u00f3ria 927 introduziu a antecipa\u00e7\u00e3o de f\u00e9rias, definiu crit\u00e9rios para o teletrabalho, o desconto do banco de horas e permitiu a suspens\u00e3o dos pagamentos para o Fundo de Garantia do Tempo de Servi\u00e7o (FGTS), durante a pandemia de coronav\u00edrus. A MP 936 disp\u00f4s sobre a suspens\u00e3o de contratos de trabalho e a redu\u00e7\u00e3o de jornada e de sal\u00e1rio, com a complementa\u00e7\u00e3o de parte do seguro-desemprego para o trabalhador.<\/p>\n\n\n\n<p class=\"wp-block-paragraph\">At\u00e9 quarta-feira, o governo publicar\u00e1 uma portaria detalhando a tramita\u00e7\u00e3o dos acordos individuais ou coletivos dentro do Minist\u00e9rio da Economia e pagamento de um percentual do seguro-desemprego. Bruno Bianco prometeu explicar o processo, que ser\u00e1 automatizado, assim que a portaria for editada, mas o subsecret\u00e1rio de Pol\u00edticas P\u00fablicas de Trabalho, Sylvio Eug\u00eanio, adiantou alguns detalhes.<\/p>\n\n\n\n<p class=\"wp-block-paragraph\">Segundo Eug\u00eanio, o empregador \u2013 dom\u00e9stico, pessoa f\u00edsica ou pessoa jur\u00eddica \u2013&nbsp;<a href=\"https:\/\/servicos.mte.gov.br\/bem\" target=\"_blank\" rel=\"noreferrer noopener\">dever\u00e1 entrar no&nbsp;<em>site<\/em><\/a>&nbsp;para informar os acordos individuais e coletivos fechados. Cada tipo de empregador receber\u00e1 as instru\u00e7\u00f5es e ser\u00e1 encaminhado a um ambiente para enviar o texto do acordo.<\/p>\n\n\n\n<p class=\"wp-block-paragraph\">Tanto o trabalhador como o patr\u00e3o poder\u00e3o acompanhar, por meio da p\u00e1gina, o processamento do benef\u00edcio do seguro-desemprego. O subsecret\u00e1rio informou que, em breve, a situa\u00e7\u00e3o do pagamento emergencial poder\u00e1 ser acompanhada por meio do aplicativo e do&nbsp;<em>site<\/em>&nbsp;da&nbsp;<a href=\"https:\/\/empregabrasil.mte.gov.br\/carteira-de-trabalho-digital\/\" target=\"_blank\" rel=\"noreferrer noopener\">Carteira de Trabalho Digital<\/a>.<\/p>\n\n\n\n<h2 class=\"wp-block-heading\">Pagamento<\/h2>\n\n\n\n<p class=\"wp-block-paragraph\">O valor do benef\u00edcio ser\u00e1 definido com base no seguro-desemprego a que o trabalhador tem direito no momento. Caber\u00e1 \u00e0 Caixa Econ\u00f4mica Federal e ao Banco do Brasil (BB) fazerem os pagamentos.<\/p>\n\n\n\n<p class=\"wp-block-paragraph\">Trabalhadores com conta na Caixa receber\u00e3o o benef\u00edcio no pr\u00f3prio banco. O trabalhador intermitente receber\u00e1 tr\u00eas parcelas de R$ 600, mesmo valor da renda b\u00e1sica emergencial, tamb\u00e9m por meio da Caixa.<\/p>\n\n\n\n<p class=\"wp-block-paragraph\">Os demais trabalhadores receber\u00e3o por meio do Banco do Brasil, que creditar\u00e1 o montante na conta de clientes do pr\u00f3prio banco ou far\u00e1 uma Transfer\u00eancia Eletr\u00f4nica Dispon\u00edvel (TED) para contas em outros bancos. Quem n\u00e3o tiver conta banc\u00e1ria receber\u00e1 uma carteira digital a ser aberta pelo BB, movimentada por aplicativo de celular.<\/p>\n\n\n\n<p class=\"wp-block-paragraph\">O benef\u00edcio vinculado ao seguro-desemprego come\u00e7ar\u00e1 a ser pago 30 dias a partir do in\u00edcio da data do acordo (coletivo ou individual) informada pelo empregador. Com a data repetindo-se todos os meses at\u00e9 completar 90 dias. Caso eventuais altera\u00e7\u00f5es no acordo sejam feitas a menos de dez dias do pagamento da parcela, o valor s\u00f3 ser\u00e1 ajustado no m\u00eas seguinte.<\/p>\n\n\n\n<p class=\"has-background has-very-light-gray-background-color wp-block-paragraph\">Quer saber as not\u00edcias do <strong>Aconteceu no Vale<\/strong> em primeira m\u00e3o? Siga-nos no Facebook <a rel=\"noreferrer noopener\" href=\"http:\/\/facebook.com\/aconteceunovale\" target=\"_blank\">@aconteceunovale<\/a>, Twitter <a rel=\"noreferrer noopener\" href=\"https:\/\/twitter.com\/noticiadosvales\" target=\"_blank\">@noticiadosvales<\/a> e Instagram <a rel=\"noreferrer noopener\" href=\"https:\/\/www.instagram.com\/aconteceunovale\" target=\"_blank\">@aconteceunovale<\/a>.<\/p>\n","protected":false},"excerpt":{"rendered":"<p>As medidas provis\u00f3rias que flexibilizaram os contratos trabalhistas durante a pandemia de coronav\u00edrus permitiram a preserva\u00e7\u00e3o de mais de 1 milh\u00e3o de empregos at\u00e9 agora, disse hoje (13\/4\/2020) \u00e0 noite o secret\u00e1rio especial de Previd\u00eancia e Trabalho do minist\u00e9rio da Economia, Bruno Bianco. Segundo ele, o governo lan\u00e7ar\u00e1, amanh\u00e3 (14) ou quarta-feira (15), uma p\u00e1gina [&hellip;]<\/p>\n","protected":false},"author":1,"featured_media":153080,"comment_status":"open","ping_status":"closed","sticky":false,"template":"","format":"standard","meta":{"amp_status":"","footnotes":""},"categories":[6,40236],"tags":[219708,219706,219709,219711,219710,219705,219707,28512],"class_list":["post-160951","post","type-post","status-publish","format-standard","has-post-thumbnail","hentry","category-br","category-empregos-2","tag-bruno-bianco","tag-contratos-trabalhistas","tag-empregometro","tag-flexibilizacao-dos-contratos-trabalhistas","tag-medidas-provisorias-de-contratos-trabalhistas-preservaram-mais-de-1-milhao-de-empregos","tag-preservacao-de-empregos","tag-previdencia-e-trabalho-do-ministerio-da-economia","tag-ricardo-lewandowski"],"yoast_head":"<!-- This site is optimized with the Yoast SEO plugin v28.3 - https:\/\/yoast.com\/product\/yoast-seo-wordpress\/ -->\n<title>Medidas provis\u00f3rias de contratos trabalhistas preservaram mais de 1 milh\u00e3o de empregos, diz secret\u00e1rio - Aconteceu no Vale<\/title>\n<meta name=\"robots\" content=\"index, follow, max-snippet:-1, max-image-preview:large, max-video-preview:-1\" \/>\n<link rel=\"canonical\" href=\"https:\/\/aconteceunovale.com.br\/portal\/?p=160951\" \/>\n<meta property=\"og:locale\" content=\"pt_BR\" \/>\n<meta property=\"og:type\" content=\"article\" \/>\n<meta property=\"og:title\" content=\"Medidas provis\u00f3rias de contratos trabalhistas preservaram mais de 1 milh\u00e3o de empregos, diz secret\u00e1rio - Aconteceu no Vale\" \/>\n<meta property=\"og:description\" content=\"As medidas provis\u00f3rias que flexibilizaram os contratos trabalhistas durante a pandemia de coronav\u00edrus permitiram a preserva\u00e7\u00e3o de mais de 1 milh\u00e3o de empregos at\u00e9 agora, disse hoje (13\/4\/2020) \u00e0 noite o secret\u00e1rio especial de Previd\u00eancia e Trabalho do minist\u00e9rio da Economia, Bruno Bianco. Segundo ele, o governo lan\u00e7ar\u00e1, amanh\u00e3 (14) ou quarta-feira (15), uma p\u00e1gina [&hellip;]\" \/>\n<meta property=\"og:url\" content=\"https:\/\/aconteceunovale.com.br\/portal\/?p=160951\" \/>\n<meta property=\"og:site_name\" content=\"Aconteceu no Vale\" \/>\n<meta property=\"article:publisher\" content=\"https:\/\/www.facebook.com\/aconteceunovale\/\" \/>\n<meta property=\"article:published_time\" content=\"2020-04-13T23:46:54+00:00\" \/>\n<meta property=\"article:modified_time\" content=\"2020-04-13T23:47:14+00:00\" \/>\n<meta property=\"og:image\" content=\"https:\/\/aconteceunovale.com.br\/portal\/wp-content\/uploads\/2019\/09\/ctps_digital_vigor.png\" \/>\n\t<meta property=\"og:image:width\" content=\"619\" \/>\n\t<meta property=\"og:image:height\" content=\"450\" \/>\n\t<meta property=\"og:image:type\" content=\"image\/png\" \/>\n<meta name=\"author\" content=\"Aconteceu no Vale\" \/>\n<meta name=\"twitter:card\" content=\"summary_large_image\" \/>\n<meta name=\"twitter:creator\" content=\"@noticiadosvales\" \/>\n<meta name=\"twitter:site\" content=\"@noticiadosvales\" \/>\n<meta name=\"twitter:label1\" content=\"Escrito por\" \/>\n\t<meta name=\"twitter:data1\" content=\"Aconteceu no Vale\" \/>\n\t<meta name=\"twitter:label2\" content=\"Est. tempo de leitura\" \/>\n\t<meta name=\"twitter:data2\" content=\"4 minutos\" \/>\n<script type=\"application\/ld+json\" class=\"yoast-schema-graph\">{\"@context\":\"https:\\\/\\\/schema.org\",\"@graph\":[{\"@type\":\"Article\",\"@id\":\"https:\\\/\\\/aconteceunovale.com.br\\\/portal\\\/?p=160951#article\",\"isPartOf\":{\"@id\":\"https:\\\/\\\/aconteceunovale.com.br\\\/portal\\\/?p=160951\"},\"author\":{\"name\":\"Aconteceu no Vale\",\"@id\":\"https:\\\/\\\/aconteceunovale.com.br\\\/portal\\\/#\\\/schema\\\/person\\\/633529146f2c94272bef50ac2953d589\"},\"headline\":\"Medidas provis\u00f3rias de contratos trabalhistas preservaram mais de 1 milh\u00e3o de empregos, diz secret\u00e1rio\",\"datePublished\":\"2020-04-13T23:46:54+00:00\",\"dateModified\":\"2020-04-13T23:47:14+00:00\",\"mainEntityOfPage\":{\"@id\":\"https:\\\/\\\/aconteceunovale.com.br\\\/portal\\\/?p=160951\"},\"wordCount\":832,\"commentCount\":0,\"image\":{\"@id\":\"https:\\\/\\\/aconteceunovale.com.br\\\/portal\\\/?p=160951#primaryimage\"},\"thumbnailUrl\":\"https:\\\/\\\/aconteceunovale.com.br\\\/portal\\\/wp-content\\\/uploads\\\/2019\\\/09\\\/ctps_digital_vigor.png\",\"keywords\":[\"Bruno Bianco\",\"Contratos trabalhistas\",\"Empreg\u00f4metro\",\"Flexibiliza\u00e7\u00e3o dos contratos trabalhistas\",\"Medidas provis\u00f3rias de contratos trabalhistas preservaram mais de 1 milh\u00e3o de empregos\",\"Preserva\u00e7\u00e3o de empregos\",\"Previd\u00eancia e Trabalho do minist\u00e9rio da Economia\",\"Ricardo Lewandowski\"],\"articleSection\":[\"Brasil\",\"Empregos\"],\"inLanguage\":\"pt-BR\",\"potentialAction\":[{\"@type\":\"CommentAction\",\"name\":\"Comment\",\"target\":[\"https:\\\/\\\/aconteceunovale.com.br\\\/portal\\\/?p=160951#respond\"]}]},{\"@type\":\"WebPage\",\"@id\":\"https:\\\/\\\/aconteceunovale.com.br\\\/portal\\\/?p=160951\",\"url\":\"https:\\\/\\\/aconteceunovale.com.br\\\/portal\\\/?p=160951\",\"name\":\"Medidas provis\u00f3rias de contratos trabalhistas preservaram mais de 1 milh\u00e3o de empregos, diz secret\u00e1rio - Aconteceu no Vale\",\"isPartOf\":{\"@id\":\"https:\\\/\\\/aconteceunovale.com.br\\\/portal\\\/#website\"},\"primaryImageOfPage\":{\"@id\":\"https:\\\/\\\/aconteceunovale.com.br\\\/portal\\\/?p=160951#primaryimage\"},\"image\":{\"@id\":\"https:\\\/\\\/aconteceunovale.com.br\\\/portal\\\/?p=160951#primaryimage\"},\"thumbnailUrl\":\"https:\\\/\\\/aconteceunovale.com.br\\\/portal\\\/wp-content\\\/uploads\\\/2019\\\/09\\\/ctps_digital_vigor.png\",\"datePublished\":\"2020-04-13T23:46:54+00:00\",\"dateModified\":\"2020-04-13T23:47:14+00:00\",\"author\":{\"@id\":\"https:\\\/\\\/aconteceunovale.com.br\\\/portal\\\/#\\\/schema\\\/person\\\/633529146f2c94272bef50ac2953d589\"},\"breadcrumb\":{\"@id\":\"https:\\\/\\\/aconteceunovale.com.br\\\/portal\\\/?p=160951#breadcrumb\"},\"inLanguage\":\"pt-BR\",\"potentialAction\":[{\"@type\":\"ReadAction\",\"target\":[\"https:\\\/\\\/aconteceunovale.com.br\\\/portal\\\/?p=160951\"]}]},{\"@type\":\"ImageObject\",\"inLanguage\":\"pt-BR\",\"@id\":\"https:\\\/\\\/aconteceunovale.com.br\\\/portal\\\/?p=160951#primaryimage\",\"url\":\"https:\\\/\\\/aconteceunovale.com.br\\\/portal\\\/wp-content\\\/uploads\\\/2019\\\/09\\\/ctps_digital_vigor.png\",\"contentUrl\":\"https:\\\/\\\/aconteceunovale.com.br\\\/portal\\\/wp-content\\\/uploads\\\/2019\\\/09\\\/ctps_digital_vigor.png\",\"width\":619,\"height\":450},{\"@type\":\"BreadcrumbList\",\"@id\":\"https:\\\/\\\/aconteceunovale.com.br\\\/portal\\\/?p=160951#breadcrumb\",\"itemListElement\":[{\"@type\":\"ListItem\",\"position\":1,\"name\":\"In\u00edcio\",\"item\":\"https:\\\/\\\/aconteceunovale.com.br\\\/portal\\\/\"},{\"@type\":\"ListItem\",\"position\":2,\"name\":\"Medidas provis\u00f3rias de contratos trabalhistas preservaram mais de 1 milh\u00e3o de empregos, diz secret\u00e1rio\"}]},{\"@type\":\"WebSite\",\"@id\":\"https:\\\/\\\/aconteceunovale.com.br\\\/portal\\\/#website\",\"url\":\"https:\\\/\\\/aconteceunovale.com.br\\\/portal\\\/\",\"name\":\"Aconteceu no Vale\",\"description\":\"Portal de Not\u00edcias\",\"potentialAction\":[{\"@type\":\"SearchAction\",\"target\":{\"@type\":\"EntryPoint\",\"urlTemplate\":\"https:\\\/\\\/aconteceunovale.com.br\\\/portal\\\/?s={search_term_string}\"},\"query-input\":{\"@type\":\"PropertyValueSpecification\",\"valueRequired\":true,\"valueName\":\"search_term_string\"}}],\"inLanguage\":\"pt-BR\"},{\"@type\":\"Person\",\"@id\":\"https:\\\/\\\/aconteceunovale.com.br\\\/portal\\\/#\\\/schema\\\/person\\\/633529146f2c94272bef50ac2953d589\",\"name\":\"Aconteceu no Vale\",\"description\":\"Equipe de reportagem do Aconteceu no Vale, portal de not\u00edcias do Vale do Jequitinhonha, em Minas Gerais. Cobrimos as 51 cidades do Vale desde 2013. Sugest\u00f5es de pauta e pedidos de corre\u00e7\u00e3o: contato@aconteceunovale.com.br\",\"sameAs\":[\"http:\\\/\\\/www.aconteceunovale.com.br\"],\"url\":\"https:\\\/\\\/aconteceunovale.com.br\\\/portal\\\/?author=1\"}]}<\/script>\n<!-- \/ Yoast SEO plugin. -->","yoast_head_json":{"title":"Medidas provis\u00f3rias de contratos trabalhistas preservaram mais de 1 milh\u00e3o de empregos, diz secret\u00e1rio - Aconteceu no Vale","robots":{"index":"index","follow":"follow","max-snippet":"max-snippet:-1","max-image-preview":"max-image-preview:large","max-video-preview":"max-video-preview:-1"},"canonical":"https:\/\/aconteceunovale.com.br\/portal\/?p=160951","og_locale":"pt_BR","og_type":"article","og_title":"Medidas provis\u00f3rias de contratos trabalhistas preservaram mais de 1 milh\u00e3o de empregos, diz secret\u00e1rio - Aconteceu no Vale","og_description":"As medidas provis\u00f3rias que flexibilizaram os contratos trabalhistas durante a pandemia de coronav\u00edrus permitiram a preserva\u00e7\u00e3o de mais de 1 milh\u00e3o de empregos at\u00e9 agora, disse hoje (13\/4\/2020) \u00e0 noite o secret\u00e1rio especial de Previd\u00eancia e Trabalho do minist\u00e9rio da Economia, Bruno Bianco. Segundo ele, o governo lan\u00e7ar\u00e1, amanh\u00e3 (14) ou quarta-feira (15), uma p\u00e1gina [&hellip;]","og_url":"https:\/\/aconteceunovale.com.br\/portal\/?p=160951","og_site_name":"Aconteceu no Vale","article_publisher":"https:\/\/www.facebook.com\/aconteceunovale\/","article_published_time":"2020-04-13T23:46:54+00:00","article_modified_time":"2020-04-13T23:47:14+00:00","og_image":[{"width":619,"height":450,"url":"https:\/\/aconteceunovale.com.br\/portal\/wp-content\/uploads\/2019\/09\/ctps_digital_vigor.png","type":"image\/png"}],"author":"Aconteceu no Vale","twitter_card":"summary_large_image","twitter_creator":"@noticiadosvales","twitter_site":"@noticiadosvales","twitter_misc":{"Escrito por":"Aconteceu no Vale","Est. tempo de leitura":"4 minutos"},"schema":{"@context":"https:\/\/schema.org","@graph":[{"@type":"Article","@id":"https:\/\/aconteceunovale.com.br\/portal\/?p=160951#article","isPartOf":{"@id":"https:\/\/aconteceunovale.com.br\/portal\/?p=160951"},"author":{"name":"Aconteceu no Vale","@id":"https:\/\/aconteceunovale.com.br\/portal\/#\/schema\/person\/633529146f2c94272bef50ac2953d589"},"headline":"Medidas provis\u00f3rias de contratos trabalhistas preservaram mais de 1 milh\u00e3o de empregos, diz secret\u00e1rio","datePublished":"2020-04-13T23:46:54+00:00","dateModified":"2020-04-13T23:47:14+00:00","mainEntityOfPage":{"@id":"https:\/\/aconteceunovale.com.br\/portal\/?p=160951"},"wordCount":832,"commentCount":0,"image":{"@id":"https:\/\/aconteceunovale.com.br\/portal\/?p=160951#primaryimage"},"thumbnailUrl":"https:\/\/aconteceunovale.com.br\/portal\/wp-content\/uploads\/2019\/09\/ctps_digital_vigor.png","keywords":["Bruno Bianco","Contratos trabalhistas","Empreg\u00f4metro","Flexibiliza\u00e7\u00e3o dos contratos trabalhistas","Medidas provis\u00f3rias de contratos trabalhistas preservaram mais de 1 milh\u00e3o de empregos","Preserva\u00e7\u00e3o de empregos","Previd\u00eancia e Trabalho do minist\u00e9rio da Economia","Ricardo Lewandowski"],"articleSection":["Brasil","Empregos"],"inLanguage":"pt-BR","potentialAction":[{"@type":"CommentAction","name":"Comment","target":["https:\/\/aconteceunovale.com.br\/portal\/?p=160951#respond"]}]},{"@type":"WebPage","@id":"https:\/\/aconteceunovale.com.br\/portal\/?p=160951","url":"https:\/\/aconteceunovale.com.br\/portal\/?p=160951","name":"Medidas provis\u00f3rias de contratos trabalhistas preservaram mais de 1 milh\u00e3o de empregos, diz secret\u00e1rio - Aconteceu no Vale","isPartOf":{"@id":"https:\/\/aconteceunovale.com.br\/portal\/#website"},"primaryImageOfPage":{"@id":"https:\/\/aconteceunovale.com.br\/portal\/?p=160951#primaryimage"},"image":{"@id":"https:\/\/aconteceunovale.com.br\/portal\/?p=160951#primaryimage"},"thumbnailUrl":"https:\/\/aconteceunovale.com.br\/portal\/wp-content\/uploads\/2019\/09\/ctps_digital_vigor.png","datePublished":"2020-04-13T23:46:54+00:00","dateModified":"2020-04-13T23:47:14+00:00","author":{"@id":"https:\/\/aconteceunovale.com.br\/portal\/#\/schema\/person\/633529146f2c94272bef50ac2953d589"},"breadcrumb":{"@id":"https:\/\/aconteceunovale.com.br\/portal\/?p=160951#breadcrumb"},"inLanguage":"pt-BR","potentialAction":[{"@type":"ReadAction","target":["https:\/\/aconteceunovale.com.br\/portal\/?p=160951"]}]},{"@type":"ImageObject","inLanguage":"pt-BR","@id":"https:\/\/aconteceunovale.com.br\/portal\/?p=160951#primaryimage","url":"https:\/\/aconteceunovale.com.br\/portal\/wp-content\/uploads\/2019\/09\/ctps_digital_vigor.png","contentUrl":"https:\/\/aconteceunovale.com.br\/portal\/wp-content\/uploads\/2019\/09\/ctps_digital_vigor.png","width":619,"height":450},{"@type":"BreadcrumbList","@id":"https:\/\/aconteceunovale.com.br\/portal\/?p=160951#breadcrumb","itemListElement":[{"@type":"ListItem","position":1,"name":"In\u00edcio","item":"https:\/\/aconteceunovale.com.br\/portal\/"},{"@type":"ListItem","position":2,"name":"Medidas provis\u00f3rias de contratos trabalhistas preservaram mais de 1 milh\u00e3o de empregos, diz secret\u00e1rio"}]},{"@type":"WebSite","@id":"https:\/\/aconteceunovale.com.br\/portal\/#website","url":"https:\/\/aconteceunovale.com.br\/portal\/","name":"Aconteceu no Vale","description":"Portal de Not\u00edcias","potentialAction":[{"@type":"SearchAction","target":{"@type":"EntryPoint","urlTemplate":"https:\/\/aconteceunovale.com.br\/portal\/?s={search_term_string}"},"query-input":{"@type":"PropertyValueSpecification","valueRequired":true,"valueName":"search_term_string"}}],"inLanguage":"pt-BR"},{"@type":"Person","@id":"https:\/\/aconteceunovale.com.br\/portal\/#\/schema\/person\/633529146f2c94272bef50ac2953d589","name":"Aconteceu no Vale","description":"Equipe de reportagem do Aconteceu no Vale, portal de not\u00edcias do Vale do Jequitinhonha, em Minas Gerais. Cobrimos as 51 cidades do Vale desde 2013. Sugest\u00f5es de pauta e pedidos de corre\u00e7\u00e3o: contato@aconteceunovale.com.br","sameAs":["http:\/\/www.aconteceunovale.com.br"],"url":"https:\/\/aconteceunovale.com.br\/portal\/?author=1"}]}},"_links":{"self":[{"href":"https:\/\/aconteceunovale.com.br\/portal\/index.php?rest_route=\/wp\/v2\/posts\/160951","targetHints":{"allow":["GET"]}}],"collection":[{"href":"https:\/\/aconteceunovale.com.br\/portal\/index.php?rest_route=\/wp\/v2\/posts"}],"about":[{"href":"https:\/\/aconteceunovale.com.br\/portal\/index.php?rest_route=\/wp\/v2\/types\/post"}],"author":[{"embeddable":true,"href":"https:\/\/aconteceunovale.com.br\/portal\/index.php?rest_route=\/wp\/v2\/users\/1"}],"replies":[{"embeddable":true,"href":"https:\/\/aconteceunovale.com.br\/portal\/index.php?rest_route=%2Fwp%2Fv2%2Fcomments&post=160951"}],"version-history":[{"count":1,"href":"https:\/\/aconteceunovale.com.br\/portal\/index.php?rest_route=\/wp\/v2\/posts\/160951\/revisions"}],"predecessor-version":[{"id":160952,"href":"https:\/\/aconteceunovale.com.br\/portal\/index.php?rest_route=\/wp\/v2\/posts\/160951\/revisions\/160952"}],"wp:featuredmedia":[{"embeddable":true,"href":"https:\/\/aconteceunovale.com.br\/portal\/index.php?rest_route=\/wp\/v2\/media\/153080"}],"wp:attachment":[{"href":"https:\/\/aconteceunovale.com.br\/portal\/index.php?rest_route=%2Fwp%2Fv2%2Fmedia&parent=160951"}],"wp:term":[{"taxonomy":"category","embeddable":true,"href":"https:\/\/aconteceunovale.com.br\/portal\/index.php?rest_route=%2Fwp%2Fv2%2Fcategories&post=160951"},{"taxonomy":"post_tag","embeddable":true,"href":"https:\/\/aconteceunovale.com.br\/portal\/index.php?rest_route=%2Fwp%2Fv2%2Ftags&post=160951"}],"curies":[{"name":"wp","href":"https:\/\/api.w.org\/{rel}","templated":true}]}}