{"id":160946,"date":"2020-04-13T20:05:54","date_gmt":"2020-04-13T23:05:54","guid":{"rendered":"http:\/\/aconteceunovale.com.br\/portal\/?p=160946"},"modified":"2020-04-13T20:06:27","modified_gmt":"2020-04-13T23:06:27","slug":"estudante-com-formatura-antecipada-nao-precisa-atuar-no-combate-ao-coronavirus","status":"publish","type":"post","link":"https:\/\/aconteceunovale.com.br\/portal\/?p=160946","title":{"rendered":"Estudante com formatura antecipada n\u00e3o precisa atuar no combate ao coronav\u00edrus"},"content":{"rendered":"\n<p class=\"wp-block-paragraph\">O Minist\u00e9rio da Educa\u00e7\u00e3o (MEC) flexibilizou as regras de atua\u00e7\u00e3o de enfermeiros, farmac\u00eauticos, fisioterapeutas e m\u00e9dicos que forem graduados de forma antecipada durante a pandemia de covid-19. Na semana passada, o\u00a0MEC autorizou a antecipa\u00e7\u00e3o\u00a0da cola\u00e7\u00e3o de grau exclusivamente para atua\u00e7\u00e3o desses profissionais nas a\u00e7\u00f5es de combate \u00e0 pandemia de covid-19, mas com as novas regras n\u00e3o h\u00e1 mais essa obrigatoriedade.<\/p>\n\n\n\n<p class=\"wp-block-paragraph\">A Portarian\u00ba 383\/2020 foi publicada hoje (13) no&nbsp;<a href=\"http:\/\/www.in.gov.br\/web\/dou\/-\/portaria-n-383-de-9-de-abril-de-2020-252085696\" target=\"_blank\" rel=\"noreferrer noopener\"><em><u>Di\u00e1rio Oficial da Uni\u00e3o<\/u><\/em><\/a>&nbsp;e revoga a Portaria n\u00ba 374\/2020, editada na semana passada. De acordo com o MEC, como n\u00e3o h\u00e1 mais a vincula\u00e7\u00e3o obrigat\u00f3ria \u00e0 pandemia, n\u00e3o haver\u00e1 bonifica\u00e7\u00e3o para a resid\u00eancia m\u00e9dica. Antes, a atua\u00e7\u00e3o dos profissionais tamb\u00e9m seria bonificada, uma \u00fanica vez, com o acr\u00e9scimo de 10% na nota final do processo de sele\u00e7\u00e3o p\u00fablica para o ingresso nos programas de resid\u00eancia.<\/p>\n\n\n\n<p class=\"wp-block-paragraph\">A medida serve para refor\u00e7ar a quantidade de profissionais no pa\u00eds e tem car\u00e1ter excepcional, enquanto durar a situa\u00e7\u00e3o de emerg\u00eancia de sa\u00fade p\u00fablica. Para antecipar a cola\u00e7\u00e3o de grau, os alunos precisam ter cumprido 75% da carga hor\u00e1ria prevista para o per\u00edodo de internato m\u00e9dico ou est\u00e1gio supervisionado.<\/p>\n\n\n\n<p class=\"wp-block-paragraph\">O internato m\u00e9dico \u00e9 o per\u00edodo de dois anos de est\u00e1gio curricular obrigat\u00f3rio para os estudantes de medicina. J\u00e1 o est\u00e1gio obrigat\u00f3rio supervisionado para os cursos de enfermagem, farm\u00e1cia e fisioterapia equivalente a 20% da carga hor\u00e1ria total do curso.<\/p>\n\n\n\n<p class=\"wp-block-paragraph\">Os certificados de conclus\u00e3o de curso e diplomas emitidos nessa antecipa\u00e7\u00e3o ter\u00e3o o mesmo valor daqueles emitidos em rito tradicional. A portaria abrange o sistema federal de ensino. De acordo com o MEC, este engloba, entre outros, as institui\u00e7\u00f5es de ensino mantidas pela Uni\u00e3o e as institui\u00e7\u00f5es privadas de educa\u00e7\u00e3o superior.<\/p>\n\n\n\n<p class=\"wp-block-paragraph\">Por causa da pandemia de covid-19, o governo federal estabeleceu normas excepcionais sobre o ano letivo da educa\u00e7\u00e3o b\u00e1sica e do ensino superior, por meio da\u00a0Medida Provis\u00f3ria\u00a0(MP) n\u00ba 934\/2020.<\/p>\n\n\n\n<p class=\"has-background has-very-light-gray-background-color wp-block-paragraph\">Quer saber as not\u00edcias do <strong>Aconteceu no Vale<\/strong> em primeira m\u00e3o? Siga-nos no Facebook <a rel=\"noreferrer noopener\" href=\"http:\/\/facebook.com\/aconteceunovale\" target=\"_blank\">@aconteceunovale<\/a>, Twitter <a rel=\"noreferrer noopener\" href=\"https:\/\/twitter.com\/noticiadosvales\" target=\"_blank\">@noticiadosvales<\/a> e Instagram <a rel=\"noreferrer noopener\" href=\"https:\/\/www.instagram.com\/aconteceunovale\" target=\"_blank\">@aconteceunovale<\/a>.<\/p>\n","protected":false},"excerpt":{"rendered":"<p>O Minist\u00e9rio da Educa\u00e7\u00e3o (MEC) flexibilizou as regras de atua\u00e7\u00e3o de enfermeiros, farmac\u00eauticos, fisioterapeutas e m\u00e9dicos que forem graduados de forma antecipada durante a pandemia de covid-19. Na semana passada, o\u00a0MEC autorizou a antecipa\u00e7\u00e3o\u00a0da cola\u00e7\u00e3o de grau exclusivamente para atua\u00e7\u00e3o desses profissionais nas a\u00e7\u00f5es de combate \u00e0 pandemia de covid-19, mas com as novas regras [&hellip;]<\/p>\n","protected":false},"author":1,"featured_media":144259,"comment_status":"open","ping_status":"closed","sticky":false,"template":"","format":"standard","meta":{"amp_status":"","footnotes":""},"categories":[6,40242],"tags":[4785,218722,218721,219518,219520,219521,218049,218205,214884,218472,215394,219594,219677,216498,218043,219695,19326,219197,218044,218045,215653,218206,218815,219105,219104,218876,219519,140166,217692],"class_list":["post-160946","post","type-post","status-publish","format-standard","has-post-thumbnail","hentry","category-br","category-saude-2","tag-brasil","tag-brasil-tem-241-obitos-por-coronavirus","tag-brasil-tem-241-obitos-por-coronavirus-e-6-836-casos-confirmados","tag-brasil-ultrapassa-mil-mortes-por-covid-19","tag-casos-confirmados-e-obitos-no-brasil","tag-casos-confirmados-e-obitos-no-mundo","tag-casos-de-coronavirus-no-brasil","tag-casos-de-covid-19-no-brasil","tag-coronavirus","tag-coronavirus-em-27-de-marco-brasil-tem-92-mortes-e-3-417-casos-confirmados","tag-coronavirus-no-brasil","tag-coronavirus-ministerio-da-saude-confirma-1-124-obitos-e-20-727-casos","tag-coronavirus-ministerio-da-saude-confirma-1-328-obitos-e-23-430-casos","tag-covid-19","tag-covid-19-no-brasil","tag-estudante-com-formatura-antecipada-nao-precisa-atuar-no-combate-ao-coronavirus","tag-ministerio-da-saude","tag-ministerio-da-saude-confirma-667-obitos-por-coronavirus-e-13-717-casos","tag-mortes-por-coronavirus-no-brasil","tag-mortes-por-covid-19-no-brasil","tag-novo-coronavirus","tag-numero-de-casos-de-covid-19-confirmados-no-brasil","tag-numero-de-mortes-por-coronavirus-no-brasil-sobe-para-299","tag-numeros-da-covid-19-no-brasil","tag-numeros-do-coronavirus-no-brasil","tag-obitos-por-coronavirus-no-brasil","tag-obitos-por-covid-19-no-brasil","tag-pandemia","tag-pandemia-de-coronavirus"],"yoast_head":"<!-- This site is optimized with the Yoast SEO plugin v28.3 - https:\/\/yoast.com\/product\/yoast-seo-wordpress\/ -->\n<title>Estudante com formatura antecipada n\u00e3o precisa atuar no combate ao coronav\u00edrus - Aconteceu no Vale<\/title>\n<meta name=\"robots\" content=\"index, follow, max-snippet:-1, max-image-preview:large, max-video-preview:-1\" \/>\n<link rel=\"canonical\" href=\"https:\/\/aconteceunovale.com.br\/portal\/?p=160946\" \/>\n<meta property=\"og:locale\" content=\"pt_BR\" \/>\n<meta property=\"og:type\" content=\"article\" \/>\n<meta property=\"og:title\" content=\"Estudante com formatura antecipada n\u00e3o precisa atuar no combate ao coronav\u00edrus - Aconteceu no Vale\" \/>\n<meta property=\"og:description\" content=\"O Minist\u00e9rio da Educa\u00e7\u00e3o (MEC) flexibilizou as regras de atua\u00e7\u00e3o de enfermeiros, farmac\u00eauticos, fisioterapeutas e m\u00e9dicos que forem graduados de forma antecipada durante a pandemia de covid-19. Na semana passada, o\u00a0MEC autorizou a antecipa\u00e7\u00e3o\u00a0da cola\u00e7\u00e3o de grau exclusivamente para atua\u00e7\u00e3o desses profissionais nas a\u00e7\u00f5es de combate \u00e0 pandemia de covid-19, mas com as novas regras [&hellip;]\" \/>\n<meta property=\"og:url\" content=\"https:\/\/aconteceunovale.com.br\/portal\/?p=160946\" \/>\n<meta property=\"og:site_name\" content=\"Aconteceu no Vale\" \/>\n<meta property=\"article:publisher\" content=\"https:\/\/www.facebook.com\/aconteceunovale\/\" \/>\n<meta property=\"article:published_time\" content=\"2020-04-13T23:05:54+00:00\" \/>\n<meta property=\"article:modified_time\" content=\"2020-04-13T23:06:27+00:00\" \/>\n<meta property=\"og:image\" content=\"https:\/\/aconteceunovale.com.br\/portal\/wp-content\/uploads\/2019\/02\/mais_medicos.jpg\" \/>\n\t<meta property=\"og:image:width\" content=\"678\" \/>\n\t<meta property=\"og:image:height\" content=\"361\" \/>\n\t<meta property=\"og:image:type\" content=\"image\/jpeg\" \/>\n<meta name=\"author\" content=\"Aconteceu no Vale\" \/>\n<meta name=\"twitter:card\" content=\"summary_large_image\" \/>\n<meta name=\"twitter:creator\" content=\"@noticiadosvales\" \/>\n<meta name=\"twitter:site\" content=\"@noticiadosvales\" \/>\n<meta name=\"twitter:label1\" content=\"Escrito por\" \/>\n\t<meta name=\"twitter:data1\" content=\"Aconteceu no Vale\" \/>\n\t<meta name=\"twitter:label2\" content=\"Est. tempo de leitura\" \/>\n\t<meta name=\"twitter:data2\" content=\"2 minutos\" \/>\n<script type=\"application\/ld+json\" class=\"yoast-schema-graph\">{\"@context\":\"https:\\\/\\\/schema.org\",\"@graph\":[{\"@type\":\"Article\",\"@id\":\"https:\\\/\\\/aconteceunovale.com.br\\\/portal\\\/?p=160946#article\",\"isPartOf\":{\"@id\":\"https:\\\/\\\/aconteceunovale.com.br\\\/portal\\\/?p=160946\"},\"author\":{\"name\":\"Aconteceu no Vale\",\"@id\":\"https:\\\/\\\/aconteceunovale.com.br\\\/portal\\\/#\\\/schema\\\/person\\\/633529146f2c94272bef50ac2953d589\"},\"headline\":\"Estudante com formatura antecipada n\u00e3o precisa atuar no combate ao coronav\u00edrus\",\"datePublished\":\"2020-04-13T23:05:54+00:00\",\"dateModified\":\"2020-04-13T23:06:27+00:00\",\"mainEntityOfPage\":{\"@id\":\"https:\\\/\\\/aconteceunovale.com.br\\\/portal\\\/?p=160946\"},\"wordCount\":389,\"commentCount\":0,\"image\":{\"@id\":\"https:\\\/\\\/aconteceunovale.com.br\\\/portal\\\/?p=160946#primaryimage\"},\"thumbnailUrl\":\"https:\\\/\\\/aconteceunovale.com.br\\\/portal\\\/wp-content\\\/uploads\\\/2019\\\/02\\\/mais_medicos.jpg\",\"keywords\":[\"brasil\",\"Brasil tem 241 \u00f3bitos por coronav\u00edrus\",\"Brasil tem 241 \u00f3bitos por coronav\u00edrus e 6.836 casos confirmados\",\"Brasil ultrapassa mil mortes por Covid-19\",\"Casos confirmados e \u00f3bitos no Brasil\",\"Casos confirmados e \u00f3bitos no Mundo\",\"Casos de coronav\u00edrus no Brasil\",\"Casos de Covid-19 no Brasil\",\"Coronav\u00edrus\",\"Coronav\u00edrus em 27 de mar\u00e7o: Brasil tem 92 mortes e 3.417 casos confirmados\",\"Coronav\u00edrus no Brasil\",\"Coronav\u00edrus: Minist\u00e9rio da Sa\u00fade confirma 1.124 \u00f3bitos e 20.727 casos\",\"Coronav\u00edrus: Minist\u00e9rio da Sa\u00fade confirma 1.328 \u00f3bitos e 23.430 casos\",\"COVID-19\",\"Covid-19 no Brasil\",\"Estudante com formatura antecipada n\u00e3o precisa atuar no combate ao coronav\u00edrus\",\"Minist\u00e9rio da Sa\u00fade\",\"Minist\u00e9rio da Sa\u00fade confirma 667 \u00f3bitos por coronav\u00edrus e 13.717 casos\",\"Mortes por coronav\u00edrus no Brasil\",\"Mortes por Covid-19 no Brasil\",\"Novo coronav\u00edrus\",\"N\u00famero de casos de covid-19 confirmados no Brasil\",\"N\u00famero de mortes por coronav\u00edrus no Brasil sobe para 299\",\"N\u00fameros da Covid-19 no Brasil\",\"N\u00fameros do coronav\u00edrus no Brasil\",\"\u00d3bitos por coronav\u00edrus no Brasil\",\"\u00d3bitos por Covid-19 no Brasil\",\"pandemia\",\"Pandemia de coronav\u00edrus\"],\"articleSection\":[\"Brasil\",\"Sa\u00fade\"],\"inLanguage\":\"pt-BR\",\"potentialAction\":[{\"@type\":\"CommentAction\",\"name\":\"Comment\",\"target\":[\"https:\\\/\\\/aconteceunovale.com.br\\\/portal\\\/?p=160946#respond\"]}]},{\"@type\":\"WebPage\",\"@id\":\"https:\\\/\\\/aconteceunovale.com.br\\\/portal\\\/?p=160946\",\"url\":\"https:\\\/\\\/aconteceunovale.com.br\\\/portal\\\/?p=160946\",\"name\":\"Estudante com formatura antecipada n\u00e3o precisa atuar no combate ao coronav\u00edrus - Aconteceu no Vale\",\"isPartOf\":{\"@id\":\"https:\\\/\\\/aconteceunovale.com.br\\\/portal\\\/#website\"},\"primaryImageOfPage\":{\"@id\":\"https:\\\/\\\/aconteceunovale.com.br\\\/portal\\\/?p=160946#primaryimage\"},\"image\":{\"@id\":\"https:\\\/\\\/aconteceunovale.com.br\\\/portal\\\/?p=160946#primaryimage\"},\"thumbnailUrl\":\"https:\\\/\\\/aconteceunovale.com.br\\\/portal\\\/wp-content\\\/uploads\\\/2019\\\/02\\\/mais_medicos.jpg\",\"datePublished\":\"2020-04-13T23:05:54+00:00\",\"dateModified\":\"2020-04-13T23:06:27+00:00\",\"author\":{\"@id\":\"https:\\\/\\\/aconteceunovale.com.br\\\/portal\\\/#\\\/schema\\\/person\\\/633529146f2c94272bef50ac2953d589\"},\"breadcrumb\":{\"@id\":\"https:\\\/\\\/aconteceunovale.com.br\\\/portal\\\/?p=160946#breadcrumb\"},\"inLanguage\":\"pt-BR\",\"potentialAction\":[{\"@type\":\"ReadAction\",\"target\":[\"https:\\\/\\\/aconteceunovale.com.br\\\/portal\\\/?p=160946\"]}]},{\"@type\":\"ImageObject\",\"inLanguage\":\"pt-BR\",\"@id\":\"https:\\\/\\\/aconteceunovale.com.br\\\/portal\\\/?p=160946#primaryimage\",\"url\":\"https:\\\/\\\/aconteceunovale.com.br\\\/portal\\\/wp-content\\\/uploads\\\/2019\\\/02\\\/mais_medicos.jpg\",\"contentUrl\":\"https:\\\/\\\/aconteceunovale.com.br\\\/portal\\\/wp-content\\\/uploads\\\/2019\\\/02\\\/mais_medicos.jpg\",\"width\":678,\"height\":361},{\"@type\":\"BreadcrumbList\",\"@id\":\"https:\\\/\\\/aconteceunovale.com.br\\\/portal\\\/?p=160946#breadcrumb\",\"itemListElement\":[{\"@type\":\"ListItem\",\"position\":1,\"name\":\"In\u00edcio\",\"item\":\"https:\\\/\\\/aconteceunovale.com.br\\\/portal\\\/\"},{\"@type\":\"ListItem\",\"position\":2,\"name\":\"Estudante com formatura antecipada n\u00e3o precisa atuar no combate ao coronav\u00edrus\"}]},{\"@type\":\"WebSite\",\"@id\":\"https:\\\/\\\/aconteceunovale.com.br\\\/portal\\\/#website\",\"url\":\"https:\\\/\\\/aconteceunovale.com.br\\\/portal\\\/\",\"name\":\"Aconteceu no Vale\",\"description\":\"Portal de Not\u00edcias\",\"potentialAction\":[{\"@type\":\"SearchAction\",\"target\":{\"@type\":\"EntryPoint\",\"urlTemplate\":\"https:\\\/\\\/aconteceunovale.com.br\\\/portal\\\/?s={search_term_string}\"},\"query-input\":{\"@type\":\"PropertyValueSpecification\",\"valueRequired\":true,\"valueName\":\"search_term_string\"}}],\"inLanguage\":\"pt-BR\"},{\"@type\":\"Person\",\"@id\":\"https:\\\/\\\/aconteceunovale.com.br\\\/portal\\\/#\\\/schema\\\/person\\\/633529146f2c94272bef50ac2953d589\",\"name\":\"Aconteceu no Vale\",\"description\":\"Equipe de reportagem do Aconteceu no Vale, portal de not\u00edcias do Vale do Jequitinhonha, em Minas Gerais. Cobrimos as 51 cidades do Vale desde 2013. Sugest\u00f5es de pauta e pedidos de corre\u00e7\u00e3o: contato@aconteceunovale.com.br\",\"sameAs\":[\"http:\\\/\\\/www.aconteceunovale.com.br\"],\"url\":\"https:\\\/\\\/aconteceunovale.com.br\\\/portal\\\/?author=1\"}]}<\/script>\n<!-- \/ Yoast SEO plugin. -->","yoast_head_json":{"title":"Estudante com formatura antecipada n\u00e3o precisa atuar no combate ao coronav\u00edrus - Aconteceu no Vale","robots":{"index":"index","follow":"follow","max-snippet":"max-snippet:-1","max-image-preview":"max-image-preview:large","max-video-preview":"max-video-preview:-1"},"canonical":"https:\/\/aconteceunovale.com.br\/portal\/?p=160946","og_locale":"pt_BR","og_type":"article","og_title":"Estudante com formatura antecipada n\u00e3o precisa atuar no combate ao coronav\u00edrus - Aconteceu no Vale","og_description":"O Minist\u00e9rio da Educa\u00e7\u00e3o (MEC) flexibilizou as regras de atua\u00e7\u00e3o de enfermeiros, farmac\u00eauticos, fisioterapeutas e m\u00e9dicos que forem graduados de forma antecipada durante a pandemia de covid-19. Na semana passada, o\u00a0MEC autorizou a antecipa\u00e7\u00e3o\u00a0da cola\u00e7\u00e3o de grau exclusivamente para atua\u00e7\u00e3o desses profissionais nas a\u00e7\u00f5es de combate \u00e0 pandemia de covid-19, mas com as novas regras [&hellip;]","og_url":"https:\/\/aconteceunovale.com.br\/portal\/?p=160946","og_site_name":"Aconteceu no Vale","article_publisher":"https:\/\/www.facebook.com\/aconteceunovale\/","article_published_time":"2020-04-13T23:05:54+00:00","article_modified_time":"2020-04-13T23:06:27+00:00","og_image":[{"width":678,"height":361,"url":"https:\/\/aconteceunovale.com.br\/portal\/wp-content\/uploads\/2019\/02\/mais_medicos.jpg","type":"image\/jpeg"}],"author":"Aconteceu no Vale","twitter_card":"summary_large_image","twitter_creator":"@noticiadosvales","twitter_site":"@noticiadosvales","twitter_misc":{"Escrito por":"Aconteceu no Vale","Est. tempo de leitura":"2 minutos"},"schema":{"@context":"https:\/\/schema.org","@graph":[{"@type":"Article","@id":"https:\/\/aconteceunovale.com.br\/portal\/?p=160946#article","isPartOf":{"@id":"https:\/\/aconteceunovale.com.br\/portal\/?p=160946"},"author":{"name":"Aconteceu no Vale","@id":"https:\/\/aconteceunovale.com.br\/portal\/#\/schema\/person\/633529146f2c94272bef50ac2953d589"},"headline":"Estudante com formatura antecipada n\u00e3o precisa atuar no combate ao coronav\u00edrus","datePublished":"2020-04-13T23:05:54+00:00","dateModified":"2020-04-13T23:06:27+00:00","mainEntityOfPage":{"@id":"https:\/\/aconteceunovale.com.br\/portal\/?p=160946"},"wordCount":389,"commentCount":0,"image":{"@id":"https:\/\/aconteceunovale.com.br\/portal\/?p=160946#primaryimage"},"thumbnailUrl":"https:\/\/aconteceunovale.com.br\/portal\/wp-content\/uploads\/2019\/02\/mais_medicos.jpg","keywords":["brasil","Brasil tem 241 \u00f3bitos por coronav\u00edrus","Brasil tem 241 \u00f3bitos por coronav\u00edrus e 6.836 casos confirmados","Brasil ultrapassa mil mortes por Covid-19","Casos confirmados e \u00f3bitos no Brasil","Casos confirmados e \u00f3bitos no Mundo","Casos de coronav\u00edrus no Brasil","Casos de Covid-19 no Brasil","Coronav\u00edrus","Coronav\u00edrus em 27 de mar\u00e7o: Brasil tem 92 mortes e 3.417 casos confirmados","Coronav\u00edrus no Brasil","Coronav\u00edrus: Minist\u00e9rio da Sa\u00fade confirma 1.124 \u00f3bitos e 20.727 casos","Coronav\u00edrus: Minist\u00e9rio da Sa\u00fade confirma 1.328 \u00f3bitos e 23.430 casos","COVID-19","Covid-19 no Brasil","Estudante com formatura antecipada n\u00e3o precisa atuar no combate ao coronav\u00edrus","Minist\u00e9rio da Sa\u00fade","Minist\u00e9rio da Sa\u00fade confirma 667 \u00f3bitos por coronav\u00edrus e 13.717 casos","Mortes por coronav\u00edrus no Brasil","Mortes por Covid-19 no Brasil","Novo coronav\u00edrus","N\u00famero de casos de covid-19 confirmados no Brasil","N\u00famero de mortes por coronav\u00edrus no Brasil sobe para 299","N\u00fameros da Covid-19 no Brasil","N\u00fameros do coronav\u00edrus no Brasil","\u00d3bitos por coronav\u00edrus no Brasil","\u00d3bitos por Covid-19 no Brasil","pandemia","Pandemia de coronav\u00edrus"],"articleSection":["Brasil","Sa\u00fade"],"inLanguage":"pt-BR","potentialAction":[{"@type":"CommentAction","name":"Comment","target":["https:\/\/aconteceunovale.com.br\/portal\/?p=160946#respond"]}]},{"@type":"WebPage","@id":"https:\/\/aconteceunovale.com.br\/portal\/?p=160946","url":"https:\/\/aconteceunovale.com.br\/portal\/?p=160946","name":"Estudante com formatura antecipada n\u00e3o precisa atuar no combate ao coronav\u00edrus - Aconteceu no Vale","isPartOf":{"@id":"https:\/\/aconteceunovale.com.br\/portal\/#website"},"primaryImageOfPage":{"@id":"https:\/\/aconteceunovale.com.br\/portal\/?p=160946#primaryimage"},"image":{"@id":"https:\/\/aconteceunovale.com.br\/portal\/?p=160946#primaryimage"},"thumbnailUrl":"https:\/\/aconteceunovale.com.br\/portal\/wp-content\/uploads\/2019\/02\/mais_medicos.jpg","datePublished":"2020-04-13T23:05:54+00:00","dateModified":"2020-04-13T23:06:27+00:00","author":{"@id":"https:\/\/aconteceunovale.com.br\/portal\/#\/schema\/person\/633529146f2c94272bef50ac2953d589"},"breadcrumb":{"@id":"https:\/\/aconteceunovale.com.br\/portal\/?p=160946#breadcrumb"},"inLanguage":"pt-BR","potentialAction":[{"@type":"ReadAction","target":["https:\/\/aconteceunovale.com.br\/portal\/?p=160946"]}]},{"@type":"ImageObject","inLanguage":"pt-BR","@id":"https:\/\/aconteceunovale.com.br\/portal\/?p=160946#primaryimage","url":"https:\/\/aconteceunovale.com.br\/portal\/wp-content\/uploads\/2019\/02\/mais_medicos.jpg","contentUrl":"https:\/\/aconteceunovale.com.br\/portal\/wp-content\/uploads\/2019\/02\/mais_medicos.jpg","width":678,"height":361},{"@type":"BreadcrumbList","@id":"https:\/\/aconteceunovale.com.br\/portal\/?p=160946#breadcrumb","itemListElement":[{"@type":"ListItem","position":1,"name":"In\u00edcio","item":"https:\/\/aconteceunovale.com.br\/portal\/"},{"@type":"ListItem","position":2,"name":"Estudante com formatura antecipada n\u00e3o precisa atuar no combate ao coronav\u00edrus"}]},{"@type":"WebSite","@id":"https:\/\/aconteceunovale.com.br\/portal\/#website","url":"https:\/\/aconteceunovale.com.br\/portal\/","name":"Aconteceu no Vale","description":"Portal de Not\u00edcias","potentialAction":[{"@type":"SearchAction","target":{"@type":"EntryPoint","urlTemplate":"https:\/\/aconteceunovale.com.br\/portal\/?s={search_term_string}"},"query-input":{"@type":"PropertyValueSpecification","valueRequired":true,"valueName":"search_term_string"}}],"inLanguage":"pt-BR"},{"@type":"Person","@id":"https:\/\/aconteceunovale.com.br\/portal\/#\/schema\/person\/633529146f2c94272bef50ac2953d589","name":"Aconteceu no Vale","description":"Equipe de reportagem do Aconteceu no Vale, portal de not\u00edcias do Vale do Jequitinhonha, em Minas Gerais. Cobrimos as 51 cidades do Vale desde 2013. Sugest\u00f5es de pauta e pedidos de corre\u00e7\u00e3o: contato@aconteceunovale.com.br","sameAs":["http:\/\/www.aconteceunovale.com.br"],"url":"https:\/\/aconteceunovale.com.br\/portal\/?author=1"}]}},"_links":{"self":[{"href":"https:\/\/aconteceunovale.com.br\/portal\/index.php?rest_route=\/wp\/v2\/posts\/160946","targetHints":{"allow":["GET"]}}],"collection":[{"href":"https:\/\/aconteceunovale.com.br\/portal\/index.php?rest_route=\/wp\/v2\/posts"}],"about":[{"href":"https:\/\/aconteceunovale.com.br\/portal\/index.php?rest_route=\/wp\/v2\/types\/post"}],"author":[{"embeddable":true,"href":"https:\/\/aconteceunovale.com.br\/portal\/index.php?rest_route=\/wp\/v2\/users\/1"}],"replies":[{"embeddable":true,"href":"https:\/\/aconteceunovale.com.br\/portal\/index.php?rest_route=%2Fwp%2Fv2%2Fcomments&post=160946"}],"version-history":[{"count":1,"href":"https:\/\/aconteceunovale.com.br\/portal\/index.php?rest_route=\/wp\/v2\/posts\/160946\/revisions"}],"predecessor-version":[{"id":160947,"href":"https:\/\/aconteceunovale.com.br\/portal\/index.php?rest_route=\/wp\/v2\/posts\/160946\/revisions\/160947"}],"wp:featuredmedia":[{"embeddable":true,"href":"https:\/\/aconteceunovale.com.br\/portal\/index.php?rest_route=\/wp\/v2\/media\/144259"}],"wp:attachment":[{"href":"https:\/\/aconteceunovale.com.br\/portal\/index.php?rest_route=%2Fwp%2Fv2%2Fmedia&parent=160946"}],"wp:term":[{"taxonomy":"category","embeddable":true,"href":"https:\/\/aconteceunovale.com.br\/portal\/index.php?rest_route=%2Fwp%2Fv2%2Fcategories&post=160946"},{"taxonomy":"post_tag","embeddable":true,"href":"https:\/\/aconteceunovale.com.br\/portal\/index.php?rest_route=%2Fwp%2Fv2%2Ftags&post=160946"}],"curies":[{"name":"wp","href":"https:\/\/api.w.org\/{rel}","templated":true}]}}