{"id":160940,"date":"2020-04-13T19:47:13","date_gmt":"2020-04-13T22:47:13","guid":{"rendered":"http:\/\/aconteceunovale.com.br\/portal\/?p=160940"},"modified":"2020-04-13T19:49:06","modified_gmt":"2020-04-13T22:49:06","slug":"mais-de-1-500-pacientes-tiveram-alta-apos-contrairem-covid-19-em-sao-paulo","status":"publish","type":"post","link":"https:\/\/aconteceunovale.com.br\/portal\/?p=160940","title":{"rendered":"Mais de 1.500 pacientes tiveram alta ap\u00f3s contra\u00edrem Covid-19 em S\u00e3o Paulo"},"content":{"rendered":"\n<p class=\"wp-block-paragraph\">O secret\u00e1rio estadual da Sa\u00fade, Jos\u00e9 Henrique Germann, informou hoje (13\/4\/2020) que 1.524 pessoas j\u00e1 tiveram alta m\u00e9dica ap\u00f3s terem contra\u00eddo o coronav\u00edrus no estado de S\u00e3o Paulo. \u201cPodemos dizer que tivemos uma recupera\u00e7\u00e3o de 1.524 pessoas\u201d, disse.<\/p>\n\n\n\n<p class=\"wp-block-paragraph\">O estado de S\u00e3o Paulo tem, atualmente, 8.895 casos confirmados de coronav\u00edrus, com 608 \u00f3bitos. H\u00e1 ainda mais de 800 pessoas internadas em estado grave em unidades de tratamento intensivo (UTI) e mais de 900 em enfermarias. \u201cEstamos com muitos pacientes internados em enfermarias. Muitos pacientes internados em UTI. [A covid-19, doen\u00e7a provocada pelo coronav\u00edrus] continua sendo uma doen\u00e7a extremamente grave. Por isso precisamos continuar com o apoio da popula\u00e7\u00e3o [para manter o isolamento] para diminuir o pico e aumentar o achatamento [da curva] para que isso implique menos nos servi\u00e7os de sa\u00fade. Continuamos lidando com uma doen\u00e7a muito grave e ainda vamos ter o pico dela nas pr\u00f3ximas semanas\u201d, disse o infectologista David Uip, coordenador do Centro de Conting\u00eancia do Coronav\u00edrus em S\u00e3o Paulo.<\/p>\n\n\n\n<p class=\"wp-block-paragraph\">Para dar mais transpar\u00eancia a esses n\u00fameros, com mais informa\u00e7\u00f5es sobre o n\u00famero de internados, perfil dos casos e preval\u00eancia por idade e sexo, entre outros, o governo de S\u00e3o Paulo prometeu fazer, a partir de amanh\u00e3 (14), uma coletiva di\u00e1ria da Secretaria Estadual da Sa\u00fade. As coletivas ter\u00e3o in\u00edcio sempre \u00e0s 15h.<\/p>\n\n\n\n<p class=\"wp-block-paragraph\">\u201c\u00c9 absolutamente importante que a sociedade conhe\u00e7a o n\u00famero de leitos, o perfil dos pacientes que est\u00e3o sendo internados, a preval\u00eancia por idade e sexo. S\u00e3o dados que s\u00e3o minuciosos, mas que precisam ser mais bem passados para a popula\u00e7\u00e3o\u201d, disse Uip.<\/p>\n\n\n\n<h2 class=\"wp-block-heading\">Isolamento social<\/h2>\n\n\n\n<p class=\"wp-block-paragraph\">O governador de S\u00e3o Paulo, Jo\u00e3o Doria, voltou hoje a ressaltar a import\u00e2ncia do isolamento social como medida para impedir a propaga\u00e7\u00e3o do v\u00edrus no estado. O isolamento considerado ideal no estado \u00e9 de 70%, mas na semana passada ele chegou ao seu n\u00edvel mais baixo, 47%. Ontem (12) o n\u00edvel&nbsp; de isolamento voltou a crescer, chegando a 59%, n\u00famero elogiado pelo governador.<\/p>\n\n\n\n<p class=\"wp-block-paragraph\">\u201cPe\u00e7o para que as pessoas continuem fazendo esse esfor\u00e7o de ficar em casa. Quanto maior for o isolamento, mais rapidamente sairemos dessa crise\u201d.<\/p>\n\n\n\n<h2 class=\"wp-block-heading\">Cidades<\/h2>\n\n\n\n<p class=\"wp-block-paragraph\">Em algumas cidades do estado, como em S\u00e3o Bernardo do Campos, Guarulhos, S\u00e3o Jos\u00e9 dos Campos, Osasco e Mogi das Cruzes, o isolamento social ultrapassou os 60%. \u201cJuntos poderemos fazer melhor e salvar vidas\u201d, disse o governador, elogiando os prefeitos dessas cidades.<\/p>\n\n\n\n<p class=\"wp-block-paragraph\">O prefeito de S\u00e3o Paulo, Bruno Covas, tamb\u00e9m elogiou a popula\u00e7\u00e3o que t\u00eam ficado em casa durante a quarentena. \u201cA gente teria um n\u00famero at\u00e9 dez vezes maior [de casos] se a gente n\u00e3o tivesse tido essas medidas de isolamento social na cidade e no estado de S\u00e3o Paulo&#8221;, disse.<\/p>\n\n\n\n<h2 class=\"wp-block-heading\">Ocupa\u00e7\u00e3o de leitos<\/h2>\n\n\n\n<p class=\"wp-block-paragraph\">Segundo Bruno Covas, a capital paulista est\u00e1 com 56% dos seus leitos de unidade de tratamento intensivo (UTI) ocupados por causa do coronav\u00edrus. Ele tamb\u00e9m disse que, no caso das enfermarias \u2013 seja as de hospital municipal ou dos hospitais de campanha criados para tratar os casos de coronav\u00edrus \u2013 a ocupa\u00e7\u00e3o de leitos j\u00e1 chega a 60%.<\/p>\n\n\n\n<p class=\"wp-block-paragraph\">A cidade de S\u00e3o Paulo tem hoje 378 leitos de UTI, mas a inten\u00e7\u00e3o do prefeito \u00e9 somar 933 at\u00e9 o final do m\u00eas. A cidade tem tamb\u00e9m 1.688 leitos de enfermaria, mas a prefeitura esperar criar mais 1.474 leitos.<\/p>\n\n\n\n<p class=\"has-background has-very-light-gray-background-color wp-block-paragraph\">Quer saber as not\u00edcias do <strong>Aconteceu no Vale<\/strong> em primeira m\u00e3o? Siga-nos no Facebook <a rel=\"noreferrer noopener\" href=\"http:\/\/facebook.com\/aconteceunovale\" target=\"_blank\">@aconteceunovale<\/a>, Twitter <a rel=\"noreferrer noopener\" href=\"https:\/\/twitter.com\/noticiadosvales\" target=\"_blank\">@noticiadosvales<\/a> e Instagram <a rel=\"noreferrer noopener\" href=\"https:\/\/www.instagram.com\/aconteceunovale\" target=\"_blank\">@aconteceunovale<\/a>.<\/p>\n","protected":false},"excerpt":{"rendered":"<p>O secret\u00e1rio estadual da Sa\u00fade, Jos\u00e9 Henrique Germann, informou hoje (13\/4\/2020) que 1.524 pessoas j\u00e1 tiveram alta m\u00e9dica ap\u00f3s terem contra\u00eddo o coronav\u00edrus no estado de S\u00e3o Paulo. \u201cPodemos dizer que tivemos uma recupera\u00e7\u00e3o de 1.524 pessoas\u201d, disse. O estado de S\u00e3o Paulo tem, atualmente, 8.895 casos confirmados de coronav\u00edrus, com 608 \u00f3bitos. H\u00e1 ainda [&hellip;]<\/p>\n","protected":false},"author":1,"featured_media":160941,"comment_status":"open","ping_status":"closed","sticky":false,"template":"","format":"standard","meta":{"amp_status":"","footnotes":""},"categories":[6,40242],"tags":[219681,214465,214884,217915,216498,219415,219680,87520,82401,4611,218364,124586,219682,219678,5695,3748,140166,218156,133892,99299,219679,219684,12802,2382],"class_list":["post-160940","post","type-post","status-publish","format-standard","has-post-thumbnail","hentry","category-br","category-saude-2","tag-alta-apos-contrair-coronavirus","tag-bruno-covas","tag-coronavirus","tag-coronavirus-em-sao-paulo","tag-covid-19","tag-covid-19-em-sao-paulo","tag-curados-do-coronavirus","tag-david-uip","tag-governador-de-sao-paulo","tag-guarulhos","tag-isolamento-social","tag-joao-doria","tag-jose-henrique-germann","tag-mais-de-1-500-pacientes-tiveram-alta-apos-contrairem-covid-19-em-sao-paulo","tag-mogi-das-cruzes","tag-osasco","tag-pandemia","tag-pandemia-do-novo-coronavirus","tag-prefeito-de-sao-paulo","tag-prefeitura-de-sao-paulo","tag-recuperados-do-coronavirus","tag-sao-bernardo-do-campos","tag-sao-jose-dos-campos","tag-sao-paulo"],"yoast_head":"<!-- This site is optimized with the Yoast SEO plugin v28.3 - https:\/\/yoast.com\/product\/yoast-seo-wordpress\/ -->\n<title>Mais de 1.500 pacientes tiveram alta ap\u00f3s contra\u00edrem Covid-19 em S\u00e3o Paulo - Aconteceu no Vale<\/title>\n<meta name=\"robots\" content=\"index, follow, max-snippet:-1, max-image-preview:large, max-video-preview:-1\" \/>\n<link rel=\"canonical\" href=\"https:\/\/aconteceunovale.com.br\/portal\/?p=160940\" \/>\n<meta property=\"og:locale\" content=\"pt_BR\" \/>\n<meta property=\"og:type\" content=\"article\" \/>\n<meta property=\"og:title\" content=\"Mais de 1.500 pacientes tiveram alta ap\u00f3s contra\u00edrem Covid-19 em S\u00e3o Paulo - Aconteceu no Vale\" \/>\n<meta property=\"og:description\" content=\"O secret\u00e1rio estadual da Sa\u00fade, Jos\u00e9 Henrique Germann, informou hoje (13\/4\/2020) que 1.524 pessoas j\u00e1 tiveram alta m\u00e9dica ap\u00f3s terem contra\u00eddo o coronav\u00edrus no estado de S\u00e3o Paulo. \u201cPodemos dizer que tivemos uma recupera\u00e7\u00e3o de 1.524 pessoas\u201d, disse. O estado de S\u00e3o Paulo tem, atualmente, 8.895 casos confirmados de coronav\u00edrus, com 608 \u00f3bitos. H\u00e1 ainda [&hellip;]\" \/>\n<meta property=\"og:url\" content=\"https:\/\/aconteceunovale.com.br\/portal\/?p=160940\" \/>\n<meta property=\"og:site_name\" content=\"Aconteceu no Vale\" \/>\n<meta property=\"article:publisher\" content=\"https:\/\/www.facebook.com\/aconteceunovale\/\" \/>\n<meta property=\"article:published_time\" content=\"2020-04-13T22:47:13+00:00\" \/>\n<meta property=\"article:modified_time\" content=\"2020-04-13T22:49:06+00:00\" \/>\n<meta property=\"og:image\" content=\"https:\/\/aconteceunovale.com.br\/portal\/wp-content\/uploads\/2020\/04\/hospital_pacaembu.jpg\" \/>\n\t<meta property=\"og:image:width\" content=\"678\" \/>\n\t<meta property=\"og:image:height\" content=\"406\" \/>\n\t<meta property=\"og:image:type\" content=\"image\/jpeg\" \/>\n<meta name=\"author\" content=\"Aconteceu no Vale\" \/>\n<meta name=\"twitter:card\" content=\"summary_large_image\" \/>\n<meta name=\"twitter:creator\" content=\"@noticiadosvales\" \/>\n<meta name=\"twitter:site\" content=\"@noticiadosvales\" \/>\n<meta name=\"twitter:label1\" content=\"Escrito por\" \/>\n\t<meta name=\"twitter:data1\" content=\"Aconteceu no Vale\" \/>\n\t<meta name=\"twitter:label2\" content=\"Est. tempo de leitura\" \/>\n\t<meta name=\"twitter:data2\" content=\"3 minutos\" \/>\n<script type=\"application\/ld+json\" class=\"yoast-schema-graph\">{\"@context\":\"https:\\\/\\\/schema.org\",\"@graph\":[{\"@type\":\"Article\",\"@id\":\"https:\\\/\\\/aconteceunovale.com.br\\\/portal\\\/?p=160940#article\",\"isPartOf\":{\"@id\":\"https:\\\/\\\/aconteceunovale.com.br\\\/portal\\\/?p=160940\"},\"author\":{\"name\":\"Aconteceu no Vale\",\"@id\":\"https:\\\/\\\/aconteceunovale.com.br\\\/portal\\\/#\\\/schema\\\/person\\\/633529146f2c94272bef50ac2953d589\"},\"headline\":\"Mais de 1.500 pacientes tiveram alta ap\u00f3s contra\u00edrem Covid-19 em S\u00e3o Paulo\",\"datePublished\":\"2020-04-13T22:47:13+00:00\",\"dateModified\":\"2020-04-13T22:49:06+00:00\",\"mainEntityOfPage\":{\"@id\":\"https:\\\/\\\/aconteceunovale.com.br\\\/portal\\\/?p=160940\"},\"wordCount\":619,\"commentCount\":0,\"image\":{\"@id\":\"https:\\\/\\\/aconteceunovale.com.br\\\/portal\\\/?p=160940#primaryimage\"},\"thumbnailUrl\":\"https:\\\/\\\/aconteceunovale.com.br\\\/portal\\\/wp-content\\\/uploads\\\/2020\\\/04\\\/hospital_pacaembu.jpg\",\"keywords\":[\"Alta ap\u00f3s contrair coronav\u00edrus\",\"Bruno Covas\",\"Coronav\u00edrus\",\"Coronav\u00edrus em S\u00e3o Paulo\",\"COVID-19\",\"Covid-19 em S\u00e3o Paulo\",\"Curados do coronav\u00edrus\",\"David Uip\",\"governador de S\u00e3o Paulo\",\"Guarulhos\",\"Isolamento social\",\"Jo\u00e3o D\u00f3ria\",\"Jos\u00e9 Henrique Germann\",\"Mais de 1.500 pacientes tiveram alta ap\u00f3s contra\u00edrem Covid-19 em S\u00e3o Paulo\",\"Mogi das Cruzes\",\"Osasco\",\"pandemia\",\"Pandemia do novo coronav\u00edrus\",\"prefeito de S\u00e3o Paulo\",\"Prefeitura de S\u00e3o Paulo\",\"Recuperados do coronav\u00edrus\",\"S\u00e3o Bernardo do Campos\",\"S\u00e3o Jos\u00e9 dos Campos\",\"S\u00e3o Paulo\"],\"articleSection\":[\"Brasil\",\"Sa\u00fade\"],\"inLanguage\":\"pt-BR\",\"potentialAction\":[{\"@type\":\"CommentAction\",\"name\":\"Comment\",\"target\":[\"https:\\\/\\\/aconteceunovale.com.br\\\/portal\\\/?p=160940#respond\"]}]},{\"@type\":\"WebPage\",\"@id\":\"https:\\\/\\\/aconteceunovale.com.br\\\/portal\\\/?p=160940\",\"url\":\"https:\\\/\\\/aconteceunovale.com.br\\\/portal\\\/?p=160940\",\"name\":\"Mais de 1.500 pacientes tiveram alta ap\u00f3s contra\u00edrem Covid-19 em S\u00e3o Paulo - Aconteceu no Vale\",\"isPartOf\":{\"@id\":\"https:\\\/\\\/aconteceunovale.com.br\\\/portal\\\/#website\"},\"primaryImageOfPage\":{\"@id\":\"https:\\\/\\\/aconteceunovale.com.br\\\/portal\\\/?p=160940#primaryimage\"},\"image\":{\"@id\":\"https:\\\/\\\/aconteceunovale.com.br\\\/portal\\\/?p=160940#primaryimage\"},\"thumbnailUrl\":\"https:\\\/\\\/aconteceunovale.com.br\\\/portal\\\/wp-content\\\/uploads\\\/2020\\\/04\\\/hospital_pacaembu.jpg\",\"datePublished\":\"2020-04-13T22:47:13+00:00\",\"dateModified\":\"2020-04-13T22:49:06+00:00\",\"author\":{\"@id\":\"https:\\\/\\\/aconteceunovale.com.br\\\/portal\\\/#\\\/schema\\\/person\\\/633529146f2c94272bef50ac2953d589\"},\"breadcrumb\":{\"@id\":\"https:\\\/\\\/aconteceunovale.com.br\\\/portal\\\/?p=160940#breadcrumb\"},\"inLanguage\":\"pt-BR\",\"potentialAction\":[{\"@type\":\"ReadAction\",\"target\":[\"https:\\\/\\\/aconteceunovale.com.br\\\/portal\\\/?p=160940\"]}]},{\"@type\":\"ImageObject\",\"inLanguage\":\"pt-BR\",\"@id\":\"https:\\\/\\\/aconteceunovale.com.br\\\/portal\\\/?p=160940#primaryimage\",\"url\":\"https:\\\/\\\/aconteceunovale.com.br\\\/portal\\\/wp-content\\\/uploads\\\/2020\\\/04\\\/hospital_pacaembu.jpg\",\"contentUrl\":\"https:\\\/\\\/aconteceunovale.com.br\\\/portal\\\/wp-content\\\/uploads\\\/2020\\\/04\\\/hospital_pacaembu.jpg\",\"width\":678,\"height\":406},{\"@type\":\"BreadcrumbList\",\"@id\":\"https:\\\/\\\/aconteceunovale.com.br\\\/portal\\\/?p=160940#breadcrumb\",\"itemListElement\":[{\"@type\":\"ListItem\",\"position\":1,\"name\":\"In\u00edcio\",\"item\":\"https:\\\/\\\/aconteceunovale.com.br\\\/portal\\\/\"},{\"@type\":\"ListItem\",\"position\":2,\"name\":\"Mais de 1.500 pacientes tiveram alta ap\u00f3s contra\u00edrem Covid-19 em S\u00e3o Paulo\"}]},{\"@type\":\"WebSite\",\"@id\":\"https:\\\/\\\/aconteceunovale.com.br\\\/portal\\\/#website\",\"url\":\"https:\\\/\\\/aconteceunovale.com.br\\\/portal\\\/\",\"name\":\"Aconteceu no Vale\",\"description\":\"Portal de Not\u00edcias\",\"potentialAction\":[{\"@type\":\"SearchAction\",\"target\":{\"@type\":\"EntryPoint\",\"urlTemplate\":\"https:\\\/\\\/aconteceunovale.com.br\\\/portal\\\/?s={search_term_string}\"},\"query-input\":{\"@type\":\"PropertyValueSpecification\",\"valueRequired\":true,\"valueName\":\"search_term_string\"}}],\"inLanguage\":\"pt-BR\"},{\"@type\":\"Person\",\"@id\":\"https:\\\/\\\/aconteceunovale.com.br\\\/portal\\\/#\\\/schema\\\/person\\\/633529146f2c94272bef50ac2953d589\",\"name\":\"Aconteceu no Vale\",\"description\":\"Equipe de reportagem do Aconteceu no Vale, portal de not\u00edcias do Vale do Jequitinhonha, em Minas Gerais. Cobrimos as 51 cidades do Vale desde 2013. Sugest\u00f5es de pauta e pedidos de corre\u00e7\u00e3o: contato@aconteceunovale.com.br\",\"sameAs\":[\"http:\\\/\\\/www.aconteceunovale.com.br\"],\"url\":\"https:\\\/\\\/aconteceunovale.com.br\\\/portal\\\/?author=1\"}]}<\/script>\n<!-- \/ Yoast SEO plugin. -->","yoast_head_json":{"title":"Mais de 1.500 pacientes tiveram alta ap\u00f3s contra\u00edrem Covid-19 em S\u00e3o Paulo - Aconteceu no Vale","robots":{"index":"index","follow":"follow","max-snippet":"max-snippet:-1","max-image-preview":"max-image-preview:large","max-video-preview":"max-video-preview:-1"},"canonical":"https:\/\/aconteceunovale.com.br\/portal\/?p=160940","og_locale":"pt_BR","og_type":"article","og_title":"Mais de 1.500 pacientes tiveram alta ap\u00f3s contra\u00edrem Covid-19 em S\u00e3o Paulo - Aconteceu no Vale","og_description":"O secret\u00e1rio estadual da Sa\u00fade, Jos\u00e9 Henrique Germann, informou hoje (13\/4\/2020) que 1.524 pessoas j\u00e1 tiveram alta m\u00e9dica ap\u00f3s terem contra\u00eddo o coronav\u00edrus no estado de S\u00e3o Paulo. \u201cPodemos dizer que tivemos uma recupera\u00e7\u00e3o de 1.524 pessoas\u201d, disse. O estado de S\u00e3o Paulo tem, atualmente, 8.895 casos confirmados de coronav\u00edrus, com 608 \u00f3bitos. H\u00e1 ainda [&hellip;]","og_url":"https:\/\/aconteceunovale.com.br\/portal\/?p=160940","og_site_name":"Aconteceu no Vale","article_publisher":"https:\/\/www.facebook.com\/aconteceunovale\/","article_published_time":"2020-04-13T22:47:13+00:00","article_modified_time":"2020-04-13T22:49:06+00:00","og_image":[{"width":678,"height":406,"url":"https:\/\/aconteceunovale.com.br\/portal\/wp-content\/uploads\/2020\/04\/hospital_pacaembu.jpg","type":"image\/jpeg"}],"author":"Aconteceu no Vale","twitter_card":"summary_large_image","twitter_creator":"@noticiadosvales","twitter_site":"@noticiadosvales","twitter_misc":{"Escrito por":"Aconteceu no Vale","Est. tempo de leitura":"3 minutos"},"schema":{"@context":"https:\/\/schema.org","@graph":[{"@type":"Article","@id":"https:\/\/aconteceunovale.com.br\/portal\/?p=160940#article","isPartOf":{"@id":"https:\/\/aconteceunovale.com.br\/portal\/?p=160940"},"author":{"name":"Aconteceu no Vale","@id":"https:\/\/aconteceunovale.com.br\/portal\/#\/schema\/person\/633529146f2c94272bef50ac2953d589"},"headline":"Mais de 1.500 pacientes tiveram alta ap\u00f3s contra\u00edrem Covid-19 em S\u00e3o Paulo","datePublished":"2020-04-13T22:47:13+00:00","dateModified":"2020-04-13T22:49:06+00:00","mainEntityOfPage":{"@id":"https:\/\/aconteceunovale.com.br\/portal\/?p=160940"},"wordCount":619,"commentCount":0,"image":{"@id":"https:\/\/aconteceunovale.com.br\/portal\/?p=160940#primaryimage"},"thumbnailUrl":"https:\/\/aconteceunovale.com.br\/portal\/wp-content\/uploads\/2020\/04\/hospital_pacaembu.jpg","keywords":["Alta ap\u00f3s contrair coronav\u00edrus","Bruno Covas","Coronav\u00edrus","Coronav\u00edrus em S\u00e3o Paulo","COVID-19","Covid-19 em S\u00e3o Paulo","Curados do coronav\u00edrus","David Uip","governador de S\u00e3o Paulo","Guarulhos","Isolamento social","Jo\u00e3o D\u00f3ria","Jos\u00e9 Henrique Germann","Mais de 1.500 pacientes tiveram alta ap\u00f3s contra\u00edrem Covid-19 em S\u00e3o Paulo","Mogi das Cruzes","Osasco","pandemia","Pandemia do novo coronav\u00edrus","prefeito de S\u00e3o Paulo","Prefeitura de S\u00e3o Paulo","Recuperados do coronav\u00edrus","S\u00e3o Bernardo do Campos","S\u00e3o Jos\u00e9 dos Campos","S\u00e3o Paulo"],"articleSection":["Brasil","Sa\u00fade"],"inLanguage":"pt-BR","potentialAction":[{"@type":"CommentAction","name":"Comment","target":["https:\/\/aconteceunovale.com.br\/portal\/?p=160940#respond"]}]},{"@type":"WebPage","@id":"https:\/\/aconteceunovale.com.br\/portal\/?p=160940","url":"https:\/\/aconteceunovale.com.br\/portal\/?p=160940","name":"Mais de 1.500 pacientes tiveram alta ap\u00f3s contra\u00edrem Covid-19 em S\u00e3o Paulo - Aconteceu no Vale","isPartOf":{"@id":"https:\/\/aconteceunovale.com.br\/portal\/#website"},"primaryImageOfPage":{"@id":"https:\/\/aconteceunovale.com.br\/portal\/?p=160940#primaryimage"},"image":{"@id":"https:\/\/aconteceunovale.com.br\/portal\/?p=160940#primaryimage"},"thumbnailUrl":"https:\/\/aconteceunovale.com.br\/portal\/wp-content\/uploads\/2020\/04\/hospital_pacaembu.jpg","datePublished":"2020-04-13T22:47:13+00:00","dateModified":"2020-04-13T22:49:06+00:00","author":{"@id":"https:\/\/aconteceunovale.com.br\/portal\/#\/schema\/person\/633529146f2c94272bef50ac2953d589"},"breadcrumb":{"@id":"https:\/\/aconteceunovale.com.br\/portal\/?p=160940#breadcrumb"},"inLanguage":"pt-BR","potentialAction":[{"@type":"ReadAction","target":["https:\/\/aconteceunovale.com.br\/portal\/?p=160940"]}]},{"@type":"ImageObject","inLanguage":"pt-BR","@id":"https:\/\/aconteceunovale.com.br\/portal\/?p=160940#primaryimage","url":"https:\/\/aconteceunovale.com.br\/portal\/wp-content\/uploads\/2020\/04\/hospital_pacaembu.jpg","contentUrl":"https:\/\/aconteceunovale.com.br\/portal\/wp-content\/uploads\/2020\/04\/hospital_pacaembu.jpg","width":678,"height":406},{"@type":"BreadcrumbList","@id":"https:\/\/aconteceunovale.com.br\/portal\/?p=160940#breadcrumb","itemListElement":[{"@type":"ListItem","position":1,"name":"In\u00edcio","item":"https:\/\/aconteceunovale.com.br\/portal\/"},{"@type":"ListItem","position":2,"name":"Mais de 1.500 pacientes tiveram alta ap\u00f3s contra\u00edrem Covid-19 em S\u00e3o Paulo"}]},{"@type":"WebSite","@id":"https:\/\/aconteceunovale.com.br\/portal\/#website","url":"https:\/\/aconteceunovale.com.br\/portal\/","name":"Aconteceu no Vale","description":"Portal de Not\u00edcias","potentialAction":[{"@type":"SearchAction","target":{"@type":"EntryPoint","urlTemplate":"https:\/\/aconteceunovale.com.br\/portal\/?s={search_term_string}"},"query-input":{"@type":"PropertyValueSpecification","valueRequired":true,"valueName":"search_term_string"}}],"inLanguage":"pt-BR"},{"@type":"Person","@id":"https:\/\/aconteceunovale.com.br\/portal\/#\/schema\/person\/633529146f2c94272bef50ac2953d589","name":"Aconteceu no Vale","description":"Equipe de reportagem do Aconteceu no Vale, portal de not\u00edcias do Vale do Jequitinhonha, em Minas Gerais. Cobrimos as 51 cidades do Vale desde 2013. Sugest\u00f5es de pauta e pedidos de corre\u00e7\u00e3o: contato@aconteceunovale.com.br","sameAs":["http:\/\/www.aconteceunovale.com.br"],"url":"https:\/\/aconteceunovale.com.br\/portal\/?author=1"}]}},"_links":{"self":[{"href":"https:\/\/aconteceunovale.com.br\/portal\/index.php?rest_route=\/wp\/v2\/posts\/160940","targetHints":{"allow":["GET"]}}],"collection":[{"href":"https:\/\/aconteceunovale.com.br\/portal\/index.php?rest_route=\/wp\/v2\/posts"}],"about":[{"href":"https:\/\/aconteceunovale.com.br\/portal\/index.php?rest_route=\/wp\/v2\/types\/post"}],"author":[{"embeddable":true,"href":"https:\/\/aconteceunovale.com.br\/portal\/index.php?rest_route=\/wp\/v2\/users\/1"}],"replies":[{"embeddable":true,"href":"https:\/\/aconteceunovale.com.br\/portal\/index.php?rest_route=%2Fwp%2Fv2%2Fcomments&post=160940"}],"version-history":[{"count":1,"href":"https:\/\/aconteceunovale.com.br\/portal\/index.php?rest_route=\/wp\/v2\/posts\/160940\/revisions"}],"predecessor-version":[{"id":160942,"href":"https:\/\/aconteceunovale.com.br\/portal\/index.php?rest_route=\/wp\/v2\/posts\/160940\/revisions\/160942"}],"wp:featuredmedia":[{"embeddable":true,"href":"https:\/\/aconteceunovale.com.br\/portal\/index.php?rest_route=\/wp\/v2\/media\/160941"}],"wp:attachment":[{"href":"https:\/\/aconteceunovale.com.br\/portal\/index.php?rest_route=%2Fwp%2Fv2%2Fmedia&parent=160940"}],"wp:term":[{"taxonomy":"category","embeddable":true,"href":"https:\/\/aconteceunovale.com.br\/portal\/index.php?rest_route=%2Fwp%2Fv2%2Fcategories&post=160940"},{"taxonomy":"post_tag","embeddable":true,"href":"https:\/\/aconteceunovale.com.br\/portal\/index.php?rest_route=%2Fwp%2Fv2%2Ftags&post=160940"}],"curies":[{"name":"wp","href":"https:\/\/api.w.org\/{rel}","templated":true}]}}