{"id":160938,"date":"2020-04-13T19:38:09","date_gmt":"2020-04-13T22:38:09","guid":{"rendered":"http:\/\/aconteceunovale.com.br\/portal\/?p=160938"},"modified":"2020-04-13T19:38:36","modified_gmt":"2020-04-13T22:38:36","slug":"coronavirus-ministerio-da-saude-confirma-1-328-obitos-e-23-430-casos","status":"publish","type":"post","link":"https:\/\/aconteceunovale.com.br\/portal\/?p=160938","title":{"rendered":"Coronav\u00edrus: Minist\u00e9rio da Sa\u00fade confirma 1.328 \u00f3bitos e 23.430 casos"},"content":{"rendered":"\n<p class=\"wp-block-paragraph\">O n\u00famero de mortes decorrentes do novo coronav\u00edrus (covid-19) subiu para 1.328, um acr\u00e9scimo de 105 \u00f3bitos nas \u00faltimas 24 horas. A nova totaliza\u00e7\u00e3o foi divulgada pelo Minist\u00e9rio da Sa\u00fade hoje (13\/4\/2020). O resultado marca um aumento de 9% em rela\u00e7\u00e3o a ontem.<\/p>\n\n\n\n<p class=\"wp-block-paragraph\">S\u00e3o Paulo concentra o maior n\u00famero de casos (8.895) e de mortes (608), com mais da metade do total contabilizado na atualiza\u00e7\u00e3o. Em seguida, os estados com os maiores n\u00fameros de mortes s\u00e3o Rio de Janeiro (188), Pernambuco (102), Cear\u00e1 (91) e Amazonas (71).<\/p>\n\n\n\n<p class=\"wp-block-paragraph\">Al\u00e9m disso, foram registradas mortes no Paran\u00e1 (31), Maranh\u00e3o (27), Santa Catarina (24), Minas Gerais (23), Bahia (22), Rio Grande do Norte (17), Rio Grande do Sul (16), Distrito Federal (15), Par\u00e1 (15), Esp\u00edrito Santo (14), Goi\u00e1s (15), Para\u00edba (13), Piau\u00ed (8), Amap\u00e1 (5), &nbsp;Sergipe (4), Mato Grosso do Sul (4), Mato Grosso (4), Alagoas (3), &nbsp;Acre (3), e Roraima (3) Rond\u00f4nia (2). Tocantins \u00e9 o \u00fanico estado onde ainda n\u00e3o houve morte.<\/p>\n\n\n\n<p class=\"wp-block-paragraph\">J\u00e1 o n\u00famero de casos no pa\u00eds somou 23.430. O n\u00famero representa um crescimento de 6% em rela\u00e7\u00e3o a ontem, quando o balan\u00e7o do Minist\u00e9rio da Sa\u00fade marcou 22.169. A taxa de letalidade do pa\u00eds ficou em 5,7%.<\/p>\n\n\n\n<h2 class=\"wp-block-heading\">Perfil<\/h2>\n\n\n\n<p class=\"wp-block-paragraph\">No perfil das v\u00edtimas, 58,9% eram homens e 41,1%, mulheres. Do total, 74% tinham acima de 60 anos e 75% apresentavam algum fator de risco, como cardiopatia, pneumopatia, diabetes e doen\u00e7as neurol\u00f3gicas.<\/p>\n\n\n\n<p class=\"wp-block-paragraph\">J\u00e1 os casos confirmados nas \u00faltimas 24 horas totalizaram 1.261, menos do que&nbsp;ontem, quando foram 1.442. O resultado \u00e9 tamb\u00e9m menor do que os registrados na \u00faltima semana, quando chegaram a ser agregados \u00e0s estat\u00edsticas 2.210 novos casos na&nbsp;quarta-feira (8).<\/p>\n\n\n\n<p class=\"wp-block-paragraph\">No coeficiente de incid\u00eancia (n\u00famero de casos por 1 milh\u00e3o de habitantes), Amazonas lidera (303), seguido por Amap\u00e1 (281), Distrito Federal (209), Cear\u00e1 (196), S\u00e3o Paulo (192) e Rio&nbsp;de Janeiro&nbsp;(186). Todas essas unidades da Federa\u00e7\u00e3o est\u00e3o mais de 50% acima da m\u00e9dia nacional (111), na categoria de \u201cemerg\u00eancia\u201d de acordo com a escala do&nbsp;MS.<\/p>\n\n\n\n<p class=\"wp-block-paragraph\">As capitais com maior incid\u00eancia s\u00e3o Fortaleza (573), S\u00e3o Paulo (518), Manaus e entorno (482), Macap\u00e1 (391) e Florian\u00f3polis (345). Na considera\u00e7\u00e3o por \u00e1rea de sa\u00fade, ganha destaque tamb\u00e9m na \u00e1rea central, no Amap\u00e1, com \u00edndice de 348, al\u00e9m de Rio Negro e Solim\u00f5es, no Amazonas, com 305.<\/p>\n\n\n\n<p class=\"wp-block-paragraph\">As hospitaliza\u00e7\u00f5es por covid-10 totalizaram 4.926. No entanto, ainda h\u00e1 31.605 pessoas internadas com S\u00edndrome Respirat\u00f3ria Aguda Grave (SRAG) em investiga\u00e7\u00e3o, dependendo de testes para averiguar se s\u00e3o casos de infec\u00e7\u00e3o por novo coronav\u00edrus ou n\u00e3o.<\/p>\n\n\n\n<h2 class=\"wp-block-heading\"><strong>Governo atualiza dados<\/strong><\/h2>\n\n\n\n<p class=\"wp-block-paragraph\">Confira a \u00edntegra da entrevista \u00e0 imprensa:<\/p>\n\n\n\n<figure><iframe loading=\"lazy\" src=\"https:\/\/www.facebook.com\/plugins\/video.php?href=https%3A%2F%2Fwww.facebook.com%2Fagenciabrasil.ebc%2Fvideos%2F860069761160057%2F&amp;show_text=0&amp;width=560\" width=\"100%\" height=\"400\" allowfullscreen=\"true\"><\/iframe><\/figure>\n\n\n\n<h2 class=\"wp-block-heading\"><strong>Casos e \u00f3bitos por estado<\/strong><\/h2>\n\n\n\n<figure class=\"wp-block-table\"><table><tbody><tr><td>&nbsp;<\/td><td class=\"has-text-align-center\" data-align=\"center\"><strong>CASOS CONFIRMADOS<\/strong><\/td><td class=\"has-text-align-center\" data-align=\"center\"><strong>\u00d3BITOS CONFIRMADOS<\/strong><\/td><\/tr><tr><td>BRASIL<\/td><td class=\"has-text-align-center\" data-align=\"center\">23.430<\/td><td class=\"has-text-align-center\" data-align=\"center\">1.328<\/td><\/tr><tr><td>&nbsp;<\/td><td class=\"has-text-align-center\" data-align=\"center\">&nbsp;<\/td><td class=\"has-text-align-center\" data-align=\"center\">&nbsp;<\/td><\/tr><tr><td><strong>ESTADO<\/strong><\/td><td class=\"has-text-align-center\" data-align=\"center\"><strong>CASOS CONFIRMADOS<\/strong><\/td><td class=\"has-text-align-center\" data-align=\"center\"><strong>\u00d3BITOS CONFIRMADOS<\/strong><\/td><\/tr><tr><td>Acre<\/td><td class=\"has-text-align-center\" data-align=\"center\">90<\/td><td class=\"has-text-align-center\" data-align=\"center\">3<\/td><\/tr><tr><td>Alagoas<\/td><td class=\"has-text-align-center\" data-align=\"center\">50<\/td><td class=\"has-text-align-center\" data-align=\"center\">3<\/td><\/tr><tr><td>Amap\u00e1<\/td><td class=\"has-text-align-center\" data-align=\"center\">242<\/td><td class=\"has-text-align-center\" data-align=\"center\">5<\/td><\/tr><tr><td>Amazonas<\/td><td class=\"has-text-align-center\" data-align=\"center\">1275<\/td><td class=\"has-text-align-center\" data-align=\"center\">71<\/td><\/tr><tr><td>Bahia<\/td><td class=\"has-text-align-center\" data-align=\"center\">723<\/td><td class=\"has-text-align-center\" data-align=\"center\">22<\/td><\/tr><tr><td>Cear\u00e1<\/td><td class=\"has-text-align-center\" data-align=\"center\">1800<\/td><td class=\"has-text-align-center\" data-align=\"center\">91<\/td><\/tr><tr><td>Distrito Federal<\/td><td class=\"has-text-align-center\" data-align=\"center\">638<\/td><td class=\"has-text-align-center\" data-align=\"center\">15<\/td><\/tr><tr><td>Esp\u00edrito Santo<\/td><td class=\"has-text-align-center\" data-align=\"center\">430<\/td><td class=\"has-text-align-center\" data-align=\"center\">14<\/td><\/tr><tr><td>Goi\u00e1s<\/td><td class=\"has-text-align-center\" data-align=\"center\">233<\/td><td class=\"has-text-align-center\" data-align=\"center\">15<\/td><\/tr><tr><td>Maranh\u00e3o<\/td><td class=\"has-text-align-center\" data-align=\"center\">445<\/td><td class=\"has-text-align-center\" data-align=\"center\">27<\/td><\/tr><tr><td>Mato Grosso<\/td><td class=\"has-text-align-center\" data-align=\"center\">134<\/td><td class=\"has-text-align-center\" data-align=\"center\">4<\/td><\/tr><tr><td>Mato Grosso do Sul<\/td><td class=\"has-text-align-center\" data-align=\"center\">113<\/td><td class=\"has-text-align-center\" data-align=\"center\">4<\/td><\/tr><tr><td>Minas Gerais<\/td><td class=\"has-text-align-center\" data-align=\"center\">815<\/td><td class=\"has-text-align-center\" data-align=\"center\">23<\/td><\/tr><tr><td>Paran\u00e1<\/td><td class=\"has-text-align-center\" data-align=\"center\">756<\/td><td class=\"has-text-align-center\" data-align=\"center\">31<\/td><\/tr><tr><td>Para\u00edba<\/td><td class=\"has-text-align-center\" data-align=\"center\">111<\/td><td class=\"has-text-align-center\" data-align=\"center\">13<\/td><\/tr><tr><td>Par\u00e1<\/td><td class=\"has-text-align-center\" data-align=\"center\">270<\/td><td class=\"has-text-align-center\" data-align=\"center\">15<\/td><\/tr><tr><td>Pernambuco<\/td><td class=\"has-text-align-center\" data-align=\"center\">1154<\/td><td class=\"has-text-align-center\" data-align=\"center\">102<\/td><\/tr><tr><td>Piau\u00ed<\/td><td class=\"has-text-align-center\" data-align=\"center\">50<\/td><td class=\"has-text-align-center\" data-align=\"center\">8<\/td><\/tr><tr><td>Rio Grande do Norte<\/td><td class=\"has-text-align-center\" data-align=\"center\">339<\/td><td class=\"has-text-align-center\" data-align=\"center\">17<\/td><\/tr><tr><td>Rio Grande do Sul<\/td><td class=\"has-text-align-center\" data-align=\"center\">664<\/td><td class=\"has-text-align-center\" data-align=\"center\">16<\/td><\/tr><tr><td>Rio de Janeiro<\/td><td class=\"has-text-align-center\" data-align=\"center\">3231<\/td><td class=\"has-text-align-center\" data-align=\"center\">188<\/td><\/tr><tr><td>Rond\u00f4nia<\/td><td class=\"has-text-align-center\" data-align=\"center\">42<\/td><td class=\"has-text-align-center\" data-align=\"center\">2<\/td><\/tr><tr><td>Roraima<\/td><td class=\"has-text-align-center\" data-align=\"center\">83<\/td><td class=\"has-text-align-center\" data-align=\"center\">3<\/td><\/tr><tr><td>Santa Catarina<\/td><td class=\"has-text-align-center\" data-align=\"center\">777<\/td><td class=\"has-text-align-center\" data-align=\"center\">24<\/td><\/tr><tr><td>Sergipe<\/td><td class=\"has-text-align-center\" data-align=\"center\">44<\/td><td class=\"has-text-align-center\" data-align=\"center\">4<\/td><\/tr><tr><td>S\u00e3o Paulo<\/td><td class=\"has-text-align-center\" data-align=\"center\">8895<\/td><td class=\"has-text-align-center\" data-align=\"center\">608<\/td><\/tr><tr><td>Tocantins<\/td><td class=\"has-text-align-center\" data-align=\"center\">26<\/td><td class=\"has-text-align-center\" data-align=\"center\">0<\/td><\/tr><\/tbody><\/table><\/figure>\n\n\n\n<p class=\"has-background has-very-light-gray-background-color wp-block-paragraph\">Quer saber as not\u00edcias do <strong>Aconteceu no Vale<\/strong> em primeira m\u00e3o? Siga-nos no Facebook <a rel=\"noreferrer noopener\" href=\"http:\/\/facebook.com\/aconteceunovale\" target=\"_blank\">@aconteceunovale<\/a>, Twitter <a rel=\"noreferrer noopener\" href=\"https:\/\/twitter.com\/noticiadosvales\" target=\"_blank\">@noticiadosvales<\/a> e Instagram <a rel=\"noreferrer noopener\" href=\"https:\/\/www.instagram.com\/aconteceunovale\" target=\"_blank\">@aconteceunovale<\/a>.<\/p>\n","protected":false},"excerpt":{"rendered":"<p>O n\u00famero de mortes decorrentes do novo coronav\u00edrus (covid-19) subiu para 1.328, um acr\u00e9scimo de 105 \u00f3bitos nas \u00faltimas 24 horas. A nova totaliza\u00e7\u00e3o foi divulgada pelo Minist\u00e9rio da Sa\u00fade hoje (13\/4\/2020). O resultado marca um aumento de 9% em rela\u00e7\u00e3o a ontem. S\u00e3o Paulo concentra o maior n\u00famero de casos (8.895) e de mortes [&hellip;]<\/p>\n","protected":false},"author":1,"featured_media":159472,"comment_status":"open","ping_status":"closed","sticky":false,"template":"","format":"standard","meta":{"amp_status":"","footnotes":""},"categories":[6,40242],"tags":[4785,218722,218721,219518,219520,219521,218049,218205,214884,218472,215394,219594,219677,216498,218043,19326,219197,218044,218045,215653,218206,218815,219105,219104,218876,219519,140166,217692],"class_list":["post-160938","post","type-post","status-publish","format-standard","has-post-thumbnail","hentry","category-br","category-saude-2","tag-brasil","tag-brasil-tem-241-obitos-por-coronavirus","tag-brasil-tem-241-obitos-por-coronavirus-e-6-836-casos-confirmados","tag-brasil-ultrapassa-mil-mortes-por-covid-19","tag-casos-confirmados-e-obitos-no-brasil","tag-casos-confirmados-e-obitos-no-mundo","tag-casos-de-coronavirus-no-brasil","tag-casos-de-covid-19-no-brasil","tag-coronavirus","tag-coronavirus-em-27-de-marco-brasil-tem-92-mortes-e-3-417-casos-confirmados","tag-coronavirus-no-brasil","tag-coronavirus-ministerio-da-saude-confirma-1-124-obitos-e-20-727-casos","tag-coronavirus-ministerio-da-saude-confirma-1-328-obitos-e-23-430-casos","tag-covid-19","tag-covid-19-no-brasil","tag-ministerio-da-saude","tag-ministerio-da-saude-confirma-667-obitos-por-coronavirus-e-13-717-casos","tag-mortes-por-coronavirus-no-brasil","tag-mortes-por-covid-19-no-brasil","tag-novo-coronavirus","tag-numero-de-casos-de-covid-19-confirmados-no-brasil","tag-numero-de-mortes-por-coronavirus-no-brasil-sobe-para-299","tag-numeros-da-covid-19-no-brasil","tag-numeros-do-coronavirus-no-brasil","tag-obitos-por-coronavirus-no-brasil","tag-obitos-por-covid-19-no-brasil","tag-pandemia","tag-pandemia-de-coronavirus"],"yoast_head":"<!-- This site is optimized with the Yoast SEO plugin v28.3 - https:\/\/yoast.com\/product\/yoast-seo-wordpress\/ -->\n<title>Coronav\u00edrus: Minist\u00e9rio da Sa\u00fade confirma 1.328 \u00f3bitos e 23.430 casos - Aconteceu no Vale<\/title>\n<meta name=\"robots\" content=\"index, follow, max-snippet:-1, max-image-preview:large, max-video-preview:-1\" \/>\n<link rel=\"canonical\" href=\"https:\/\/aconteceunovale.com.br\/portal\/?p=160938\" \/>\n<meta property=\"og:locale\" content=\"pt_BR\" \/>\n<meta property=\"og:type\" content=\"article\" \/>\n<meta property=\"og:title\" content=\"Coronav\u00edrus: Minist\u00e9rio da Sa\u00fade confirma 1.328 \u00f3bitos e 23.430 casos - Aconteceu no Vale\" \/>\n<meta property=\"og:description\" content=\"O n\u00famero de mortes decorrentes do novo coronav\u00edrus (covid-19) subiu para 1.328, um acr\u00e9scimo de 105 \u00f3bitos nas \u00faltimas 24 horas. A nova totaliza\u00e7\u00e3o foi divulgada pelo Minist\u00e9rio da Sa\u00fade hoje (13\/4\/2020). O resultado marca um aumento de 9% em rela\u00e7\u00e3o a ontem. S\u00e3o Paulo concentra o maior n\u00famero de casos (8.895) e de mortes [&hellip;]\" \/>\n<meta property=\"og:url\" content=\"https:\/\/aconteceunovale.com.br\/portal\/?p=160938\" \/>\n<meta property=\"og:site_name\" content=\"Aconteceu no Vale\" \/>\n<meta property=\"article:publisher\" content=\"https:\/\/www.facebook.com\/aconteceunovale\/\" \/>\n<meta property=\"article:published_time\" content=\"2020-04-13T22:38:09+00:00\" \/>\n<meta property=\"article:modified_time\" content=\"2020-04-13T22:38:36+00:00\" \/>\n<meta property=\"og:image\" content=\"https:\/\/aconteceunovale.com.br\/portal\/wp-content\/uploads\/2020\/03\/coronavirus_confirmado.jpg\" \/>\n\t<meta property=\"og:image:width\" content=\"678\" \/>\n\t<meta property=\"og:image:height\" content=\"406\" \/>\n\t<meta property=\"og:image:type\" content=\"image\/jpeg\" \/>\n<meta name=\"author\" content=\"Aconteceu no Vale\" \/>\n<meta name=\"twitter:card\" content=\"summary_large_image\" \/>\n<meta name=\"twitter:creator\" content=\"@noticiadosvales\" \/>\n<meta name=\"twitter:site\" content=\"@noticiadosvales\" \/>\n<meta name=\"twitter:label1\" content=\"Escrito por\" \/>\n\t<meta name=\"twitter:data1\" content=\"Aconteceu no Vale\" \/>\n\t<meta name=\"twitter:label2\" content=\"Est. tempo de leitura\" \/>\n\t<meta name=\"twitter:data2\" content=\"3 minutos\" \/>\n<script type=\"application\/ld+json\" class=\"yoast-schema-graph\">{\"@context\":\"https:\\\/\\\/schema.org\",\"@graph\":[{\"@type\":\"Article\",\"@id\":\"https:\\\/\\\/aconteceunovale.com.br\\\/portal\\\/?p=160938#article\",\"isPartOf\":{\"@id\":\"https:\\\/\\\/aconteceunovale.com.br\\\/portal\\\/?p=160938\"},\"author\":{\"name\":\"Aconteceu no Vale\",\"@id\":\"https:\\\/\\\/aconteceunovale.com.br\\\/portal\\\/#\\\/schema\\\/person\\\/633529146f2c94272bef50ac2953d589\"},\"headline\":\"Coronav\u00edrus: Minist\u00e9rio da Sa\u00fade confirma 1.328 \u00f3bitos e 23.430 casos\",\"datePublished\":\"2020-04-13T22:38:09+00:00\",\"dateModified\":\"2020-04-13T22:38:36+00:00\",\"mainEntityOfPage\":{\"@id\":\"https:\\\/\\\/aconteceunovale.com.br\\\/portal\\\/?p=160938\"},\"wordCount\":523,\"commentCount\":0,\"image\":{\"@id\":\"https:\\\/\\\/aconteceunovale.com.br\\\/portal\\\/?p=160938#primaryimage\"},\"thumbnailUrl\":\"https:\\\/\\\/aconteceunovale.com.br\\\/portal\\\/wp-content\\\/uploads\\\/2020\\\/03\\\/coronavirus_confirmado.jpg\",\"keywords\":[\"brasil\",\"Brasil tem 241 \u00f3bitos por coronav\u00edrus\",\"Brasil tem 241 \u00f3bitos por coronav\u00edrus e 6.836 casos confirmados\",\"Brasil ultrapassa mil mortes por Covid-19\",\"Casos confirmados e \u00f3bitos no Brasil\",\"Casos confirmados e \u00f3bitos no Mundo\",\"Casos de coronav\u00edrus no Brasil\",\"Casos de Covid-19 no Brasil\",\"Coronav\u00edrus\",\"Coronav\u00edrus em 27 de mar\u00e7o: Brasil tem 92 mortes e 3.417 casos confirmados\",\"Coronav\u00edrus no Brasil\",\"Coronav\u00edrus: Minist\u00e9rio da Sa\u00fade confirma 1.124 \u00f3bitos e 20.727 casos\",\"Coronav\u00edrus: Minist\u00e9rio da Sa\u00fade confirma 1.328 \u00f3bitos e 23.430 casos\",\"COVID-19\",\"Covid-19 no Brasil\",\"Minist\u00e9rio da Sa\u00fade\",\"Minist\u00e9rio da Sa\u00fade confirma 667 \u00f3bitos por coronav\u00edrus e 13.717 casos\",\"Mortes por coronav\u00edrus no Brasil\",\"Mortes por Covid-19 no Brasil\",\"Novo coronav\u00edrus\",\"N\u00famero de casos de covid-19 confirmados no Brasil\",\"N\u00famero de mortes por coronav\u00edrus no Brasil sobe para 299\",\"N\u00fameros da Covid-19 no Brasil\",\"N\u00fameros do coronav\u00edrus no Brasil\",\"\u00d3bitos por coronav\u00edrus no Brasil\",\"\u00d3bitos por Covid-19 no Brasil\",\"pandemia\",\"Pandemia de coronav\u00edrus\"],\"articleSection\":[\"Brasil\",\"Sa\u00fade\"],\"inLanguage\":\"pt-BR\",\"potentialAction\":[{\"@type\":\"CommentAction\",\"name\":\"Comment\",\"target\":[\"https:\\\/\\\/aconteceunovale.com.br\\\/portal\\\/?p=160938#respond\"]}]},{\"@type\":\"WebPage\",\"@id\":\"https:\\\/\\\/aconteceunovale.com.br\\\/portal\\\/?p=160938\",\"url\":\"https:\\\/\\\/aconteceunovale.com.br\\\/portal\\\/?p=160938\",\"name\":\"Coronav\u00edrus: Minist\u00e9rio da Sa\u00fade confirma 1.328 \u00f3bitos e 23.430 casos - Aconteceu no Vale\",\"isPartOf\":{\"@id\":\"https:\\\/\\\/aconteceunovale.com.br\\\/portal\\\/#website\"},\"primaryImageOfPage\":{\"@id\":\"https:\\\/\\\/aconteceunovale.com.br\\\/portal\\\/?p=160938#primaryimage\"},\"image\":{\"@id\":\"https:\\\/\\\/aconteceunovale.com.br\\\/portal\\\/?p=160938#primaryimage\"},\"thumbnailUrl\":\"https:\\\/\\\/aconteceunovale.com.br\\\/portal\\\/wp-content\\\/uploads\\\/2020\\\/03\\\/coronavirus_confirmado.jpg\",\"datePublished\":\"2020-04-13T22:38:09+00:00\",\"dateModified\":\"2020-04-13T22:38:36+00:00\",\"author\":{\"@id\":\"https:\\\/\\\/aconteceunovale.com.br\\\/portal\\\/#\\\/schema\\\/person\\\/633529146f2c94272bef50ac2953d589\"},\"breadcrumb\":{\"@id\":\"https:\\\/\\\/aconteceunovale.com.br\\\/portal\\\/?p=160938#breadcrumb\"},\"inLanguage\":\"pt-BR\",\"potentialAction\":[{\"@type\":\"ReadAction\",\"target\":[\"https:\\\/\\\/aconteceunovale.com.br\\\/portal\\\/?p=160938\"]}]},{\"@type\":\"ImageObject\",\"inLanguage\":\"pt-BR\",\"@id\":\"https:\\\/\\\/aconteceunovale.com.br\\\/portal\\\/?p=160938#primaryimage\",\"url\":\"https:\\\/\\\/aconteceunovale.com.br\\\/portal\\\/wp-content\\\/uploads\\\/2020\\\/03\\\/coronavirus_confirmado.jpg\",\"contentUrl\":\"https:\\\/\\\/aconteceunovale.com.br\\\/portal\\\/wp-content\\\/uploads\\\/2020\\\/03\\\/coronavirus_confirmado.jpg\",\"width\":678,\"height\":406},{\"@type\":\"BreadcrumbList\",\"@id\":\"https:\\\/\\\/aconteceunovale.com.br\\\/portal\\\/?p=160938#breadcrumb\",\"itemListElement\":[{\"@type\":\"ListItem\",\"position\":1,\"name\":\"In\u00edcio\",\"item\":\"https:\\\/\\\/aconteceunovale.com.br\\\/portal\\\/\"},{\"@type\":\"ListItem\",\"position\":2,\"name\":\"Coronav\u00edrus: Minist\u00e9rio da Sa\u00fade confirma 1.328 \u00f3bitos e 23.430 casos\"}]},{\"@type\":\"WebSite\",\"@id\":\"https:\\\/\\\/aconteceunovale.com.br\\\/portal\\\/#website\",\"url\":\"https:\\\/\\\/aconteceunovale.com.br\\\/portal\\\/\",\"name\":\"Aconteceu no Vale\",\"description\":\"Portal de Not\u00edcias\",\"potentialAction\":[{\"@type\":\"SearchAction\",\"target\":{\"@type\":\"EntryPoint\",\"urlTemplate\":\"https:\\\/\\\/aconteceunovale.com.br\\\/portal\\\/?s={search_term_string}\"},\"query-input\":{\"@type\":\"PropertyValueSpecification\",\"valueRequired\":true,\"valueName\":\"search_term_string\"}}],\"inLanguage\":\"pt-BR\"},{\"@type\":\"Person\",\"@id\":\"https:\\\/\\\/aconteceunovale.com.br\\\/portal\\\/#\\\/schema\\\/person\\\/633529146f2c94272bef50ac2953d589\",\"name\":\"Aconteceu no Vale\",\"description\":\"Equipe de reportagem do Aconteceu no Vale, portal de not\u00edcias do Vale do Jequitinhonha, em Minas Gerais. Cobrimos as 51 cidades do Vale desde 2013. Sugest\u00f5es de pauta e pedidos de corre\u00e7\u00e3o: contato@aconteceunovale.com.br\",\"sameAs\":[\"http:\\\/\\\/www.aconteceunovale.com.br\"],\"url\":\"https:\\\/\\\/aconteceunovale.com.br\\\/portal\\\/?author=1\"}]}<\/script>\n<!-- \/ Yoast SEO plugin. -->","yoast_head_json":{"title":"Coronav\u00edrus: Minist\u00e9rio da Sa\u00fade confirma 1.328 \u00f3bitos e 23.430 casos - Aconteceu no Vale","robots":{"index":"index","follow":"follow","max-snippet":"max-snippet:-1","max-image-preview":"max-image-preview:large","max-video-preview":"max-video-preview:-1"},"canonical":"https:\/\/aconteceunovale.com.br\/portal\/?p=160938","og_locale":"pt_BR","og_type":"article","og_title":"Coronav\u00edrus: Minist\u00e9rio da Sa\u00fade confirma 1.328 \u00f3bitos e 23.430 casos - Aconteceu no Vale","og_description":"O n\u00famero de mortes decorrentes do novo coronav\u00edrus (covid-19) subiu para 1.328, um acr\u00e9scimo de 105 \u00f3bitos nas \u00faltimas 24 horas. A nova totaliza\u00e7\u00e3o foi divulgada pelo Minist\u00e9rio da Sa\u00fade hoje (13\/4\/2020). O resultado marca um aumento de 9% em rela\u00e7\u00e3o a ontem. S\u00e3o Paulo concentra o maior n\u00famero de casos (8.895) e de mortes [&hellip;]","og_url":"https:\/\/aconteceunovale.com.br\/portal\/?p=160938","og_site_name":"Aconteceu no Vale","article_publisher":"https:\/\/www.facebook.com\/aconteceunovale\/","article_published_time":"2020-04-13T22:38:09+00:00","article_modified_time":"2020-04-13T22:38:36+00:00","og_image":[{"width":678,"height":406,"url":"https:\/\/aconteceunovale.com.br\/portal\/wp-content\/uploads\/2020\/03\/coronavirus_confirmado.jpg","type":"image\/jpeg"}],"author":"Aconteceu no Vale","twitter_card":"summary_large_image","twitter_creator":"@noticiadosvales","twitter_site":"@noticiadosvales","twitter_misc":{"Escrito por":"Aconteceu no Vale","Est. tempo de leitura":"3 minutos"},"schema":{"@context":"https:\/\/schema.org","@graph":[{"@type":"Article","@id":"https:\/\/aconteceunovale.com.br\/portal\/?p=160938#article","isPartOf":{"@id":"https:\/\/aconteceunovale.com.br\/portal\/?p=160938"},"author":{"name":"Aconteceu no Vale","@id":"https:\/\/aconteceunovale.com.br\/portal\/#\/schema\/person\/633529146f2c94272bef50ac2953d589"},"headline":"Coronav\u00edrus: Minist\u00e9rio da Sa\u00fade confirma 1.328 \u00f3bitos e 23.430 casos","datePublished":"2020-04-13T22:38:09+00:00","dateModified":"2020-04-13T22:38:36+00:00","mainEntityOfPage":{"@id":"https:\/\/aconteceunovale.com.br\/portal\/?p=160938"},"wordCount":523,"commentCount":0,"image":{"@id":"https:\/\/aconteceunovale.com.br\/portal\/?p=160938#primaryimage"},"thumbnailUrl":"https:\/\/aconteceunovale.com.br\/portal\/wp-content\/uploads\/2020\/03\/coronavirus_confirmado.jpg","keywords":["brasil","Brasil tem 241 \u00f3bitos por coronav\u00edrus","Brasil tem 241 \u00f3bitos por coronav\u00edrus e 6.836 casos confirmados","Brasil ultrapassa mil mortes por Covid-19","Casos confirmados e \u00f3bitos no Brasil","Casos confirmados e \u00f3bitos no Mundo","Casos de coronav\u00edrus no Brasil","Casos de Covid-19 no Brasil","Coronav\u00edrus","Coronav\u00edrus em 27 de mar\u00e7o: Brasil tem 92 mortes e 3.417 casos confirmados","Coronav\u00edrus no Brasil","Coronav\u00edrus: Minist\u00e9rio da Sa\u00fade confirma 1.124 \u00f3bitos e 20.727 casos","Coronav\u00edrus: Minist\u00e9rio da Sa\u00fade confirma 1.328 \u00f3bitos e 23.430 casos","COVID-19","Covid-19 no Brasil","Minist\u00e9rio da Sa\u00fade","Minist\u00e9rio da Sa\u00fade confirma 667 \u00f3bitos por coronav\u00edrus e 13.717 casos","Mortes por coronav\u00edrus no Brasil","Mortes por Covid-19 no Brasil","Novo coronav\u00edrus","N\u00famero de casos de covid-19 confirmados no Brasil","N\u00famero de mortes por coronav\u00edrus no Brasil sobe para 299","N\u00fameros da Covid-19 no Brasil","N\u00fameros do coronav\u00edrus no Brasil","\u00d3bitos por coronav\u00edrus no Brasil","\u00d3bitos por Covid-19 no Brasil","pandemia","Pandemia de coronav\u00edrus"],"articleSection":["Brasil","Sa\u00fade"],"inLanguage":"pt-BR","potentialAction":[{"@type":"CommentAction","name":"Comment","target":["https:\/\/aconteceunovale.com.br\/portal\/?p=160938#respond"]}]},{"@type":"WebPage","@id":"https:\/\/aconteceunovale.com.br\/portal\/?p=160938","url":"https:\/\/aconteceunovale.com.br\/portal\/?p=160938","name":"Coronav\u00edrus: Minist\u00e9rio da Sa\u00fade confirma 1.328 \u00f3bitos e 23.430 casos - Aconteceu no Vale","isPartOf":{"@id":"https:\/\/aconteceunovale.com.br\/portal\/#website"},"primaryImageOfPage":{"@id":"https:\/\/aconteceunovale.com.br\/portal\/?p=160938#primaryimage"},"image":{"@id":"https:\/\/aconteceunovale.com.br\/portal\/?p=160938#primaryimage"},"thumbnailUrl":"https:\/\/aconteceunovale.com.br\/portal\/wp-content\/uploads\/2020\/03\/coronavirus_confirmado.jpg","datePublished":"2020-04-13T22:38:09+00:00","dateModified":"2020-04-13T22:38:36+00:00","author":{"@id":"https:\/\/aconteceunovale.com.br\/portal\/#\/schema\/person\/633529146f2c94272bef50ac2953d589"},"breadcrumb":{"@id":"https:\/\/aconteceunovale.com.br\/portal\/?p=160938#breadcrumb"},"inLanguage":"pt-BR","potentialAction":[{"@type":"ReadAction","target":["https:\/\/aconteceunovale.com.br\/portal\/?p=160938"]}]},{"@type":"ImageObject","inLanguage":"pt-BR","@id":"https:\/\/aconteceunovale.com.br\/portal\/?p=160938#primaryimage","url":"https:\/\/aconteceunovale.com.br\/portal\/wp-content\/uploads\/2020\/03\/coronavirus_confirmado.jpg","contentUrl":"https:\/\/aconteceunovale.com.br\/portal\/wp-content\/uploads\/2020\/03\/coronavirus_confirmado.jpg","width":678,"height":406},{"@type":"BreadcrumbList","@id":"https:\/\/aconteceunovale.com.br\/portal\/?p=160938#breadcrumb","itemListElement":[{"@type":"ListItem","position":1,"name":"In\u00edcio","item":"https:\/\/aconteceunovale.com.br\/portal\/"},{"@type":"ListItem","position":2,"name":"Coronav\u00edrus: Minist\u00e9rio da Sa\u00fade confirma 1.328 \u00f3bitos e 23.430 casos"}]},{"@type":"WebSite","@id":"https:\/\/aconteceunovale.com.br\/portal\/#website","url":"https:\/\/aconteceunovale.com.br\/portal\/","name":"Aconteceu no Vale","description":"Portal de Not\u00edcias","potentialAction":[{"@type":"SearchAction","target":{"@type":"EntryPoint","urlTemplate":"https:\/\/aconteceunovale.com.br\/portal\/?s={search_term_string}"},"query-input":{"@type":"PropertyValueSpecification","valueRequired":true,"valueName":"search_term_string"}}],"inLanguage":"pt-BR"},{"@type":"Person","@id":"https:\/\/aconteceunovale.com.br\/portal\/#\/schema\/person\/633529146f2c94272bef50ac2953d589","name":"Aconteceu no Vale","description":"Equipe de reportagem do Aconteceu no Vale, portal de not\u00edcias do Vale do Jequitinhonha, em Minas Gerais. Cobrimos as 51 cidades do Vale desde 2013. Sugest\u00f5es de pauta e pedidos de corre\u00e7\u00e3o: contato@aconteceunovale.com.br","sameAs":["http:\/\/www.aconteceunovale.com.br"],"url":"https:\/\/aconteceunovale.com.br\/portal\/?author=1"}]}},"_links":{"self":[{"href":"https:\/\/aconteceunovale.com.br\/portal\/index.php?rest_route=\/wp\/v2\/posts\/160938","targetHints":{"allow":["GET"]}}],"collection":[{"href":"https:\/\/aconteceunovale.com.br\/portal\/index.php?rest_route=\/wp\/v2\/posts"}],"about":[{"href":"https:\/\/aconteceunovale.com.br\/portal\/index.php?rest_route=\/wp\/v2\/types\/post"}],"author":[{"embeddable":true,"href":"https:\/\/aconteceunovale.com.br\/portal\/index.php?rest_route=\/wp\/v2\/users\/1"}],"replies":[{"embeddable":true,"href":"https:\/\/aconteceunovale.com.br\/portal\/index.php?rest_route=%2Fwp%2Fv2%2Fcomments&post=160938"}],"version-history":[{"count":1,"href":"https:\/\/aconteceunovale.com.br\/portal\/index.php?rest_route=\/wp\/v2\/posts\/160938\/revisions"}],"predecessor-version":[{"id":160939,"href":"https:\/\/aconteceunovale.com.br\/portal\/index.php?rest_route=\/wp\/v2\/posts\/160938\/revisions\/160939"}],"wp:featuredmedia":[{"embeddable":true,"href":"https:\/\/aconteceunovale.com.br\/portal\/index.php?rest_route=\/wp\/v2\/media\/159472"}],"wp:attachment":[{"href":"https:\/\/aconteceunovale.com.br\/portal\/index.php?rest_route=%2Fwp%2Fv2%2Fmedia&parent=160938"}],"wp:term":[{"taxonomy":"category","embeddable":true,"href":"https:\/\/aconteceunovale.com.br\/portal\/index.php?rest_route=%2Fwp%2Fv2%2Fcategories&post=160938"},{"taxonomy":"post_tag","embeddable":true,"href":"https:\/\/aconteceunovale.com.br\/portal\/index.php?rest_route=%2Fwp%2Fv2%2Ftags&post=160938"}],"curies":[{"name":"wp","href":"https:\/\/api.w.org\/{rel}","templated":true}]}}