{"id":160932,"date":"2020-04-13T18:32:04","date_gmt":"2020-04-13T21:32:04","guid":{"rendered":"http:\/\/aconteceunovale.com.br\/portal\/?p=160932"},"modified":"2020-04-27T22:37:49","modified_gmt":"2020-04-28T01:37:49","slug":"policia-civil-apura-morte-de-crianca-em-montes-claros-e-prende-a-mae-da-vitima","status":"publish","type":"post","link":"https:\/\/aconteceunovale.com.br\/portal\/?p=160932","title":{"rendered":"Pol\u00edcia Civil apura morte de crian\u00e7a em Montes Claros e prende a m\u00e3e da v\u00edtima"},"content":{"rendered":"\n<p class=\"wp-block-paragraph\">A morte de uma crian\u00e7a foi apurada pela Pol\u00edcia Civil de Minas Gerais (PCMG), que cumpriu, na sexta-feira (10\/4\/2020), em Montes Claros, o mandado de pris\u00e3o da m\u00e3e da v\u00edtima. Ela \u00e9 suspeita de cometer o crime.<\/p>\n\n\n\n<p class=\"wp-block-paragraph\">A crian\u00e7a morreu em 20 de fevereiro deste ano e o laudo de necropsia apontou &#8220;morte em decorr\u00eancia de traumatismo abdominal&#8221;, quando foi instaurado o Inqu\u00e9rito Policial para apurar autoria e motiva\u00e7\u00e3o dos fatos. Pelos levantamentos, a equipe de policiais civis da Delegacia de Homic\u00eddios conseguiu identificar e prender a suspeita. Ao longo da investiga\u00e7\u00e3o, al\u00e9m das dilig\u00eancias realizadas, testemunhas e parentes de v\u00edtima e suspeita foram ouvidos e relataram \u00e0 PCMG que a crian\u00e7a era submetida a agress\u00f5es constantes por parte da m\u00e3e, na resid\u00eancia da fam\u00edlia e em locais p\u00fablicos. Al\u00e9m disso, vizinhos relataram que mesmo falando para a suspeita que a pol\u00edcia seria acionada, a m\u00e3e n\u00e3o mudou o comportamento em rela\u00e7\u00e3o ao filho.<\/p>\n\n\n\n<p class=\"wp-block-paragraph\">A PCMG apurou, ainda, que, em virtude das agress\u00f5es sofridas pela m\u00e3e, a crian\u00e7a apresentou um quadro cl\u00ednico de febre, dificuldade de urinar e incha\u00e7o abdominal. Segundo o delegado Bruno Rezende, respons\u00e1vel pelo Inqu\u00e9rito Policial, mesmo com o choro e o sofrimento da crian\u00e7a, a m\u00e3e persistia em castigar o filho, agredindo-o repetidamente. &#8220;A m\u00e3e da crian\u00e7a n\u00e3o cessava as agress\u00f5es contra o filho, e o choro cont\u00ednuo da v\u00edtima era o principal motivo para as puni\u00e7\u00f5es. Demonstrando uma crueldade desmedida, a suspeita colocava a crian\u00e7a de castigo, de joelhos no quintal, durante \u00e0 noite&#8221;, salientou. &#8220;Apesar do agravamento do estado de sa\u00fade da crian\u00e7a, os familiares ficaram inertes \u00e0 situa\u00e7\u00e3o e essa conduta ser\u00e1 investigada&#8221;, concluiu o delegado.<\/p>\n\n\n\n<p class=\"wp-block-paragraph\">Com a pris\u00e3o da suspeita, o Inqu\u00e9rito dever\u00e1 ser conclu\u00eddo nos pr\u00f3ximos 30 dias e remetidos \u00e0 Justi\u00e7a. Mas o delegado Bruno Rezende fez um apelo \u00e0 sociedade para que denuncie situa\u00e7\u00f5es semelhantes para as autoridades, enfatizando que &#8220;tal atitude poder\u00e1 salvar vidas!&#8221;.<\/p>\n\n\n\n<figure class=\"wp-block-gallery columns-1 is-cropped wp-block-gallery-1 is-layout-flex wp-block-gallery-is-layout-flex\"><ul class=\"blocks-gallery-grid\"><li class=\"blocks-gallery-item\"><figure><img loading=\"lazy\" decoding=\"async\" width=\"678\" height=\"330\" src=\"http:\/\/aconteceunovale.com.br\/portal\/wp-content\/uploads\/2020\/04\/morte_crianca_moc.png\" alt=\"\" data-id=\"160933\" data-full-url=\"http:\/\/aconteceunovale.com.br\/portal\/wp-content\/uploads\/2020\/04\/morte_crianca_moc.png\" data-link=\"http:\/\/aconteceunovale.com.br\/portal\/?attachment_id=160933\" class=\"wp-image-160933\" srcset=\"https:\/\/aconteceunovale.com.br\/portal\/wp-content\/uploads\/2020\/04\/morte_crianca_moc.png 678w, https:\/\/aconteceunovale.com.br\/portal\/wp-content\/uploads\/2020\/04\/morte_crianca_moc-300x146.png 300w\" sizes=\"auto, (max-width: 678px) 100vw, 678px\" \/><figcaption class=\"blocks-gallery-item__caption\"><em>Foto: Divulga\u00e7\u00e3o \/ PCMG<\/em><\/figcaption><\/figure><\/li><\/ul><\/figure>\n\n\n\n<p class=\"has-background has-very-light-gray-background-color wp-block-paragraph\">Quer saber as not\u00edcias do <strong>Aconteceu no Vale<\/strong> em primeira m\u00e3o? Siga-nos no Facebook <a rel=\"noreferrer noopener\" href=\"http:\/\/facebook.com\/aconteceunovale\" target=\"_blank\">@aconteceunovale<\/a>, Twitter <a rel=\"noreferrer noopener\" href=\"https:\/\/twitter.com\/noticiadosvales\" target=\"_blank\">@noticiadosvales<\/a> e Instagram <a rel=\"noreferrer noopener\" href=\"https:\/\/www.instagram.com\/aconteceunovale\" target=\"_blank\">@aconteceunovale<\/a>.<\/p>\n","protected":false},"excerpt":{"rendered":"<p>A morte de uma crian\u00e7a foi apurada pela Pol\u00edcia Civil de Minas Gerais (PCMG), que cumpriu, na sexta-feira (10\/4\/2020), em Montes Claros, o mandado de pris\u00e3o da m\u00e3e da v\u00edtima. Ela \u00e9 suspeita de cometer o crime. A crian\u00e7a morreu em 20 de fevereiro deste ano e o laudo de necropsia apontou &#8220;morte em decorr\u00eancia [&hellip;]<\/p>\n","protected":false},"author":1,"featured_media":160933,"comment_status":"open","ping_status":"closed","sticky":false,"template":"","format":"standard","meta":{"amp_status":"","footnotes":""},"categories":[1236],"tags":[157105,68567,86200,210,165013,109589,219673,604,219671,44644,219672],"class_list":["post-160932","post","type-post","status-publish","format-standard","has-post-thumbnail","hentry","category-norte_de_minas","tag-assassinato-de-crianca-em-montes-claros","tag-bruno-rezende","tag-delegado-bruno-rezende","tag-montes-claros","tag-morte-de-crianca-em-montes-claros","tag-mulher-presa-em-montes-claros","tag-mulher-presa-por-mata-crianca-em-montes-claros","tag-pcmg","tag-policia-civil-apura-morte-de-crianca-em-montes-claros-e-prende-a-mae-da-vitima","tag-policia-civil-de-minas-gerais","tag-prisao-de-mulher-em-montes-claros"],"yoast_head":"<!-- This site is optimized with the Yoast SEO plugin v28.3 - https:\/\/yoast.com\/product\/yoast-seo-wordpress\/ -->\n<title>Pol\u00edcia Civil apura morte de crian\u00e7a em Montes Claros e prende a m\u00e3e da v\u00edtima - Aconteceu no Vale<\/title>\n<meta name=\"robots\" content=\"index, follow, max-snippet:-1, max-image-preview:large, max-video-preview:-1\" \/>\n<link rel=\"canonical\" href=\"https:\/\/aconteceunovale.com.br\/portal\/?p=160932\" \/>\n<meta property=\"og:locale\" content=\"pt_BR\" \/>\n<meta property=\"og:type\" content=\"article\" \/>\n<meta property=\"og:title\" content=\"Pol\u00edcia Civil apura morte de crian\u00e7a em Montes Claros e prende a m\u00e3e da v\u00edtima - Aconteceu no Vale\" \/>\n<meta property=\"og:description\" content=\"A morte de uma crian\u00e7a foi apurada pela Pol\u00edcia Civil de Minas Gerais (PCMG), que cumpriu, na sexta-feira (10\/4\/2020), em Montes Claros, o mandado de pris\u00e3o da m\u00e3e da v\u00edtima. Ela \u00e9 suspeita de cometer o crime. A crian\u00e7a morreu em 20 de fevereiro deste ano e o laudo de necropsia apontou &#8220;morte em decorr\u00eancia [&hellip;]\" \/>\n<meta property=\"og:url\" content=\"https:\/\/aconteceunovale.com.br\/portal\/?p=160932\" \/>\n<meta property=\"og:site_name\" content=\"Aconteceu no Vale\" \/>\n<meta property=\"article:publisher\" content=\"https:\/\/www.facebook.com\/aconteceunovale\/\" \/>\n<meta property=\"article:published_time\" content=\"2020-04-13T21:32:04+00:00\" \/>\n<meta property=\"article:modified_time\" content=\"2020-04-28T01:37:49+00:00\" \/>\n<meta property=\"og:image\" content=\"https:\/\/aconteceunovale.com.br\/portal\/wp-content\/uploads\/2020\/04\/morte_crianca_moc.png\" \/>\n\t<meta property=\"og:image:width\" content=\"678\" \/>\n\t<meta property=\"og:image:height\" content=\"330\" \/>\n\t<meta property=\"og:image:type\" content=\"image\/png\" \/>\n<meta name=\"author\" content=\"Aconteceu no Vale\" \/>\n<meta name=\"twitter:card\" content=\"summary_large_image\" \/>\n<meta name=\"twitter:creator\" content=\"@noticiadosvales\" \/>\n<meta name=\"twitter:site\" content=\"@noticiadosvales\" \/>\n<meta name=\"twitter:label1\" content=\"Escrito por\" \/>\n\t<meta name=\"twitter:data1\" content=\"Aconteceu no Vale\" \/>\n\t<meta name=\"twitter:label2\" content=\"Est. tempo de leitura\" \/>\n\t<meta name=\"twitter:data2\" content=\"2 minutos\" \/>\n<script type=\"application\/ld+json\" class=\"yoast-schema-graph\">{\"@context\":\"https:\\\/\\\/schema.org\",\"@graph\":[{\"@type\":\"Article\",\"@id\":\"https:\\\/\\\/aconteceunovale.com.br\\\/portal\\\/?p=160932#article\",\"isPartOf\":{\"@id\":\"https:\\\/\\\/aconteceunovale.com.br\\\/portal\\\/?p=160932\"},\"author\":{\"name\":\"Aconteceu no Vale\",\"@id\":\"https:\\\/\\\/aconteceunovale.com.br\\\/portal\\\/#\\\/schema\\\/person\\\/633529146f2c94272bef50ac2953d589\"},\"headline\":\"Pol\u00edcia Civil apura morte de crian\u00e7a em Montes Claros e prende a m\u00e3e da v\u00edtima\",\"datePublished\":\"2020-04-13T21:32:04+00:00\",\"dateModified\":\"2020-04-28T01:37:49+00:00\",\"mainEntityOfPage\":{\"@id\":\"https:\\\/\\\/aconteceunovale.com.br\\\/portal\\\/?p=160932\"},\"wordCount\":403,\"commentCount\":0,\"image\":{\"@id\":\"https:\\\/\\\/aconteceunovale.com.br\\\/portal\\\/?p=160932#primaryimage\"},\"thumbnailUrl\":\"https:\\\/\\\/aconteceunovale.com.br\\\/portal\\\/wp-content\\\/uploads\\\/2020\\\/04\\\/morte_crianca_moc.png\",\"keywords\":[\"Assassinato de crian\u00e7a em Montes Claros\",\"Bruno Rezende\",\"delegado Bruno Rezende\",\"Montes Claros\",\"Morte de crian\u00e7a em Montes Claros\",\"mulher presa em Montes Claros\",\"Mulher presa por mata crian\u00e7a em Montes Claros\",\"PCMG\",\"Pol\u00edcia Civil apura morte de crian\u00e7a em Montes Claros e prende a m\u00e3e da v\u00edtima\",\"Pol\u00edcia Civil de Minas Gerais\",\"Pris\u00e3o de mulher em Montes Claros\"],\"articleSection\":[\"Norte de Minas\"],\"inLanguage\":\"pt-BR\",\"potentialAction\":[{\"@type\":\"CommentAction\",\"name\":\"Comment\",\"target\":[\"https:\\\/\\\/aconteceunovale.com.br\\\/portal\\\/?p=160932#respond\"]}]},{\"@type\":\"WebPage\",\"@id\":\"https:\\\/\\\/aconteceunovale.com.br\\\/portal\\\/?p=160932\",\"url\":\"https:\\\/\\\/aconteceunovale.com.br\\\/portal\\\/?p=160932\",\"name\":\"Pol\u00edcia Civil apura morte de crian\u00e7a em Montes Claros e prende a m\u00e3e da v\u00edtima - Aconteceu no Vale\",\"isPartOf\":{\"@id\":\"https:\\\/\\\/aconteceunovale.com.br\\\/portal\\\/#website\"},\"primaryImageOfPage\":{\"@id\":\"https:\\\/\\\/aconteceunovale.com.br\\\/portal\\\/?p=160932#primaryimage\"},\"image\":{\"@id\":\"https:\\\/\\\/aconteceunovale.com.br\\\/portal\\\/?p=160932#primaryimage\"},\"thumbnailUrl\":\"https:\\\/\\\/aconteceunovale.com.br\\\/portal\\\/wp-content\\\/uploads\\\/2020\\\/04\\\/morte_crianca_moc.png\",\"datePublished\":\"2020-04-13T21:32:04+00:00\",\"dateModified\":\"2020-04-28T01:37:49+00:00\",\"author\":{\"@id\":\"https:\\\/\\\/aconteceunovale.com.br\\\/portal\\\/#\\\/schema\\\/person\\\/633529146f2c94272bef50ac2953d589\"},\"breadcrumb\":{\"@id\":\"https:\\\/\\\/aconteceunovale.com.br\\\/portal\\\/?p=160932#breadcrumb\"},\"inLanguage\":\"pt-BR\",\"potentialAction\":[{\"@type\":\"ReadAction\",\"target\":[\"https:\\\/\\\/aconteceunovale.com.br\\\/portal\\\/?p=160932\"]}]},{\"@type\":\"ImageObject\",\"inLanguage\":\"pt-BR\",\"@id\":\"https:\\\/\\\/aconteceunovale.com.br\\\/portal\\\/?p=160932#primaryimage\",\"url\":\"https:\\\/\\\/aconteceunovale.com.br\\\/portal\\\/wp-content\\\/uploads\\\/2020\\\/04\\\/morte_crianca_moc.png\",\"contentUrl\":\"https:\\\/\\\/aconteceunovale.com.br\\\/portal\\\/wp-content\\\/uploads\\\/2020\\\/04\\\/morte_crianca_moc.png\",\"width\":678,\"height\":330},{\"@type\":\"BreadcrumbList\",\"@id\":\"https:\\\/\\\/aconteceunovale.com.br\\\/portal\\\/?p=160932#breadcrumb\",\"itemListElement\":[{\"@type\":\"ListItem\",\"position\":1,\"name\":\"In\u00edcio\",\"item\":\"https:\\\/\\\/aconteceunovale.com.br\\\/portal\\\/\"},{\"@type\":\"ListItem\",\"position\":2,\"name\":\"Pol\u00edcia Civil apura morte de crian\u00e7a em Montes Claros e prende a m\u00e3e da v\u00edtima\"}]},{\"@type\":\"WebSite\",\"@id\":\"https:\\\/\\\/aconteceunovale.com.br\\\/portal\\\/#website\",\"url\":\"https:\\\/\\\/aconteceunovale.com.br\\\/portal\\\/\",\"name\":\"Aconteceu no Vale\",\"description\":\"Portal de Not\u00edcias\",\"potentialAction\":[{\"@type\":\"SearchAction\",\"target\":{\"@type\":\"EntryPoint\",\"urlTemplate\":\"https:\\\/\\\/aconteceunovale.com.br\\\/portal\\\/?s={search_term_string}\"},\"query-input\":{\"@type\":\"PropertyValueSpecification\",\"valueRequired\":true,\"valueName\":\"search_term_string\"}}],\"inLanguage\":\"pt-BR\"},{\"@type\":\"Person\",\"@id\":\"https:\\\/\\\/aconteceunovale.com.br\\\/portal\\\/#\\\/schema\\\/person\\\/633529146f2c94272bef50ac2953d589\",\"name\":\"Aconteceu no Vale\",\"description\":\"Equipe de reportagem do Aconteceu no Vale, portal de not\u00edcias do Vale do Jequitinhonha, em Minas Gerais. Cobrimos as 51 cidades do Vale desde 2013. Sugest\u00f5es de pauta e pedidos de corre\u00e7\u00e3o: contato@aconteceunovale.com.br\",\"sameAs\":[\"http:\\\/\\\/www.aconteceunovale.com.br\"],\"url\":\"https:\\\/\\\/aconteceunovale.com.br\\\/portal\\\/?author=1\"}]}<\/script>\n<!-- \/ Yoast SEO plugin. -->","yoast_head_json":{"title":"Pol\u00edcia Civil apura morte de crian\u00e7a em Montes Claros e prende a m\u00e3e da v\u00edtima - Aconteceu no Vale","robots":{"index":"index","follow":"follow","max-snippet":"max-snippet:-1","max-image-preview":"max-image-preview:large","max-video-preview":"max-video-preview:-1"},"canonical":"https:\/\/aconteceunovale.com.br\/portal\/?p=160932","og_locale":"pt_BR","og_type":"article","og_title":"Pol\u00edcia Civil apura morte de crian\u00e7a em Montes Claros e prende a m\u00e3e da v\u00edtima - Aconteceu no Vale","og_description":"A morte de uma crian\u00e7a foi apurada pela Pol\u00edcia Civil de Minas Gerais (PCMG), que cumpriu, na sexta-feira (10\/4\/2020), em Montes Claros, o mandado de pris\u00e3o da m\u00e3e da v\u00edtima. Ela \u00e9 suspeita de cometer o crime. A crian\u00e7a morreu em 20 de fevereiro deste ano e o laudo de necropsia apontou &#8220;morte em decorr\u00eancia [&hellip;]","og_url":"https:\/\/aconteceunovale.com.br\/portal\/?p=160932","og_site_name":"Aconteceu no Vale","article_publisher":"https:\/\/www.facebook.com\/aconteceunovale\/","article_published_time":"2020-04-13T21:32:04+00:00","article_modified_time":"2020-04-28T01:37:49+00:00","og_image":[{"width":678,"height":330,"url":"https:\/\/aconteceunovale.com.br\/portal\/wp-content\/uploads\/2020\/04\/morte_crianca_moc.png","type":"image\/png"}],"author":"Aconteceu no Vale","twitter_card":"summary_large_image","twitter_creator":"@noticiadosvales","twitter_site":"@noticiadosvales","twitter_misc":{"Escrito por":"Aconteceu no Vale","Est. tempo de leitura":"2 minutos"},"schema":{"@context":"https:\/\/schema.org","@graph":[{"@type":"Article","@id":"https:\/\/aconteceunovale.com.br\/portal\/?p=160932#article","isPartOf":{"@id":"https:\/\/aconteceunovale.com.br\/portal\/?p=160932"},"author":{"name":"Aconteceu no Vale","@id":"https:\/\/aconteceunovale.com.br\/portal\/#\/schema\/person\/633529146f2c94272bef50ac2953d589"},"headline":"Pol\u00edcia Civil apura morte de crian\u00e7a em Montes Claros e prende a m\u00e3e da v\u00edtima","datePublished":"2020-04-13T21:32:04+00:00","dateModified":"2020-04-28T01:37:49+00:00","mainEntityOfPage":{"@id":"https:\/\/aconteceunovale.com.br\/portal\/?p=160932"},"wordCount":403,"commentCount":0,"image":{"@id":"https:\/\/aconteceunovale.com.br\/portal\/?p=160932#primaryimage"},"thumbnailUrl":"https:\/\/aconteceunovale.com.br\/portal\/wp-content\/uploads\/2020\/04\/morte_crianca_moc.png","keywords":["Assassinato de crian\u00e7a em Montes Claros","Bruno Rezende","delegado Bruno Rezende","Montes Claros","Morte de crian\u00e7a em Montes Claros","mulher presa em Montes Claros","Mulher presa por mata crian\u00e7a em Montes Claros","PCMG","Pol\u00edcia Civil apura morte de crian\u00e7a em Montes Claros e prende a m\u00e3e da v\u00edtima","Pol\u00edcia Civil de Minas Gerais","Pris\u00e3o de mulher em Montes Claros"],"articleSection":["Norte de Minas"],"inLanguage":"pt-BR","potentialAction":[{"@type":"CommentAction","name":"Comment","target":["https:\/\/aconteceunovale.com.br\/portal\/?p=160932#respond"]}]},{"@type":"WebPage","@id":"https:\/\/aconteceunovale.com.br\/portal\/?p=160932","url":"https:\/\/aconteceunovale.com.br\/portal\/?p=160932","name":"Pol\u00edcia Civil apura morte de crian\u00e7a em Montes Claros e prende a m\u00e3e da v\u00edtima - Aconteceu no Vale","isPartOf":{"@id":"https:\/\/aconteceunovale.com.br\/portal\/#website"},"primaryImageOfPage":{"@id":"https:\/\/aconteceunovale.com.br\/portal\/?p=160932#primaryimage"},"image":{"@id":"https:\/\/aconteceunovale.com.br\/portal\/?p=160932#primaryimage"},"thumbnailUrl":"https:\/\/aconteceunovale.com.br\/portal\/wp-content\/uploads\/2020\/04\/morte_crianca_moc.png","datePublished":"2020-04-13T21:32:04+00:00","dateModified":"2020-04-28T01:37:49+00:00","author":{"@id":"https:\/\/aconteceunovale.com.br\/portal\/#\/schema\/person\/633529146f2c94272bef50ac2953d589"},"breadcrumb":{"@id":"https:\/\/aconteceunovale.com.br\/portal\/?p=160932#breadcrumb"},"inLanguage":"pt-BR","potentialAction":[{"@type":"ReadAction","target":["https:\/\/aconteceunovale.com.br\/portal\/?p=160932"]}]},{"@type":"ImageObject","inLanguage":"pt-BR","@id":"https:\/\/aconteceunovale.com.br\/portal\/?p=160932#primaryimage","url":"https:\/\/aconteceunovale.com.br\/portal\/wp-content\/uploads\/2020\/04\/morte_crianca_moc.png","contentUrl":"https:\/\/aconteceunovale.com.br\/portal\/wp-content\/uploads\/2020\/04\/morte_crianca_moc.png","width":678,"height":330},{"@type":"BreadcrumbList","@id":"https:\/\/aconteceunovale.com.br\/portal\/?p=160932#breadcrumb","itemListElement":[{"@type":"ListItem","position":1,"name":"In\u00edcio","item":"https:\/\/aconteceunovale.com.br\/portal\/"},{"@type":"ListItem","position":2,"name":"Pol\u00edcia Civil apura morte de crian\u00e7a em Montes Claros e prende a m\u00e3e da v\u00edtima"}]},{"@type":"WebSite","@id":"https:\/\/aconteceunovale.com.br\/portal\/#website","url":"https:\/\/aconteceunovale.com.br\/portal\/","name":"Aconteceu no Vale","description":"Portal de Not\u00edcias","potentialAction":[{"@type":"SearchAction","target":{"@type":"EntryPoint","urlTemplate":"https:\/\/aconteceunovale.com.br\/portal\/?s={search_term_string}"},"query-input":{"@type":"PropertyValueSpecification","valueRequired":true,"valueName":"search_term_string"}}],"inLanguage":"pt-BR"},{"@type":"Person","@id":"https:\/\/aconteceunovale.com.br\/portal\/#\/schema\/person\/633529146f2c94272bef50ac2953d589","name":"Aconteceu no Vale","description":"Equipe de reportagem do Aconteceu no Vale, portal de not\u00edcias do Vale do Jequitinhonha, em Minas Gerais. Cobrimos as 51 cidades do Vale desde 2013. Sugest\u00f5es de pauta e pedidos de corre\u00e7\u00e3o: contato@aconteceunovale.com.br","sameAs":["http:\/\/www.aconteceunovale.com.br"],"url":"https:\/\/aconteceunovale.com.br\/portal\/?author=1"}]}},"_links":{"self":[{"href":"https:\/\/aconteceunovale.com.br\/portal\/index.php?rest_route=\/wp\/v2\/posts\/160932","targetHints":{"allow":["GET"]}}],"collection":[{"href":"https:\/\/aconteceunovale.com.br\/portal\/index.php?rest_route=\/wp\/v2\/posts"}],"about":[{"href":"https:\/\/aconteceunovale.com.br\/portal\/index.php?rest_route=\/wp\/v2\/types\/post"}],"author":[{"embeddable":true,"href":"https:\/\/aconteceunovale.com.br\/portal\/index.php?rest_route=\/wp\/v2\/users\/1"}],"replies":[{"embeddable":true,"href":"https:\/\/aconteceunovale.com.br\/portal\/index.php?rest_route=%2Fwp%2Fv2%2Fcomments&post=160932"}],"version-history":[{"count":2,"href":"https:\/\/aconteceunovale.com.br\/portal\/index.php?rest_route=\/wp\/v2\/posts\/160932\/revisions"}],"predecessor-version":[{"id":161700,"href":"https:\/\/aconteceunovale.com.br\/portal\/index.php?rest_route=\/wp\/v2\/posts\/160932\/revisions\/161700"}],"wp:featuredmedia":[{"embeddable":true,"href":"https:\/\/aconteceunovale.com.br\/portal\/index.php?rest_route=\/wp\/v2\/media\/160933"}],"wp:attachment":[{"href":"https:\/\/aconteceunovale.com.br\/portal\/index.php?rest_route=%2Fwp%2Fv2%2Fmedia&parent=160932"}],"wp:term":[{"taxonomy":"category","embeddable":true,"href":"https:\/\/aconteceunovale.com.br\/portal\/index.php?rest_route=%2Fwp%2Fv2%2Fcategories&post=160932"},{"taxonomy":"post_tag","embeddable":true,"href":"https:\/\/aconteceunovale.com.br\/portal\/index.php?rest_route=%2Fwp%2Fv2%2Ftags&post=160932"}],"curies":[{"name":"wp","href":"https:\/\/api.w.org\/{rel}","templated":true}]}}