{"id":160925,"date":"2020-04-13T13:16:14","date_gmt":"2020-04-13T16:16:14","guid":{"rendered":"http:\/\/aconteceunovale.com.br\/portal\/?p=160925"},"modified":"2020-04-13T17:41:51","modified_gmt":"2020-04-13T20:41:51","slug":"metade-dos-brasileiros-teve-renda-afetada-pela-pandemia-diz-pesquisa","status":"publish","type":"post","link":"https:\/\/aconteceunovale.com.br\/portal\/?p=160925","title":{"rendered":"Metade dos brasileiros teve renda afetada pela pandemia, diz pesquisa"},"content":{"rendered":"\n<p class=\"wp-block-paragraph\">A crise gerada pela pandemia de coronav\u00edrus j\u00e1 afetou a renda de metade dos brasileiros, segundo pesquisa do Instituto Locomotiva. Entre os que j\u00e1 sentiram os impactos no or\u00e7amento familiar, 52% t\u00eam 50 anos ou mais, 48% possuem ensino superior completo e 38% moram na Regi\u00e3o Sudeste.<\/p>\n\n\n\n<p class=\"wp-block-paragraph\">A pesquisa ouviu, por telefone, 935 pessoas com 16 anos ou mais em 72 cidades do pa\u00eds.<\/p>\n\n\n\n<p class=\"wp-block-paragraph\">Segundo o levantamento, 16% dos trabalhadores foram dispensados temporariamente e 57% afirmaram que suas empresas ou neg\u00f3cios n\u00e3o est\u00e3o funcionando durante a quarentena. O \u00edndice dos que continuam trabalhando normalmente \u00e9 37% e 47% declararam estar trabalhando em casa.<\/p>\n\n\n\n<p class=\"wp-block-paragraph\">A maioria dos entrevistados declarou que as perspectivas para o futuro s\u00e3o ruins. De acordo com a pesquisa, 88% est\u00e3o preocupados em perder o emprego, mesmo percentual dos que acreditam que a crise gerada pela pandemia deve afetar a renda familiar.<\/p>\n\n\n\n<p class=\"has-background has-very-light-gray-background-color wp-block-paragraph\">Quer saber as not\u00edcias do <strong>Aconteceu no Vale<\/strong> em primeira m\u00e3o? Siga-nos no Facebook <a rel=\"noreferrer noopener\" href=\"http:\/\/facebook.com\/aconteceunovale\" target=\"_blank\">@aconteceunovale<\/a>, Twitter <a rel=\"noreferrer noopener\" href=\"https:\/\/twitter.com\/noticiadosvales\" target=\"_blank\">@noticiadosvales<\/a> e Instagram <a rel=\"noreferrer noopener\" href=\"https:\/\/www.instagram.com\/aconteceunovale\" target=\"_blank\">@aconteceunovale<\/a>.<\/p>\n","protected":false},"excerpt":{"rendered":"<p>A crise gerada pela pandemia de coronav\u00edrus j\u00e1 afetou a renda de metade dos brasileiros, segundo pesquisa do Instituto Locomotiva. Entre os que j\u00e1 sentiram os impactos no or\u00e7amento familiar, 52% t\u00eam 50 anos ou mais, 48% possuem ensino superior completo e 38% moram na Regi\u00e3o Sudeste. A pesquisa ouviu, por telefone, 935 pessoas com [&hellip;]<\/p>\n","protected":false},"author":1,"featured_media":133149,"comment_status":"open","ping_status":"closed","sticky":false,"template":"","format":"standard","meta":{"amp_status":"","footnotes":""},"categories":[6],"tags":[214884,216498,219587,219655,219657,219659,130205,217692,219656,219658,219660],"class_list":["post-160925","post","type-post","status-publish","format-standard","has-post-thumbnail","hentry","category-br","tag-coronavirus","tag-covid-19","tag-crise-do-coronavirus","tag-crise-gerada-pela-pandemia-de-coronavirus","tag-crise-provocada-pelo-coronavirus","tag-crise-renda-familiar","tag-instituto-locomotiva","tag-pandemia-de-coronavirus","tag-pesquisa-do-instituto-locomotiva","tag-renda-familiar","tag-renda-familiar-coronavirus"],"yoast_head":"<!-- This site is optimized with the Yoast SEO plugin v28.3 - https:\/\/yoast.com\/product\/yoast-seo-wordpress\/ -->\n<title>Metade dos brasileiros teve renda afetada pela pandemia, diz pesquisa - Aconteceu no Vale<\/title>\n<meta name=\"robots\" content=\"index, follow, max-snippet:-1, max-image-preview:large, max-video-preview:-1\" \/>\n<link rel=\"canonical\" href=\"https:\/\/aconteceunovale.com.br\/portal\/?p=160925\" \/>\n<meta property=\"og:locale\" content=\"pt_BR\" \/>\n<meta property=\"og:type\" content=\"article\" \/>\n<meta property=\"og:title\" content=\"Metade dos brasileiros teve renda afetada pela pandemia, diz pesquisa - Aconteceu no Vale\" \/>\n<meta property=\"og:description\" content=\"A crise gerada pela pandemia de coronav\u00edrus j\u00e1 afetou a renda de metade dos brasileiros, segundo pesquisa do Instituto Locomotiva. Entre os que j\u00e1 sentiram os impactos no or\u00e7amento familiar, 52% t\u00eam 50 anos ou mais, 48% possuem ensino superior completo e 38% moram na Regi\u00e3o Sudeste. A pesquisa ouviu, por telefone, 935 pessoas com [&hellip;]\" \/>\n<meta property=\"og:url\" content=\"https:\/\/aconteceunovale.com.br\/portal\/?p=160925\" \/>\n<meta property=\"og:site_name\" content=\"Aconteceu no Vale\" \/>\n<meta property=\"article:publisher\" content=\"https:\/\/www.facebook.com\/aconteceunovale\/\" \/>\n<meta property=\"article:published_time\" content=\"2020-04-13T16:16:14+00:00\" \/>\n<meta property=\"article:modified_time\" content=\"2020-04-13T20:41:51+00:00\" \/>\n<meta property=\"og:image\" content=\"https:\/\/aconteceunovale.com.br\/portal\/wp-content\/uploads\/2018\/06\/ctps_dinheiro.png\" \/>\n\t<meta property=\"og:image:width\" content=\"600\" \/>\n\t<meta property=\"og:image:height\" content=\"314\" \/>\n\t<meta property=\"og:image:type\" content=\"image\/png\" \/>\n<meta name=\"author\" content=\"Aconteceu no Vale\" \/>\n<meta name=\"twitter:card\" content=\"summary_large_image\" \/>\n<meta name=\"twitter:creator\" content=\"@noticiadosvales\" \/>\n<meta name=\"twitter:site\" content=\"@noticiadosvales\" \/>\n<meta name=\"twitter:label1\" content=\"Escrito por\" \/>\n\t<meta name=\"twitter:data1\" content=\"Aconteceu no Vale\" \/>\n\t<meta name=\"twitter:label2\" content=\"Est. tempo de leitura\" \/>\n\t<meta name=\"twitter:data2\" content=\"1 minuto\" \/>\n<script type=\"application\/ld+json\" class=\"yoast-schema-graph\">{\"@context\":\"https:\\\/\\\/schema.org\",\"@graph\":[{\"@type\":\"Article\",\"@id\":\"https:\\\/\\\/aconteceunovale.com.br\\\/portal\\\/?p=160925#article\",\"isPartOf\":{\"@id\":\"https:\\\/\\\/aconteceunovale.com.br\\\/portal\\\/?p=160925\"},\"author\":{\"name\":\"Aconteceu no Vale\",\"@id\":\"https:\\\/\\\/aconteceunovale.com.br\\\/portal\\\/#\\\/schema\\\/person\\\/633529146f2c94272bef50ac2953d589\"},\"headline\":\"Metade dos brasileiros teve renda afetada pela pandemia, diz pesquisa\",\"datePublished\":\"2020-04-13T16:16:14+00:00\",\"dateModified\":\"2020-04-13T20:41:51+00:00\",\"mainEntityOfPage\":{\"@id\":\"https:\\\/\\\/aconteceunovale.com.br\\\/portal\\\/?p=160925\"},\"wordCount\":173,\"commentCount\":0,\"image\":{\"@id\":\"https:\\\/\\\/aconteceunovale.com.br\\\/portal\\\/?p=160925#primaryimage\"},\"thumbnailUrl\":\"https:\\\/\\\/aconteceunovale.com.br\\\/portal\\\/wp-content\\\/uploads\\\/2018\\\/06\\\/ctps_dinheiro.png\",\"keywords\":[\"Coronav\u00edrus\",\"COVID-19\",\"Crise do coronav\u00edrus\",\"Crise gerada pela pandemia de coronav\u00edrus\",\"Crise provocada pelo coronav\u00edrus\",\"Crise renda familiar\",\"Instituto Locomotiva\",\"Pandemia de coronav\u00edrus\",\"Pesquisa do Instituto Locomotiva\",\"Renda familiar\",\"Renda familiar coronav\u00edrus\"],\"articleSection\":[\"Brasil\"],\"inLanguage\":\"pt-BR\",\"potentialAction\":[{\"@type\":\"CommentAction\",\"name\":\"Comment\",\"target\":[\"https:\\\/\\\/aconteceunovale.com.br\\\/portal\\\/?p=160925#respond\"]}]},{\"@type\":\"WebPage\",\"@id\":\"https:\\\/\\\/aconteceunovale.com.br\\\/portal\\\/?p=160925\",\"url\":\"https:\\\/\\\/aconteceunovale.com.br\\\/portal\\\/?p=160925\",\"name\":\"Metade dos brasileiros teve renda afetada pela pandemia, diz pesquisa - Aconteceu no Vale\",\"isPartOf\":{\"@id\":\"https:\\\/\\\/aconteceunovale.com.br\\\/portal\\\/#website\"},\"primaryImageOfPage\":{\"@id\":\"https:\\\/\\\/aconteceunovale.com.br\\\/portal\\\/?p=160925#primaryimage\"},\"image\":{\"@id\":\"https:\\\/\\\/aconteceunovale.com.br\\\/portal\\\/?p=160925#primaryimage\"},\"thumbnailUrl\":\"https:\\\/\\\/aconteceunovale.com.br\\\/portal\\\/wp-content\\\/uploads\\\/2018\\\/06\\\/ctps_dinheiro.png\",\"datePublished\":\"2020-04-13T16:16:14+00:00\",\"dateModified\":\"2020-04-13T20:41:51+00:00\",\"author\":{\"@id\":\"https:\\\/\\\/aconteceunovale.com.br\\\/portal\\\/#\\\/schema\\\/person\\\/633529146f2c94272bef50ac2953d589\"},\"breadcrumb\":{\"@id\":\"https:\\\/\\\/aconteceunovale.com.br\\\/portal\\\/?p=160925#breadcrumb\"},\"inLanguage\":\"pt-BR\",\"potentialAction\":[{\"@type\":\"ReadAction\",\"target\":[\"https:\\\/\\\/aconteceunovale.com.br\\\/portal\\\/?p=160925\"]}]},{\"@type\":\"ImageObject\",\"inLanguage\":\"pt-BR\",\"@id\":\"https:\\\/\\\/aconteceunovale.com.br\\\/portal\\\/?p=160925#primaryimage\",\"url\":\"https:\\\/\\\/aconteceunovale.com.br\\\/portal\\\/wp-content\\\/uploads\\\/2018\\\/06\\\/ctps_dinheiro.png\",\"contentUrl\":\"https:\\\/\\\/aconteceunovale.com.br\\\/portal\\\/wp-content\\\/uploads\\\/2018\\\/06\\\/ctps_dinheiro.png\",\"width\":600,\"height\":314},{\"@type\":\"BreadcrumbList\",\"@id\":\"https:\\\/\\\/aconteceunovale.com.br\\\/portal\\\/?p=160925#breadcrumb\",\"itemListElement\":[{\"@type\":\"ListItem\",\"position\":1,\"name\":\"In\u00edcio\",\"item\":\"https:\\\/\\\/aconteceunovale.com.br\\\/portal\\\/\"},{\"@type\":\"ListItem\",\"position\":2,\"name\":\"Metade dos brasileiros teve renda afetada pela pandemia, diz pesquisa\"}]},{\"@type\":\"WebSite\",\"@id\":\"https:\\\/\\\/aconteceunovale.com.br\\\/portal\\\/#website\",\"url\":\"https:\\\/\\\/aconteceunovale.com.br\\\/portal\\\/\",\"name\":\"Aconteceu no Vale\",\"description\":\"Portal de Not\u00edcias\",\"potentialAction\":[{\"@type\":\"SearchAction\",\"target\":{\"@type\":\"EntryPoint\",\"urlTemplate\":\"https:\\\/\\\/aconteceunovale.com.br\\\/portal\\\/?s={search_term_string}\"},\"query-input\":{\"@type\":\"PropertyValueSpecification\",\"valueRequired\":true,\"valueName\":\"search_term_string\"}}],\"inLanguage\":\"pt-BR\"},{\"@type\":\"Person\",\"@id\":\"https:\\\/\\\/aconteceunovale.com.br\\\/portal\\\/#\\\/schema\\\/person\\\/633529146f2c94272bef50ac2953d589\",\"name\":\"Aconteceu no Vale\",\"description\":\"Equipe de reportagem do Aconteceu no Vale, portal de not\u00edcias do Vale do Jequitinhonha, em Minas Gerais. Cobrimos as 51 cidades do Vale desde 2013. Sugest\u00f5es de pauta e pedidos de corre\u00e7\u00e3o: contato@aconteceunovale.com.br\",\"sameAs\":[\"http:\\\/\\\/www.aconteceunovale.com.br\"],\"url\":\"https:\\\/\\\/aconteceunovale.com.br\\\/portal\\\/?author=1\"}]}<\/script>\n<!-- \/ Yoast SEO plugin. -->","yoast_head_json":{"title":"Metade dos brasileiros teve renda afetada pela pandemia, diz pesquisa - Aconteceu no Vale","robots":{"index":"index","follow":"follow","max-snippet":"max-snippet:-1","max-image-preview":"max-image-preview:large","max-video-preview":"max-video-preview:-1"},"canonical":"https:\/\/aconteceunovale.com.br\/portal\/?p=160925","og_locale":"pt_BR","og_type":"article","og_title":"Metade dos brasileiros teve renda afetada pela pandemia, diz pesquisa - Aconteceu no Vale","og_description":"A crise gerada pela pandemia de coronav\u00edrus j\u00e1 afetou a renda de metade dos brasileiros, segundo pesquisa do Instituto Locomotiva. Entre os que j\u00e1 sentiram os impactos no or\u00e7amento familiar, 52% t\u00eam 50 anos ou mais, 48% possuem ensino superior completo e 38% moram na Regi\u00e3o Sudeste. A pesquisa ouviu, por telefone, 935 pessoas com [&hellip;]","og_url":"https:\/\/aconteceunovale.com.br\/portal\/?p=160925","og_site_name":"Aconteceu no Vale","article_publisher":"https:\/\/www.facebook.com\/aconteceunovale\/","article_published_time":"2020-04-13T16:16:14+00:00","article_modified_time":"2020-04-13T20:41:51+00:00","og_image":[{"width":600,"height":314,"url":"https:\/\/aconteceunovale.com.br\/portal\/wp-content\/uploads\/2018\/06\/ctps_dinheiro.png","type":"image\/png"}],"author":"Aconteceu no Vale","twitter_card":"summary_large_image","twitter_creator":"@noticiadosvales","twitter_site":"@noticiadosvales","twitter_misc":{"Escrito por":"Aconteceu no Vale","Est. tempo de leitura":"1 minuto"},"schema":{"@context":"https:\/\/schema.org","@graph":[{"@type":"Article","@id":"https:\/\/aconteceunovale.com.br\/portal\/?p=160925#article","isPartOf":{"@id":"https:\/\/aconteceunovale.com.br\/portal\/?p=160925"},"author":{"name":"Aconteceu no Vale","@id":"https:\/\/aconteceunovale.com.br\/portal\/#\/schema\/person\/633529146f2c94272bef50ac2953d589"},"headline":"Metade dos brasileiros teve renda afetada pela pandemia, diz pesquisa","datePublished":"2020-04-13T16:16:14+00:00","dateModified":"2020-04-13T20:41:51+00:00","mainEntityOfPage":{"@id":"https:\/\/aconteceunovale.com.br\/portal\/?p=160925"},"wordCount":173,"commentCount":0,"image":{"@id":"https:\/\/aconteceunovale.com.br\/portal\/?p=160925#primaryimage"},"thumbnailUrl":"https:\/\/aconteceunovale.com.br\/portal\/wp-content\/uploads\/2018\/06\/ctps_dinheiro.png","keywords":["Coronav\u00edrus","COVID-19","Crise do coronav\u00edrus","Crise gerada pela pandemia de coronav\u00edrus","Crise provocada pelo coronav\u00edrus","Crise renda familiar","Instituto Locomotiva","Pandemia de coronav\u00edrus","Pesquisa do Instituto Locomotiva","Renda familiar","Renda familiar coronav\u00edrus"],"articleSection":["Brasil"],"inLanguage":"pt-BR","potentialAction":[{"@type":"CommentAction","name":"Comment","target":["https:\/\/aconteceunovale.com.br\/portal\/?p=160925#respond"]}]},{"@type":"WebPage","@id":"https:\/\/aconteceunovale.com.br\/portal\/?p=160925","url":"https:\/\/aconteceunovale.com.br\/portal\/?p=160925","name":"Metade dos brasileiros teve renda afetada pela pandemia, diz pesquisa - Aconteceu no Vale","isPartOf":{"@id":"https:\/\/aconteceunovale.com.br\/portal\/#website"},"primaryImageOfPage":{"@id":"https:\/\/aconteceunovale.com.br\/portal\/?p=160925#primaryimage"},"image":{"@id":"https:\/\/aconteceunovale.com.br\/portal\/?p=160925#primaryimage"},"thumbnailUrl":"https:\/\/aconteceunovale.com.br\/portal\/wp-content\/uploads\/2018\/06\/ctps_dinheiro.png","datePublished":"2020-04-13T16:16:14+00:00","dateModified":"2020-04-13T20:41:51+00:00","author":{"@id":"https:\/\/aconteceunovale.com.br\/portal\/#\/schema\/person\/633529146f2c94272bef50ac2953d589"},"breadcrumb":{"@id":"https:\/\/aconteceunovale.com.br\/portal\/?p=160925#breadcrumb"},"inLanguage":"pt-BR","potentialAction":[{"@type":"ReadAction","target":["https:\/\/aconteceunovale.com.br\/portal\/?p=160925"]}]},{"@type":"ImageObject","inLanguage":"pt-BR","@id":"https:\/\/aconteceunovale.com.br\/portal\/?p=160925#primaryimage","url":"https:\/\/aconteceunovale.com.br\/portal\/wp-content\/uploads\/2018\/06\/ctps_dinheiro.png","contentUrl":"https:\/\/aconteceunovale.com.br\/portal\/wp-content\/uploads\/2018\/06\/ctps_dinheiro.png","width":600,"height":314},{"@type":"BreadcrumbList","@id":"https:\/\/aconteceunovale.com.br\/portal\/?p=160925#breadcrumb","itemListElement":[{"@type":"ListItem","position":1,"name":"In\u00edcio","item":"https:\/\/aconteceunovale.com.br\/portal\/"},{"@type":"ListItem","position":2,"name":"Metade dos brasileiros teve renda afetada pela pandemia, diz pesquisa"}]},{"@type":"WebSite","@id":"https:\/\/aconteceunovale.com.br\/portal\/#website","url":"https:\/\/aconteceunovale.com.br\/portal\/","name":"Aconteceu no Vale","description":"Portal de Not\u00edcias","potentialAction":[{"@type":"SearchAction","target":{"@type":"EntryPoint","urlTemplate":"https:\/\/aconteceunovale.com.br\/portal\/?s={search_term_string}"},"query-input":{"@type":"PropertyValueSpecification","valueRequired":true,"valueName":"search_term_string"}}],"inLanguage":"pt-BR"},{"@type":"Person","@id":"https:\/\/aconteceunovale.com.br\/portal\/#\/schema\/person\/633529146f2c94272bef50ac2953d589","name":"Aconteceu no Vale","description":"Equipe de reportagem do Aconteceu no Vale, portal de not\u00edcias do Vale do Jequitinhonha, em Minas Gerais. Cobrimos as 51 cidades do Vale desde 2013. Sugest\u00f5es de pauta e pedidos de corre\u00e7\u00e3o: contato@aconteceunovale.com.br","sameAs":["http:\/\/www.aconteceunovale.com.br"],"url":"https:\/\/aconteceunovale.com.br\/portal\/?author=1"}]}},"_links":{"self":[{"href":"https:\/\/aconteceunovale.com.br\/portal\/index.php?rest_route=\/wp\/v2\/posts\/160925","targetHints":{"allow":["GET"]}}],"collection":[{"href":"https:\/\/aconteceunovale.com.br\/portal\/index.php?rest_route=\/wp\/v2\/posts"}],"about":[{"href":"https:\/\/aconteceunovale.com.br\/portal\/index.php?rest_route=\/wp\/v2\/types\/post"}],"author":[{"embeddable":true,"href":"https:\/\/aconteceunovale.com.br\/portal\/index.php?rest_route=\/wp\/v2\/users\/1"}],"replies":[{"embeddable":true,"href":"https:\/\/aconteceunovale.com.br\/portal\/index.php?rest_route=%2Fwp%2Fv2%2Fcomments&post=160925"}],"version-history":[{"count":1,"href":"https:\/\/aconteceunovale.com.br\/portal\/index.php?rest_route=\/wp\/v2\/posts\/160925\/revisions"}],"predecessor-version":[{"id":160926,"href":"https:\/\/aconteceunovale.com.br\/portal\/index.php?rest_route=\/wp\/v2\/posts\/160925\/revisions\/160926"}],"wp:featuredmedia":[{"embeddable":true,"href":"https:\/\/aconteceunovale.com.br\/portal\/index.php?rest_route=\/wp\/v2\/media\/133149"}],"wp:attachment":[{"href":"https:\/\/aconteceunovale.com.br\/portal\/index.php?rest_route=%2Fwp%2Fv2%2Fmedia&parent=160925"}],"wp:term":[{"taxonomy":"category","embeddable":true,"href":"https:\/\/aconteceunovale.com.br\/portal\/index.php?rest_route=%2Fwp%2Fv2%2Fcategories&post=160925"},{"taxonomy":"post_tag","embeddable":true,"href":"https:\/\/aconteceunovale.com.br\/portal\/index.php?rest_route=%2Fwp%2Fv2%2Ftags&post=160925"}],"curies":[{"name":"wp","href":"https:\/\/api.w.org\/{rel}","templated":true}]}}