{"id":160878,"date":"2020-04-11T20:43:11","date_gmt":"2020-04-11T23:43:11","guid":{"rendered":"http:\/\/aconteceunovale.com.br\/portal\/?p=160878"},"modified":"2020-04-11T20:44:00","modified_gmt":"2020-04-11T23:44:00","slug":"quatro-capitais-ficam-em-situacao-critica-sem-isolamento-social","status":"publish","type":"post","link":"https:\/\/aconteceunovale.com.br\/portal\/?p=160878","title":{"rendered":"Quatro capitais ficam em situa\u00e7\u00e3o cr\u00edtica sem isolamento social"},"content":{"rendered":"\n<p>Manaus, Fortaleza, S\u00e3o Paulo e Rio de Janeiro s\u00e3o as cidades que n\u00e3o podem relaxar medidas de isolamento social, devido ao n\u00famero de casos da covid-19 e a capacidade de atendimento dos hospitais. A avalia\u00e7\u00e3o \u00e9 dos secret\u00e1rios Executivo, Jo\u00e3o Gabbardo, e de Vigil\u00e2ncia em Sa\u00fade, Wanderson Kleber de Oliveira, em entrevista coletiva\u00a0hoje\u00a0(11\/4\/2020) para apresentar o Boletim Epidemiol\u00f3gico Di\u00e1rio.<\/p>\n\n\n\n<p>Em todo o pa\u00eds, at\u00e9 este s\u00e1bado foram registradas 1.124 mortes em decorr\u00eancia do novo coronav\u00edrus (covid-19) e 20.727 casos confirmados da doen\u00e7a. O estado de S\u00e3o Paulo concentra o maior n\u00famero de casos (8.419) e de mortes (560). No Amazonas, h\u00e1 1050 casos e 53 mortes. No Cear\u00e1 s\u00e3o 1582 infectados e 67 \u00f3bitos. No Rio&nbsp;de Janeiro, h\u00e1 2.607 casos confirmados e 155 mortes.<\/p>\n\n\n\n<p>Segundo Wanderson, \u00e9 preciso manter o isolamento social para que n\u00e3o seja necess\u00e1ria medida mais dr\u00e1stica, como o bloqueio total (<em>lockdown,\u00a0<\/em>em ingl\u00eas). Ele destacou que o bloqueio total \u00e9 \u201cuma medida muito amarga que traz impactos econ\u00f4micos bastante expressivos\u201d e a expectativa \u00e9 que isso n\u00e3o seja necess\u00e1rio no Brasil. \u201cPara isso \u00e9 fundamental que o distanciamento social n\u00e3o seja relaxado, especialmente em Manaus, Fortaleza, Rio\u00a0de Janeiro\u00a0e S\u00e3o Paulo&#8221;, disse Wanderson.<\/p>\n\n\n\n<p>Gabbardo disse que Manaus est\u00e1 chegando quase na capacidade m\u00e1xima de atendimento dos hospitais. \u201cSe n\u00e3o tomarmos uma medida, o n\u00famero de casos vai ultrapassar a nossa capacidade de atendimento. As pessoas poder\u00e3o ficar desassistidas\u201d, disse. Por isso, ele informou que foi liberado recursos para a constru\u00e7\u00e3o de um hospital de campanha para atender a popula\u00e7\u00e3o ind\u00edgena e haver\u00e1 aumento de 350 leitos no hospital de refer\u00eancia para a covid-19 na cidade. Segundo Gabbardo j\u00e1 foram enviados 20 respiradores&nbsp;e outros 20 ainda ser\u00e3o enviados. Outra medida ser\u00e1 o refor\u00e7o da equipe de m\u00e9dicos intensivistas.<\/p>\n\n\n\n<p>Gabbardo disse que o Amazonas ser\u00e1 o primeiro estado a receber apoio do programa Conta Comigo, em que profissionais de sa\u00fade se cadastraram para atender \u00e0 popula\u00e7\u00e3o. \u201cA parir de&nbsp;13 de abril, vamos convocar profissionais para atuar em Manaus\u201d. De acordo com ele, Fortaleza provavelmente ser\u00e1 a&nbsp;segunda&nbsp;cidade&nbsp;ter&nbsp;profissionais cadastrados convocados para atuar no enfrentamento da covid-19.<\/p>\n\n\n\n<p>Em S\u00e3o Paulo, Wanderson disse que o distanciamento social ainda est\u00e1 abaixo do necess\u00e1rio. \u201cA gente enxerga isso como potencial acelerador do n\u00famero de casos\u201d, afirmou.<\/p>\n\n\n\n<h4 class=\"wp-block-heading\"><strong>Entrevista coletiva:<\/strong><\/h4>\n\n\n\n<iframe loading=\"lazy\" src=\"https:\/\/www.facebook.com\/plugins\/video.php?href=https%3A%2F%2Fwww.facebook.com%2Fagenciabrasil.ebc%2Fvideos%2F2644908719129608%2F&amp;show_text=0&amp;width=560\" width=\"100%\" height=\"400\" style=\"border:none;overflow:hidden\" scrolling=\"no\" frameborder=\"0\" allowtransparency=\"true\" allowfullscreen=\"true\"><\/iframe>\n\n\n\n<h2 class=\"wp-block-heading\">Equipamentos<\/h2>\n\n\n\n<p>Gabbardo afirmou que 60 respiradores que seriam importados foram retidos pela Receita Federal e distribu\u00eddos para estados com situa\u00e7\u00e3o \u201cmais cr\u00edtica\u201d: 30 para o Cear\u00e1, 20 para Amazonas e 10 para o Amap\u00e1. \u201cForam somados a 260 respiradores j\u00e1 instalados nos hospitais\u201d, disse. Outros 150 respiradores est\u00e3o sendo encaminhados para as unidades de atendimento.<\/p>\n\n\n\n<p>Ele acrescentou que outros 15 mil respiradores ser\u00e3o entregues por empresas brasileiras, mas ainda existe a possibilidade de importa\u00e7\u00e3o. \u201cNosso plano B \u00e9 a produ\u00e7\u00e3o nacional tanto de m\u00e1scaras quanto de respiradores. N\u00e3o significa que ainda n\u00e3o vamos tentar o mercado internacional ou mercado chin\u00eas porque algumas opera\u00e7\u00f5es est\u00e3o dando certo\u201d, disse Gabbardo.<\/p>\n\n\n\n<p>O secret\u00e1rio Executivo informou que 240 milh\u00f5es de m\u00e1scaras v\u00e3o ser trazidas para o Brasil em 20 avi\u00f5es. Gabbardo acrescentou que a distribui\u00e7\u00e3o de equipamentos n\u00e3o ser\u00e1 feita de forma aleat\u00f3ria, mas conforme a necessidade de cada cidade.<\/p>\n\n\n\n<h3 class=\"wp-block-heading\"><strong>Casos confirmados e \u00f3bitos no Brasil<\/strong><\/h3>\n\n\n\n<figure class=\"wp-block-table\"><table><tbody><tr><td>&nbsp;<\/td><td class=\"has-text-align-center\" data-align=\"center\"><strong>CASOS CONFIRMADOS<\/strong><\/td><td class=\"has-text-align-center\" data-align=\"center\"><strong>\u00d3BITOS CONFIRMADOS<\/strong><\/td><\/tr><tr><td>BRASIL<\/td><td class=\"has-text-align-center\" data-align=\"center\">20.727<\/td><td class=\"has-text-align-center\" data-align=\"center\">1.124<\/td><\/tr><tr><td>&nbsp;<\/td><td class=\"has-text-align-center\" data-align=\"center\">&nbsp;<\/td><td class=\"has-text-align-center\" data-align=\"center\">&nbsp;<\/td><\/tr><tr><td><strong>ESTADO<\/strong><\/td><td class=\"has-text-align-center\" data-align=\"center\"><strong>CASOS CONFIRMADOS<\/strong><\/td><td class=\"has-text-align-center\" data-align=\"center\"><strong>\u00d3BITOS CONFIRMADOS<\/strong><\/td><\/tr><tr><td>Acre<\/td><td class=\"has-text-align-center\" data-align=\"center\">72<\/td><td class=\"has-text-align-center\" data-align=\"center\">2<\/td><\/tr><tr><td>Alagoas<\/td><td class=\"has-text-align-center\" data-align=\"center\">48<\/td><td class=\"has-text-align-center\" data-align=\"center\">3<\/td><\/tr><tr><td>Amap\u00e1<\/td><td class=\"has-text-align-center\" data-align=\"center\">193<\/td><td class=\"has-text-align-center\" data-align=\"center\">3<\/td><\/tr><tr><td>Amazonas<\/td><td class=\"has-text-align-center\" data-align=\"center\">1050<\/td><td class=\"has-text-align-center\" data-align=\"center\">53<\/td><\/tr><tr><td>Bahia<\/td><td class=\"has-text-align-center\" data-align=\"center\">635<\/td><td class=\"has-text-align-center\" data-align=\"center\">21<\/td><\/tr><tr><td>Cear\u00e1<\/td><td class=\"has-text-align-center\" data-align=\"center\">1582<\/td><td class=\"has-text-align-center\" data-align=\"center\">67<\/td><\/tr><tr><td>Distrito Federal<\/td><td class=\"has-text-align-center\" data-align=\"center\">579<\/td><td class=\"has-text-align-center\" data-align=\"center\">14<\/td><\/tr><tr><td>Esp\u00edrito Santo<\/td><td class=\"has-text-align-center\" data-align=\"center\">349<\/td><td class=\"has-text-align-center\" data-align=\"center\">9<\/td><\/tr><tr><td>Goi\u00e1s<\/td><td class=\"has-text-align-center\" data-align=\"center\">209<\/td><td class=\"has-text-align-center\" data-align=\"center\">10<\/td><\/tr><tr><td>Maranh\u00e3o<\/td><td class=\"has-text-align-center\" data-align=\"center\">344<\/td><td class=\"has-text-align-center\" data-align=\"center\">21<\/td><\/tr><tr><td>Mato Grosso<\/td><td class=\"has-text-align-center\" data-align=\"center\">121<\/td><td class=\"has-text-align-center\" data-align=\"center\">3<\/td><\/tr><tr><td>Mato Grosso do Sul<\/td><td class=\"has-text-align-center\" data-align=\"center\">100<\/td><td class=\"has-text-align-center\" data-align=\"center\">2<\/td><\/tr><tr><td>Minas Gerais<\/td><td class=\"has-text-align-center\" data-align=\"center\">750<\/td><td class=\"has-text-align-center\" data-align=\"center\">17<\/td><\/tr><tr><td>Paran\u00e1<\/td><td class=\"has-text-align-center\" data-align=\"center\">676<\/td><td class=\"has-text-align-center\" data-align=\"center\">26<\/td><\/tr><tr><td>Para\u00edba<\/td><td class=\"has-text-align-center\" data-align=\"center\">85<\/td><td class=\"has-text-align-center\" data-align=\"center\">11<\/td><\/tr><tr><td>Par\u00e1<\/td><td class=\"has-text-align-center\" data-align=\"center\">217<\/td><td class=\"has-text-align-center\" data-align=\"center\">10<\/td><\/tr><tr><td>Pernambuco<\/td><td class=\"has-text-align-center\" data-align=\"center\">816<\/td><td class=\"has-text-align-center\" data-align=\"center\">72<\/td><\/tr><tr><td>Piau\u00ed<\/td><td class=\"has-text-align-center\" data-align=\"center\">41<\/td><td class=\"has-text-align-center\" data-align=\"center\">7<\/td><\/tr><tr><td>Rio Grande do Norte<\/td><td class=\"has-text-align-center\" data-align=\"center\">289<\/td><td class=\"has-text-align-center\" data-align=\"center\">13<\/td><\/tr><tr><td>Rio Grande do Sul<\/td><td class=\"has-text-align-center\" data-align=\"center\">640<\/td><td class=\"has-text-align-center\" data-align=\"center\">15<\/td><\/tr><tr><td>Rio de Janeiro<\/td><td class=\"has-text-align-center\" data-align=\"center\">2607<\/td><td class=\"has-text-align-center\" data-align=\"center\">155<\/td><\/tr><tr><td>Rond\u00f4nia<\/td><td class=\"has-text-align-center\" data-align=\"center\">33<\/td><td class=\"has-text-align-center\" data-align=\"center\">2<\/td><\/tr><tr><td>Roraima<\/td><td class=\"has-text-align-center\" data-align=\"center\">75<\/td><td class=\"has-text-align-center\" data-align=\"center\">3<\/td><\/tr><tr><td>Santa Catarina<\/td><td class=\"has-text-align-center\" data-align=\"center\">732<\/td><td class=\"has-text-align-center\" data-align=\"center\">21<\/td><\/tr><tr><td>Sergipe<\/td><td class=\"has-text-align-center\" data-align=\"center\">42<\/td><td class=\"has-text-align-center\" data-align=\"center\">4<\/td><\/tr><tr><td>S\u00e3o Paulo<\/td><td class=\"has-text-align-center\" data-align=\"center\">8419<\/td><td class=\"has-text-align-center\" data-align=\"center\">560<\/td><\/tr><tr><td>Tocantins<\/td><td class=\"has-text-align-center\" data-align=\"center\">23<\/td><td class=\"has-text-align-center\" data-align=\"center\">0<\/td><\/tr><\/tbody><\/table><\/figure>\n\n\n\n<p class=\"has-background has-very-light-gray-background-color\">Quer saber as not\u00edcias do <strong>Aconteceu no Vale<\/strong> em primeira m\u00e3o? Siga-nos no Facebook <a rel=\"noreferrer noopener\" href=\"http:\/\/facebook.com\/aconteceunovale\" target=\"_blank\">@aconteceunovale<\/a>, Twitter <a rel=\"noreferrer noopener\" href=\"https:\/\/twitter.com\/noticiadosvales\" target=\"_blank\">@noticiadosvales<\/a> e Instagram <a rel=\"noreferrer noopener\" href=\"https:\/\/www.instagram.com\/aconteceunovale\" target=\"_blank\">@aconteceunovale<\/a>.<\/p>\n","protected":false},"excerpt":{"rendered":"<p>Manaus, Fortaleza, S\u00e3o Paulo e Rio de Janeiro s\u00e3o as cidades que n\u00e3o podem relaxar medidas de isolamento social, devido ao n\u00famero de casos da covid-19 e a capacidade de atendimento dos hospitais. A avalia\u00e7\u00e3o \u00e9 dos secret\u00e1rios Executivo, Jo\u00e3o Gabbardo, e de Vigil\u00e2ncia em Sa\u00fade, Wanderson Kleber de Oliveira, em entrevista coletiva\u00a0hoje\u00a0(11\/4\/2020) para apresentar [&hellip;]<\/p>\n","protected":false},"author":1,"featured_media":160879,"comment_status":"open","ping_status":"closed","sticky":false,"template":"","format":"standard","meta":{"amp_status":"","footnotes":""},"categories":[6,40242],"tags":[219603,4785,218722,218721,219518,219520,219521,218049,218205,214884,218472,219596,219597,217915,215394,219599,219594,216498,219600,219595,219415,218043,219602,219122,219605,218364,218978,219604,19326,219197,218044,218045,215653,218206,218815,219105,219104,218876,219519,140166,217692,219598,219601],"class_list":["post-160878","post","type-post","status-publish","format-standard","has-post-thumbnail","hentry","category-br","category-saude-2","tag-bloqueio-total-no-brasil","tag-brasil","tag-brasil-tem-241-obitos-por-coronavirus","tag-brasil-tem-241-obitos-por-coronavirus-e-6-836-casos-confirmados","tag-brasil-ultrapassa-mil-mortes-por-covid-19","tag-casos-confirmados-e-obitos-no-brasil","tag-casos-confirmados-e-obitos-no-mundo","tag-casos-de-coronavirus-no-brasil","tag-casos-de-covid-19-no-brasil","tag-coronavirus","tag-coronavirus-em-27-de-marco-brasil-tem-92-mortes-e-3-417-casos-confirmados","tag-coronavirus-em-fortaleza","tag-coronavirus-em-manaus","tag-coronavirus-em-sao-paulo","tag-coronavirus-no-brasil","tag-coronavirus-no-rio-de-janeiro","tag-coronavirus-ministerio-da-saude-confirma-1-124-obitos-e-20-727-casos","tag-covid-19","tag-covid-19-em-fortaleza","tag-covid-19-em-manaus","tag-covid-19-em-sao-paulo","tag-covid-19-no-brasil","tag-covid-19-no-rio-de-janeiro","tag-distanciamento-social","tag-importancia-do-isolamento-social","tag-isolamento-social","tag-joao-gabbardo","tag-lockdown-no-brasil","tag-ministerio-da-saude","tag-ministerio-da-saude-confirma-667-obitos-por-coronavirus-e-13-717-casos","tag-mortes-por-coronavirus-no-brasil","tag-mortes-por-covid-19-no-brasil","tag-novo-coronavirus","tag-numero-de-casos-de-covid-19-confirmados-no-brasil","tag-numero-de-mortes-por-coronavirus-no-brasil-sobe-para-299","tag-numeros-da-covid-19-no-brasil","tag-numeros-do-coronavirus-no-brasil","tag-obitos-por-coronavirus-no-brasil","tag-obitos-por-covid-19-no-brasil","tag-pandemia","tag-pandemia-de-coronavirus","tag-quatro-capitais-ficam-em-situacao-critica-sem-isolamento-social","tag-wanderson-kleber-de-oliveira"],"_links":{"self":[{"href":"https:\/\/aconteceunovale.com.br\/portal\/index.php?rest_route=\/wp\/v2\/posts\/160878","targetHints":{"allow":["GET"]}}],"collection":[{"href":"https:\/\/aconteceunovale.com.br\/portal\/index.php?rest_route=\/wp\/v2\/posts"}],"about":[{"href":"https:\/\/aconteceunovale.com.br\/portal\/index.php?rest_route=\/wp\/v2\/types\/post"}],"author":[{"embeddable":true,"href":"https:\/\/aconteceunovale.com.br\/portal\/index.php?rest_route=\/wp\/v2\/users\/1"}],"replies":[{"embeddable":true,"href":"https:\/\/aconteceunovale.com.br\/portal\/index.php?rest_route=%2Fwp%2Fv2%2Fcomments&post=160878"}],"version-history":[{"count":1,"href":"https:\/\/aconteceunovale.com.br\/portal\/index.php?rest_route=\/wp\/v2\/posts\/160878\/revisions"}],"predecessor-version":[{"id":160880,"href":"https:\/\/aconteceunovale.com.br\/portal\/index.php?rest_route=\/wp\/v2\/posts\/160878\/revisions\/160880"}],"wp:featuredmedia":[{"embeddable":true,"href":"https:\/\/aconteceunovale.com.br\/portal\/index.php?rest_route=\/wp\/v2\/media\/160879"}],"wp:attachment":[{"href":"https:\/\/aconteceunovale.com.br\/portal\/index.php?rest_route=%2Fwp%2Fv2%2Fmedia&parent=160878"}],"wp:term":[{"taxonomy":"category","embeddable":true,"href":"https:\/\/aconteceunovale.com.br\/portal\/index.php?rest_route=%2Fwp%2Fv2%2Fcategories&post=160878"},{"taxonomy":"post_tag","embeddable":true,"href":"https:\/\/aconteceunovale.com.br\/portal\/index.php?rest_route=%2Fwp%2Fv2%2Ftags&post=160878"}],"curies":[{"name":"wp","href":"https:\/\/api.w.org\/{rel}","templated":true}]}}