{"id":160630,"date":"2020-04-07T22:43:20","date_gmt":"2020-04-08T01:43:20","guid":{"rendered":"http:\/\/aconteceunovale.com.br\/portal\/?p=160630"},"modified":"2020-04-07T22:43:51","modified_gmt":"2020-04-08T01:43:51","slug":"rodrigo-maia-corta-r-150-milhoes-em-despesas-da-camara-por-combate-ao-coronavirus","status":"publish","type":"post","link":"https:\/\/aconteceunovale.com.br\/portal\/?p=160630","title":{"rendered":"Rodrigo Maia corta R$ 150 milh\u00f5es em despesas da C\u00e2mara por combate ao coronav\u00edrus"},"content":{"rendered":"\n<p>O presidente da C\u00e2mara, deputado Rodrigo Maia (DEM-RJ), anunciou nesta ter\u00e7a-feira (7) o corte de R$ 150 milh\u00f5es em despesas da Casa a serem destinados ao combate \u00e0 pandemia da covid-19. Segundo Maia, ser\u00e3o reduzidas imediatamente as despesas com di\u00e1rias e passagens de parlamentares, servidores e colaboradores eventuais, horas extras e adicionais noturnos e obras que ainda n\u00e3o tenham sido iniciadas na C\u00e2mara dos Deputados.&nbsp;<\/p>\n\n\n\n<p>A portaria editada por Rodrigo Maia aponta que a medida de redu\u00e7\u00e3o de gastos \u00e9 necess\u00e1ria em virtude dos impactos negativos ocasionados na economia brasileira, &#8220;em especial na arrecada\u00e7\u00e3o tribut\u00e1ria&#8221;, provocado pela pandemia do novo coronav\u00edrus. A medida prev\u00ea a redu\u00e7\u00e3o de R$ 43 milh\u00f5es em despesa de pessoal, mais R$ 49 milh\u00f5es em investimentos e corte de R$ 58 milh\u00f5es em custeio operacional.&nbsp;<\/p>\n\n\n\n<p>A portaria tamb\u00e9m pro\u00edbe a contrata\u00e7\u00e3o de novos servi\u00e7os que n\u00e3o sejam essenciais \u00e0 manuten\u00e7\u00e3o e preven\u00e7\u00e3o de processos cr\u00edticos, aquisi\u00e7\u00e3o de m\u00f3veis e equipamentos e eventos n\u00e3o relacionados ao processo legislativo.&nbsp;<\/p>\n\n\n\n<p>&#8220;A gente sabe que nesse momento n\u00e3o s\u00e3o gastos necess\u00e1rios. [Essa \u00e9] mais uma contribui\u00e7\u00e3o da C\u00e2mara, n\u00e3o apenas com a aprova\u00e7\u00e3o de projetos, mas com atos para o enfrentamento da pandemia\u201d, disse o congressista. &nbsp;<\/p>\n\n\n\n<h2 class=\"wp-block-heading\">Ajuda aos estados<\/h2>\n\n\n\n<p>Maia informou que a C\u00e2mara dos Deputados elabora um projeto de ajuda financeira aos estados para amenizar, no curto prazo, a queda na arrecada\u00e7\u00e3o de impostos em raz\u00e3o da crise do coronav\u00edrus. A medida deve ser votada em substitui\u00e7\u00e3o ao chamado \u201cPlano Mansueto\u201d, que altera regras para os estados ingressarem no Regime de Recupera\u00e7\u00e3o Fiscal, prev\u00ea a libera\u00e7\u00e3o de empr\u00e9stimos com aval da Uni\u00e3o para resolver os problemas financeiros dos estados que, em contrapartida, devem adotar medidas de ajuste fiscal.&nbsp;<\/p>\n\n\n\n<p>Segundo Maia, h\u00e1 um impasse entre l\u00edderes partid\u00e1rios para a vota\u00e7\u00e3o do Plano Mansueto, que tamb\u00e9m tem medidas de m\u00e9dio e longo prazo. A alternativa seria um texto enxuto, que trate da arrecada\u00e7\u00e3o do Imposto sobre Circula\u00e7\u00e3o de Mercadorias e Servi\u00e7os (ICMS) para os pr\u00f3ximos tr\u00eas meses e linhas de cr\u00e9dito para o enfrentamento da crise que sejam destinadas a setores ainda n\u00e3o atendidos por medidas espec\u00edficas.<\/p>\n\n\n\n<p>&#8220;Ainda n\u00e3o chegamos a um entendimento sobre a MP 905 e sobre o Plano Mansueto. Esse \u00e9 um momento em que precisamos construir mais consensos que diverg\u00eancias&#8221;, disse Maia. &#8220;\u00c9 melhor que a gente resolva os problemas de 2020 e n\u00e3o contamine a agenda dos pr\u00f3ximos anos. Vamos construir uma solu\u00e7\u00e3o at\u00e9 amanh\u00e3 porque esse \u00e9 o compromisso com governadores com quem conversei&#8221;.<\/p>\n\n\n\n<h2 class=\"wp-block-heading\">Renda emergencial<\/h2>\n\n\n\n<p>O parlamentar criticou o formato de pagamento do\u00a0aux\u00edlio emergencial divulgado nesta ter\u00e7a-feira\u00a0pelo governo federal. Para Maia, toda rede banc\u00e1ria precisaria atuar para que os recursos cheguem mais rapidamente \u00e0s contas das fam\u00edlias.<\/p>\n\n\n\n<p>\u201cEsse governo fala muito de &#8216;menos Bras\u00edlia, e mais Brasil&#8217;, mas \u00e9 importante a integra\u00e7\u00e3o desse trabalho com outros instrumentos de pagamentos aos munic\u00edpios que sempre fizeram sua parte no cadastro \u00fanico\u201d, disse o presidente.<\/p>\n\n\n\n<p class=\"has-background has-very-light-gray-background-color\">Quer saber as not\u00edcias do <strong>Aconteceu no Vale<\/strong> em primeira m\u00e3o? Siga-nos no Facebook <a rel=\"noreferrer noopener\" href=\"http:\/\/facebook.com\/aconteceunovale\" target=\"_blank\">@aconteceunovale<\/a>, Twitter <a rel=\"noreferrer noopener\" href=\"https:\/\/twitter.com\/noticiadosvales\" target=\"_blank\">@noticiadosvales<\/a> e Instagram <a rel=\"noreferrer noopener\" href=\"https:\/\/www.instagram.com\/aconteceunovale\" target=\"_blank\">@aconteceunovale<\/a>.<\/p>\n","protected":false},"excerpt":{"rendered":"<p>O presidente da C\u00e2mara, deputado Rodrigo Maia (DEM-RJ), anunciou nesta ter\u00e7a-feira (7) o corte de R$ 150 milh\u00f5es em despesas da Casa a serem destinados ao combate \u00e0 pandemia da covid-19. Segundo Maia, ser\u00e3o reduzidas imediatamente as despesas com di\u00e1rias e passagens de parlamentares, servidores e colaboradores eventuais, horas extras e adicionais noturnos e obras [&hellip;]<\/p>\n","protected":false},"author":1,"featured_media":160631,"comment_status":"open","ping_status":"closed","sticky":false,"template":"","format":"standard","meta":{"amp_status":"","footnotes":""},"categories":[6,40240],"tags":[4785,218722,218721,218049,218205,218863,214884,218472,215394,216498,218043,19326,219197,218044,218045,218206,218815,140166,218365,219205,219206],"class_list":["post-160630","post","type-post","status-publish","format-standard","has-post-thumbnail","hentry","category-br","category-politica-2","tag-brasil","tag-brasil-tem-241-obitos-por-coronavirus","tag-brasil-tem-241-obitos-por-coronavirus-e-6-836-casos-confirmados","tag-casos-de-coronavirus-no-brasil","tag-casos-de-covid-19-no-brasil","tag-combate-ao-coronavirus","tag-coronavirus","tag-coronavirus-em-27-de-marco-brasil-tem-92-mortes-e-3-417-casos-confirmados","tag-coronavirus-no-brasil","tag-covid-19","tag-covid-19-no-brasil","tag-ministerio-da-saude","tag-ministerio-da-saude-confirma-667-obitos-por-coronavirus-e-13-717-casos","tag-mortes-por-coronavirus-no-brasil","tag-mortes-por-covid-19-no-brasil","tag-numero-de-casos-de-covid-19-confirmados-no-brasil","tag-numero-de-mortes-por-coronavirus-no-brasil-sobe-para-299","tag-pandemia","tag-pandemia-do-coronavirus","tag-presidente-da-camara-corta-r-150-milhoes-em-despesas-por-combate-ao-coronavirus","tag-rodrigo-maia-corta-r-150-milhoes-em-despesas-da-camara-por-combate-ao-coronavirus"],"_links":{"self":[{"href":"https:\/\/aconteceunovale.com.br\/portal\/index.php?rest_route=\/wp\/v2\/posts\/160630","targetHints":{"allow":["GET"]}}],"collection":[{"href":"https:\/\/aconteceunovale.com.br\/portal\/index.php?rest_route=\/wp\/v2\/posts"}],"about":[{"href":"https:\/\/aconteceunovale.com.br\/portal\/index.php?rest_route=\/wp\/v2\/types\/post"}],"author":[{"embeddable":true,"href":"https:\/\/aconteceunovale.com.br\/portal\/index.php?rest_route=\/wp\/v2\/users\/1"}],"replies":[{"embeddable":true,"href":"https:\/\/aconteceunovale.com.br\/portal\/index.php?rest_route=%2Fwp%2Fv2%2Fcomments&post=160630"}],"version-history":[{"count":1,"href":"https:\/\/aconteceunovale.com.br\/portal\/index.php?rest_route=\/wp\/v2\/posts\/160630\/revisions"}],"predecessor-version":[{"id":160632,"href":"https:\/\/aconteceunovale.com.br\/portal\/index.php?rest_route=\/wp\/v2\/posts\/160630\/revisions\/160632"}],"wp:featuredmedia":[{"embeddable":true,"href":"https:\/\/aconteceunovale.com.br\/portal\/index.php?rest_route=\/wp\/v2\/media\/160631"}],"wp:attachment":[{"href":"https:\/\/aconteceunovale.com.br\/portal\/index.php?rest_route=%2Fwp%2Fv2%2Fmedia&parent=160630"}],"wp:term":[{"taxonomy":"category","embeddable":true,"href":"https:\/\/aconteceunovale.com.br\/portal\/index.php?rest_route=%2Fwp%2Fv2%2Fcategories&post=160630"},{"taxonomy":"post_tag","embeddable":true,"href":"https:\/\/aconteceunovale.com.br\/portal\/index.php?rest_route=%2Fwp%2Fv2%2Ftags&post=160630"}],"curies":[{"name":"wp","href":"https:\/\/api.w.org\/{rel}","templated":true}]}}