{"id":160627,"date":"2020-04-07T22:34:56","date_gmt":"2020-04-08T01:34:56","guid":{"rendered":"http:\/\/aconteceunovale.com.br\/portal\/?p=160627"},"modified":"2020-04-07T22:35:45","modified_gmt":"2020-04-08T01:35:45","slug":"presidente-do-senado-diz-que-covid-19-nao-e-uma-gripe","status":"publish","type":"post","link":"https:\/\/aconteceunovale.com.br\/portal\/?p=160627","title":{"rendered":"Presidente do Senado diz que Covid-19 n\u00e3o \u00e9 uma gripe"},"content":{"rendered":"\n<p>Ap\u00f3s duas semanas em isolamento por ter sido diagnosticado com a covid-19, o presidente do Senado, Davi Alcolumbre, disse hoje (7), no in\u00edcio da sess\u00e3o remota da Casa, que passou por dias de muita dor. Ele afirmou que a doen\u00e7a provocada pelo coronav\u00edrus exige preocupa\u00e7\u00e3o e n\u00e3o \u00e9 uma simples gripe.<\/p>\n\n\n\n<p>\u201cN\u00e3o \u00e9 uma gripe. A gente tem que ter a responsabilidade de tratar essa situa\u00e7\u00e3o com a preocupa\u00e7\u00e3o que ela exige de todos n\u00f3s. Senti muita dor de cabe\u00e7a, muito mal-estar, muita tosse e dor no peito. Foram sete dias muito dif\u00edceis e os outros sete dias recuperando gradativamente\u201d, relatou o senador.<\/p>\n\n\n\n<p>Alcolumbre manifestou apoio ao isolamento social, defendido por governadores e pelo ministro da Sa\u00fade, Luiz Henrique Mandetta. \u201cA gente precisa, sim, se preocupar com essa quest\u00e3o. N\u00e3o podemos relevar, desconsiderar. Tenho convic\u00e7\u00e3o de que a decis\u00e3o pelo isolamento social foi acertada. Foram dias muito dif\u00edceis, de muita dor, mal-estar e desconforto que eu passei.\u201d<\/p>\n\n\n\n<p>\u00c9 a primeira sess\u00e3o remota presidida por Alcolumbre. Ele disse estar com saudade do contato com os colegas de Parlamento. At\u00e9 ent\u00e3o, o vice-presidente da Casa, senador Antonio Anastasia (PSD-MG), ficou respons\u00e1vel por conduzir os trabalhos.<\/p>\n\n\n\n<p class=\"has-background has-very-light-gray-background-color\">Quer saber as not\u00edcias do <strong>Aconteceu no Vale<\/strong> em primeira m\u00e3o? Siga-nos no Facebook <a rel=\"noreferrer noopener\" href=\"http:\/\/facebook.com\/aconteceunovale\" target=\"_blank\">@aconteceunovale<\/a>, Twitter <a rel=\"noreferrer noopener\" href=\"https:\/\/twitter.com\/noticiadosvales\" target=\"_blank\">@noticiadosvales<\/a> e Instagram <a rel=\"noreferrer noopener\" href=\"https:\/\/www.instagram.com\/aconteceunovale\" target=\"_blank\">@aconteceunovale<\/a>.<\/p>\n","protected":false},"excerpt":{"rendered":"<p>Ap\u00f3s duas semanas em isolamento por ter sido diagnosticado com a covid-19, o presidente do Senado, Davi Alcolumbre, disse hoje (7), no in\u00edcio da sess\u00e3o remota da Casa, que passou por dias de muita dor. Ele afirmou que a doen\u00e7a provocada pelo coronav\u00edrus exige preocupa\u00e7\u00e3o e n\u00e3o \u00e9 uma simples gripe. \u201cN\u00e3o \u00e9 uma gripe. [&hellip;]<\/p>\n","protected":false},"author":1,"featured_media":160628,"comment_status":"open","ping_status":"closed","sticky":false,"template":"","format":"standard","meta":{"amp_status":"","footnotes":""},"categories":[6,40240],"tags":[214884,216498,193841,219202,219203,218364,140166,217692,31968,219201,219200,219198,21938,219199,219204],"class_list":["post-160627","post","type-post","status-publish","format-standard","has-post-thumbnail","hentry","category-br","category-politica-2","tag-coronavirus","tag-covid-19","tag-davi-alcolumbre","tag-davi-alcolumbre-coronavirus","tag-davi-alcolumbre-covid-19","tag-isolamento-social","tag-pandemia","tag-pandemia-de-coronavirus","tag-presidente-do-senado","tag-presidente-do-senado-coronavirus","tag-presidente-do-senado-covid-19","tag-presidente-do-senado-diz-que-covid-19-nao-e-uma-gripe-e-apoia-isolamento-social","tag-senado","tag-senador","tag-sessao-remota"],"_links":{"self":[{"href":"https:\/\/aconteceunovale.com.br\/portal\/index.php?rest_route=\/wp\/v2\/posts\/160627","targetHints":{"allow":["GET"]}}],"collection":[{"href":"https:\/\/aconteceunovale.com.br\/portal\/index.php?rest_route=\/wp\/v2\/posts"}],"about":[{"href":"https:\/\/aconteceunovale.com.br\/portal\/index.php?rest_route=\/wp\/v2\/types\/post"}],"author":[{"embeddable":true,"href":"https:\/\/aconteceunovale.com.br\/portal\/index.php?rest_route=\/wp\/v2\/users\/1"}],"replies":[{"embeddable":true,"href":"https:\/\/aconteceunovale.com.br\/portal\/index.php?rest_route=%2Fwp%2Fv2%2Fcomments&post=160627"}],"version-history":[{"count":1,"href":"https:\/\/aconteceunovale.com.br\/portal\/index.php?rest_route=\/wp\/v2\/posts\/160627\/revisions"}],"predecessor-version":[{"id":160629,"href":"https:\/\/aconteceunovale.com.br\/portal\/index.php?rest_route=\/wp\/v2\/posts\/160627\/revisions\/160629"}],"wp:featuredmedia":[{"embeddable":true,"href":"https:\/\/aconteceunovale.com.br\/portal\/index.php?rest_route=\/wp\/v2\/media\/160628"}],"wp:attachment":[{"href":"https:\/\/aconteceunovale.com.br\/portal\/index.php?rest_route=%2Fwp%2Fv2%2Fmedia&parent=160627"}],"wp:term":[{"taxonomy":"category","embeddable":true,"href":"https:\/\/aconteceunovale.com.br\/portal\/index.php?rest_route=%2Fwp%2Fv2%2Fcategories&post=160627"},{"taxonomy":"post_tag","embeddable":true,"href":"https:\/\/aconteceunovale.com.br\/portal\/index.php?rest_route=%2Fwp%2Fv2%2Ftags&post=160627"}],"curies":[{"name":"wp","href":"https:\/\/api.w.org\/{rel}","templated":true}]}}