{"id":160625,"date":"2020-04-07T22:26:32","date_gmt":"2020-04-08T01:26:32","guid":{"rendered":"http:\/\/aconteceunovale.com.br\/portal\/?p=160625"},"modified":"2020-04-07T22:27:32","modified_gmt":"2020-04-08T01:27:32","slug":"ministerio-da-saude-confirma-667-obitos-por-coronavirus-e-13-717-casos","status":"publish","type":"post","link":"https:\/\/aconteceunovale.com.br\/portal\/?p=160625","title":{"rendered":"Minist\u00e9rio da Sa\u00fade confirma 667 \u00f3bitos por coronav\u00edrus e 13.717 casos"},"content":{"rendered":"\n<p>O Brasil chegou a 667 mortes em raz\u00e3o da pandemia do novo coronav\u00edrus (covid-19), segundo atualiza\u00e7\u00e3o do Minist\u00e9rio da Sa\u00fade divulgada hoje (7\/4\/2020). O n\u00famero representa um aumento de 20% em rela\u00e7\u00e3o a ontem (6), quando foram registrados 553 \u00f3bitos.<\/p>\n\n\n\n<p>S\u00e3o Paulo segue como epicentro da pandemia, com 371 mortes, mais da metade dos \u00f3bitos de todo o pa\u00eds. O estado \u00e9 seguido por Rio de Janeiro, com 89; Pernambuco, com 34; Cear\u00e1, com 31, e Amazonas com 23 mortes.<\/p>\n\n\n\n<p>Tamb\u00e9m j\u00e1 foram registradas mortes no Paran\u00e1 (15), Distrito Federal (12), Bahia (12), Santa Catarina (11), Minas Gerais (11), Rio Grande do Norte (oito), Rio Grande do Sul (oito), Esp\u00edrito Santo (seis), Goi\u00e1s (cinco), Par\u00e1 (cinco), Para\u00edba (quatro), Sergipe (quatro), Piau\u00ed (quatro), Maranh\u00e3o (quatro), Alagoas (duas), Mato Grosso do Sul (duas), Amap\u00e1 (duas), Rond\u00f4nia (uma), Roraima (uma), Acre (uma) e Mato Grosso (uma).<\/p>\n\n\n\n<p>O n\u00famero de casos da covid-19 no pa\u00eds chegou a 13.717, o que marca um crescimento de 13,7% em rela\u00e7\u00e3o a ontem (6), quando o balan\u00e7o do Minist\u00e9rio da Sa\u00fade marcou 12.056 casos.<\/p>\n\n\n\n<p>A taxa de letalidade do pa\u00eds subiu de 4,4% para 4,9%.<\/p>\n\n\n\n<p>O n\u00famero de novas mortes foi de 114, o maior desde a s\u00e9rie hist\u00f3rica. Ontem, o n\u00famero de novos \u00f3bitos havia sido de 67. O maior resultado nesse indicador havia sido de 73 falecimentos, registrado no s\u00e1bado (4).<\/p>\n\n\n\n<h2 class=\"wp-block-heading\">Perfil&nbsp;<\/h2>\n\n\n\n<p>Em rela\u00e7\u00e3o ao perfil das pessoas que morreram, 58,1% eram homens e 41,9% eram mulheres. No recorte por idade, 78% tinham mais de 60 anos. Na semana passada, esse percentual era de 90%. Em rela\u00e7\u00e3o aos fatores, de risco, 289 tinham alguma cardiopatia, 202 possu\u00edam diabetes, 70 apresentavam alguma pneumopatia e 48 experimentavam alguma condi\u00e7\u00e3o neurol\u00f3gica. As hospitaliza\u00e7\u00f5es com covid-19 chegaram e 2.931.<\/p>\n\n\n\n<p>No balan\u00e7o de hoje, foram 1.661 novos casos, um recorde desde o in\u00edcio do registro. Na atualiza\u00e7\u00e3o de ontem, foram 926 novos casos. O secret\u00e1rio de vigil\u00e2ncia em sa\u00fade do MS, Wanderson de Oliveira, argumentou que na ter\u00e7a-feira, em geral, h\u00e1 mais casos pelo fato de os estados consolidarem seus n\u00fameros&nbsp;do final de semana, na&nbsp;segunda-feira.<\/p>\n\n\n\n<h2 class=\"wp-block-heading\">Estados<\/h2>\n\n\n\n<p>Em rela\u00e7\u00e3o ao n\u00famero de casos confirmados, S\u00e3o Paulo concentra 5.682, seguido por Rio de Janeiro (1.688), Cear\u00e1 (1.051), Amazonas (636) e Minas Gerais (559). Os menores n\u00fameros de casos foram registrados em Rond\u00f4nia (18), Tocantins (19), Piau\u00ed (28), Alagoas (32) e Sergipe (36).<\/p>\n\n\n\n<p>Na compara\u00e7\u00e3o com outros pa\u00edses, o Brasil \u00e9 o 14\u00ba em n\u00famero de casos confirmados, o 12\u00ba em n\u00famero de \u00f3bitos, o 8\u00aa em taxa de letalidade (n\u00famero de falecimentos dividido pelos casos) e 16\u00ba em mortalidade (mortes proporcionais \u00e0 popula\u00e7\u00e3o).<\/p>\n\n\n\n<figure class=\"wp-block-table\"><table><tbody><tr><td>&nbsp;<\/td><td class=\"has-text-align-center\" data-align=\"center\"><strong>CASOS CONFIRMADOS<\/strong><\/td><td class=\"has-text-align-center\" data-align=\"center\"><strong>\u00d3BITOS CONFIRMADOS<\/strong><\/td><\/tr><tr><td>BRASIL<\/td><td class=\"has-text-align-center\" data-align=\"center\">13.717<\/td><td class=\"has-text-align-center\" data-align=\"center\">667<\/td><\/tr><tr><td>&nbsp;<\/td><td class=\"has-text-align-center\" data-align=\"center\">&nbsp;<\/td><td class=\"has-text-align-center\" data-align=\"center\">&nbsp;<\/td><\/tr><tr><td><strong>ESTADO<\/strong><\/td><td class=\"has-text-align-center\" data-align=\"center\"><strong>CASOS CONFIRMADOS<\/strong><\/td><td class=\"has-text-align-center\" data-align=\"center\"><strong>\u00d3BITOS CONFIRMADOS<\/strong><\/td><\/tr><tr><td>Acre<\/td><td class=\"has-text-align-center\" data-align=\"center\">50<\/td><td class=\"has-text-align-center\" data-align=\"center\">1<\/td><\/tr><tr><td>Alagoas<\/td><td class=\"has-text-align-center\" data-align=\"center\">32<\/td><td class=\"has-text-align-center\" data-align=\"center\">2<\/td><\/tr><tr><td>Amap\u00e1<\/td><td class=\"has-text-align-center\" data-align=\"center\">48<\/td><td class=\"has-text-align-center\" data-align=\"center\">2<\/td><\/tr><tr><td>Amazonas<\/td><td class=\"has-text-align-center\" data-align=\"center\">636<\/td><td class=\"has-text-align-center\" data-align=\"center\">23<\/td><\/tr><tr><td>Bahia<\/td><td class=\"has-text-align-center\" data-align=\"center\">456<\/td><td class=\"has-text-align-center\" data-align=\"center\">12<\/td><\/tr><tr><td>Cear\u00e1<\/td><td class=\"has-text-align-center\" data-align=\"center\">1051<\/td><td class=\"has-text-align-center\" data-align=\"center\">31<\/td><\/tr><tr><td>Distrito Federal<\/td><td class=\"has-text-align-center\" data-align=\"center\">492<\/td><td class=\"has-text-align-center\" data-align=\"center\">12<\/td><\/tr><tr><td>Esp\u00edrito Santo<\/td><td class=\"has-text-align-center\" data-align=\"center\">209<\/td><td class=\"has-text-align-center\" data-align=\"center\">6<\/td><\/tr><tr><td>Goi\u00e1s<\/td><td class=\"has-text-align-center\" data-align=\"center\">133<\/td><td class=\"has-text-align-center\" data-align=\"center\">5<\/td><\/tr><tr><td>Maranh\u00e3o<\/td><td class=\"has-text-align-center\" data-align=\"center\">172<\/td><td class=\"has-text-align-center\" data-align=\"center\">4<\/td><\/tr><tr><td>Mato Grosso<\/td><td class=\"has-text-align-center\" data-align=\"center\">78<\/td><td class=\"has-text-align-center\" data-align=\"center\">1<\/td><\/tr><tr><td>Mato Grosso do Sul<\/td><td class=\"has-text-align-center\" data-align=\"center\">80<\/td><td class=\"has-text-align-center\" data-align=\"center\">2<\/td><\/tr><tr><td>Minas Gerais<\/td><td class=\"has-text-align-center\" data-align=\"center\">559<\/td><td class=\"has-text-align-center\" data-align=\"center\">11<\/td><\/tr><tr><td>Paran\u00e1<\/td><td class=\"has-text-align-center\" data-align=\"center\">503<\/td><td class=\"has-text-align-center\" data-align=\"center\">15<\/td><\/tr><tr><td>Para\u00edba<\/td><td class=\"has-text-align-center\" data-align=\"center\">36<\/td><td class=\"has-text-align-center\" data-align=\"center\">4<\/td><\/tr><tr><td>Par\u00e1<\/td><td class=\"has-text-align-center\" data-align=\"center\">138<\/td><td class=\"has-text-align-center\" data-align=\"center\">5<\/td><\/tr><tr><td>Pernambuco<\/td><td class=\"has-text-align-center\" data-align=\"center\">352<\/td><td class=\"has-text-align-center\" data-align=\"center\">34<\/td><\/tr><tr><td>Piau\u00ed<\/td><td class=\"has-text-align-center\" data-align=\"center\">28<\/td><td class=\"has-text-align-center\" data-align=\"center\">4<\/td><\/tr><tr><td>Rio Grande do Norte<\/td><td class=\"has-text-align-center\" data-align=\"center\">254<\/td><td class=\"has-text-align-center\" data-align=\"center\">8<\/td><\/tr><tr><td>Rio Grande do Sul<\/td><td class=\"has-text-align-center\" data-align=\"center\">508<\/td><td class=\"has-text-align-center\" data-align=\"center\">8<\/td><\/tr><tr><td>Rio de Janeiro<\/td><td class=\"has-text-align-center\" data-align=\"center\">1688<\/td><td class=\"has-text-align-center\" data-align=\"center\">89<\/td><\/tr><tr><td>Rond\u00f4nia<\/td><td class=\"has-text-align-center\" data-align=\"center\">18<\/td><td class=\"has-text-align-center\" data-align=\"center\">1<\/td><\/tr><tr><td>Roraima<\/td><td class=\"has-text-align-center\" data-align=\"center\">42<\/td><td class=\"has-text-align-center\" data-align=\"center\">1<\/td><\/tr><tr><td>Santa Catarina<\/td><td class=\"has-text-align-center\" data-align=\"center\">417<\/td><td class=\"has-text-align-center\" data-align=\"center\">11<\/td><\/tr><tr><td>Sergipe<\/td><td class=\"has-text-align-center\" data-align=\"center\">36<\/td><td class=\"has-text-align-center\" data-align=\"center\">4<\/td><\/tr><tr><td>S\u00e3o Paulo<\/td><td class=\"has-text-align-center\" data-align=\"center\">5682<\/td><td class=\"has-text-align-center\" data-align=\"center\">371<\/td><\/tr><tr><td>Tocantins<\/td><td class=\"has-text-align-center\" data-align=\"center\">19<\/td><td class=\"has-text-align-center\" data-align=\"center\">0<\/td><\/tr><\/tbody><\/table><\/figure>\n\n\n\n<h2 class=\"wp-block-heading\"><strong>A\u00e7\u00f5es de enfrentamento ao novo coronav\u00edrus<\/strong><\/h2>\n\n\n\n<p>Entrevista coletiva, no Pal\u00e1cio do Planalto, sobre as a\u00e7\u00f5es de enfrentamento \u00e0 pandemia de covid-19. Participaram os\u00a0ministros da Casa Civil, Walter Braga Netto; da Sa\u00fade, Luiz Henrique Mandetta; al\u00e9m do presidente do Banco Central do Brasil, Roberto Campos Neto.\u00a0 Confira:<\/p>\n\n\n\n<figure><iframe loading=\"lazy\" src=\"https:\/\/www.facebook.com\/plugins\/video.php?href=https%3A%2F%2Fwww.facebook.com%2Fagenciabrasil.ebc%2Fvideos%2F291779361809348%2F&amp;show_text=0&amp;width=560\" width=\"560\" height=\"315\" style=\"border:none;overflow:hidden\" scrolling=\"no\" frameborder=\"0\" allowtransparency=\"true\" allowfullscreen=\"true\"><\/iframe><\/figure>\n\n\n\n<p class=\"has-background has-very-light-gray-background-color\">Quer saber as not\u00edcias do <strong>Aconteceu no Vale<\/strong> em primeira m\u00e3o? Siga-nos no Facebook <a rel=\"noreferrer noopener\" href=\"http:\/\/facebook.com\/aconteceunovale\" target=\"_blank\">@aconteceunovale<\/a>, Twitter <a rel=\"noreferrer noopener\" href=\"https:\/\/twitter.com\/noticiadosvales\" target=\"_blank\">@noticiadosvales<\/a> e Instagram <a rel=\"noreferrer noopener\" href=\"https:\/\/www.instagram.com\/aconteceunovale\" target=\"_blank\">@aconteceunovale<\/a>.<\/p>\n","protected":false},"excerpt":{"rendered":"<p>O Brasil chegou a 667 mortes em raz\u00e3o da pandemia do novo coronav\u00edrus (covid-19), segundo atualiza\u00e7\u00e3o do Minist\u00e9rio da Sa\u00fade divulgada hoje (7\/4\/2020). O n\u00famero representa um aumento de 20% em rela\u00e7\u00e3o a ontem (6), quando foram registrados 553 \u00f3bitos. S\u00e3o Paulo segue como epicentro da pandemia, com 371 mortes, mais da metade dos \u00f3bitos [&hellip;]<\/p>\n","protected":false},"author":1,"featured_media":160367,"comment_status":"open","ping_status":"closed","sticky":false,"template":"","format":"standard","meta":{"amp_status":"","footnotes":""},"categories":[6,40242],"tags":[4785,218722,218721,218049,218205,214884,218472,215394,216498,218043,19326,219197,218044,218045,218206,218815,140166],"class_list":["post-160625","post","type-post","status-publish","format-standard","has-post-thumbnail","hentry","category-br","category-saude-2","tag-brasil","tag-brasil-tem-241-obitos-por-coronavirus","tag-brasil-tem-241-obitos-por-coronavirus-e-6-836-casos-confirmados","tag-casos-de-coronavirus-no-brasil","tag-casos-de-covid-19-no-brasil","tag-coronavirus","tag-coronavirus-em-27-de-marco-brasil-tem-92-mortes-e-3-417-casos-confirmados","tag-coronavirus-no-brasil","tag-covid-19","tag-covid-19-no-brasil","tag-ministerio-da-saude","tag-ministerio-da-saude-confirma-667-obitos-por-coronavirus-e-13-717-casos","tag-mortes-por-coronavirus-no-brasil","tag-mortes-por-covid-19-no-brasil","tag-numero-de-casos-de-covid-19-confirmados-no-brasil","tag-numero-de-mortes-por-coronavirus-no-brasil-sobe-para-299","tag-pandemia"],"_links":{"self":[{"href":"https:\/\/aconteceunovale.com.br\/portal\/index.php?rest_route=\/wp\/v2\/posts\/160625","targetHints":{"allow":["GET"]}}],"collection":[{"href":"https:\/\/aconteceunovale.com.br\/portal\/index.php?rest_route=\/wp\/v2\/posts"}],"about":[{"href":"https:\/\/aconteceunovale.com.br\/portal\/index.php?rest_route=\/wp\/v2\/types\/post"}],"author":[{"embeddable":true,"href":"https:\/\/aconteceunovale.com.br\/portal\/index.php?rest_route=\/wp\/v2\/users\/1"}],"replies":[{"embeddable":true,"href":"https:\/\/aconteceunovale.com.br\/portal\/index.php?rest_route=%2Fwp%2Fv2%2Fcomments&post=160625"}],"version-history":[{"count":1,"href":"https:\/\/aconteceunovale.com.br\/portal\/index.php?rest_route=\/wp\/v2\/posts\/160625\/revisions"}],"predecessor-version":[{"id":160626,"href":"https:\/\/aconteceunovale.com.br\/portal\/index.php?rest_route=\/wp\/v2\/posts\/160625\/revisions\/160626"}],"wp:featuredmedia":[{"embeddable":true,"href":"https:\/\/aconteceunovale.com.br\/portal\/index.php?rest_route=\/wp\/v2\/media\/160367"}],"wp:attachment":[{"href":"https:\/\/aconteceunovale.com.br\/portal\/index.php?rest_route=%2Fwp%2Fv2%2Fmedia&parent=160625"}],"wp:term":[{"taxonomy":"category","embeddable":true,"href":"https:\/\/aconteceunovale.com.br\/portal\/index.php?rest_route=%2Fwp%2Fv2%2Fcategories&post=160625"},{"taxonomy":"post_tag","embeddable":true,"href":"https:\/\/aconteceunovale.com.br\/portal\/index.php?rest_route=%2Fwp%2Fv2%2Ftags&post=160625"}],"curies":[{"name":"wp","href":"https:\/\/api.w.org\/{rel}","templated":true}]}}