{"id":160619,"date":"2020-04-07T21:59:46","date_gmt":"2020-04-08T00:59:46","guid":{"rendered":"http:\/\/aconteceunovale.com.br\/portal\/?p=160619"},"modified":"2020-04-07T22:00:34","modified_gmt":"2020-04-08T01:00:34","slug":"camara-dos-deputados-aprova-ampliacao-de-validade-de-receita-medica-durante-pandemia","status":"publish","type":"post","link":"https:\/\/aconteceunovale.com.br\/portal\/?p=160619","title":{"rendered":"C\u00e2mara dos Deputados aprova amplia\u00e7\u00e3o de validade de receita m\u00e9dica durante pandemia"},"content":{"rendered":"\n<p>O plen\u00e1rio da C\u00e2mara dos Deputados aprovou nesta&nbsp;ter\u00e7a-feira (7) projeto de lei que torna indeterminado o prazo de&nbsp;receitas m\u00e9dicas, enquanto durar o estado de calamidade p\u00fablica institu\u00eddo&nbsp;por causa da pandemia de covid-19. A mat\u00e9ria segue para an\u00e1lise do Senado.<\/p>\n\n\n\n<p>A medida vale para o receitu\u00e1rio de medicamentos simples e de uso cont\u00ednuo. O texto inclui tamb\u00e9m os medicamentos odontol\u00f3gicos. J\u00e1 os rem\u00e9dios de uso controlado continuar\u00e3o com a necessidade de reten\u00e7\u00e3o da receita pela farm\u00e1cia e prazo determinado de validade, conforme regulamentado pela Ag\u00eancia Nacional de Vigil\u00e2ncia Sanit\u00e1ria (Anvisa). Dessa forma, antibi\u00f3ticos, antidepressivos e rem\u00e9dios de controle, incluindo os conhecidos tarja preta, tiveram as regras mantidas.<\/p>\n\n\n\n<p>\u201cSe liberarmos indefinidamente os rem\u00e9dios com tarja preta, poderemos&nbsp;ter&nbsp;consequ\u00eancias inimagin\u00e1veis, al\u00e9m da automedica\u00e7\u00e3o, da venda ilegal da medica\u00e7\u00e3o. Ent\u00e3o, a Anvisa j\u00e1 regula, e essa regulamenta\u00e7\u00e3o precisa ser mantida\u201d, afirmou a relatora do texto, deputada Alice Portugal (PCdoB-BA).<\/p>\n\n\n\n<p>O texto prev\u00ea ainda que pacientes de grupos mais suscet\u00edveis \u00e0 contamina\u00e7\u00e3o pelo novo coronav\u00edrus, assim como pessoas com defici\u00eancia, poder\u00e3o\u00a0indicar terceiros, por qualquer forma de declara\u00e7\u00e3o, para retirar os medicamentos. Quem for buscar o rem\u00e9dio dever\u00e1 levar a receita m\u00e9dica.<\/p>\n\n\n\n<p class=\"has-background has-very-light-gray-background-color\">Quer saber as not\u00edcias do <strong>Aconteceu no Vale<\/strong> em primeira m\u00e3o? Siga-nos no Facebook <a rel=\"noreferrer noopener\" href=\"http:\/\/facebook.com\/aconteceunovale\" target=\"_blank\">@aconteceunovale<\/a>, Twitter <a rel=\"noreferrer noopener\" href=\"https:\/\/twitter.com\/noticiadosvales\" target=\"_blank\">@noticiadosvales<\/a> e Instagram <a rel=\"noreferrer noopener\" href=\"https:\/\/www.instagram.com\/aconteceunovale\" target=\"_blank\">@aconteceunovale<\/a>.<\/p>\n","protected":false},"excerpt":{"rendered":"<p>O plen\u00e1rio da C\u00e2mara dos Deputados aprovou nesta&nbsp;ter\u00e7a-feira (7) projeto de lei que torna indeterminado o prazo de&nbsp;receitas m\u00e9dicas, enquanto durar o estado de calamidade p\u00fablica institu\u00eddo&nbsp;por causa da pandemia de covid-19. A mat\u00e9ria segue para an\u00e1lise do Senado. A medida vale para o receitu\u00e1rio de medicamentos simples e de uso cont\u00ednuo. O texto inclui [&hellip;]<\/p>\n","protected":false},"author":1,"featured_media":160620,"comment_status":"open","ping_status":"closed","sticky":false,"template":"","format":"standard","meta":{"amp_status":"","footnotes":""},"categories":[6,40242],"tags":[20922,219191,219193,214884,216498,140166,218365,219194,219192,219195],"class_list":["post-160619","post","type-post","status-publish","format-standard","has-post-thumbnail","hentry","category-br","category-saude-2","tag-camara-dos-deputados","tag-camara-dos-deputados-aprova-ampliacao-de-validade-de-receita-medica-durante-pandemia","tag-camaras-dos-deputados","tag-coronavirus","tag-covid-19","tag-pandemia","tag-pandemia-do-coronavirus","tag-validade-de-receita-medica","tag-validade-de-receita-medica-durante-pandemia-de-coronavirus","tag-validade-de-receitas"],"_links":{"self":[{"href":"https:\/\/aconteceunovale.com.br\/portal\/index.php?rest_route=\/wp\/v2\/posts\/160619","targetHints":{"allow":["GET"]}}],"collection":[{"href":"https:\/\/aconteceunovale.com.br\/portal\/index.php?rest_route=\/wp\/v2\/posts"}],"about":[{"href":"https:\/\/aconteceunovale.com.br\/portal\/index.php?rest_route=\/wp\/v2\/types\/post"}],"author":[{"embeddable":true,"href":"https:\/\/aconteceunovale.com.br\/portal\/index.php?rest_route=\/wp\/v2\/users\/1"}],"replies":[{"embeddable":true,"href":"https:\/\/aconteceunovale.com.br\/portal\/index.php?rest_route=%2Fwp%2Fv2%2Fcomments&post=160619"}],"version-history":[{"count":1,"href":"https:\/\/aconteceunovale.com.br\/portal\/index.php?rest_route=\/wp\/v2\/posts\/160619\/revisions"}],"predecessor-version":[{"id":160621,"href":"https:\/\/aconteceunovale.com.br\/portal\/index.php?rest_route=\/wp\/v2\/posts\/160619\/revisions\/160621"}],"wp:featuredmedia":[{"embeddable":true,"href":"https:\/\/aconteceunovale.com.br\/portal\/index.php?rest_route=\/wp\/v2\/media\/160620"}],"wp:attachment":[{"href":"https:\/\/aconteceunovale.com.br\/portal\/index.php?rest_route=%2Fwp%2Fv2%2Fmedia&parent=160619"}],"wp:term":[{"taxonomy":"category","embeddable":true,"href":"https:\/\/aconteceunovale.com.br\/portal\/index.php?rest_route=%2Fwp%2Fv2%2Fcategories&post=160619"},{"taxonomy":"post_tag","embeddable":true,"href":"https:\/\/aconteceunovale.com.br\/portal\/index.php?rest_route=%2Fwp%2Fv2%2Ftags&post=160619"}],"curies":[{"name":"wp","href":"https:\/\/api.w.org\/{rel}","templated":true}]}}