{"id":160604,"date":"2020-04-07T20:42:56","date_gmt":"2020-04-07T23:42:56","guid":{"rendered":"http:\/\/aconteceunovale.com.br\/portal\/?p=160604"},"modified":"2020-04-08T11:10:47","modified_gmt":"2020-04-08T14:10:47","slug":"governo-comeca-a-pagar-auxilio-de-r-600-nesta-quinta-feira","status":"publish","type":"post","link":"https:\/\/aconteceunovale.com.br\/portal\/?p=160604","title":{"rendered":"Governo come\u00e7a a pagar aux\u00edlio de R$ 600 nesta quinta-feira"},"content":{"rendered":"\n<p>O governo come\u00e7a a pagar na quinta-feira (9\/4\/2020) a primeira parcela do aux\u00edlio emergencial de R$ 600 para pessoas inscritas no Cadastro \u00danico (Cad\u00danico) com conta no Banco do Brasil ou poupan\u00e7a na Caixa Econ\u00f4mica Federal. Para os clientes dos demais bancos, o pagamento ser\u00e1 feito a partir do dia 14 deste m\u00eas.<\/p>\n\n\n\n<p>O segundo pagamento do benef\u00edcio de R$ 600 ocorrer\u00e1 entre 27 e 30 de abril, conforme a data de anivers\u00e1rio dos benefici\u00e1rios. E a \u00faltima parcela ser\u00e1 paga de 26 a 29 de maio. A ideia \u00e9 que todo o pagamento do benef\u00edcio \u2013 as tr\u00eas parcelas de R$ 600 &#8211; seja feito em cerca de 45 dias, totalizando a libera\u00e7\u00e3o R$ 98 bilh\u00f5es para 54 milh\u00f5es de pessoas.<\/p>\n\n\n\n<p>Hoje (7) foram lan\u00e7ados o&nbsp;<a href=\"https:\/\/auxilio.caixa.gov.br\/#\/inicio\" target=\"_blank\" rel=\"noreferrer noopener\"><em>site<\/em>&nbsp;da Caixa<\/a>&nbsp;e aplicativos para&nbsp;<a href=\"https:\/\/apps.apple.com\/br\/app\/caixa-aux%C3%ADlio-emergencial\/id1506494331\" target=\"_blank\" rel=\"noreferrer noopener\">iOS<\/a>&nbsp;e&nbsp;<a href=\"https:\/\/bit.ly\/2x2r9Nw\" target=\"_blank\" rel=\"noreferrer noopener\">Android<\/a>&nbsp;para os trabalhadores informais, aut\u00f4nomos, microempreendedores individuais (MEI) e contribuintes da Previd\u00eancia que ainda n\u00e3o t\u00eam informa\u00e7\u00f5es no Cad\u00danico. O cadastramento tamb\u00e9m \u00e9 necess\u00e1rio para as pessoas que n\u00e3o estavam no Cad\u00danico at\u00e9 o dia 20 de mar\u00e7o. Quem n\u00e3o sabe se est\u00e1 no cadastro pode conferir a situa\u00e7\u00e3o ao digitar o n\u00famero do CPF no aplicativo.<\/p>\n\n\n\n<h2 class=\"wp-block-heading\">Aplicativo gratuito<\/h2>\n\n\n\n<p>O aplicativo pode ser baixado gratuitamente. De acordo com o ministro da Cidadania, Onyx Lorenzoni, houve um acordo com empresas de telefonia para que mesmo as pessoas sem cr\u00e9dito no celular pr\u00e9-pago possam baixar a ferramenta sem custo. A Caixa disponibilizou ainda a central 111 para tirar d\u00favidas sobre como fazer o cadastramento.<\/p>\n\n\n\n<p>\u201cO aplicativo \u00e9 s\u00f3 para quem \u00e9 MEI, que \u00e9 contribuinte individual do INSS ou informal. Quem est\u00e1 no Bolsa Fam\u00edlia ou outros programas do governo federal n\u00e3o precisa fazer o cadastro\u201d, ressaltou Onyx, em entrevista coletiva, nesta manh\u00e3, no Pal\u00e1cio do Planalto.<\/p>\n\n\n\n<p>No caso dos benefici\u00e1rios do Bolsa Fam\u00edlia, o pagamento seguir\u00e1 o calend\u00e1rio normal do programa. De acordo com o presidente da Dataprev, Gustavo Canuto, o Cad\u00danico tem 75 milh\u00f5es de pessoas inscritas. Desses, 43,6 milh\u00f5es s\u00e3o benefici\u00e1rios do Bolsa Fam\u00edlia.<\/p>\n\n\n\n<p>Ao excluir os benefici\u00e1rios do Bolsa Fam\u00edlia, ficam 31,4 milh\u00f5es de pessoas. \u201cDesse universo de 31,4 milh\u00f5es de pessoas, foram identificadas mais de 10 milh\u00f5es que est\u00e3o eleg\u00edveis para receber o aux\u00edlio emergencial. Hoje estamos na fase final de an\u00e1lise desse dados para garantir que todos os quesitos foram atendidos e nenhum pagamento ser\u00e1 efeito para quem n\u00e3o estiver estritamente coberto pela lei\u201d, disse Canuto.<\/p>\n\n\n\n<h2 class=\"wp-block-heading\">Conta digital<\/h2>\n\n\n\n<p>O presidente da Caixa, Pedro Guimar\u00e3es, anunciou que criar\u00e1 30 milh\u00f5es de contas digitais para benefici\u00e1rios sem conta em banco. Os benefici\u00e1rios poder\u00e3o movimentar a conta e fazer transfer\u00eancias gratuitamente, mas inicialmente n\u00e3o ser\u00e1 poss\u00edvel sacar o dinheiro. Ainda ser\u00e1 divulgado um cronograma para a realiza\u00e7\u00e3o de saques. Segundo Guimar\u00e3es, haveria um \u201ccolapso\u201d se fosse liberado o saque para todos ao mesmo tempo.<\/p>\n\n\n\n<p>Guimar\u00e3es informou ainda que far\u00e1 transfer\u00eancia gratuita para contas em bancos privados e p\u00fablicos estaduais nos casos de benefici\u00e1rios que j\u00e1 t\u00eam conta.<\/p>\n\n\n\n<p>Os recursos que forem transferidos para conta de benefici\u00e1rios n\u00e3o poder\u00e3o ser usados para pagar d\u00edvidas, como o cheque especial. Segundo o ministro da Cidadania, Onyx Lorenzoni, foi feito um acordo com os bancos para evitar que o aux\u00edlio seja usado para pagar automaticamente d\u00edvidas dos clientes.<\/p>\n\n\n\n<p>\u201cMesmo se estiverem com d\u00e9bitos anteriores, esse dinheiro fica protegido. \u00c9 um aux\u00edlio emergencial para sustenta\u00e7\u00e3o das pessoas\u201d, disse o ministro.<\/p>\n\n\n\n<h2 class=\"wp-block-heading\">Seguran\u00e7a<\/h2>\n\n\n\n<p>Onyx destacou que a Ag\u00eancia Brasileira de Intelig\u00eancia (Abin) e a Pol\u00edcia Federal investigam casos de fraudes e que a seguran\u00e7a do sistema da Caixa \u201cest\u00e1 refor\u00e7ad\u00edssima\u201d. \u201cFraudadores, aten\u00e7\u00e3o, voc\u00eas v\u00e3o parar \u00e9 na cadeia\u201d, disse.<\/p>\n\n\n\n<p>\u201cO presidente [Jair] Bolsonaro quer transpar\u00eancia, seguran\u00e7a e agilidade. \u00c9 o que estamos nos empenhando para fazer. Na medida em que as coisas v\u00e3o avan\u00e7ando no Brasil, n\u00f3s vamos retomar o trabalho em poucos dias\u201d, disse o ministro.<\/p>\n\n\n\n<p>Ele destacou ainda que a\u00a0lei aprovada no Congresso e sancionada\u00a0pelo presidente\u00a0 determina a cobertura emergencial por tr\u00eas meses. Considerando o hist\u00f3rico das epidemias recentes, que dura de 12 a 14 semanas at\u00e9 a supera\u00e7\u00e3o da doen\u00e7a, segundo o ministro, esse apoio de 90 dias deve ser suficiente. \u201cVamos acompanhando e vendo a necessidade de uma eventual suplementa\u00e7\u00e3o\u201d, disse.<\/p>\n\n\n\n<p>Hoje, \u00e0s 15h, a Caixa dar\u00e1 uma entrevista coletiva para explicar mais detalhes do pagamento do aux\u00edlio emergencial. Um decreto regulamentando essas opera\u00e7\u00f5es tamb\u00e9m sever\u00e1 ser publicado hoje em edi\u00e7\u00e3o extra do<em>&nbsp;Di\u00e1rio Oficial da Uni\u00e3o<\/em>.<\/p>\n\n\n\n<p>Veja o calend\u00e1rio completo:<\/p>\n\n\n\n<figure class=\"wp-block-image size-large\"><img decoding=\"async\" src=\"http:\/\/aconteceu.info\/pub\/auxilio_emergencial_datas.jpg\" alt=\"\"\/><\/figure>\n\n\n\n<h2 class=\"wp-block-heading\"><strong>Baixe aqui o aplicativo:<\/strong><\/h2>\n\n\n\n<ul class=\"wp-block-list\"><li>App Store:&nbsp;<a href=\"https:\/\/apps.apple.com\/br\/app\/caixa-aux%C3%ADlio-emergencial\/id1506494331\" target=\"_blank\" rel=\"noreferrer noopener\">https:\/\/apps.apple.com\/br\/app\/caixa-aux%C3%ADlio-emergencial\/id1506494331<\/a><\/li><\/ul>\n\n\n\n<ul class=\"wp-block-list\"><li>Google Play:&nbsp;<a href=\"https:\/\/play.google.com\/store\/apps\/details?id=br.gov.caixa.auxilio\" target=\"_blank\" rel=\"noreferrer noopener\">https:\/\/play.google.com\/store\/apps\/details?id=br.gov.caixa.auxilio<\/a><\/li><\/ul>\n\n\n\n<ul class=\"wp-block-list\"><li>Ou fa\u00e7a o cadastro pelo site&nbsp;<a href=\"https:\/\/auxilio.caixa.gov.br\/\" target=\"_blank\" rel=\"noreferrer noopener\">https:\/\/auxilio.caixa.gov.br\/<\/a>&nbsp;<\/li><\/ul>\n\n\n\n<p class=\"has-background has-very-light-gray-background-color\">Quer saber as not\u00edcias do <strong>Aconteceu no Vale<\/strong> em primeira m\u00e3o? Siga-nos no Facebook <a rel=\"noreferrer noopener\" href=\"http:\/\/facebook.com\/aconteceunovale\" target=\"_blank\">@aconteceunovale<\/a>, Twitter <a rel=\"noreferrer noopener\" href=\"https:\/\/twitter.com\/noticiadosvales\" target=\"_blank\">@noticiadosvales<\/a> e Instagram <a rel=\"noreferrer noopener\" href=\"https:\/\/www.instagram.com\/aconteceunovale\" target=\"_blank\">@aconteceunovale<\/a>.<\/p>\n","protected":false},"excerpt":{"rendered":"<p>O governo come\u00e7a a pagar na quinta-feira (9\/4\/2020) a primeira parcela do aux\u00edlio emergencial de R$ 600 para pessoas inscritas no Cadastro \u00danico (Cad\u00danico) com conta no Banco do Brasil ou poupan\u00e7a na Caixa Econ\u00f4mica Federal. Para os clientes dos demais bancos, o pagamento ser\u00e1 feito a partir do dia 14 deste m\u00eas. O segundo [&hellip;]<\/p>\n","protected":false},"author":1,"featured_media":160605,"comment_status":"open","ping_status":"closed","sticky":false,"template":"","format":"standard","meta":{"amp_status":"","footnotes":""},"categories":[6],"tags":[218414,219136,219138,219135,219139,219137,218616,218413,219141,219145,218620,219150,218412,219151,218427,218049,218205,218411,214884,215394,218203,218234,218246,218615,216498,218043,218204,218366,219168,218364,19326,218044,218354,218045,218206,219142,140166,218365,219144,219143,219148,219146,218618,218619,219149,21938,218621,219147,218617,218415],"class_list":["post-160604","post","type-post","status-publish","format-standard","has-post-thumbnail","hentry","category-br","tag-ajuda-durante-pandemia-do-coronavirus","tag-aplicativo-coronavoucher","tag-aplicativo-para-receber-auxilio-de-r-600","tag-aplicativo-para-receber-auxilio-emergencial","tag-aplicativo-para-receber-auxilio-emergencial-de-r-600-ja-esta-disponivel","tag-aplicativo-para-receber-r-600","tag-aprovacao-do-coronavoucher","tag-auxilio-durante-a-pandemia-do-coronavirus","tag-auxilio-emergencial-coronavirus","tag-auxilio-emergencial-covid-19","tag-beneficio-de-r-600","tag-bolsa-familia-auxilio-de-r-600","tag-bolsonaro-diz-que-auxilio-para-trabalhador-informal-durante-a-pandemia-sera-de-r-600","tag-cadunico-auxilio-de-600","tag-camara-dos-deputados-aprova-auxilio-r-600-por-mes-para-trabalhador-informal","tag-casos-de-coronavirus-no-brasil","tag-casos-de-covid-19-no-brasil","tag-confira-como-esta-o-avanco-do-coronavirus-no-brasil","tag-coronavirus","tag-coronavirus-no-brasil","tag-coronavirus-brasil-tem-18-mortes-e-1-128-casos-confirmados","tag-coronavirus-brasil-tem-25-mortes-e-1-546-casos-confirmados","tag-coronavirus-mortes-no-brasil-sobem-para-34-e-casos-confirmados-sao-1-891","tag-coronavoucher","tag-covid-19","tag-covid-19-no-brasil","tag-covid-19-brasil-tem-18-mortes-e-1-128-casos-confirmados","tag-governadores-manterao-medidas-de-isolamento-social-contra-o-coronavirus","tag-governo-comeca-a-pagar-auxilio-de-r-600-nesta-quinta-feira","tag-isolamento-social","tag-ministerio-da-saude","tag-mortes-por-coronavirus-no-brasil","tag-mortes-por-coronavirus-sobem-para-57-no-brasil","tag-mortes-por-covid-19-no-brasil","tag-numero-de-casos-de-covid-19-confirmados-no-brasil","tag-o-que-e-o-auxilio-emergencial-de-r-600","tag-pandemia","tag-pandemia-do-coronavirus","tag-pre-requisitos-auxilio-r-600","tag-principais-duvidas-e-respostas-sobre-o-auxilio-emergencial-de-r-600","tag-quem-nao-pode-receber-o-auxilio-de-r-600","tag-quem-pode-receber-o-auxilio-de-r-600","tag-quem-pode-receber-o-coronavoucher","tag-quem-recebera-o-coronavoucher","tag-quem-tem-direito-ao-beneficio-de-r-600","tag-senado","tag-senado-aprova-auxilio-emergencial-de-r-600-a-autonomos-e-informais","tag-sou-beneficiario-do-bolsa-familia-posso-receber-o-auxilio-emergencial","tag-valor-do-coronavoucher","tag-voucher-durante-pandemia-do-coronavirus"],"_links":{"self":[{"href":"https:\/\/aconteceunovale.com.br\/portal\/index.php?rest_route=\/wp\/v2\/posts\/160604","targetHints":{"allow":["GET"]}}],"collection":[{"href":"https:\/\/aconteceunovale.com.br\/portal\/index.php?rest_route=\/wp\/v2\/posts"}],"about":[{"href":"https:\/\/aconteceunovale.com.br\/portal\/index.php?rest_route=\/wp\/v2\/types\/post"}],"author":[{"embeddable":true,"href":"https:\/\/aconteceunovale.com.br\/portal\/index.php?rest_route=\/wp\/v2\/users\/1"}],"replies":[{"embeddable":true,"href":"https:\/\/aconteceunovale.com.br\/portal\/index.php?rest_route=%2Fwp%2Fv2%2Fcomments&post=160604"}],"version-history":[{"count":1,"href":"https:\/\/aconteceunovale.com.br\/portal\/index.php?rest_route=\/wp\/v2\/posts\/160604\/revisions"}],"predecessor-version":[{"id":160606,"href":"https:\/\/aconteceunovale.com.br\/portal\/index.php?rest_route=\/wp\/v2\/posts\/160604\/revisions\/160606"}],"wp:featuredmedia":[{"embeddable":true,"href":"https:\/\/aconteceunovale.com.br\/portal\/index.php?rest_route=\/wp\/v2\/media\/160605"}],"wp:attachment":[{"href":"https:\/\/aconteceunovale.com.br\/portal\/index.php?rest_route=%2Fwp%2Fv2%2Fmedia&parent=160604"}],"wp:term":[{"taxonomy":"category","embeddable":true,"href":"https:\/\/aconteceunovale.com.br\/portal\/index.php?rest_route=%2Fwp%2Fv2%2Fcategories&post=160604"},{"taxonomy":"post_tag","embeddable":true,"href":"https:\/\/aconteceunovale.com.br\/portal\/index.php?rest_route=%2Fwp%2Fv2%2Ftags&post=160604"}],"curies":[{"name":"wp","href":"https:\/\/api.w.org\/{rel}","templated":true}]}}