{"id":160589,"date":"2020-04-07T18:11:34","date_gmt":"2020-04-07T21:11:34","guid":{"rendered":"http:\/\/aconteceunovale.com.br\/portal\/?p=160589"},"modified":"2020-04-07T18:49:42","modified_gmt":"2020-04-07T21:49:42","slug":"principais-duvidas-e-respostas-sobre-o-auxilio-emergencial-de-r-600","status":"publish","type":"post","link":"https:\/\/aconteceunovale.com.br\/portal\/?p=160589","title":{"rendered":"Principais d\u00favidas e respostas sobre o aux\u00edlio emergencial de R$ 600"},"content":{"rendered":"\n<p>O valor do aux\u00edlio \u00e9 de R$ 600,00 com limita\u00e7\u00e3o de duas pessoas em uma mesma fam\u00edlia pelo per\u00edodo de tr\u00eas meses (podendo ser prorrogado por ato do Poder Executivo).<\/p>\n\n\n\n<p><strong>Pr\u00e9-requisitos:<\/strong><\/p>\n\n\n\n<ul class=\"wp-block-list\"><li>Ser maior de 18 anos<\/li><li>N\u00e3o ter emprego formal (n\u00e3o pode ter carteira assinada)<\/li><li>N\u00e3o ter benef\u00edcio previdenci\u00e1rio ou assistencial, exceto Bolsa Fam\u00edlia<\/li><li>Renda familiar de \u00bd (meio) at\u00e9 tr\u00eas Sal\u00e1rios M\u00ednimos<\/li><li>N\u00e3o ter recebido acima de R$ 28.559,70<\/li><\/ul>\n\n\n\n<p><strong>O benefici\u00e1rio deve ser:<\/strong><\/p>\n\n\n\n<ul class=\"wp-block-list\"><li>MEI (Microempreendedor individual)<\/li><li>Contribuinte Individual do RGPS (Regime Geral de Previd\u00eancia Social)<\/li><li>Trabalhador informal (aut\u00f4nomo, desempregado) inscrito no Cad\u00danico ou<\/li><li>Por meio de autodeclara\u00e7\u00e3o<\/li><\/ul>\n\n\n\n<p><strong>Especificidades:<\/strong><\/p>\n\n\n\n<ul class=\"wp-block-list\"><li>M\u00e3e chefe de fam\u00edlia receber\u00e1 duas cotas do aux\u00edlio (R$ 1.200,00)<\/li><li>\u00c9 poss\u00edvel a cumula\u00e7\u00e3o entre um aux\u00edlio emergencial e um Bolsa Fam\u00edlia<\/li><li>Se receber Bolsa Fam\u00edlia e se encaixar nestes requisitos, receber\u00e1 o mais vantajoso<\/li><li>Poder\u00e1 receber at\u00e9 R$1.800,00 no caso de ser fam\u00edlia monoparental e houver um filho trabalhador informal<\/li><\/ul>\n\n\n\n<h2 class=\"wp-block-heading\"><strong>Perguntas mais frequentes (FAQ)<\/strong><\/h2>\n\n\n\n<p><strong>O que \u00e9 o aux\u00edlio emergencial?<\/strong><\/p>\n\n\n\n<p>O aux\u00edlio emergencial aprovado pelo Congresso Nacional e sancionado pela Presid\u00eancia da Rep\u00fablica \u00e9 um benef\u00edcio de R$ 600,00 para garantir uma renda m\u00ednima aos brasileiros em situa\u00e7\u00e3o mais vulner\u00e1vel durante a pandemia do Covid-19 (novo coronav\u00edrus), j\u00e1 que muitas atividades econ\u00f4micas foram gravemente afetadas pela crise.&nbsp;<\/p>\n\n\n\n<p><strong>Quem tem direito ao benef\u00edcio?<\/strong><\/p>\n\n\n\n<p>As pessoas inscritas no Programa Bolsa Fam\u00edlia, aquelas que fazem parte do cadastro de Microempreendedores Individuais (MEI), os contribuintes individuais do INSS, as pessoas inscritas no Cadastro \u00danico at\u00e9 o \u00faltimo dia 20 de mar\u00e7o e os informais que n\u00e3o fazem parte de nenhum cadastro do Governo Federal est\u00e3o aptos a receber o benef\u00edcio. A pessoa tamb\u00e9m precisa ter mais de 18 anos, ser de fam\u00edlia com renda mensal per capita (por pessoa) de at\u00e9 meio sal\u00e1rio m\u00ednimo (R$ 522,50) ou renda familiar mensal total de at\u00e9 tr\u00eas sal\u00e1rios m\u00ednimos (R$ 3.135), al\u00e9m de n\u00e3o ter tido rendimentos tribut\u00e1veis, em 2018, acima de R$ 28.559,70.<\/p>\n\n\n\n<p><strong>Sou benefici\u00e1rio do Bolsa Fam\u00edlia. Posso receber o aux\u00edlio emergencial?<\/strong><\/p>\n\n\n\n<p>Sim, caso o aux\u00edlio emergencial seja mais vantajoso que o valor recebido no programa Bolsa Fam\u00edlia. Como os integrantes do Bolsa Fam\u00edlia j\u00e1 est\u00e3o no Cadastro \u00danico, n\u00e3o ser\u00e1 necess\u00e1rio pedir a altera\u00e7\u00e3o do benef\u00edcio. O pagamento ser\u00e1 efetuado no valor mais vantajoso, ou seja, no m\u00ednimo R$ 600,00, automaticamente.<\/p>\n\n\n\n<p><strong>Como deve proceder quem n\u00e3o tem Cadastro \u00danico no Governo Federal?<\/strong><\/p>\n\n\n\n<p>A pessoa que se encaixa no perfil para receber o aux\u00edlio emergencial e n\u00e3o estiver no Cadastro \u00danico dever\u00e1 fazer uma autodeclara\u00e7\u00e3o por meio de um aplicativo disponibilizado pela Caixa Econ\u00f4mica Federal. O aplicativo permite que o Minist\u00e9rio da Cidadania e a Caixa Econ\u00f4mica Federal identifiquem os trabalhadores informais, os microempreendedores individuais (MEI) e os contribuintes individuais do INSS que se enquadram na lei e t\u00eam direito ao pagamento emergencial, mas n\u00e3o est\u00e3o no Cadastro \u00danico.&nbsp;<\/p>\n\n\n\n<p><strong>E quem est\u00e1 no Cadastro \u00danico, mas n\u00e3o integra o Bolsa Fam\u00edlia?<\/strong><\/p>\n\n\n\n<p>Quem est\u00e1 no Cadastro \u00danico e se enquadra no perfil para receber o aux\u00edlio emergencial, mas n\u00e3o recebe Bolsa Fam\u00edlia, ter\u00e1 um calend\u00e1rio pr\u00f3prio de recebimento do benef\u00edcio de R$ 600. Essas pessoas n\u00e3o v\u00e3o necessitar baixar nem se cadastrar no aplicativo. Elas est\u00e3o identificadas pelo Governo Federal e receber\u00e3o o valor automaticamente.<\/p>\n\n\n\n<p><strong>Como devem proceder os microempreendedores individuais (MEI)?<\/strong><\/p>\n\n\n\n<p>Devem baixar o aplicativo criado pela Caixa e preencher os dados para cadastramento e posterior pagamento do aux\u00edlio de R$ 600.<\/p>\n\n\n\n<p><strong>E os contribuintes individuais do INSS?<\/strong><\/p>\n\n\n\n<p>Tamb\u00e9m precisam acessar o aplicativo e fazer o cadastramento.&nbsp;<\/p>\n\n\n\n<p><strong>O aplicativo ser\u00e1 a \u00fanica forma de cadastramento para as pessoas que n\u00e3o est\u00e3o na base de dados do Governo Federal?<\/strong><\/p>\n\n\n\n<p>A Caixa disponibiliza um site e uma central telef\u00f4nica para o cadastro de quem n\u00e3o est\u00e1 na base de dados.<\/p>\n\n\n\n<p><strong>Quantas pessoas podem ser beneficiadas por fam\u00edlia?<\/strong><\/p>\n\n\n\n<p>No m\u00e1ximo duas pessoas por fam\u00edlia podem receber o aux\u00edlio emergencial de R$ 600. J\u00e1 os pais ou m\u00e3es que s\u00e3o respons\u00e1veis sozinhos por suas fam\u00edlias t\u00eam direito a receber o benef\u00edcio em dobro, ou seja, R$ 1.200.&nbsp;<\/p>\n\n\n\n<p><strong>Quando posso sacar o benef\u00edcio?<\/strong><\/p>\n\n\n\n<p>Um decreto do Governo Federal regulamenta o funcionamento do aux\u00edlio emergencial e estabelece o cronograma de pagamento. Quem \u00e9 benefici\u00e1rio do Bolsa Fam\u00edlia receber\u00e1 o pagamento conforme o calend\u00e1rio do programa, normalmente.<\/p>\n\n\n\n<p><strong>Onde posso sacar o benef\u00edcio?<\/strong><\/p>\n\n\n\n<p>Al\u00e9m do dep\u00f3sito em conta, o benef\u00edcio ser\u00e1 pago nas ag\u00eancias da Caixa Econ\u00f4mica Federal, em terminais de atendimento eletr\u00f4nico e em lot\u00e9ricas.&nbsp;<\/p>\n\n\n\n<p><strong>Quanto tempo vai durar o aux\u00edlio emergencial?&nbsp;<\/strong><\/p>\n\n\n\n<p>Ser\u00e3o tr\u00eas meses, a princ\u00edpio, per\u00edodo mais agudo da pandemia do coronav\u00edrus.&nbsp;<\/p>\n\n\n\n<p><strong>Baixe aqui o aplicativo:<\/strong><\/p>\n\n\n\n<ul class=\"wp-block-list\"><li>App Store:\u00a0<a href=\"https:\/\/apps.apple.com\/br\/app\/caixa-aux%C3%ADlio-emergencial\/id1506494331\" target=\"_blank\" rel=\"noreferrer noopener\">https:\/\/apps.apple.com\/br\/app\/caixa-aux%C3%ADlio-emergencial\/id1506494331<\/a><\/li><\/ul>\n\n\n\n<ul class=\"wp-block-list\"><li>Google Play:\u00a0<a href=\"https:\/\/play.google.com\/store\/apps\/details?id=br.gov.caixa.auxilio\" target=\"_blank\" rel=\"noreferrer noopener\">https:\/\/play.google.com\/store\/apps\/details?id=br.gov.caixa.auxilio<\/a><\/li><\/ul>\n\n\n\n<ul class=\"wp-block-list\"><li>Ou fa\u00e7a o cadastro pelo site\u00a0<a href=\"https:\/\/auxilio.caixa.gov.br\/\" target=\"_blank\" rel=\"noreferrer noopener\">https:\/\/auxilio.caixa.gov.br\/<\/a>\u00a0<\/li><\/ul>\n\n\n\n<p class=\"has-background has-very-light-gray-background-color\">Quer saber as not\u00edcias do <strong>Aconteceu no Vale<\/strong> em primeira m\u00e3o? Siga-nos no Facebook <a rel=\"noreferrer noopener\" href=\"http:\/\/facebook.com\/aconteceunovale\" target=\"_blank\">@aconteceunovale<\/a>, Twitter <a rel=\"noreferrer noopener\" href=\"https:\/\/twitter.com\/noticiadosvales\" target=\"_blank\">@noticiadosvales<\/a> e Instagram <a rel=\"noreferrer noopener\" href=\"https:\/\/www.instagram.com\/aconteceunovale\" target=\"_blank\">@aconteceunovale<\/a>.<\/p>\n","protected":false},"excerpt":{"rendered":"<p>O valor do aux\u00edlio \u00e9 de R$ 600,00 com limita\u00e7\u00e3o de duas pessoas em uma mesma fam\u00edlia pelo per\u00edodo de tr\u00eas meses (podendo ser prorrogado por ato do Poder Executivo). Pr\u00e9-requisitos: Ser maior de 18 anos N\u00e3o ter emprego formal (n\u00e3o pode ter carteira assinada) N\u00e3o ter benef\u00edcio previdenci\u00e1rio ou assistencial, exceto Bolsa Fam\u00edlia Renda [&hellip;]<\/p>\n","protected":false},"author":1,"featured_media":160591,"comment_status":"open","ping_status":"closed","sticky":false,"template":"","format":"standard","meta":{"amp_status":"","footnotes":""},"categories":[6],"tags":[218414,219136,219138,219135,219139,219137,218616,218413,219141,219145,218620,219150,218412,219151,218427,218049,218205,218411,214884,215394,218203,218234,218246,218615,216498,218043,218204,1018,218366,218364,19326,218044,218354,218045,218206,219142,140166,218365,219144,219143,219148,219146,218618,218619,219149,21938,218621,219147,218617,218415],"class_list":["post-160589","post","type-post","status-publish","format-standard","has-post-thumbnail","hentry","category-br","tag-ajuda-durante-pandemia-do-coronavirus","tag-aplicativo-coronavoucher","tag-aplicativo-para-receber-auxilio-de-r-600","tag-aplicativo-para-receber-auxilio-emergencial","tag-aplicativo-para-receber-auxilio-emergencial-de-r-600-ja-esta-disponivel","tag-aplicativo-para-receber-r-600","tag-aprovacao-do-coronavoucher","tag-auxilio-durante-a-pandemia-do-coronavirus","tag-auxilio-emergencial-coronavirus","tag-auxilio-emergencial-covid-19","tag-beneficio-de-r-600","tag-bolsa-familia-auxilio-de-r-600","tag-bolsonaro-diz-que-auxilio-para-trabalhador-informal-durante-a-pandemia-sera-de-r-600","tag-cadunico-auxilio-de-600","tag-camara-dos-deputados-aprova-auxilio-r-600-por-mes-para-trabalhador-informal","tag-casos-de-coronavirus-no-brasil","tag-casos-de-covid-19-no-brasil","tag-confira-como-esta-o-avanco-do-coronavirus-no-brasil","tag-coronavirus","tag-coronavirus-no-brasil","tag-coronavirus-brasil-tem-18-mortes-e-1-128-casos-confirmados","tag-coronavirus-brasil-tem-25-mortes-e-1-546-casos-confirmados","tag-coronavirus-mortes-no-brasil-sobem-para-34-e-casos-confirmados-sao-1-891","tag-coronavoucher","tag-covid-19","tag-covid-19-no-brasil","tag-covid-19-brasil-tem-18-mortes-e-1-128-casos-confirmados","tag-destaque","tag-governadores-manterao-medidas-de-isolamento-social-contra-o-coronavirus","tag-isolamento-social","tag-ministerio-da-saude","tag-mortes-por-coronavirus-no-brasil","tag-mortes-por-coronavirus-sobem-para-57-no-brasil","tag-mortes-por-covid-19-no-brasil","tag-numero-de-casos-de-covid-19-confirmados-no-brasil","tag-o-que-e-o-auxilio-emergencial-de-r-600","tag-pandemia","tag-pandemia-do-coronavirus","tag-pre-requisitos-auxilio-r-600","tag-principais-duvidas-e-respostas-sobre-o-auxilio-emergencial-de-r-600","tag-quem-nao-pode-receber-o-auxilio-de-r-600","tag-quem-pode-receber-o-auxilio-de-r-600","tag-quem-pode-receber-o-coronavoucher","tag-quem-recebera-o-coronavoucher","tag-quem-tem-direito-ao-beneficio-de-r-600","tag-senado","tag-senado-aprova-auxilio-emergencial-de-r-600-a-autonomos-e-informais","tag-sou-beneficiario-do-bolsa-familia-posso-receber-o-auxilio-emergencial","tag-valor-do-coronavoucher","tag-voucher-durante-pandemia-do-coronavirus"],"_links":{"self":[{"href":"https:\/\/aconteceunovale.com.br\/portal\/index.php?rest_route=\/wp\/v2\/posts\/160589","targetHints":{"allow":["GET"]}}],"collection":[{"href":"https:\/\/aconteceunovale.com.br\/portal\/index.php?rest_route=\/wp\/v2\/posts"}],"about":[{"href":"https:\/\/aconteceunovale.com.br\/portal\/index.php?rest_route=\/wp\/v2\/types\/post"}],"author":[{"embeddable":true,"href":"https:\/\/aconteceunovale.com.br\/portal\/index.php?rest_route=\/wp\/v2\/users\/1"}],"replies":[{"embeddable":true,"href":"https:\/\/aconteceunovale.com.br\/portal\/index.php?rest_route=%2Fwp%2Fv2%2Fcomments&post=160589"}],"version-history":[{"count":2,"href":"https:\/\/aconteceunovale.com.br\/portal\/index.php?rest_route=\/wp\/v2\/posts\/160589\/revisions"}],"predecessor-version":[{"id":160597,"href":"https:\/\/aconteceunovale.com.br\/portal\/index.php?rest_route=\/wp\/v2\/posts\/160589\/revisions\/160597"}],"wp:featuredmedia":[{"embeddable":true,"href":"https:\/\/aconteceunovale.com.br\/portal\/index.php?rest_route=\/wp\/v2\/media\/160591"}],"wp:attachment":[{"href":"https:\/\/aconteceunovale.com.br\/portal\/index.php?rest_route=%2Fwp%2Fv2%2Fmedia&parent=160589"}],"wp:term":[{"taxonomy":"category","embeddable":true,"href":"https:\/\/aconteceunovale.com.br\/portal\/index.php?rest_route=%2Fwp%2Fv2%2Fcategories&post=160589"},{"taxonomy":"post_tag","embeddable":true,"href":"https:\/\/aconteceunovale.com.br\/portal\/index.php?rest_route=%2Fwp%2Fv2%2Ftags&post=160589"}],"curies":[{"name":"wp","href":"https:\/\/api.w.org\/{rel}","templated":true}]}}