{"id":160587,"date":"2020-04-07T15:29:11","date_gmt":"2020-04-07T18:29:11","guid":{"rendered":"http:\/\/aconteceunovale.com.br\/portal\/?p=160587"},"modified":"2020-04-07T15:31:33","modified_gmt":"2020-04-07T18:31:33","slug":"secretaria-de-saude-atualiza-informacoes-sobre-o-coronavirus-em-minas-gerais","status":"publish","type":"post","link":"https:\/\/aconteceunovale.com.br\/portal\/?p=160587","title":{"rendered":"Secretaria de Sa\u00fade atualiza informa\u00e7\u00f5es sobre o coronav\u00edrus em Minas Gerais"},"content":{"rendered":"\n<p>A Secretaria de Estado de Sa\u00fade (SES-MG) informou, na manh\u00e3 desta ter\u00e7a-feira (07\/04\/2020), que 559 casos de Covid-19 foram confirmados em Minas Gerais.\u00a0O n\u00famero de mortes pela doen\u00e7a subiu para 11. As v\u00edtimas residiam em Belo Horizonte (5), Mariana (1), Montes Claros (1), Ouro Fino (1), Pouso Alegre (1) e Uberl\u00e2ndia (2).<\/p>\n\n\n\n<p>De acordo com o boletim epidemiol\u00f3gico, divulgado \u00e0s 11h18 de hoje, o Estado tamb\u00e9m possui 100 \u00f3bitos em investiga\u00e7\u00e3o e 64 foram descartados. O n\u00famero de casos suspeitos agora s\u00e3o 49.652.<\/p>\n\n\n\n<p>A cidade com mais casos confirmados \u00e9 Belo Horizonte, onde 270 pacientes tiveram diagn\u00f3stico positivo para a doen\u00e7a. Na sequ\u00eancia, aparecem Juiz de Fora, com 42 casos, Nova Lima, com 37, e Uberl\u00e2ndia, com 33.<\/p>\n\n\n\n<h2 class=\"wp-block-heading\"><strong>\u00d3bitos confirmados<\/strong><\/h2>\n\n\n\n<p>De acordo com informa\u00e7\u00f5es da SES-MG:<\/p>\n\n\n\n<ul class=\"wp-block-list\"><li><em><strong>Paciente 1:<\/strong>\u00a0trata-se de paciente do sexo feminino, 82 anos, residente no munic\u00edpio de Belo Horizonte. Ela foi internada no Hospital Biocor em Nova Lima em 21\/03\/20, com quadro de febre, tosse e desconforto respirat\u00f3rio, sendo transferida para UTI em 23\/03\/20. Foi coletado Swab para pesquisa de COVID-19 em 23\/03. A paciente apresentava comorbidades: doen\u00e7a cardiovascular cr\u00f4nica, diabetes mellitus e pneumopatia cr\u00f4nica. \u00d3bito ocorrido em 29\/03\/20. Exame de swab detect\u00e1vel para COVID-19 feito em laborat\u00f3rio privado.<\/em><br><\/li><li><em><strong>Paciente 2:<\/strong>\u00a0sexo masculino, 66 anos, residente do munic\u00edpio de Belo Horizonte, portador de cardiopatia e diabetes mielitus. Exame detect\u00e1vel por RT-PCR em laborat\u00f3rio da rede privada. Com amostra para realiza\u00e7\u00e3o de swab, tamb\u00e9m, na Funda\u00e7\u00e3o Ezequiel Dias. \u00d3bito ocorrido em 30\/03\/20.<\/em><br><\/li><li><em><strong>Paciente 3:<\/strong>\u00a0sexo masculino, 44 anos, residente do munic\u00edpio de Mariana. \u00d3bito em 30\/03\/2020, em hospital do munic\u00edpio de Nova Lima. Exame detect\u00e1vel para COVID-19 feito em laborat\u00f3rio da rede p\u00fablica &#8211; Funda\u00e7\u00e3o Ezequiel Dias (Funed).<\/em><br><\/li><li><em><strong>Paciente 4:<\/strong>\u00a0sexo feminino, 76 anos, residente do munic\u00edpio de Belo Horizonte. In\u00edcio de sintomas gripais em 23\/03\/20. Portadora de doen\u00e7a cardiovascular e diabetes. Resultado detect\u00e1vel para COVID-19 em 31\/03\/2020 emitido por laborat\u00f3rio privado. \u00d3bito em 01\/04\/20.<\/em><br><\/li><li><em><strong>Paciente 5:<\/strong>\u00a0sexo masculino, 80 anos, residente em Uberl\u00e2ndia. Inicio de sintomas em 29\/03\/2020, com febre, tosse e dispneia. Portador de doen\u00e7a pulmonar cr\u00f4nica e doen\u00e7a cardiovascular. Resultado detect\u00e1vel para COVID-19 em 02\/04\/2020 por laborat\u00f3rio privado. \u00d3bito em 30\/03\/2020.<\/em><br><\/li><li><em><strong>Paciente 6:<\/strong>\u00a0feminino, 61 anos, residente em Uberl\u00e2ndia. Inicio de sintomas em 26\/03\/2020, com febre, dispneia e mialgia. Portadora de doen\u00e7a renal cr\u00f4nica. Resultado detect\u00e1vel para COVID-19 em 02\/04\/2020 por laborat\u00f3rio privado. \u00d3bito em 02\/04\/2020.<\/em><br><\/li><li><em><strong>Paciente 7:<\/strong>\u00a0Paciente do sexo masculino, 72 anos, residente de Montes Claros. In\u00edcio de sintomas em 18\/03\/20 e sem comorbidades. Interna\u00e7\u00e3o em 27\/03\/20. Exame de Swab para COVID-19 detect\u00e1vel em 01\/04\/20 na FUNED. \u00d3bito em 01\/04\/20.<\/em><br><\/li><li><em><strong>Paciente 8:<\/strong>\u00a0Paciente do sexo masculino, 82 anos, residente em Belo Horizonte. In\u00edcio de sintomas em 24\/03\/20. Portador de Hipertens\u00e3o arterial e hipotireoidismo. Interna\u00e7\u00e3o em 30\/03\/20. Exame de Swab para COVID-19 detect\u00e1vel em 01\/04\/20 por Laborat\u00f3rio privado. \u00d3bito em 05\/04\/20.<\/em><br><\/li><li><em><strong>Paciente 9:<\/strong>\u00a0Paciente do sexo masculino, 72 anos, residente em Ouro Fino. In\u00edcio de sintomas 21\/03\/20 com febre. Sem comorbidades. Interna\u00e7\u00e3o em 24\/03\/20. Exame de Swab para COVID-19 detect\u00e1vel em 05\/04\/20 na FUNED. \u00d3bito em 31\/03\/20.<\/em><br><\/li><li><em><strong>Paciente 10:<\/strong>\u00a0Paciente do sexto masculino, 78 anos, residente de Pouso Alegre. In\u00edcio dos sintomas em 24\/03\/2020. Portador de doen\u00e7a pulmonar obstrutiva cr\u00f4nica e Hipertens\u00e3o Arterial. Interna\u00e7\u00e3o em 27\/03\/20. Exame de Swab para COVID-19 detect\u00e1vel em 01\/04\/20 em laborat\u00f3rio privado. \u00d3bito em 05\/04\/20.<\/em><br><\/li><li><em><strong>Paciente 11:<\/strong>\u00a0Paciente do sexo feminino, 60 anos, residente em Belo Horizonte. In\u00edcio de sintomas em 01\/04\/20. Portadora de neoplasia e hipertens\u00e3o arterial. Interna\u00e7\u00e3o em 06\/04\/20. Exame de swab para COVID-19 detect\u00e1vel em 06\/04\/20 em laborat\u00f3rio privado. \u00d3bito em 07\/04\/20.<\/em><\/li><\/ul>\n\n\n\n<p><strong>INFORME EPIDEMIOL\u00d3GICO \u2013 07\/04\/2020 &#8211; 11h18<\/strong><\/p>\n\n\n\n<figure class=\"wp-block-image size-large\"><img decoding=\"async\" src=\"http:\/\/aconteceu.info\/pub\/0704_boletim_corona_mg_1.jpg\" alt=\"\"\/><\/figure>\n\n\n\n<figure class=\"wp-block-image size-large\"><img decoding=\"async\" src=\"http:\/\/aconteceu.info\/pub\/0704_boletim_corona_mg_2.jpg\" alt=\"\"\/><\/figure>\n\n\n\n<figure class=\"wp-block-image size-large\"><img decoding=\"async\" src=\"http:\/\/aconteceu.info\/pub\/0704_boletim_corona_mg_3.jpg\" alt=\"\"\/><\/figure>\n\n\n\n<figure class=\"wp-block-image size-large\"><img decoding=\"async\" src=\"http:\/\/aconteceu.info\/pub\/0704_boletim_corona_mg_4.jpg\" alt=\"\"\/><\/figure>\n\n\n\n<p class=\"has-background has-very-light-gray-background-color\">Quer saber as not\u00edcias do <strong>Aconteceu no Vale<\/strong> em primeira m\u00e3o? Siga-nos no Facebook <a rel=\"noreferrer noopener\" href=\"http:\/\/facebook.com\/aconteceunovale\" target=\"_blank\">@aconteceunovale<\/a>, Twitter <a rel=\"noreferrer noopener\" href=\"https:\/\/twitter.com\/noticiadosvales\" target=\"_blank\">@noticiadosvales<\/a> e Instagram <a rel=\"noreferrer noopener\" href=\"https:\/\/www.instagram.com\/aconteceunovale\" target=\"_blank\">@aconteceunovale<\/a>.<\/p>\n","protected":false},"excerpt":{"rendered":"<p>A Secretaria de Estado de Sa\u00fade (SES-MG) informou, na manh\u00e3 desta ter\u00e7a-feira (07\/04\/2020), que 559 casos de Covid-19 foram confirmados em Minas Gerais.\u00a0O n\u00famero de mortes pela doen\u00e7a subiu para 11. As v\u00edtimas residiam em Belo Horizonte (5), Mariana (1), Montes Claros (1), Ouro Fino (1), Pouso Alegre (1) e Uberl\u00e2ndia (2). De acordo com [&hellip;]<\/p>\n","protected":false},"author":1,"featured_media":159378,"comment_status":"open","ping_status":"closed","sticky":false,"template":"","format":"standard","meta":{"amp_status":"","footnotes":""},"categories":[123,40242],"tags":[194,217922,217924,1017,217928,217930,218641,217925,217931,217945,217952,217743,217959,217738,217938,217968,217976,217985,217926,217932,217946,217955,217919,217963,217991,217939,217970,217979,217986,215651,215649,217947,217954,217920,217962,217543,217940,217971,217980,217988,217927,217933,217948,217956,217921,217964,217990,217941,217972,217978,217987,218218,214884,219126,215396,215652,217870,217949,217741,217957,217542,217934,217965,217974,217982,218220,218548,219065,1524,217944,217943,216498,217923,217929,217942,217950,217742,217958,217739,217935,217966,217973,217981,218219,199,217951,217953,218124,218175,201,217917,217918,206,217960,217961,131,217989,217992,218176,218743,218553,218551,1496,217937,217936,215653,1489,217967,217969,604,218221,218550,218552,218549,218202,219140,217994,52113,1532,217975,217977,218008,218059,221,217983,217984],"class_list":["post-160587","post","type-post","status-publish","format-standard","has-post-thumbnail","hentry","category-gerais","category-saude-2","tag-belo-horizonte","tag-belo-horizonte-coronavirus","tag-belo-horizonte-covid-19","tag-bh","tag-bh-coronavirus","tag-bh-covid-19","tag-boletim-covid-19-em-minas-gerais","tag-caso-confirmado-de-coronavirus-em-belo-horizonte","tag-caso-confirmado-de-coronavirus-em-bh","tag-caso-confirmado-de-coronavirus-em-coronel-fabriciano","tag-caso-confirmado-de-coronavirus-em-divinopolis","tag-caso-confirmado-de-coronavirus-em-ipatinga","tag-caso-confirmado-de-coronavirus-em-juiz-de-fora","tag-caso-confirmado-de-coronavirus-em-minas-gerais","tag-caso-confirmado-de-coronavirus-em-nova-lima","tag-caso-confirmado-de-coronavirus-em-patrocinio","tag-caso-confirmado-de-coronavirus-em-sete-lagoas","tag-caso-confirmado-de-coronavirus-em-uberlandia","tag-caso-confirmado-de-covid-19-em-belo-horizonte","tag-caso-confirmado-de-covid-19-em-bh","tag-caso-confirmado-de-covid-19-em-coronel-fabriciano","tag-caso-confirmado-de-covid-19-em-divinopolis","tag-caso-confirmado-de-covid-19-em-ipatinga","tag-caso-confirmado-de-covid-19-em-juiz-de-fora","tag-caso-confirmado-de-covid-19-em-minas-gerais","tag-caso-confirmado-de-covid-19-em-nova-lima","tag-caso-confirmado-de-covid-19-em-patrocinio","tag-caso-confirmado-de-covid-19-em-sete-lagoas","tag-caso-confirmado-de-covid-19-em-uberlandia","tag-caso-de-coronavirus-em-belo-horizonte","tag-caso-de-coronavirus-em-bh","tag-caso-de-coronavirus-em-coronel-fabriciano","tag-caso-de-coronavirus-em-divinopolis","tag-caso-de-coronavirus-em-ipatinga","tag-caso-de-coronavirus-em-juiz-de-fora","tag-caso-de-coronavirus-em-minas-gerais","tag-caso-de-coronavirus-em-nova-lima","tag-caso-de-coronavirus-em-patrocinio","tag-caso-de-coronavirus-em-sete-lagoas","tag-caso-de-coronavirus-em-uberlandia","tag-caso-de-covid-19-em-belo-horizonte","tag-caso-de-covid-19-em-bh","tag-caso-de-covid-19-em-coronel-fabriciano","tag-caso-de-covid-19-em-divinopolis","tag-caso-de-covid-19-em-ipatinga","tag-caso-de-covid-19-em-juiz-de-fora","tag-caso-de-covid-19-em-minas-gerais","tag-caso-de-covid-19-em-nova-lima","tag-caso-de-covid-19-em-patrocinio","tag-caso-de-covid-19-em-sete-lagoas","tag-caso-de-covid-19-em-uberlandia","tag-casos-suspeitos-de-coronavirus-chegam-a-quase-6-mil-em-minas-gerais","tag-coronavirus","tag-coronavirus-chega-a-64-municipios-de-minas-gerais","tag-coronavirus-em-belo-horizonte","tag-coronavirus-em-bh","tag-coronavirus-em-coronel-fabriciano","tag-coronavirus-em-divinopolis","tag-coronavirus-em-ipatinga","tag-coronavirus-em-juiz-de-fora","tag-coronavirus-em-minas-gerais","tag-coronavirus-em-nova-lima","tag-coronavirus-em-patrocinio","tag-coronavirus-em-sete-lagoas","tag-coronavirus-em-uberlandia","tag-coronavirus-pcmg","tag-coronavirus-primeiro-obito-por-coronavirus-em-minas-gerais","tag-coronavirus-secretaria-de-saude-de-minas-gerais-confirma-9-mortes-e-525-casos","tag-coronel-fabriciano","tag-coronel-fabriciano-coronavirus","tag-coronel-fabriciano-covid-19","tag-covid-19","tag-covid-19-em-belo-horizonte","tag-covid-19-em-bh","tag-covid-19-em-coronel-fabriciano","tag-covid-19-em-divinopolis","tag-covid-19-em-ipatinga","tag-covid-19-em-juiz-de-fora","tag-covid-19-em-minas-gerais","tag-covid-19-em-nova-lima","tag-covid-19-em-patrocinio","tag-covid-19-em-sete-lagoas","tag-covid-19-em-uberlandia","tag-descumprir-medidas-de-enfrentamento-ao-coronavirus-cabe-punicao-penal","tag-divinopolis","tag-divinopolis-coronavirus","tag-divinopolis-covid-19","tag-governador-de-minas-gerais-anuncia-novo-pacote-de-medidas-contra-pandemia-do-coronavirus","tag-governador-de-minas-gerais-decreta-calamidade-publica","tag-ipatinga","tag-ipatinga-coronavirus","tag-ipatinga-covid-19","tag-juiz-de-fora","tag-juiz-de-fora-coronavirus","tag-juiz-de-fora-covid-19","tag-minas-gerais","tag-minas-gerais-coronavirus","tag-minas-gerais-covid-19","tag-minas-gerais-fecha-fronteiras","tag-minas-gerais-tem-6-obitos-por-coronavirus-e-370-casos-confirmados","tag-morte-por-coronavirus-em-minas-gerais","tag-morte-por-covid-19-em-minas-gerais","tag-nova-lima","tag-nova-lima-coronavirus","tag-nova-lima-covid-19","tag-novo-coronavirus","tag-patrocinio","tag-patrocinio-coronavirus","tag-patrocinio-covid-19","tag-pcmg","tag-pcmg-coronavirus","tag-primeira-morte-por-coronavirus-em-minas-gerais","tag-primeira-morte-por-covid-19-em-minas-gerais","tag-primeiro-obito-por-covid-19-em-minas-gerais","tag-saiba-o-que-pode-e-o-que-nao-pode-funcionar-apos-decreto-do-governo-de-minas-para-conter-o-avanco-do-coronavirus","tag-secretaria-de-saude-atualiza-informacoes-sobre-o-coronavirus-em-minas-gerais","tag-secretaria-de-saude-confirma-14-casos-de-coronavirus-em-minas-gerais","tag-ses-mg","tag-sete-lagoas","tag-sete-lagoas-coronavirus","tag-sete-lagoas-covid-19","tag-sobe-para-19-o-numero-de-casos-confirmados-do-coronavirus-em-minas-gerais","tag-sobe-para-29-o-numero-de-casos-confirmados-do-coronavirus-em-minas-gerais","tag-uberlandia","tag-uberlandia-coronavirus","tag-uberlandia-covid-19"],"_links":{"self":[{"href":"https:\/\/aconteceunovale.com.br\/portal\/index.php?rest_route=\/wp\/v2\/posts\/160587","targetHints":{"allow":["GET"]}}],"collection":[{"href":"https:\/\/aconteceunovale.com.br\/portal\/index.php?rest_route=\/wp\/v2\/posts"}],"about":[{"href":"https:\/\/aconteceunovale.com.br\/portal\/index.php?rest_route=\/wp\/v2\/types\/post"}],"author":[{"embeddable":true,"href":"https:\/\/aconteceunovale.com.br\/portal\/index.php?rest_route=\/wp\/v2\/users\/1"}],"replies":[{"embeddable":true,"href":"https:\/\/aconteceunovale.com.br\/portal\/index.php?rest_route=%2Fwp%2Fv2%2Fcomments&post=160587"}],"version-history":[{"count":1,"href":"https:\/\/aconteceunovale.com.br\/portal\/index.php?rest_route=\/wp\/v2\/posts\/160587\/revisions"}],"predecessor-version":[{"id":160588,"href":"https:\/\/aconteceunovale.com.br\/portal\/index.php?rest_route=\/wp\/v2\/posts\/160587\/revisions\/160588"}],"wp:featuredmedia":[{"embeddable":true,"href":"https:\/\/aconteceunovale.com.br\/portal\/index.php?rest_route=\/wp\/v2\/media\/159378"}],"wp:attachment":[{"href":"https:\/\/aconteceunovale.com.br\/portal\/index.php?rest_route=%2Fwp%2Fv2%2Fmedia&parent=160587"}],"wp:term":[{"taxonomy":"category","embeddable":true,"href":"https:\/\/aconteceunovale.com.br\/portal\/index.php?rest_route=%2Fwp%2Fv2%2Fcategories&post=160587"},{"taxonomy":"post_tag","embeddable":true,"href":"https:\/\/aconteceunovale.com.br\/portal\/index.php?rest_route=%2Fwp%2Fv2%2Ftags&post=160587"}],"curies":[{"name":"wp","href":"https:\/\/api.w.org\/{rel}","templated":true}]}}