{"id":160582,"date":"2020-04-07T10:54:26","date_gmt":"2020-04-07T13:54:26","guid":{"rendered":"http:\/\/aconteceunovale.com.br\/portal\/?p=160582"},"modified":"2020-04-07T18:49:51","modified_gmt":"2020-04-07T21:49:51","slug":"aplicativo-para-receber-auxilio-emergencial-de-r-600-ja-esta-disponivel","status":"publish","type":"post","link":"https:\/\/aconteceunovale.com.br\/portal\/?p=160582","title":{"rendered":"Aplicativo para receber aux\u00edlio emergencial de R$ 600 j\u00e1 est\u00e1 dispon\u00edvel"},"content":{"rendered":"\n<p>Na manh\u00e3 desta ter\u00e7a-feira, 07 de abril de 2020, o Governo Federal liberou o sistema de cadastro e detalhou como ser\u00e1 realizado o pagamento do aux\u00edlio emergencial de R$ 600,00 para garantir uma renda m\u00ednima aos brasileiros em situa\u00e7\u00e3o mais vulner\u00e1vel durante a pandemia do novo coronav\u00edrus (Covid-19).<\/p>\n\n\n\n<p>Ser\u00e3o pagas tr\u00eas parcelas de R$ 600. Para os clientes do Banco do Brasil e da Caixa Econ\u00f4mica,&nbsp;a primeira parcela j\u00e1 entrar\u00e1 na conta&nbsp;na quinta-feira (9). &#8220;O&nbsp;presidente nos determinou que pud\u00e9ssemos fazer o m\u00e1ximo no menor tempo, estamos encurtando esse prazo de 90 dias pela compreens\u00e3o de que as pessoas precisam desse recurso&#8221;, afirmou o ministro da Cidadania,&nbsp;Onyx Lorenzoni.<\/p>\n\n\n\n<p>Ele esclareceu ainda que o governo pretende,&nbsp;at\u00e9 30 de abril, ter duas das tr\u00eas parcelas pagas, antecipando na metade do tempo proposto esse pagamento. N\u00e3o ser\u00e1 necess\u00e1rio, entretanto, que as pessoas se dirijam at\u00e9 as ag\u00eancias banc\u00e1rias, pois o benef\u00edcio ser\u00e1 depositado nas contas dos cidad\u00e3os.&nbsp;<\/p>\n\n\n\n<p>Caso haja alguma d\u00edvida pendente nessas contas, o valor n\u00e3o poder\u00e1 ser descontado do aux\u00edlio emergencial. &#8220;Esse valor fica protegido, n\u00e3o ser\u00e1 debitado, \u00e9 aux\u00edlio emergencial para sustenta\u00e7\u00e3o das pessoas&#8221;, esclareceu Lorenzoni.<\/p>\n\n\n\n<p>O ministro ainda alertou que a Ag\u00eancia Brasileira de Intelig\u00eancia e a Pol\u00edcia Federal est\u00e3o atuando na detec\u00e7\u00e3o de tentativas de fraudes a fim de garantir que o benef\u00edcio chegue \u00e0s m\u00e3os de quem precisa.&nbsp;<\/p>\n\n\n\n<h3 class=\"wp-block-heading\">Contas gratuitas para benefici\u00e1rios<\/h3>\n\n\n\n<p>A Caixa Econ\u00f4mica est\u00e1 criando contas digitais para benefici\u00e1rios que n\u00e3o as possuem, que oferecer\u00e3o os servi\u00e7os de transfer\u00eancias e pagamentos gratuitamente, para que as pessoas n\u00e3o necessitem sair de suas casas.&nbsp;<\/p>\n\n\n\n<p>&#8220;N\u00e3o temos not\u00edcias de nenhum pa\u00eds do mundo que em dez dias colocou 10 milh\u00f5es de pessoas com contas de gra\u00e7a&#8221;, afirmou o presidente da Caixa, Pedro Guimar\u00e3es, adicionando que,&nbsp;at\u00e9 quinta-feira haver\u00e1 mais de 40 milh\u00f5es de brasileiros com contas digitais gratuitas.<\/p>\n\n\n\n<p>Segundo Guimar\u00e3es, a previs\u00e3o geral de pagamentos \u00e9 que a primeira parcela seja creditada, para todos os que t\u00eam direito, at\u00e9 o dia 14 de abril. A segunda, entre 27 e 30 deste m\u00eas. E a \u00faltima dever\u00e1 ser para na \u00faltima semana de maio.<\/p>\n\n\n\n<p>Al\u00e9m do dep\u00f3sito em conta, o benef\u00edcio ser\u00e1 pago nas ag\u00eancias da Caixa Econ\u00f4mica Federal, em terminais de atendimento eletr\u00f4nico e em lot\u00e9ricas. O saque, entretanto, n\u00e3o estar\u00e1 dispon\u00edvel de imediato, h\u00e1 ver\u00e1 um calend\u00e1rio para retirada do dinheiro em esp\u00e9cie.<\/p>\n\n\n\n<h3 class=\"wp-block-heading\">Aplicativo<\/h3>\n\n\n\n<p>O aplicativo para cadastro de benefici\u00e1rios que n\u00e3o est\u00e3o na base de dados do governo &#8211; informais, microempreendedores individuais (MEI) e os contribuintes individuais do INSS &#8211; j\u00e1 est\u00e1 dispon\u00edvel para ser baixado mesmo por cidad\u00e3o sem cr\u00e9dito em suas linhas de telefone. Um acordo realizado entre o governo e as operadoras de celular viabilizou a obten\u00e7\u00e3o e utiliza\u00e7\u00e3o do aplicativo gratuitamente e sem necessidade de saldo na operadora telef\u00f4nica.<\/p>\n\n\n\n<p>Baixe o aplicativo:<\/p>\n\n\n\n<ul class=\"wp-block-list\"><li>App Store:&nbsp;<a href=\"https:\/\/apps.apple.com\/br\/app\/caixa-aux%C3%ADlio-emergencial\/id1506494331\" target=\"_blank\" rel=\"noreferrer noopener\">https:\/\/apps.apple.com\/br\/app\/caixa-aux%C3%ADlio-emergencial\/id1506494331<\/a><\/li><\/ul>\n\n\n\n<ul class=\"wp-block-list\"><li>Google Play:&nbsp;<a href=\"https:\/\/play.google.com\/store\/apps\/details?id=br.gov.caixa.auxilio\" target=\"_blank\" rel=\"noreferrer noopener\">https:\/\/play.google.com\/store\/apps\/details?id=br.gov.caixa.auxilio<\/a><\/li><\/ul>\n\n\n\n<ul class=\"wp-block-list\"><li>Ou fa\u00e7a o cadastro pelo site&nbsp;<a rel=\"noreferrer noopener\" href=\"https:\/\/auxilio.caixa.gov.br\/\" target=\"_blank\">https:\/\/auxilio.caixa.gov.br\/<\/a>&nbsp;<\/li><\/ul>\n\n\n\n<h3 class=\"wp-block-heading\">Para tirar d\u00favidas, foi lan\u00e7ado o n\u00famero telef\u00f4nico 111<\/h3>\n\n\n\n<p>T\u00eam direito ao benef\u00edcio as pessoas inscritas no Programa Bolsa Fam\u00edlia, aquelas que fazem parte do cadastro de Microempreendedores Individuais (MEI), os contribuintes individuais do INSS, as pessoas inscritas no Cadastro \u00danico at\u00e9 o \u00faltimo dia 20 de mar\u00e7o e os informais que n\u00e3o fazem parte de nenhum cadastro do Governo Federal.<\/p>\n\n\n\n<p>A pessoa tamb\u00e9m precisa ter mais de 18 anos, ser de fam\u00edlia com renda mensal per capita (por pessoa) de at\u00e9 meio sal\u00e1rio m\u00ednimo (R$ 522,50) ou renda familiar mensal total de at\u00e9 tr\u00eas sal\u00e1rios m\u00ednimos (R$ 3.135), al\u00e9m de n\u00e3o ter tido rendimentos tribut\u00e1veis, em 2018, acima de R$ 28.559,70.<\/p>\n\n\n\n<p>No caso dos benefici\u00e1rios do Bolsa Fam\u00edlia, se o aux\u00edlio emergencial for mais vantajoso que o valor recebido no programa, o pagamento ser\u00e1 efetuado no valor mais vantajoso, ou seja, no m\u00ednimo R$ 600,00, automaticamente. Como os integrantes do Bolsa Fam\u00edlia j\u00e1 est\u00e3o no Cadastro \u00danico, n\u00e3o ser\u00e1 necess\u00e1rio pedir a altera\u00e7\u00e3o do benef\u00edcio nem obter o aplicativo para fazer cadastro.<\/p>\n\n\n\n<h3 class=\"wp-block-heading\">Entrada no Cadastro \u00danico<\/h3>\n\n\n\n<p>A pessoa que se encaixa no perfil para receber o aux\u00edlio emergencial e n\u00e3o estiver no Cadastro \u00danico dever\u00e1 fazer uma autodeclara\u00e7\u00e3o por meio do aplicativo ou do site disponibilizados pela Caixa Econ\u00f4mica Federal.&nbsp;<\/p>\n\n\n\n<p>O app permite que o Minist\u00e9rio da Cidadania e a Caixa Econ\u00f4mica Federal identifiquem os trabalhadores informais, os Microempreendedores Individuais (MEI) e os contribuintes individuais do INSS que se enquadram na lei e t\u00eam direito ao pagamento emergencial, mas n\u00e3o est\u00e3o no Cadastro \u00danico.<\/p>\n\n\n\n<p>Portanto, os microempreendedores individuais (MEI) e os contribuintes individuais do INSS devem baixar o aplicativo criado pela Caixa e preencher os dados para cadastramento e posterior pagamento do aux\u00edlio de R$ 600.<\/p>\n\n\n\n<p>O governo prev\u00ea que, ap\u00f3s o cadastro realizado, o benefici\u00e1rio receba o benef\u00edcio em quatro ou cinco dias \u00fateis. Mesmo quem fizer o cadastro ap\u00f3s o in\u00edcio do pagamento receber\u00e1 as tr\u00eas parcelas do aux\u00edlio.<\/p>\n\n\n\n<h3 class=\"wp-block-heading\">Cadastrados<\/h3>\n\n\n\n<p>Do total de pessoas que j\u00e1 constam no Cadastro \u00danico, cerca de 75 milh\u00f5es, j\u00e1 h\u00e1 10 milh\u00f5es cadastrados em fase final de avalia\u00e7\u00e3o, grupo que receber\u00e1 o aux\u00edlio nos pr\u00f3ximos dias.&nbsp;&nbsp;<\/p>\n\n\n\n<p>Quem est\u00e1 no Cadastro \u00danico e se enquadra no perfil para receber o aux\u00edlio emergencial, mas n\u00e3o recebe Bolsa Fam\u00edlia, ter\u00e1 um calend\u00e1rio pr\u00f3prio de recebimento do benef\u00edcio de R$ 600. Essas pessoas n\u00e3o v\u00e3o necessitar baixar nem se cadastrar no aplicativo. Elas est\u00e3o identificadas pelo Governo Federal e receber\u00e3o o valor automaticamente.<\/p>\n\n\n\n<p><\/p>\n\n\n\n<h1 class=\"has-vivid-red-color has-text-color wp-block-heading\"><strong>Aux\u00edlio Emergencial<\/strong><\/h1>\n\n\n\n<p>O valor do aux\u00edlio \u00e9 de R$ 600,00 com limita\u00e7\u00e3o de duas pessoas em uma mesma fam\u00edlia pelo per\u00edodo de tr\u00eas meses (podendo ser prorrogado por ato do Poder Executivo).<\/p>\n\n\n\n<p><strong>Pr\u00e9-requisitos:<\/strong><\/p>\n\n\n\n<ul class=\"wp-block-list\"><li>Ser maior de 18 anos<\/li><li>N\u00e3o ter emprego formal (n\u00e3o pode ter carteira assinada)<\/li><li>N\u00e3o ter benef\u00edcio previdenci\u00e1rio ou assistencial, exceto Bolsa Fam\u00edlia<\/li><li>Renda familiar de \u00bd (meio) at\u00e9 tr\u00eas Sal\u00e1rios M\u00ednimos<\/li><li>N\u00e3o ter recebido acima de R$ 28.559,70<\/li><\/ul>\n\n\n\n<p><strong>O benefici\u00e1rio deve ser:<\/strong><\/p>\n\n\n\n<ul class=\"wp-block-list\"><li>MEI (Microempreendedor individual)<\/li><li>Contribuinte Individual do RGPS (Regime Geral de Previd\u00eancia Social)<\/li><li>Trabalhador informal (aut\u00f4nomo, desempregado) inscrito no Cad\u00danico ou<\/li><li>Por meio de autodeclara\u00e7\u00e3o<\/li><\/ul>\n\n\n\n<p><strong>Especificidades:<\/strong><\/p>\n\n\n\n<ul class=\"wp-block-list\"><li>M\u00e3e chefe de fam\u00edlia receber\u00e1 duas cotas do aux\u00edlio (R$ 1.200,00)<\/li><li>\u00c9 poss\u00edvel a cumula\u00e7\u00e3o entre um aux\u00edlio emergencial e um Bolsa Fam\u00edlia<\/li><li>Se receber Bolsa Fam\u00edlia e se encaixar nestes requisitos, receber\u00e1 o mais vantajoso<\/li><li>Poder\u00e1 receber at\u00e9 R$1.800,00 no caso de ser fam\u00edlia monoparental e houver um filho trabalhador informal<\/li><\/ul>\n\n\n\n<h2 class=\"wp-block-heading\"><strong>Perguntas mais frequentes (FAQ)<\/strong><\/h2>\n\n\n\n<p><strong>O que \u00e9 o aux\u00edlio emergencial?<\/strong><\/p>\n\n\n\n<p>O aux\u00edlio emergencial aprovado pelo Congresso Nacional e sancionado pela Presid\u00eancia da Rep\u00fablica \u00e9 um benef\u00edcio de R$ 600,00 para garantir uma renda m\u00ednima aos brasileiros em situa\u00e7\u00e3o mais vulner\u00e1vel durante a pandemia do Covid-19 (novo coronav\u00edrus), j\u00e1 que muitas atividades econ\u00f4micas foram gravemente afetadas pela crise.&nbsp;<\/p>\n\n\n\n<p><strong>Quem tem direito ao benef\u00edcio?<\/strong><\/p>\n\n\n\n<p>As pessoas inscritas no Programa Bolsa Fam\u00edlia, aquelas que fazem parte do cadastro de Microempreendedores Individuais (MEI), os contribuintes individuais do INSS, as pessoas inscritas no Cadastro \u00danico at\u00e9 o \u00faltimo dia 20 de mar\u00e7o e os informais que n\u00e3o fazem parte de nenhum cadastro do Governo Federal est\u00e3o aptos a receber o benef\u00edcio. A pessoa tamb\u00e9m precisa ter mais de 18 anos, ser de fam\u00edlia com renda mensal per capita (por pessoa) de at\u00e9 meio sal\u00e1rio m\u00ednimo (R$ 522,50) ou renda familiar mensal total de at\u00e9 tr\u00eas sal\u00e1rios m\u00ednimos (R$ 3.135), al\u00e9m de n\u00e3o ter tido rendimentos tribut\u00e1veis, em 2018, acima de R$ 28.559,70.<\/p>\n\n\n\n<p><strong>Sou benefici\u00e1rio do Bolsa Fam\u00edlia. Posso receber o aux\u00edlio emergencial?<\/strong><\/p>\n\n\n\n<p>Sim, caso o aux\u00edlio emergencial seja mais vantajoso que o valor recebido no programa Bolsa Fam\u00edlia. Como os integrantes do Bolsa Fam\u00edlia j\u00e1 est\u00e3o no Cadastro \u00danico, n\u00e3o ser\u00e1 necess\u00e1rio pedir a altera\u00e7\u00e3o do benef\u00edcio. O pagamento ser\u00e1 efetuado no valor mais vantajoso, ou seja, no m\u00ednimo R$ 600,00, automaticamente.<\/p>\n\n\n\n<p><strong>Como deve proceder quem n\u00e3o tem Cadastro \u00danico no Governo Federal?<\/strong><\/p>\n\n\n\n<p>A pessoa que se encaixa no perfil para receber o aux\u00edlio emergencial e n\u00e3o estiver no Cadastro \u00danico dever\u00e1 fazer uma autodeclara\u00e7\u00e3o por meio de um aplicativo disponibilizado pela Caixa Econ\u00f4mica Federal. O aplicativo permite que o Minist\u00e9rio da Cidadania e a Caixa Econ\u00f4mica Federal identifiquem os trabalhadores informais, os microempreendedores individuais (MEI) e os contribuintes individuais do INSS que se enquadram na lei e t\u00eam direito ao pagamento emergencial, mas n\u00e3o est\u00e3o no Cadastro \u00danico.&nbsp;<\/p>\n\n\n\n<p><strong>E quem est\u00e1 no Cadastro \u00danico, mas n\u00e3o integra o Bolsa Fam\u00edlia?<\/strong><\/p>\n\n\n\n<p>Quem est\u00e1 no Cadastro \u00danico e se enquadra no perfil para receber o aux\u00edlio emergencial, mas n\u00e3o recebe Bolsa Fam\u00edlia, ter\u00e1 um calend\u00e1rio pr\u00f3prio de recebimento do benef\u00edcio de R$ 600. Essas pessoas n\u00e3o v\u00e3o necessitar baixar nem se cadastrar no aplicativo. Elas est\u00e3o identificadas pelo Governo Federal e receber\u00e3o o valor automaticamente.<\/p>\n\n\n\n<p><strong>Como devem proceder os microempreendedores individuais (MEI)?<\/strong><\/p>\n\n\n\n<p>Devem baixar o aplicativo criado pela Caixa e preencher os dados para cadastramento e posterior pagamento do aux\u00edlio de R$ 600.<\/p>\n\n\n\n<p><strong>E os contribuintes individuais do INSS?<\/strong><\/p>\n\n\n\n<p>Tamb\u00e9m precisam acessar o aplicativo e fazer o cadastramento.&nbsp;<\/p>\n\n\n\n<p><strong>O aplicativo ser\u00e1 a \u00fanica forma de cadastramento para as pessoas que n\u00e3o est\u00e3o na base de dados do Governo Federal?<\/strong><\/p>\n\n\n\n<p>A Caixa disponibiliza um site e uma central telef\u00f4nica para o cadastro de quem n\u00e3o est\u00e1 na base de dados.<\/p>\n\n\n\n<p><strong>Quantas pessoas podem ser beneficiadas por fam\u00edlia?<\/strong><\/p>\n\n\n\n<p>No m\u00e1ximo duas pessoas por fam\u00edlia podem receber o aux\u00edlio emergencial de R$ 600. J\u00e1 os pais ou m\u00e3es que s\u00e3o respons\u00e1veis sozinhos por suas fam\u00edlias t\u00eam direito a receber o benef\u00edcio em dobro, ou seja, R$ 1.200.&nbsp;<\/p>\n\n\n\n<p><strong>Quando posso sacar o benef\u00edcio?<\/strong><\/p>\n\n\n\n<p>Um decreto do Governo Federal regulamenta o funcionamento do aux\u00edlio emergencial e estabelece o cronograma de pagamento. Quem \u00e9 benefici\u00e1rio do Bolsa Fam\u00edlia receber\u00e1 o pagamento conforme o calend\u00e1rio do programa, normalmente.<\/p>\n\n\n\n<p><strong>Onde posso sacar o benef\u00edcio?<\/strong><\/p>\n\n\n\n<p>Al\u00e9m do dep\u00f3sito em conta, o benef\u00edcio ser\u00e1 pago nas ag\u00eancias da Caixa Econ\u00f4mica Federal, em terminais de atendimento eletr\u00f4nico e em lot\u00e9ricas.&nbsp;<\/p>\n\n\n\n<p><strong>Quanto tempo vai durar o aux\u00edlio emergencial?&nbsp;<\/strong><\/p>\n\n\n\n<p>Ser\u00e3o tr\u00eas meses, a princ\u00edpio, per\u00edodo mais agudo da pandemia do coronav\u00edrus.&nbsp;<\/p>\n\n\n\n<p><strong>Baixe aqui o aplicativo:<\/strong><\/p>\n\n\n\n<ul class=\"wp-block-list\"><li>App Store:\u00a0<a href=\"https:\/\/apps.apple.com\/br\/app\/caixa-aux%C3%ADlio-emergencial\/id1506494331\" target=\"_blank\" rel=\"noreferrer noopener\">https:\/\/apps.apple.com\/br\/app\/caixa-aux%C3%ADlio-emergencial\/id1506494331<\/a><\/li><\/ul>\n\n\n\n<ul class=\"wp-block-list\"><li>Google Play:\u00a0<a href=\"https:\/\/play.google.com\/store\/apps\/details?id=br.gov.caixa.auxilio\" target=\"_blank\" rel=\"noreferrer noopener\">https:\/\/play.google.com\/store\/apps\/details?id=br.gov.caixa.auxilio<\/a><\/li><\/ul>\n\n\n\n<ul class=\"wp-block-list\"><li>Ou fa\u00e7a o cadastro pelo site\u00a0<a href=\"https:\/\/auxilio.caixa.gov.br\/\" target=\"_blank\" rel=\"noreferrer noopener\">https:\/\/auxilio.caixa.gov.br\/<\/a>\u00a0<\/li><\/ul>\n\n\n\n<p class=\"has-background has-very-light-gray-background-color\">Quer saber as not\u00edcias do <strong>Aconteceu no Vale<\/strong> em primeira m\u00e3o? Siga-nos no Facebook <a rel=\"noreferrer noopener\" href=\"http:\/\/facebook.com\/aconteceunovale\" target=\"_blank\">@aconteceunovale<\/a>, Twitter <a rel=\"noreferrer noopener\" href=\"https:\/\/twitter.com\/noticiadosvales\" target=\"_blank\">@noticiadosvales<\/a> e Instagram <a rel=\"noreferrer noopener\" href=\"https:\/\/www.instagram.com\/aconteceunovale\" target=\"_blank\">@aconteceunovale<\/a>.<\/p>\n","protected":false},"excerpt":{"rendered":"<p>Na manh\u00e3 desta ter\u00e7a-feira, 07 de abril de 2020, o Governo Federal liberou o sistema de cadastro e detalhou como ser\u00e1 realizado o pagamento do aux\u00edlio emergencial de R$ 600,00 para garantir uma renda m\u00ednima aos brasileiros em situa\u00e7\u00e3o mais vulner\u00e1vel durante a pandemia do novo coronav\u00edrus (Covid-19). Ser\u00e3o pagas tr\u00eas parcelas de R$ 600. [&hellip;]<\/p>\n","protected":false},"author":1,"featured_media":160580,"comment_status":"open","ping_status":"closed","sticky":false,"template":"","format":"standard","meta":{"amp_status":"","footnotes":""},"categories":[6],"tags":[218414,219136,219138,219135,219139,219137,218616,218413,218620,218412,218427,218049,218205,218411,214884,215394,218203,218234,218246,218615,216498,218043,218204,1018,218366,218364,19326,218044,218354,218045,218206,140166,218365,218618,218619,21938,218621,218617,218415],"class_list":["post-160582","post","type-post","status-publish","format-standard","has-post-thumbnail","hentry","category-br","tag-ajuda-durante-pandemia-do-coronavirus","tag-aplicativo-coronavoucher","tag-aplicativo-para-receber-auxilio-de-r-600","tag-aplicativo-para-receber-auxilio-emergencial","tag-aplicativo-para-receber-auxilio-emergencial-de-r-600-ja-esta-disponivel","tag-aplicativo-para-receber-r-600","tag-aprovacao-do-coronavoucher","tag-auxilio-durante-a-pandemia-do-coronavirus","tag-beneficio-de-r-600","tag-bolsonaro-diz-que-auxilio-para-trabalhador-informal-durante-a-pandemia-sera-de-r-600","tag-camara-dos-deputados-aprova-auxilio-r-600-por-mes-para-trabalhador-informal","tag-casos-de-coronavirus-no-brasil","tag-casos-de-covid-19-no-brasil","tag-confira-como-esta-o-avanco-do-coronavirus-no-brasil","tag-coronavirus","tag-coronavirus-no-brasil","tag-coronavirus-brasil-tem-18-mortes-e-1-128-casos-confirmados","tag-coronavirus-brasil-tem-25-mortes-e-1-546-casos-confirmados","tag-coronavirus-mortes-no-brasil-sobem-para-34-e-casos-confirmados-sao-1-891","tag-coronavoucher","tag-covid-19","tag-covid-19-no-brasil","tag-covid-19-brasil-tem-18-mortes-e-1-128-casos-confirmados","tag-destaque","tag-governadores-manterao-medidas-de-isolamento-social-contra-o-coronavirus","tag-isolamento-social","tag-ministerio-da-saude","tag-mortes-por-coronavirus-no-brasil","tag-mortes-por-coronavirus-sobem-para-57-no-brasil","tag-mortes-por-covid-19-no-brasil","tag-numero-de-casos-de-covid-19-confirmados-no-brasil","tag-pandemia","tag-pandemia-do-coronavirus","tag-quem-pode-receber-o-coronavoucher","tag-quem-recebera-o-coronavoucher","tag-senado","tag-senado-aprova-auxilio-emergencial-de-r-600-a-autonomos-e-informais","tag-valor-do-coronavoucher","tag-voucher-durante-pandemia-do-coronavirus"],"_links":{"self":[{"href":"https:\/\/aconteceunovale.com.br\/portal\/index.php?rest_route=\/wp\/v2\/posts\/160582","targetHints":{"allow":["GET"]}}],"collection":[{"href":"https:\/\/aconteceunovale.com.br\/portal\/index.php?rest_route=\/wp\/v2\/posts"}],"about":[{"href":"https:\/\/aconteceunovale.com.br\/portal\/index.php?rest_route=\/wp\/v2\/types\/post"}],"author":[{"embeddable":true,"href":"https:\/\/aconteceunovale.com.br\/portal\/index.php?rest_route=\/wp\/v2\/users\/1"}],"replies":[{"embeddable":true,"href":"https:\/\/aconteceunovale.com.br\/portal\/index.php?rest_route=%2Fwp%2Fv2%2Fcomments&post=160582"}],"version-history":[{"count":4,"href":"https:\/\/aconteceunovale.com.br\/portal\/index.php?rest_route=\/wp\/v2\/posts\/160582\/revisions"}],"predecessor-version":[{"id":160598,"href":"https:\/\/aconteceunovale.com.br\/portal\/index.php?rest_route=\/wp\/v2\/posts\/160582\/revisions\/160598"}],"wp:featuredmedia":[{"embeddable":true,"href":"https:\/\/aconteceunovale.com.br\/portal\/index.php?rest_route=\/wp\/v2\/media\/160580"}],"wp:attachment":[{"href":"https:\/\/aconteceunovale.com.br\/portal\/index.php?rest_route=%2Fwp%2Fv2%2Fmedia&parent=160582"}],"wp:term":[{"taxonomy":"category","embeddable":true,"href":"https:\/\/aconteceunovale.com.br\/portal\/index.php?rest_route=%2Fwp%2Fv2%2Fcategories&post=160582"},{"taxonomy":"post_tag","embeddable":true,"href":"https:\/\/aconteceunovale.com.br\/portal\/index.php?rest_route=%2Fwp%2Fv2%2Ftags&post=160582"}],"curies":[{"name":"wp","href":"https:\/\/api.w.org\/{rel}","templated":true}]}}