{"id":160517,"date":"2020-04-06T10:12:48","date_gmt":"2020-04-06T13:12:48","guid":{"rendered":"http:\/\/aconteceunovale.com.br\/portal\/?p=160517"},"modified":"2020-04-06T10:14:29","modified_gmt":"2020-04-06T13:14:29","slug":"ministerio-da-educacao-autoriza-antecipar-formatura-de-alunos-da-area-de-saude","status":"publish","type":"post","link":"https:\/\/aconteceunovale.com.br\/portal\/?p=160517","title":{"rendered":"Minist\u00e9rio da Educa\u00e7\u00e3o autoriza antecipar formatura de alunos da \u00e1rea de sa\u00fade"},"content":{"rendered":"\n<p>O Minist\u00e9rio da Educa\u00e7\u00e3o autorizou a formatura de alunos dos cursos de medicina, enfermagem, farm\u00e1cia e fisioterapia, exclusivamente para atua\u00e7\u00e3o desses profissionais nas a\u00e7\u00f5es de combate \u00e0 pandemia do novo coronav\u00edrus. A Portaria n\u00ba 374\/2020 foi publicada hoje (6) no&nbsp;<em><a href=\"http:\/\/www.in.gov.br\/en\/web\/dou\/-\/portaria-n-374-de-3-de-abril-de-2020-251289249\" target=\"_blank\" rel=\"noreferrer noopener\">Di\u00e1rio Oficial da Uni\u00e3o<\/a><\/em>.<\/p>\n\n\n\n<p>A medida vale para institui\u00e7\u00f5es federais de ensino e tem car\u00e1ter excepcional, enquanto durar a situa\u00e7\u00e3o de emerg\u00eancia de sa\u00fade p\u00fablica. Para antecipar a cola\u00e7\u00e3o de grau, os alunos precisam ter cumprido 75% da carga hor\u00e1ria prevista para o per\u00edodo de internato m\u00e9dico ou est\u00e1gio supervisionado.<\/p>\n\n\n\n<p>O internato m\u00e9dico \u00e9 o per\u00edodo de dois anos de est\u00e1gio curricular obrigat\u00f3rio para os estudantes de medicina. J\u00e1 o est\u00e1gio obrigat\u00f3rio supervisionado para os cursos de enfermagem, farm\u00e1cia e fisioterapia equivalente a 20% da carga hor\u00e1ria total do curso.<\/p>\n\n\n\n<p>A sele\u00e7\u00e3o e aloca\u00e7\u00e3o dos profissionais ser\u00e1 articulada com os \u00f3rg\u00e3os de sa\u00fade municipais, estaduais e distritais.<\/p>\n\n\n\n<p>De acordo com a portaria, a carga hor\u00e1ria dedicada pelos profissionais no esfor\u00e7o de conten\u00e7\u00e3o da pandemia dever\u00e1 ser computada pelas institui\u00e7\u00f5es de ensino para complementa\u00e7\u00e3o das horas devidas de est\u00e1gio obrigat\u00f3rio, para a obten\u00e7\u00e3o do registro profissional definitivo. A atua\u00e7\u00e3o dos profissionais tamb\u00e9m ser\u00e1 bonificada, uma \u00fanica vez, com o acr\u00e9scimo de 10% na nota final do processo de sele\u00e7\u00e3o p\u00fablica para o ingresso nos programas de resid\u00eancia.<\/p>\n\n\n\n<p>Na semana passada, o governo encaminhou ao Congresso a\u00a0Medida Provis\u00f3ria (MP) n\u00ba 934\/2020\u00a0que estabelece normas excepcionais sobre o ano letivo da educa\u00e7\u00e3o b\u00e1sica e do ensino superior. Nela est\u00e1 previsto que institui\u00e7\u00f5es de educa\u00e7\u00e3o superior poder\u00e3o abreviar a dura\u00e7\u00e3o desses cursos, desde que o aluno cumpra, no m\u00ednimo, 75% da carga hor\u00e1ria do internato do curso de medicina ou do est\u00e1gio curricular obrigat\u00f3rio dos cursos de enfermagem, farm\u00e1cia e fisioterapia.<\/p>\n\n\n\n<p class=\"has-background has-very-light-gray-background-color\">Quer saber as not\u00edcias do <strong>Aconteceu no Vale<\/strong> em primeira m\u00e3o? Siga-nos no Facebook <a rel=\"noreferrer noopener\" href=\"http:\/\/facebook.com\/aconteceunovale\" target=\"_blank\">@aconteceunovale<\/a>, Twitter <a rel=\"noreferrer noopener\" href=\"https:\/\/twitter.com\/noticiadosvales\" target=\"_blank\">@noticiadosvales<\/a> e Instagram <a rel=\"noreferrer noopener\" href=\"https:\/\/www.instagram.com\/aconteceunovale\" target=\"_blank\">@aconteceunovale<\/a>.<\/p>\n","protected":false},"excerpt":{"rendered":"<p>O Minist\u00e9rio da Educa\u00e7\u00e3o autorizou a formatura de alunos dos cursos de medicina, enfermagem, farm\u00e1cia e fisioterapia, exclusivamente para atua\u00e7\u00e3o desses profissionais nas a\u00e7\u00f5es de combate \u00e0 pandemia do novo coronav\u00edrus. A Portaria n\u00ba 374\/2020 foi publicada hoje (6) no&nbsp;Di\u00e1rio Oficial da Uni\u00e3o. A medida vale para institui\u00e7\u00f5es federais de ensino e tem car\u00e1ter excepcional, [&hellip;]<\/p>\n","protected":false},"author":1,"featured_media":113652,"comment_status":"open","ping_status":"closed","sticky":false,"template":"","format":"standard","meta":{"amp_status":"","footnotes":""},"categories":[6,40238,40242],"tags":[219052,219054,219055,1168,22390,219053],"class_list":["post-160517","post","type-post","status-publish","format-standard","has-post-thumbnail","hentry","category-br","category-educacao-2","category-saude-2","tag-formatura-antecipada-de-alunos-da-saude","tag-formatura-de-alunos-da-area-da-saude","tag-formatura-de-alunos-da-saude","tag-mec","tag-ministerio-da-educacao","tag-ministerio-da-educacao-autoriza-antecipar-formatura-de-alunos-da-area-de-saude"],"_links":{"self":[{"href":"https:\/\/aconteceunovale.com.br\/portal\/index.php?rest_route=\/wp\/v2\/posts\/160517","targetHints":{"allow":["GET"]}}],"collection":[{"href":"https:\/\/aconteceunovale.com.br\/portal\/index.php?rest_route=\/wp\/v2\/posts"}],"about":[{"href":"https:\/\/aconteceunovale.com.br\/portal\/index.php?rest_route=\/wp\/v2\/types\/post"}],"author":[{"embeddable":true,"href":"https:\/\/aconteceunovale.com.br\/portal\/index.php?rest_route=\/wp\/v2\/users\/1"}],"replies":[{"embeddable":true,"href":"https:\/\/aconteceunovale.com.br\/portal\/index.php?rest_route=%2Fwp%2Fv2%2Fcomments&post=160517"}],"version-history":[{"count":1,"href":"https:\/\/aconteceunovale.com.br\/portal\/index.php?rest_route=\/wp\/v2\/posts\/160517\/revisions"}],"predecessor-version":[{"id":160518,"href":"https:\/\/aconteceunovale.com.br\/portal\/index.php?rest_route=\/wp\/v2\/posts\/160517\/revisions\/160518"}],"wp:featuredmedia":[{"embeddable":true,"href":"https:\/\/aconteceunovale.com.br\/portal\/index.php?rest_route=\/wp\/v2\/media\/113652"}],"wp:attachment":[{"href":"https:\/\/aconteceunovale.com.br\/portal\/index.php?rest_route=%2Fwp%2Fv2%2Fmedia&parent=160517"}],"wp:term":[{"taxonomy":"category","embeddable":true,"href":"https:\/\/aconteceunovale.com.br\/portal\/index.php?rest_route=%2Fwp%2Fv2%2Fcategories&post=160517"},{"taxonomy":"post_tag","embeddable":true,"href":"https:\/\/aconteceunovale.com.br\/portal\/index.php?rest_route=%2Fwp%2Fv2%2Ftags&post=160517"}],"curies":[{"name":"wp","href":"https:\/\/api.w.org\/{rel}","templated":true}]}}