{"id":16051,"date":"2013-12-18T17:45:52","date_gmt":"2013-12-18T19:45:52","guid":{"rendered":"http:\/\/aconteceunovale.com.br\/portal\/?p=16051"},"modified":"2013-12-18T17:47:40","modified_gmt":"2013-12-18T19:47:40","slug":"chuvas-deixam-aracuai-em-alerta-maximo-e-familias-sao-removidas-de-suas-casas","status":"publish","type":"post","link":"https:\/\/aconteceunovale.com.br\/portal\/?p=16051","title":{"rendered":"Chuvas deixam Ara\u00e7uai em alerta m\u00e1ximo e fam\u00edlias s\u00e3o removidas de suas casas"},"content":{"rendered":"<p><em><strong>Comerciantes e prefeitura colocaram caminh\u00f5es e funcion\u00e1rios \u00e0 disposi\u00e7\u00e3o das fam\u00edlias para transportar as mudan\u00e7as.<\/strong><\/em><\/p>\n<p>Desde a manh\u00e3 desta quarta-feira (18) a cidade de Ara\u00e7ua\u00ed (MG) no Vale do Jequitinhonha, entrou em alerta m\u00e1ximo devido \u00e0s chuvas intensas que caem sobre a regi\u00e3o.<\/p>\n<p><strong>FOTOS:<\/strong><br \/>\n<em>(Fotos: Warley Alves)<\/em><br \/>\n<div id='gallery-1' class='gallery galleryid-16051 gallery-columns-5 gallery-size-thumbnail'><figure class='gallery-item'>\n\t\t\t<div class='gallery-icon landscape'>\n\t\t\t\t<a href='https:\/\/aconteceunovale.com.br\/portal\/wp-content\/uploads\/2013\/12\/aracuai_chuvas_preocupa_26.jpg'><img loading=\"lazy\" decoding=\"async\" width=\"150\" height=\"150\" src=\"https:\/\/aconteceunovale.com.br\/portal\/wp-content\/uploads\/2013\/12\/aracuai_chuvas_preocupa_26-150x150.jpg\" class=\"attachment-thumbnail size-thumbnail\" alt=\"\" \/><\/a>\n\t\t\t<\/div><\/figure><figure class='gallery-item'>\n\t\t\t<div class='gallery-icon landscape'>\n\t\t\t\t<a href='https:\/\/aconteceunovale.com.br\/portal\/wp-content\/uploads\/2013\/12\/aracuai_chuvas_preocupa_25.jpg'><img loading=\"lazy\" decoding=\"async\" width=\"150\" height=\"150\" src=\"https:\/\/aconteceunovale.com.br\/portal\/wp-content\/uploads\/2013\/12\/aracuai_chuvas_preocupa_25-150x150.jpg\" class=\"attachment-thumbnail size-thumbnail\" alt=\"\" \/><\/a>\n\t\t\t<\/div><\/figure><figure class='gallery-item'>\n\t\t\t<div class='gallery-icon landscape'>\n\t\t\t\t<a href='https:\/\/aconteceunovale.com.br\/portal\/wp-content\/uploads\/2013\/12\/aracuai_chuvas_preocupa_24.jpg'><img loading=\"lazy\" decoding=\"async\" width=\"150\" height=\"150\" src=\"https:\/\/aconteceunovale.com.br\/portal\/wp-content\/uploads\/2013\/12\/aracuai_chuvas_preocupa_24-150x150.jpg\" class=\"attachment-thumbnail size-thumbnail\" alt=\"\" \/><\/a>\n\t\t\t<\/div><\/figure><figure class='gallery-item'>\n\t\t\t<div class='gallery-icon landscape'>\n\t\t\t\t<a href='https:\/\/aconteceunovale.com.br\/portal\/wp-content\/uploads\/2013\/12\/aracuai_chuvas_preocupa_23.jpg'><img loading=\"lazy\" decoding=\"async\" width=\"150\" height=\"150\" src=\"https:\/\/aconteceunovale.com.br\/portal\/wp-content\/uploads\/2013\/12\/aracuai_chuvas_preocupa_23-150x150.jpg\" class=\"attachment-thumbnail size-thumbnail\" alt=\"\" \/><\/a>\n\t\t\t<\/div><\/figure><figure class='gallery-item'>\n\t\t\t<div class='gallery-icon landscape'>\n\t\t\t\t<a href='https:\/\/aconteceunovale.com.br\/portal\/wp-content\/uploads\/2013\/12\/aracuai_chuvas_preocupa_22.jpg'><img loading=\"lazy\" decoding=\"async\" width=\"150\" height=\"150\" src=\"https:\/\/aconteceunovale.com.br\/portal\/wp-content\/uploads\/2013\/12\/aracuai_chuvas_preocupa_22-150x150.jpg\" class=\"attachment-thumbnail size-thumbnail\" alt=\"\" \/><\/a>\n\t\t\t<\/div><\/figure>\n\t\t<\/div>\n<\/p>\n<p>Comerciantes, lojistas  e a prefeitura,  est\u00e3o disponibilizando ve\u00edculos para remover fam\u00edlias da parte  hist\u00f3rica, principalmente da Rua Gentil de Castro (Rua de Baixo). Elas correm o risco de serem surpreendidas pela cheia do rio Ara\u00e7ua\u00ed, que banha toda a regi\u00e3o conhecida como \u201cBaixada\u201d.<\/p>\n<p>O n\u00edvel da \u00e1gua do rio est\u00e1 subindo desse a tarde desta ter\u00e7a-feira (17\/12) e j\u00e1 invadiu os fundos de lojas e resid\u00eancias,  localizadas naquela regi\u00e3o da cidade.<\/p>\n<p>Pelo menos 20 fam\u00edlias j\u00e1 deixaram suas casas at\u00e9 o in\u00edcio desta tarde. Elas est\u00e3o sendo levadas para uma escola estadual no alto da cidade e para casa de parentes e amigos.<\/p>\n<p><strong>FOTOS:<\/strong><br \/>\n<em>(Fotos: Warley Alves)<\/em><br \/>\n<div id='gallery-2' class='gallery galleryid-16051 gallery-columns-5 gallery-size-thumbnail'><figure class='gallery-item'>\n\t\t\t<div class='gallery-icon landscape'>\n\t\t\t\t<a href='https:\/\/aconteceunovale.com.br\/portal\/wp-content\/uploads\/2013\/12\/aracuai_chuvas_preocupa_21.jpg'><img loading=\"lazy\" decoding=\"async\" width=\"150\" height=\"150\" src=\"https:\/\/aconteceunovale.com.br\/portal\/wp-content\/uploads\/2013\/12\/aracuai_chuvas_preocupa_21-150x150.jpg\" class=\"attachment-thumbnail size-thumbnail\" alt=\"\" \/><\/a>\n\t\t\t<\/div><\/figure><figure class='gallery-item'>\n\t\t\t<div class='gallery-icon landscape'>\n\t\t\t\t<a href='https:\/\/aconteceunovale.com.br\/portal\/wp-content\/uploads\/2013\/12\/aracuai_chuvas_preocupa_20.jpg'><img loading=\"lazy\" decoding=\"async\" width=\"150\" height=\"150\" src=\"https:\/\/aconteceunovale.com.br\/portal\/wp-content\/uploads\/2013\/12\/aracuai_chuvas_preocupa_20-150x150.jpg\" class=\"attachment-thumbnail size-thumbnail\" alt=\"\" \/><\/a>\n\t\t\t<\/div><\/figure><figure class='gallery-item'>\n\t\t\t<div class='gallery-icon landscape'>\n\t\t\t\t<a href='https:\/\/aconteceunovale.com.br\/portal\/wp-content\/uploads\/2013\/12\/aracuai_chuvas_preocupa_19.jpg'><img loading=\"lazy\" decoding=\"async\" width=\"150\" height=\"150\" src=\"https:\/\/aconteceunovale.com.br\/portal\/wp-content\/uploads\/2013\/12\/aracuai_chuvas_preocupa_19-150x150.jpg\" class=\"attachment-thumbnail size-thumbnail\" alt=\"\" \/><\/a>\n\t\t\t<\/div><\/figure><figure class='gallery-item'>\n\t\t\t<div class='gallery-icon landscape'>\n\t\t\t\t<a href='https:\/\/aconteceunovale.com.br\/portal\/wp-content\/uploads\/2013\/12\/aracuai_chuvas_preocupa_18.jpg'><img loading=\"lazy\" decoding=\"async\" width=\"150\" height=\"150\" src=\"https:\/\/aconteceunovale.com.br\/portal\/wp-content\/uploads\/2013\/12\/aracuai_chuvas_preocupa_18-150x150.jpg\" class=\"attachment-thumbnail size-thumbnail\" alt=\"\" \/><\/a>\n\t\t\t<\/div><\/figure><figure class='gallery-item'>\n\t\t\t<div class='gallery-icon landscape'>\n\t\t\t\t<a href='https:\/\/aconteceunovale.com.br\/portal\/wp-content\/uploads\/2013\/12\/aracuai_chuvas_preocupa_17.jpg'><img loading=\"lazy\" decoding=\"async\" width=\"150\" height=\"150\" src=\"https:\/\/aconteceunovale.com.br\/portal\/wp-content\/uploads\/2013\/12\/aracuai_chuvas_preocupa_17-150x150.jpg\" class=\"attachment-thumbnail size-thumbnail\" alt=\"\" \/><\/a>\n\t\t\t<\/div><\/figure>\n\t\t<\/div>\n<\/p>\n<p>O prefeito municipal, Armando Paix\u00e3o (PT) j\u00e1 visitou as \u00e1reas que est\u00e3o em situa\u00e7\u00e3o de risco.<\/p>\n<p>\u201cSe for necess\u00e1rio, vamos utilizar a \u00e1rea coberta do mercado municipal e o pr\u00e9dio do DER-Departamento Estadual de Estradas de Rodagem para abrigar as fam\u00edlias\u201d, afirmou Geraldo Silva, secret\u00e1rio municipal de Obras e Infraestrutura.<\/p>\n<p>O movimento de curiosos \u00e9 intenso nos locais onde a \u00e1gua j\u00e1 invadiu, principalmente na entrada do bairro Corredor, no centro da cidade, e na rua Gentil de Castro.<\/p>\n<p>A Pol\u00edcia Militar est\u00e1 isolando as margens do rio e fazendo o monitoramento da \u00e1rea para evitar poss\u00edveis saques.<\/p>\n<p><strong>FOTOS:<\/strong><br \/>\n<em>(Fotos: Warley Alves)<\/em><br \/>\n<div id='gallery-3' class='gallery galleryid-16051 gallery-columns-5 gallery-size-thumbnail'><figure class='gallery-item'>\n\t\t\t<div class='gallery-icon landscape'>\n\t\t\t\t<a href='https:\/\/aconteceunovale.com.br\/portal\/wp-content\/uploads\/2013\/12\/aracuai_chuvas_preocupa_16.jpg'><img loading=\"lazy\" decoding=\"async\" width=\"150\" height=\"150\" src=\"https:\/\/aconteceunovale.com.br\/portal\/wp-content\/uploads\/2013\/12\/aracuai_chuvas_preocupa_16-150x150.jpg\" class=\"attachment-thumbnail size-thumbnail\" alt=\"\" \/><\/a>\n\t\t\t<\/div><\/figure><figure class='gallery-item'>\n\t\t\t<div class='gallery-icon landscape'>\n\t\t\t\t<a href='https:\/\/aconteceunovale.com.br\/portal\/wp-content\/uploads\/2013\/12\/aracuai_chuvas_preocupa_15.jpg'><img loading=\"lazy\" decoding=\"async\" width=\"150\" height=\"150\" src=\"https:\/\/aconteceunovale.com.br\/portal\/wp-content\/uploads\/2013\/12\/aracuai_chuvas_preocupa_15-150x150.jpg\" class=\"attachment-thumbnail size-thumbnail\" alt=\"\" \/><\/a>\n\t\t\t<\/div><\/figure><figure class='gallery-item'>\n\t\t\t<div class='gallery-icon landscape'>\n\t\t\t\t<a href='https:\/\/aconteceunovale.com.br\/portal\/wp-content\/uploads\/2013\/12\/aracuai_chuvas_preocupa_14.jpg'><img loading=\"lazy\" decoding=\"async\" width=\"150\" height=\"150\" src=\"https:\/\/aconteceunovale.com.br\/portal\/wp-content\/uploads\/2013\/12\/aracuai_chuvas_preocupa_14-150x150.jpg\" class=\"attachment-thumbnail size-thumbnail\" alt=\"\" \/><\/a>\n\t\t\t<\/div><\/figure>\n\t\t<\/div>\n<\/p>\n<p>Moradores mais antigos ainda resistem deixar suas casas. \u201cIsto para n\u00f3s \u00e9 normal. Em per\u00edodos de muita chuva, as \u00e1guas invadem os quintais e at\u00e9 as casas. S\u00f3 sairemos em \u00faltimo caso\u201d, contou um morador da Baixada. No entanto, muitos, por precau\u00e7\u00e3o, j\u00e1 embalaram utens\u00edlios dom\u00e9sticos e objetos de maior valor. &#8220;Se subir mais do que o esperado, vamos sair&#8221;, afirmam.<\/p>\n<p>A \u00faltima grande enchente de Ara\u00e7ua\u00ed foi em 1979, quando toda a parte baixa da cidade ficou submersa  por mais de 15 dias.<\/p>\n<p>De acordo com a previs\u00e3o do tempo, vai chover na regi\u00e3o durante todo o final de semana.<\/p>\n<p>Via Gazeta de Ara\u00e7ua\u00ed, por S\u00e9rgio Vasconcelos<\/p>\n","protected":false},"excerpt":{"rendered":"<p>Comerciantes e prefeitura colocaram caminh\u00f5es e funcion\u00e1rios \u00e0 disposi\u00e7\u00e3o das fam\u00edlias para transportar as mudan\u00e7as. Desde a manh\u00e3 desta quarta-feira (18) a cidade de Ara\u00e7ua\u00ed (MG) no Vale do Jequitinhonha, entrou em alerta m\u00e1ximo devido \u00e0s chuvas intensas que caem sobre a regi\u00e3o. FOTOS: (Fotos: Warley Alves) Comerciantes, lojistas e a prefeitura, est\u00e3o disponibilizando ve\u00edculos [&hellip;]<\/p>\n","protected":false},"author":1,"featured_media":16052,"comment_status":"open","ping_status":"closed","sticky":false,"template":"","format":"standard","meta":{"amp_status":"","footnotes":""},"categories":[120],"tags":[186,1858,1859,1888],"class_list":["post-16051","post","type-post","status-publish","format-standard","has-post-thumbnail","hentry","category-jequi","tag-aracuai","tag-aracuai-no-vale-do-jequitinhonha","tag-chuvas-em-aracuai","tag-familias-desabrigadas-em-aracuai"],"_links":{"self":[{"href":"https:\/\/aconteceunovale.com.br\/portal\/index.php?rest_route=\/wp\/v2\/posts\/16051","targetHints":{"allow":["GET"]}}],"collection":[{"href":"https:\/\/aconteceunovale.com.br\/portal\/index.php?rest_route=\/wp\/v2\/posts"}],"about":[{"href":"https:\/\/aconteceunovale.com.br\/portal\/index.php?rest_route=\/wp\/v2\/types\/post"}],"author":[{"embeddable":true,"href":"https:\/\/aconteceunovale.com.br\/portal\/index.php?rest_route=\/wp\/v2\/users\/1"}],"replies":[{"embeddable":true,"href":"https:\/\/aconteceunovale.com.br\/portal\/index.php?rest_route=%2Fwp%2Fv2%2Fcomments&post=16051"}],"version-history":[{"count":0,"href":"https:\/\/aconteceunovale.com.br\/portal\/index.php?rest_route=\/wp\/v2\/posts\/16051\/revisions"}],"wp:featuredmedia":[{"embeddable":true,"href":"https:\/\/aconteceunovale.com.br\/portal\/index.php?rest_route=\/wp\/v2\/media\/16052"}],"wp:attachment":[{"href":"https:\/\/aconteceunovale.com.br\/portal\/index.php?rest_route=%2Fwp%2Fv2%2Fmedia&parent=16051"}],"wp:term":[{"taxonomy":"category","embeddable":true,"href":"https:\/\/aconteceunovale.com.br\/portal\/index.php?rest_route=%2Fwp%2Fv2%2Fcategories&post=16051"},{"taxonomy":"post_tag","embeddable":true,"href":"https:\/\/aconteceunovale.com.br\/portal\/index.php?rest_route=%2Fwp%2Fv2%2Ftags&post=16051"}],"curies":[{"name":"wp","href":"https:\/\/api.w.org\/{rel}","templated":true}]}}