{"id":16046,"date":"2013-12-18T17:30:33","date_gmt":"2013-12-18T19:30:33","guid":{"rendered":"http:\/\/aconteceunovale.com.br\/portal\/?p=16046"},"modified":"2013-12-18T17:30:33","modified_gmt":"2013-12-18T19:30:33","slug":"governador-valadares-mg-decreta-situacao-de-emergencia-apos-chuvas","status":"publish","type":"post","link":"https:\/\/aconteceunovale.com.br\/portal\/?p=16046","title":{"rendered":"Governador Valadares, MG, decreta situa\u00e7\u00e3o de emerg\u00eancia ap\u00f3s chuvas"},"content":{"rendered":"<p><em><strong>Segundo Prefeitura, temporal foi um dos piores da hist\u00f3ria da cidade.<br \/>\nAo todo, 250 pessoas est\u00e3o desalojadas nesta quarta-feira (18).<\/strong><\/em><\/p>\n<p><img decoding=\"async\" src=\"http:\/\/aconteceunovale.com.br\/portal\/wp-content\/uploads\/2013\/12\/valadares_emergencia_4.jpg\" alt=\"\" \/><br \/>\n<em>Prefeita Elisa Costa decretou situa\u00e7\u00e3o de emerg\u00eancia em Governador Valadares. (Foto: Diego Souza)<\/em><\/p>\n<p>A Prefeitura de Governador Valadares, no Leste de Minas Gerais, decretou situa\u00e7\u00e3o de emerg\u00eancia na cidade nesta quarta-feira (18), devido aos danos causados pelas fortes chuvas que atingem a regi\u00e3o desde a noite de segunda-feira (16).<\/p>\n<p>Segundo a Prefeitura estes seriam os piores temporais j\u00e1 registrados na hist\u00f3ria da cidade. Ao todo, 250 pessoas ficaram desalojadas, 1 casa caiu e 10 distritos apresentam problemas. V\u00e1rias ocorr\u00eancias entre desabamentos, alagamentos e quedas de \u00e1rvores foram registradas em Valadares na noite de ter\u00e7a.<\/p>\n<p>\u201cEstamos vendo um fato in\u00e9dito, uma situa\u00e7\u00e3o at\u00edpica. As chuvas est\u00e3o concentradas sobre a cidade de Valadares e regi\u00e3o. V\u00e1rios locais est\u00e3o travados, sem tr\u00e2nsito, onde as pessoas n\u00e3o t\u00eam como entrar ou sair. Pequenos c\u00f3rregos se transformaram em rios. Desta forma, estamos decretando situa\u00e7\u00e3o de emerg\u00eancia no munic\u00edpio\u201d, informou a prefeita Elisa Costa, durante coletiva de imprensa, na tarde desta quarta-feira.<\/p>\n<p>Durante a entrevista, a prefeita admitiu que a cidade n\u00e3o tem condi\u00e7\u00f5es de resolver todos os problemas de uma s\u00f3 vez e pediu ajuda \u00e0 popula\u00e7\u00e3o.<\/p>\n<p>\u201c\u00c9 preciso que fique claro, que n\u00e3o temos estrutura para resolver tudo que aconteceu na cidade nestes \u00faltimos dias. Precisamos de todo e qualquer tipo de ajuda. Precisamos tamb\u00e9m da compreens\u00e3o da popula\u00e7\u00e3o. A ajuda do munic\u00edpio ser\u00e1 priorizada onde a situa\u00e7\u00e3o for mais dif\u00edcil\u201d, declarou a prefeita.<\/p>\n<p>Segundo dados da Companhia Energ\u00e9tica de Minas Gerais (Cemig), nos \u00faltimos dois dias choveu 270 mil\u00edmetros em Governador Valadares, 67% acima da m\u00e9dia hist\u00f3rica prevista para todo o m\u00eas de dezembro. A m\u00e9dia s\u00e3o 161 mil\u00edmetros para todo o m\u00eas.<\/p>\n<p><img decoding=\"async\" src=\"http:\/\/aconteceunovale.com.br\/portal\/wp-content\/uploads\/2013\/12\/valadares_emergencia_3.jpg\" alt=\"\" \/><br \/>\n<em>No Bairro Porto das Canoas o cen\u00e1rio era semelhante a uma guerra devido aos estragos causados pelas chuvas. (Foto: Diego Souza\/G1)<\/em><\/p>\n<p>Via G1<\/p>\n","protected":false},"excerpt":{"rendered":"<p>Segundo Prefeitura, temporal foi um dos piores da hist\u00f3ria da cidade. Ao todo, 250 pessoas est\u00e3o desalojadas nesta quarta-feira (18). Prefeita Elisa Costa decretou situa\u00e7\u00e3o de emerg\u00eancia em Governador Valadares. (Foto: Diego Souza) A Prefeitura de Governador Valadares, no Leste de Minas Gerais, decretou situa\u00e7\u00e3o de emerg\u00eancia na cidade nesta quarta-feira (18), devido aos danos [&hellip;]<\/p>\n","protected":false},"author":1,"featured_media":16047,"comment_status":"open","ping_status":"closed","sticky":false,"template":"","format":"standard","meta":{"amp_status":"","footnotes":""},"categories":[121],"tags":[347,1886,247,1887,1866,131],"class_list":["post-16046","post","type-post","status-publish","format-standard","has-post-thumbnail","hentry","category-leste","tag-cemig","tag-elisa-costa","tag-governador-valadares","tag-governador-valadares-decreta-situacao-de-emergencia","tag-governador-valadares-no-vale-do-rio-doce","tag-minas-gerais"],"_links":{"self":[{"href":"https:\/\/aconteceunovale.com.br\/portal\/index.php?rest_route=\/wp\/v2\/posts\/16046","targetHints":{"allow":["GET"]}}],"collection":[{"href":"https:\/\/aconteceunovale.com.br\/portal\/index.php?rest_route=\/wp\/v2\/posts"}],"about":[{"href":"https:\/\/aconteceunovale.com.br\/portal\/index.php?rest_route=\/wp\/v2\/types\/post"}],"author":[{"embeddable":true,"href":"https:\/\/aconteceunovale.com.br\/portal\/index.php?rest_route=\/wp\/v2\/users\/1"}],"replies":[{"embeddable":true,"href":"https:\/\/aconteceunovale.com.br\/portal\/index.php?rest_route=%2Fwp%2Fv2%2Fcomments&post=16046"}],"version-history":[{"count":0,"href":"https:\/\/aconteceunovale.com.br\/portal\/index.php?rest_route=\/wp\/v2\/posts\/16046\/revisions"}],"wp:featuredmedia":[{"embeddable":true,"href":"https:\/\/aconteceunovale.com.br\/portal\/index.php?rest_route=\/wp\/v2\/media\/16047"}],"wp:attachment":[{"href":"https:\/\/aconteceunovale.com.br\/portal\/index.php?rest_route=%2Fwp%2Fv2%2Fmedia&parent=16046"}],"wp:term":[{"taxonomy":"category","embeddable":true,"href":"https:\/\/aconteceunovale.com.br\/portal\/index.php?rest_route=%2Fwp%2Fv2%2Fcategories&post=16046"},{"taxonomy":"post_tag","embeddable":true,"href":"https:\/\/aconteceunovale.com.br\/portal\/index.php?rest_route=%2Fwp%2Fv2%2Ftags&post=16046"}],"curies":[{"name":"wp","href":"https:\/\/api.w.org\/{rel}","templated":true}]}}