{"id":160334,"date":"2020-04-02T15:07:40","date_gmt":"2020-04-02T18:07:40","guid":{"rendered":"http:\/\/aconteceunovale.com.br\/portal\/?p=160334"},"modified":"2020-04-02T15:09:37","modified_gmt":"2020-04-02T18:09:37","slug":"proposicoes-sobre-combate-ao-coronavirus-em-minas-gerais-sao-sancionadas","status":"publish","type":"post","link":"https:\/\/aconteceunovale.com.br\/portal\/?p=160334","title":{"rendered":"Proposi\u00e7\u00f5es sobre combate ao coronav\u00edrus em Minas Gerais s\u00e3o sancionadas"},"content":{"rendered":"\n<p>A Assembleia Legislativa de Minas Gerais (ALMG) recebeu, nesta quinta-feira (2\/4\/20), o\u00a0governador do Estado, Romeu Zema, em uma Reuni\u00e3o Especial de Plen\u00e1rio, para a\u00a0san\u00e7\u00e3o de seis proposi\u00e7\u00f5es de lei, oriundas de projetos relacionados ao\u00a0combate ao coronav\u00edrus\u00a0que foram aprovados de forma remota nesta semana.<\/p>\n\n\n\n<p>Uma delas \u00e9 a Proposi\u00e7\u00e3o de Lei 24.585 que cria o Programa de Enfrentamento dos Efeitos da Pandemia de Covid-19 e prev\u00ea\u00a0aporte de cerca de R$ 300 milh\u00f5es para o combate ao v\u00edrus.<\/p>\n\n\n\n<p>A proposi\u00e7\u00e3o, oriunda do\u00a0<a href=\"https:\/\/www.almg.gov.br\/atividade_parlamentar\/tramitacao_projetos\/interna.html?a=2020&amp;n=1750&amp;t=PL\" target=\"_blank\" rel=\"noreferrer noopener\">Projeto de Lei (PL) 1.750\/20<\/a>, do governador, determina a abertura de cr\u00e9dito especial no valor de at\u00e9 R$ 260,4 milh\u00f5es ao\u00a0<a href=\"https:\/\/www.almg.gov.br\/acompanhe\/planejamento_orcamento_publico\/loa\/index.html\" target=\"_blank\" rel=\"noreferrer noopener\">Or\u00e7amento Fiscal do Estado<\/a>. Al\u00e9m disso, tamb\u00e9m permite que os deputados remanejem para a mesma finalidade at\u00e9 20% de recursos de emendas parlamentares destinadas a outras \u00e1reas, o que ampliar\u00e1 o total de recursos.<\/p>\n\n\n\n<p>Tamb\u00e9m foram sancionadas as seguintes proposi\u00e7\u00f5es:<\/p>\n\n\n\n<ul class=\"wp-block-list\"><li>Proposi\u00e7\u00e3o de Lei 24.584, oriunda do\u00a0<a href=\"https:\/\/www.almg.gov.br\/atividade_parlamentar\/tramitacao_projetos\/interna.html?a=2020&amp;n=1725&amp;t=PL\" target=\"_blank\" rel=\"noreferrer noopener\">PL 1.725\/20<\/a>, do governador, que autoriza o Estado a\u00a0contratar profissionais para combater a pandemia, enquanto durar o estado de calamidade p\u00fablica decorrente da Covid-19;<\/li><\/ul>\n\n\n\n<ul class=\"wp-block-list\"><li>Proposi\u00e7\u00e3o de Lei 24.586, que teve origem no\u00a0<a rel=\"noreferrer noopener\" href=\"https:\/\/www.almg.gov.br\/atividade_parlamentar\/tramitacao_projetos\/interna.html?a=2020&amp;n=1777&amp;t=PL\" target=\"_blank\">PL 1.777\/20<\/a>, de autoria coletiva de deputados,que disp\u00f5e sobre a\u00a0ado\u00e7\u00e3o de medidas para o enfrentamento do estado de calamidade p\u00fablica, decorrente da pandemia. O texto regulamenta a\u00e7\u00f5es na \u00e1rea da sa\u00fade, medidas administrativas, a\u00e7\u00f5es de suporte \u00e0 atividade econ\u00f4mica, prote\u00e7\u00e3o aos consumidores e a grupos sociais mais vulner\u00e1veis. O projeto estabelece, ainda, procedimentos, diretrizes e obriga\u00e7\u00f5es a serem observadas pelo Estado e pela sociedade durante a vig\u00eancia do estado de calamidade p\u00fablica;<\/li><\/ul>\n\n\n\n<ul class=\"wp-block-list\"><li>Proposi\u00e7\u00e3o de Lei Complementar 161, proveniente do\u00a0<a href=\"https:\/\/www.almg.gov.br\/atividade_parlamentar\/tramitacao_projetos\/interna.html?a=2020&amp;n=38&amp;t=PLC\" target=\"_blank\" rel=\"noreferrer noopener\">PLC 38\/20<\/a>, do governador, que altera a\u00a0<a href=\"https:\/\/www.almg.gov.br\/consulte\/legislacao\/completa\/completa-nova-min.html?tipo=LEI&amp;num=5301&amp;comp=&amp;ano=1969&amp;texto=consolidado#texto\" target=\"_blank\" rel=\"noreferrer noopener\">Lei 5.301, de 1969<\/a>, que cont\u00e9m o Estatuto dos Militares do Estado, prevendo que o Estado poder\u00e1 contar com a\u00a0ajuda extraordin\u00e1ria dos militares da reserva\u00a0para atuar no combate \u00e0 pandemia;<\/li><\/ul>\n\n\n\n<ul class=\"wp-block-list\"><li>Proposi\u00e7\u00e3o de Lei 24.582, oriunda do\u00a0<a href=\"https:\/\/www.almg.gov.br\/atividade_parlamentar\/tramitacao_projetos\/interna.html?a=2020&amp;n=1751&amp;t=PL\" target=\"_blank\" rel=\"noreferrer noopener\">PL 1.751\/20<\/a>, do governador, que autoriza o Poder Executivo a\u00a0suspender e prorrogar prazos\u00a0estabelecidos para o sujeito passivo ou para o interessado no \u00e2mbito\u00a0dos processos e dos procedimentos tribut\u00e1rios administrativos, enquanto durar a situa\u00e7\u00e3o de emerg\u00eancia ou de calamidade p\u00fablica decorrente da pandemia do coronav\u00edrus;<\/li><\/ul>\n\n\n\n<ul class=\"wp-block-list\"><li>Proposi\u00e7\u00e3o de Lei 24.583, proveniente do\u00a0<a href=\"https:\/\/www.almg.gov.br\/atividade_parlamentar\/tramitacao_projetos\/interna.html?a=2020&amp;n=1752&amp;t=PL\" target=\"_blank\" rel=\"noreferrer noopener\">PL 1.752\/20<\/a>, do governador, que altera o artigo 60 da\u00a0<a href=\"https:\/\/www.almg.gov.br\/consulte\/legislacao\/completa\/completa.html?tipo=LEI&amp;num=14184&amp;comp=&amp;ano=2002\" target=\"_blank\" rel=\"noreferrer noopener\">Lei 14.184, de 2002<\/a>, e trata da\u00a0suspens\u00e3o de processos administrativos\u00a0no \u00e2mbito da administra\u00e7\u00e3o p\u00fablica estadual.<\/li><\/ul>\n\n\n\n<p><strong>Presidente da ALMG e governador destacam atua\u00e7\u00e3o conjunta entre os Poderes<\/strong><\/p>\n\n\n\n<p>O presidente da ALMG, deputado Agostinho Patrus (PV), destacou que em cerca de dez dias as proposi\u00e7\u00f5es para combate ao coronav\u00edrus foram aprovadas e sancionadas, demonstrando a uni\u00e3o do Executivo e do Legislativo para enfrentamento da crise. Segundo o deputado, esse \u00e9 um\u00a0exemplo positivo\u00a0para o Pa\u00eds.<\/p>\n\n\n\n<p>\u201cA ALMG, se n\u00e3o \u00e9 a \u00fanica, \u00e9 a que mais aprovou projetos desde que a pandemia do coronav\u00edrus se instalou\u201d, enfatizou.<\/p>\n\n\n\n<p>Romeu Zema destacou a sensibilidade dos deputados ao votaram os projetos referentes ao combate\u00a0\u00e0 Covid-19 em\u00a0regime de urg\u00eancia e de forma extraordin\u00e1ria.<\/p>\n\n\n\n<p>Ele enfatizou a gravidade da situa\u00e7\u00e3o causada pelo v\u00edrus n\u00e3o s\u00f3 em Minas, mas tamb\u00e9m no Brasil e no mundo.<\/p>\n\n\n\n<p>\u201cMinas agiu rapidamente nos \u00faltimos dias. Dados demonstram que o avan\u00e7o de novos casos tende a n\u00e3o ter um crescimento vertiginoso como acontece em alguns estados do Pa\u00eds e outros pa\u00edses\u201d, salientou.<\/p>\n\n\n\n<p>Zema acrescentou que o Estado est\u00e1 se preparando para lidar com o pior, caso chegue a essa situa\u00e7\u00e3o, com a implementa\u00e7\u00e3o de um hospital de campanha no Expominas com 800 leitos, al\u00e9m de outros no interior.<\/p>\n\n\n\n<p><strong>Reuni\u00e3o<\/strong>\u00a0\u2013 A presen\u00e7a na Reuni\u00e3o Especial foi restrita, conforme procedimentos definidos pela\u00a0<a href=\"https:\/\/www.almg.gov.br\/consulte\/legislacao\/completa\/completa.html?tipo=DLB&amp;num=2737&amp;comp=&amp;ano=2020\" target=\"_blank\" rel=\"noreferrer noopener\">Delibera\u00e7\u00e3o da Mesa 2.737, de 2020<\/a>.<\/p>\n\n\n\n<p>Essas regras autorizam o uso de recursos tecnol\u00f3gicos que viabilizem a atua\u00e7\u00e3o legislativa sem que os parlamentares tenham que estar presentes fisicamente na sede do Poder Legislativo.<\/p>\n\n\n\n<p>O objetivo \u00e9 que a aprecia\u00e7\u00e3o de medidas urgentes seja viabilizada, mantendo o isolamento social recomendado pelas autoridades sanit\u00e1rias para conter o avan\u00e7o do v\u00edrus.<\/p>\n\n\n\n<p class=\"has-background has-very-light-gray-background-color\">Quer saber as not\u00edcias do <strong>Aconteceu no Vale<\/strong> em primeira m\u00e3o? Siga-nos no Facebook <a rel=\"noreferrer noopener\" href=\"http:\/\/facebook.com\/aconteceunovale\" target=\"_blank\">@aconteceunovale<\/a>, Twitter <a rel=\"noreferrer noopener\" href=\"https:\/\/twitter.com\/noticiadosvales\" target=\"_blank\">@noticiadosvales<\/a> e Instagram <a rel=\"noreferrer noopener\" href=\"https:\/\/www.instagram.com\/aconteceunovale\" target=\"_blank\">@aconteceunovale<\/a>.<\/p>\n","protected":false},"excerpt":{"rendered":"<p>A Assembleia Legislativa de Minas Gerais (ALMG) recebeu, nesta quinta-feira (2\/4\/20), o\u00a0governador do Estado, Romeu Zema, em uma Reuni\u00e3o Especial de Plen\u00e1rio, para a\u00a0san\u00e7\u00e3o de seis proposi\u00e7\u00f5es de lei, oriundas de projetos relacionados ao\u00a0combate ao coronav\u00edrus\u00a0que foram aprovados de forma remota nesta semana. Uma delas \u00e9 a Proposi\u00e7\u00e3o de Lei 24.585 que cria o Programa [&hellip;]<\/p>\n","protected":false},"author":1,"featured_media":160335,"comment_status":"open","ping_status":"closed","sticky":false,"template":"","format":"standard","meta":{"amp_status":"","footnotes":""},"categories":[123,40240],"tags":[2327,752,24358,218789,214884,217542,216498,217739,184213,218788,178207],"class_list":["post-160334","post","type-post","status-publish","format-standard","has-post-thumbnail","hentry","category-gerais","category-politica-2","tag-agostinho-patrus","tag-almg","tag-assembleia-legislativa-de-minas-gerais","tag-combate-ao-coronavirus-em-minas-gerais","tag-coronavirus","tag-coronavirus-em-minas-gerais","tag-covid-19","tag-covid-19-em-minas-gerais","tag-governador-romeu-zema","tag-proposicoes-sobre-combate-ao-coronavirus-em-minas-gerais-sao-sancionadas","tag-romeu-zema"],"_links":{"self":[{"href":"https:\/\/aconteceunovale.com.br\/portal\/index.php?rest_route=\/wp\/v2\/posts\/160334","targetHints":{"allow":["GET"]}}],"collection":[{"href":"https:\/\/aconteceunovale.com.br\/portal\/index.php?rest_route=\/wp\/v2\/posts"}],"about":[{"href":"https:\/\/aconteceunovale.com.br\/portal\/index.php?rest_route=\/wp\/v2\/types\/post"}],"author":[{"embeddable":true,"href":"https:\/\/aconteceunovale.com.br\/portal\/index.php?rest_route=\/wp\/v2\/users\/1"}],"replies":[{"embeddable":true,"href":"https:\/\/aconteceunovale.com.br\/portal\/index.php?rest_route=%2Fwp%2Fv2%2Fcomments&post=160334"}],"version-history":[{"count":1,"href":"https:\/\/aconteceunovale.com.br\/portal\/index.php?rest_route=\/wp\/v2\/posts\/160334\/revisions"}],"predecessor-version":[{"id":160336,"href":"https:\/\/aconteceunovale.com.br\/portal\/index.php?rest_route=\/wp\/v2\/posts\/160334\/revisions\/160336"}],"wp:featuredmedia":[{"embeddable":true,"href":"https:\/\/aconteceunovale.com.br\/portal\/index.php?rest_route=\/wp\/v2\/media\/160335"}],"wp:attachment":[{"href":"https:\/\/aconteceunovale.com.br\/portal\/index.php?rest_route=%2Fwp%2Fv2%2Fmedia&parent=160334"}],"wp:term":[{"taxonomy":"category","embeddable":true,"href":"https:\/\/aconteceunovale.com.br\/portal\/index.php?rest_route=%2Fwp%2Fv2%2Fcategories&post=160334"},{"taxonomy":"post_tag","embeddable":true,"href":"https:\/\/aconteceunovale.com.br\/portal\/index.php?rest_route=%2Fwp%2Fv2%2Ftags&post=160334"}],"curies":[{"name":"wp","href":"https:\/\/api.w.org\/{rel}","templated":true}]}}