{"id":160318,"date":"2020-04-02T13:34:23","date_gmt":"2020-04-02T16:34:23","guid":{"rendered":"http:\/\/aconteceunovale.com.br\/portal\/?p=160318"},"modified":"2020-04-02T13:35:11","modified_gmt":"2020-04-02T16:35:11","slug":"vale-eleva-grau-de-emergencia-de-barragem-em-minas","status":"publish","type":"post","link":"https:\/\/aconteceunovale.com.br\/portal\/?p=160318","title":{"rendered":"Vale eleva grau de emerg\u00eancia de barragem em Minas"},"content":{"rendered":"\n<p>Sessenta e uma fam\u00edlias que vivem na \u00e1rea de influ\u00eancia direta da Barragem do Doutor, da mina Timbopeba, em Ouro Preto (MG), ter\u00e3o que deixar suas casas ap\u00f3s a mineradora Vale, dona do empreendimento, constatar mudan\u00e7as na condi\u00e7\u00e3o de seguran\u00e7a da estrutura e elevar de 1 para 2 o n\u00edvel de emerg\u00eancia local. A barragem fica a cerca de 40 quil\u00f4metros do centro da cidade.<\/p>\n\n\n\n<p>Segundo a Defesa Civil de Minas Gerais, as moradias e ocupa\u00e7\u00f5es existentes que possam ser diretamente atingidas por um eventual acidente ter\u00e3o que ser desocupadas ainda este m\u00eas. Para o tenente-coronel Fl\u00e1vio Godinho, a mudan\u00e7a do n\u00edvel de seguran\u00e7a da barragem \u00e9 preventiva e atende ao que prescreve a legisla\u00e7\u00e3o, mas n\u00e3o h\u00e1 risco iminente de rompimento da estrutura e, neste primeiro momento, a popula\u00e7\u00e3o pode ficar tranquila, disse.<\/p>\n\n\n\n<p>\u201cA Ag\u00eancia Nacional de Minera\u00e7\u00e3o prescreve a evacua\u00e7\u00e3o em n\u00edvel 3 de emerg\u00eancia, mas aqui, em Minas Gerais, n\u00f3s evacuamos a \u00e1rea assim que os empreendedores acionam o n\u00edvel 2. Isto \u00e9 feito para que possamos agir com tranquilidade, sem alarmar a popula\u00e7\u00e3o e sem coloc\u00e1-la em perigo\u201d, explicou o tenente-coronel \u00e0\u00a0Ag\u00eancia Brasil, garantindo que a barragem continuar\u00e1 sendo monitorada 24 horas por dia. \u201cAs medidas ser\u00e3o ajustadas se houver qualquer altera\u00e7\u00e3o que exija outras a\u00e7\u00f5es.\u201d<\/p>\n\n\n\n<h2 class=\"wp-block-heading\">Fam\u00edlias v\u00e3o para hot\u00e9is<\/h2>\n\n\n\n<p>As pessoas desalojadas ser\u00e3o levadas para hot\u00e9is da regi\u00e3o e ter\u00e3o suas despesas pagas pela Vale. Em nota, a mineradora informou que \u00e9 respons\u00e1vel por outras oito barragens mineiras, al\u00e9m da Doutor, que inspiram aten\u00e7\u00e3o.&nbsp;<\/p>\n\n\n\n<p>Quatro delas est\u00e3o no n\u00edvel 3 do Plano de A\u00e7\u00e3o de Emerg\u00eancias para Barragens de Minera\u00e7\u00e3o. S\u00e3o elas, as barragens Forquilha 1 e Forquilha 3, do Complexo F\u00e1brica, tamb\u00e9m em Ouro Preto; B3\/B4, na Mina Mar Azul, em Nova Lima, e a barragem Sul Superior, da Mina Gongo Soco, em Bar\u00e3o de Cocais.<\/p>\n\n\n\n<p>As outras quatro barragens com Declara\u00e7\u00e3o de Estabilidade negativa emitida pela pr\u00f3pria Vale est\u00e3o no n\u00edvel 2 do plano de a\u00e7\u00e3o emergencial. S\u00e3o elas, Capit\u00e3o do Mato, na mina de mesmo nome, em Nova Lima; as barragens Forquilha 2 e Grupo, do Complexo F\u00e1brica, em Ouro Preto, e a Sul Inferior, na Mina Gongo Soco, em Bar\u00e3o de Cocais.<\/p>\n\n\n\n<p>Em nota, a Vale informou hoje que as pessoas que viviam ou trabalhavam na jusante, ou seja, abaixo destas oito estruturas, j\u00e1 foram evacuadas. E que o plano de evacua\u00e7\u00e3o da chamada Zona de Autossalvamento da Barragem do Doutor j\u00e1 tinha sido iniciado em fevereiro deste ano, com a remo\u00e7\u00e3o das primeiras onze fam\u00edlias que foram acomodadas em hot\u00e9is ou moradias provis\u00f3rias disponibilizadas pela empresa.<\/p>\n\n\n\n<p>\u201cNesta quarta-feira (1), a Vale acionou o n\u00edvel 2 do Plano de A\u00e7\u00e3o de Emerg\u00eancia de Barragens de Minera\u00e7\u00e3o para a barragem Doutor, em Ouro Preto\u201d, enfatiza a mineradora.<\/p>\n\n\n\n<p>\u201cA medida \u00e9 preventiva e ocorre em fun\u00e7\u00e3o da ado\u00e7\u00e3o de crit\u00e9rios mais conservadores para determinar a condi\u00e7\u00e3o de seguran\u00e7a da estrutura. \u00c9 importante destacar que n\u00e3o houve altera\u00e7\u00f5es f\u00edsicas na barragem. E que a eleva\u00e7\u00e3o do n\u00edvel n\u00e3o interfere no processo de remo\u00e7\u00e3o das fam\u00edlias da Zona de Autossalvamento [\u2026], cujo cronograma segue at\u00e9 o final de abril, cumprindo os protocolos de sa\u00fade e seguran\u00e7a recomendados diante do quadro de pandemia do novo coronav\u00edrus (Covid-19)\u201d, acrescenta a empresa, lembrando que a opera\u00e7\u00e3o de remo\u00e7\u00e3o \u00e9 conduzida pelos \u00f3rg\u00e3os de Defesa Civil do estado e munic\u00edpio.<\/p>\n\n\n\n<p class=\"has-background has-very-light-gray-background-color\">Quer saber as not\u00edcias do <strong>Aconteceu no Vale<\/strong> em primeira m\u00e3o? Siga-nos no Facebook <a rel=\"noreferrer noopener\" href=\"http:\/\/facebook.com\/aconteceunovale\" target=\"_blank\">@aconteceunovale<\/a>, Twitter <a rel=\"noreferrer noopener\" href=\"https:\/\/twitter.com\/noticiadosvales\" target=\"_blank\">@noticiadosvales<\/a> e Instagram <a rel=\"noreferrer noopener\" href=\"https:\/\/www.instagram.com\/aconteceunovale\" target=\"_blank\">@aconteceunovale<\/a>.<\/p>\n","protected":false},"excerpt":{"rendered":"<p>Sessenta e uma fam\u00edlias que vivem na \u00e1rea de influ\u00eancia direta da Barragem do Doutor, da mina Timbopeba, em Ouro Preto (MG), ter\u00e3o que deixar suas casas ap\u00f3s a mineradora Vale, dona do empreendimento, constatar mudan\u00e7as na condi\u00e7\u00e3o de seguran\u00e7a da estrutura e elevar de 1 para 2 o n\u00edvel de emerg\u00eancia local. A barragem [&hellip;]<\/p>\n","protected":false},"author":1,"featured_media":160319,"comment_status":"open","ping_status":"closed","sticky":false,"template":"","format":"standard","meta":{"amp_status":"","footnotes":""},"categories":[123],"tags":[218755,218756,218757,218763,218761,218762,1018,218760,209473,218754,218759,142718,211,218753,218758,2910,218752],"class_list":["post-160318","post","type-post","status-publish","format-standard","has-post-thumbnail","hentry","category-gerais","tag-barragem-do-doutor","tag-barragem-do-doutor-da-vale","tag-barragem-do-doutor-em-ouro-preto","tag-barragem-em-ouro-preto","tag-barragem-mina-timbopeba","tag-barragem-ouro-preto","tag-destaque","tag-emergencia-barragem-do-doutor","tag-emergencia-em-barragem-de-ouro-preto","tag-grau-de-emergencia-da-barragem-do-doutor","tag-mina-timbopeba","tag-mineradora-vale","tag-ouro-preto","tag-remocao-de-familias-barragem-do-doutor","tag-timbopeba","tag-vale","tag-vale-eleva-grau-de-emergencia-de-barragem-em-minas"],"_links":{"self":[{"href":"https:\/\/aconteceunovale.com.br\/portal\/index.php?rest_route=\/wp\/v2\/posts\/160318","targetHints":{"allow":["GET"]}}],"collection":[{"href":"https:\/\/aconteceunovale.com.br\/portal\/index.php?rest_route=\/wp\/v2\/posts"}],"about":[{"href":"https:\/\/aconteceunovale.com.br\/portal\/index.php?rest_route=\/wp\/v2\/types\/post"}],"author":[{"embeddable":true,"href":"https:\/\/aconteceunovale.com.br\/portal\/index.php?rest_route=\/wp\/v2\/users\/1"}],"replies":[{"embeddable":true,"href":"https:\/\/aconteceunovale.com.br\/portal\/index.php?rest_route=%2Fwp%2Fv2%2Fcomments&post=160318"}],"version-history":[{"count":1,"href":"https:\/\/aconteceunovale.com.br\/portal\/index.php?rest_route=\/wp\/v2\/posts\/160318\/revisions"}],"predecessor-version":[{"id":160320,"href":"https:\/\/aconteceunovale.com.br\/portal\/index.php?rest_route=\/wp\/v2\/posts\/160318\/revisions\/160320"}],"wp:featuredmedia":[{"embeddable":true,"href":"https:\/\/aconteceunovale.com.br\/portal\/index.php?rest_route=\/wp\/v2\/media\/160319"}],"wp:attachment":[{"href":"https:\/\/aconteceunovale.com.br\/portal\/index.php?rest_route=%2Fwp%2Fv2%2Fmedia&parent=160318"}],"wp:term":[{"taxonomy":"category","embeddable":true,"href":"https:\/\/aconteceunovale.com.br\/portal\/index.php?rest_route=%2Fwp%2Fv2%2Fcategories&post=160318"},{"taxonomy":"post_tag","embeddable":true,"href":"https:\/\/aconteceunovale.com.br\/portal\/index.php?rest_route=%2Fwp%2Fv2%2Ftags&post=160318"}],"curies":[{"name":"wp","href":"https:\/\/api.w.org\/{rel}","templated":true}]}}