{"id":160315,"date":"2020-04-02T13:20:39","date_gmt":"2020-04-02T16:20:39","guid":{"rendered":"http:\/\/aconteceunovale.com.br\/portal\/?p=160315"},"modified":"2020-04-02T13:21:38","modified_gmt":"2020-04-02T16:21:38","slug":"redes-sociais-sao-aliadas-de-agricultores-familiares-de-minas-gerais-para-venda-de-produtos","status":"publish","type":"post","link":"https:\/\/aconteceunovale.com.br\/portal\/?p=160315","title":{"rendered":"Redes sociais s\u00e3o aliadas de agricultores familiares de Minas Gerais para venda de produtos"},"content":{"rendered":"\n<p>As redes sociais se tornaram grandes aliadas dos agricultores familiares para divulga\u00e7\u00e3o e venda dos produtos, ap\u00f3s o avan\u00e7o do coronav\u00edrus (Covid-19)&nbsp;no pa\u00eds. Eles est\u00e3o se adaptando \u00e0 nova realidade para, al\u00e9m de cuidar da sa\u00fade, evitar preju\u00edzos em suas atividades. Um exemplo vem de Vi\u00e7osa, na Zona da Mata mineira. A feira Quintal Solid\u00e1rio, que conta com a participa\u00e7\u00e3o de 30 produtores, foi suspensa para evitar aglomera\u00e7\u00f5es. A feira era realizada uma vez por semana e tinha fluxo de 500 pessoas a cada edi\u00e7\u00e3o, entre consumidores e expositores de hortifrutigranjeiros, da agroind\u00fastria familiar e de artesanato.<\/p>\n\n\n\n<p>\u201cLevando em considera\u00e7\u00e3o as recomenda\u00e7\u00f5es para manter o distanciamento entre pessoas e evitar aglomera\u00e7\u00f5es para garantir a seguran\u00e7a dos expositores e consumidores, vimos que seria dif\u00edcil manter o Quintal Solid\u00e1rio. Mas muitos agricultores vivem gra\u00e7as ao rendimento nas feiras. Ent\u00e3o, constru\u00edmos uma estrat\u00e9gia para criar o Quintal Solid\u00e1rio virtual\u201d, explica a professora do departamento de Nutri\u00e7\u00e3o e Sa\u00fade da Universidade Federal de Vi\u00e7osa (UFV), S\u00edlvia Eloiza Priore, coordenadora de feira.&nbsp;<\/p>\n\n\n\n<p>Os agricultores providenciaram fotos de seus produtos, al\u00e9m de informa\u00e7\u00f5es de pre\u00e7os e contatos para que os organizadores da feira pudessem fazer postagens nas redes sociais. As vendas passaram a ser feitas por encomenda, com entrega na casa dos consumidores.<\/p>\n\n\n\n<p>O produtor V\u00edtor Gomide aderiu \u00e0 divulga\u00e7\u00e3o pelas redes sociais para entrega direta ao cliente. Acostumado a vender queijos e outros produtos l\u00e1cteos em feiras e supermercados, ele viu a comercializa\u00e7\u00e3o reduzir ap\u00f3s a recomenda\u00e7\u00e3o de isolamento social e do fechamento de alguns pontos de venda. Al\u00e9m da divulga\u00e7\u00e3o pelas redes sociais do Quintal Solid\u00e1rio, o feirante tamb\u00e9m criou uma conta pr\u00f3pria no Instagram.&nbsp;<\/p>\n\n\n\n<p>A fabrica\u00e7\u00e3o dos produtos l\u00e1cteos \u00e9 feita pela manh\u00e3, com a ajuda da m\u00e3e. Durante a tarde, V\u00edtor sai para fazer as entregas e conta que ainda est\u00e1 se adaptando ao novo modelo de venda. \u201cFoi uma alternativa que encontramos para amenizar a situa\u00e7\u00e3o, mas o resultado est\u00e1 at\u00e9 surpreendendo. Por enquanto, n\u00e3o cobramos taxa de entrega e muitos consumidores est\u00e3o pedindo que a gente continue com as entregas mesmo depois que esta situa\u00e7\u00e3o melhorar\u201d, conta.<\/p>\n\n\n\n<p>A\u00a0Emater-MG, vinculada \u00e0\u00a0Secretaria de Estado de Agricultura, Pecu\u00e1ria e Abastecimento (Seapa), est\u00e1 dando orienta\u00e7\u00f5es aos agricultores diante desta nova realidade de comercializa\u00e7\u00e3o. \u201cEstamos pedindo aten\u00e7\u00e3o aos cuidados que eles devem ter, tanto durante a produ\u00e7\u00e3o na propriedade quanto na hora de fazer a entrega, no contato com os consumidores. Orientamos os agricultores a n\u00e3o receber dinheiro: o pagamento deve ser feito preferencialmente por cart\u00e3o de cr\u00e9dito ou transfer\u00eancia banc\u00e1ria, para diminuir o risco de contamina\u00e7\u00e3o\u201d, explica a t\u00e9cnica da Emater-MG em Vi\u00e7osa, Vera L\u00facia Rodrigues Fialho.<\/p>\n\n\n\n<p><strong>Tapioca em Una\u00ed<\/strong><\/p>\n\n\n\n<p>Em Una\u00ed, no Noroeste de Minas Gerais, uma produtora de tapioca tamb\u00e9m optou pela divulga\u00e7\u00e3o pelas redes sociais depois que as feiras que participava foram suspensas. A solu\u00e7\u00e3o encontrada por M\u00e9rcia Melo foi a entrega em casa. A ideia surgiu ap\u00f3s demanda dos pr\u00f3prios consumidores. \u201cO pessoal come\u00e7ou a ligar, ent\u00e3o comecei a entregar as tapiocas em casa. Todo dia recebo pedidos, n\u00e3o \u00e9 a mesma coisa que nas feiras, mas ajuda a diminuir o preju\u00edzo\u201d, afirma.<\/p>\n\n\n\n<p>Os contatos acontecem pelas redes sociais e celular. \u201cAs entregas s\u00e3o feitas pelo meu marido. N\u00f3s temos tomado todo o cuidado com a limpeza das embalagens e tamb\u00e9m com a higieniza\u00e7\u00e3o pessoal\u201d, relata. Assim como outros participantes das feiras do munic\u00edpio de Una\u00ed, M\u00e9rcia recebe orienta\u00e7\u00f5es t\u00e9cnicas da Emater-MG.<\/p>\n\n\n\n<p class=\"has-background has-very-light-gray-background-color\">Quer saber as not\u00edcias do <strong>Aconteceu no Vale<\/strong> em primeira m\u00e3o? Siga-nos no Facebook <a rel=\"noreferrer noopener\" href=\"http:\/\/facebook.com\/aconteceunovale\" target=\"_blank\">@aconteceunovale<\/a>, Twitter <a rel=\"noreferrer noopener\" href=\"https:\/\/twitter.com\/noticiadosvales\" target=\"_blank\">@noticiadosvales<\/a> e Instagram <a rel=\"noreferrer noopener\" href=\"https:\/\/www.instagram.com\/aconteceunovale\" target=\"_blank\">@aconteceunovale<\/a>.<\/p>\n","protected":false},"excerpt":{"rendered":"<p>As redes sociais se tornaram grandes aliadas dos agricultores familiares para divulga\u00e7\u00e3o e venda dos produtos, ap\u00f3s o avan\u00e7o do coronav\u00edrus (Covid-19)&nbsp;no pa\u00eds. Eles est\u00e3o se adaptando \u00e0 nova realidade para, al\u00e9m de cuidar da sa\u00fade, evitar preju\u00edzos em suas atividades. Um exemplo vem de Vi\u00e7osa, na Zona da Mata mineira. A feira Quintal Solid\u00e1rio, [&hellip;]<\/p>\n","protected":false},"author":1,"featured_media":160316,"comment_status":"open","ping_status":"closed","sticky":false,"template":"","format":"standard","meta":{"amp_status":"","footnotes":""},"categories":[123],"tags":[751,214884,216498,1018,25775,218746,218750,218745,218744,214588,218748,218749,37378,222,218751,18771,218747],"class_list":["post-160315","post","type-post","status-publish","format-standard","has-post-thumbnail","hentry","category-gerais","tag-agricultura-familiar","tag-coronavirus","tag-covid-19","tag-destaque","tag-emater-mg","tag-feira-quintal-solidario-de-vicosa","tag-mercia-melo","tag-quintal-solidario-de-vicosa","tag-redes-sociais-sao-aliadas-de-agricultores-familiares-de-minas-gerais-para-venda-de-produtos","tag-seapa-mg","tag-silvia-eloiza-priore","tag-tapioca-de-unai","tag-ufv","tag-unai","tag-vera-lucia-rodrigues-fialho","tag-vicosa","tag-vitor-gomide"],"_links":{"self":[{"href":"https:\/\/aconteceunovale.com.br\/portal\/index.php?rest_route=\/wp\/v2\/posts\/160315","targetHints":{"allow":["GET"]}}],"collection":[{"href":"https:\/\/aconteceunovale.com.br\/portal\/index.php?rest_route=\/wp\/v2\/posts"}],"about":[{"href":"https:\/\/aconteceunovale.com.br\/portal\/index.php?rest_route=\/wp\/v2\/types\/post"}],"author":[{"embeddable":true,"href":"https:\/\/aconteceunovale.com.br\/portal\/index.php?rest_route=\/wp\/v2\/users\/1"}],"replies":[{"embeddable":true,"href":"https:\/\/aconteceunovale.com.br\/portal\/index.php?rest_route=%2Fwp%2Fv2%2Fcomments&post=160315"}],"version-history":[{"count":1,"href":"https:\/\/aconteceunovale.com.br\/portal\/index.php?rest_route=\/wp\/v2\/posts\/160315\/revisions"}],"predecessor-version":[{"id":160317,"href":"https:\/\/aconteceunovale.com.br\/portal\/index.php?rest_route=\/wp\/v2\/posts\/160315\/revisions\/160317"}],"wp:featuredmedia":[{"embeddable":true,"href":"https:\/\/aconteceunovale.com.br\/portal\/index.php?rest_route=\/wp\/v2\/media\/160316"}],"wp:attachment":[{"href":"https:\/\/aconteceunovale.com.br\/portal\/index.php?rest_route=%2Fwp%2Fv2%2Fmedia&parent=160315"}],"wp:term":[{"taxonomy":"category","embeddable":true,"href":"https:\/\/aconteceunovale.com.br\/portal\/index.php?rest_route=%2Fwp%2Fv2%2Fcategories&post=160315"},{"taxonomy":"post_tag","embeddable":true,"href":"https:\/\/aconteceunovale.com.br\/portal\/index.php?rest_route=%2Fwp%2Fv2%2Ftags&post=160315"}],"curies":[{"name":"wp","href":"https:\/\/api.w.org\/{rel}","templated":true}]}}