{"id":160308,"date":"2020-04-02T11:23:33","date_gmt":"2020-04-02T14:23:33","guid":{"rendered":"http:\/\/aconteceunovale.com.br\/portal\/?p=160308"},"modified":"2020-04-03T13:33:23","modified_gmt":"2020-04-03T16:33:23","slug":"minas-gerais-tem-6-obitos-por-coronavirus-e-370-casos-confirmados","status":"publish","type":"post","link":"https:\/\/aconteceunovale.com.br\/portal\/?p=160308","title":{"rendered":"SES-MG corrige n\u00famero de mortos por coronav\u00edrus"},"content":{"rendered":"\n<p>A Secretaria de Sa\u00fade de Minas Gerais (SES-MG) corrigiu, na tarde desta quinta-feira (02\/04\/2020), o n\u00famero de mortos por Covid-19 (novo coronav\u00edrus). Segundo o boletim epidemiol\u00f3gico atualizado, o Estado tem quatro \u00f3bitos causados pela doen\u00e7a. As v\u00edtimas s\u00e3o de Belo Horizonte (3) e Mariana (1).<\/p>\n\n\n\n<p><em>&#8220;Foi informado pelo CIEVS\/MINAS que dos 03 \u00f3bitos confirmados inclu\u00eddos no boletim de 02\/04\/2020 \u00e0s 10:00, um teve exame laboratorial n\u00e3o detect\u00e1vel para COVID-19 (caso do munic\u00edpio de S\u00e3o Gon\u00e7alo do Rio Preto, que foi atualizado como \u00f3bito descartado) e dois permanecem em investiga\u00e7\u00e3o (01 do munic\u00edpio de Juiz de Fora e 01 do munic\u00edpio de Contagem). O erro se deu em raz\u00e3o de estes 03 pacientes terem exames positivos para outras doen\u00e7as no sistema de informa\u00e7\u00e3o de exames laboratoriais da FUNED, o que n\u00e3o foi percebido no momento da capta\u00e7\u00e3o dos dados. Ressaltamos que hoje dia 02\/04\/2020 foi confirmado mais 01 \u00f3bito por coronav\u00edrus do munic\u00edpio de Belo Horizonte. Dessa forma, at\u00e9 este momento, o estado de Minas Gerais tem 04 \u00f3bitos confirmados.&#8221;<\/em>, justificou a SES-MG.<\/p>\n\n\n\n<p>Segundo a SES-MG, outras 55 mortes s\u00e3o investigadas. \u00c9 aguardada a realiza\u00e7\u00e3o de exames laboratoriais, al\u00e9m de levantamento de informa\u00e7\u00f5es cl\u00ednicas e epidemiol\u00f3gicas. <em>\u201cAt\u00e9 o momento foram notificados 80 \u00f3bitos suspeitos, sendo 21 descartados para COVID-19\u201d<\/em>, informou.<\/p>\n\n\n\n<p>Ainda segundo o boletim epidemiol\u00f3gico, atualizado \u00e0s 16h50 de hoje, o Estado tamb\u00e9m possui 370 casos confirmados da doen\u00e7a e 39.084 notifica\u00e7\u00f5es em investiga\u00e7\u00e3o.<\/p>\n\n\n\n<h4 class=\"wp-block-heading\"><strong>Distribui\u00e7\u00e3o dos casos confirmados da Covid-19 por munic\u00edpio de resid\u00eancia dos pacientes<\/strong><\/h4>\n\n\n\n<figure class=\"wp-block-table\"><table><tbody><tr><td class=\"has-text-align-center\" data-align=\"center\"><strong>Cidade<\/strong><\/td><td class=\"has-text-align-center\" data-align=\"center\"><strong>Casos confirmados<\/strong><\/td><td class=\"has-text-align-center\" data-align=\"center\"><strong>\u00d3bitos confirmados<\/strong><\/td><\/tr><tr><td class=\"has-text-align-center\" data-align=\"center\">Alfenas<\/td><td class=\"has-text-align-center\" data-align=\"center\">1<\/td><td class=\"has-text-align-center\" data-align=\"center\">0<\/td><\/tr><tr><td class=\"has-text-align-center\" data-align=\"center\">Araguari<\/td><td class=\"has-text-align-center\" data-align=\"center\">1<\/td><td class=\"has-text-align-center\" data-align=\"center\">0<\/td><\/tr><tr><td class=\"has-text-align-center\" data-align=\"center\">Arcos<\/td><td class=\"has-text-align-center\" data-align=\"center\">1<\/td><td class=\"has-text-align-center\" data-align=\"center\">0<\/td><\/tr><tr><td class=\"has-text-align-center\" data-align=\"center\">Barbacena<\/td><td class=\"has-text-align-center\" data-align=\"center\">1<\/td><td class=\"has-text-align-center\" data-align=\"center\">0<\/td><\/tr><tr><td class=\"has-text-align-center\" data-align=\"center\">Belo Horizonte<\/td><td class=\"has-text-align-center\" data-align=\"center\">207<\/td><td class=\"has-text-align-center\" data-align=\"center\">3<\/td><\/tr><tr><td class=\"has-text-align-center\" data-align=\"center\">Betim<\/td><td class=\"has-text-align-center\" data-align=\"center\">5<\/td><td class=\"has-text-align-center\" data-align=\"center\">0<\/td><\/tr><tr><td class=\"has-text-align-center\" data-align=\"center\">Boa Esperan\u00e7a<\/td><td class=\"has-text-align-center\" data-align=\"center\">1<\/td><td class=\"has-text-align-center\" data-align=\"center\">0<\/td><\/tr><tr><td class=\"has-text-align-center\" data-align=\"center\">Bom Despacho<\/td><td class=\"has-text-align-center\" data-align=\"center\">1<\/td><td class=\"has-text-align-center\" data-align=\"center\">0<\/td><\/tr><tr><td class=\"has-text-align-center\" data-align=\"center\">Campo Belo<\/td><td class=\"has-text-align-center\" data-align=\"center\">1<\/td><td class=\"has-text-align-center\" data-align=\"center\">0<\/td><\/tr><tr><td class=\"has-text-align-center\" data-align=\"center\">Campos Altos<\/td><td class=\"has-text-align-center\" data-align=\"center\">1<\/td><td class=\"has-text-align-center\" data-align=\"center\">0<\/td><\/tr><tr><td class=\"has-text-align-center\" data-align=\"center\">Capit\u00f3lio<\/td><td class=\"has-text-align-center\" data-align=\"center\">1<\/td><td class=\"has-text-align-center\" data-align=\"center\">0<\/td><\/tr><tr><td class=\"has-text-align-center\" data-align=\"center\">Carmo do Cajuru<\/td><td class=\"has-text-align-center\" data-align=\"center\">1<\/td><td class=\"has-text-align-center\" data-align=\"center\">0<\/td><\/tr><tr><td class=\"has-text-align-center\" data-align=\"center\">Contagem<\/td><td class=\"has-text-align-center\" data-align=\"center\">9<\/td><td class=\"has-text-align-center\" data-align=\"center\">0<\/td><\/tr><tr><td class=\"has-text-align-center\" data-align=\"center\">Coronel Fabriciano<\/td><td class=\"has-text-align-center\" data-align=\"center\">1<\/td><td class=\"has-text-align-center\" data-align=\"center\">0<\/td><\/tr><tr><td class=\"has-text-align-center\" data-align=\"center\">Divin\u00f3polis<\/td><td class=\"has-text-align-center\" data-align=\"center\">9<\/td><td class=\"has-text-align-center\" data-align=\"center\">0<\/td><\/tr><tr><td class=\"has-text-align-center\" data-align=\"center\">Extrema<\/td><td class=\"has-text-align-center\" data-align=\"center\">1<\/td><td class=\"has-text-align-center\" data-align=\"center\">0<\/td><\/tr><tr><td class=\"has-text-align-center\" data-align=\"center\">Governador Valadares<\/td><td class=\"has-text-align-center\" data-align=\"center\">2<\/td><td class=\"has-text-align-center\" data-align=\"center\">0<\/td><\/tr><tr><td class=\"has-text-align-center\" data-align=\"center\">Guimar\u00e2nia<\/td><td class=\"has-text-align-center\" data-align=\"center\">1<\/td><td class=\"has-text-align-center\" data-align=\"center\">0<\/td><\/tr><tr><td class=\"has-text-align-center\" data-align=\"center\">Ipatinga<\/td><td class=\"has-text-align-center\" data-align=\"center\">1<\/td><td class=\"has-text-align-center\" data-align=\"center\">0<\/td><\/tr><tr><td class=\"has-text-align-center\" data-align=\"center\">Juiz de Fora<\/td><td class=\"has-text-align-center\" data-align=\"center\">30<\/td><td class=\"has-text-align-center\" data-align=\"center\">0<\/td><\/tr><tr><td class=\"has-text-align-center\" data-align=\"center\">Lagoa da Prata<\/td><td class=\"has-text-align-center\" data-align=\"center\">5<\/td><td class=\"has-text-align-center\" data-align=\"center\">0<\/td><\/tr><tr><td class=\"has-text-align-center\" data-align=\"center\">Lavras<\/td><td class=\"has-text-align-center\" data-align=\"center\">1<\/td><td class=\"has-text-align-center\" data-align=\"center\">0<\/td><\/tr><tr><td class=\"has-text-align-center\" data-align=\"center\">Manhua\u00e7u<\/td><td class=\"has-text-align-center\" data-align=\"center\">1<\/td><td class=\"has-text-align-center\" data-align=\"center\">0<\/td><\/tr><tr><td class=\"has-text-align-center\" data-align=\"center\">Mariana<\/td><td class=\"has-text-align-center\" data-align=\"center\">2<\/td><td class=\"has-text-align-center\" data-align=\"center\">1<\/td><\/tr><tr><td class=\"has-text-align-center\" data-align=\"center\">Muria\u00e9<\/td><td class=\"has-text-align-center\" data-align=\"center\">3<\/td><td class=\"has-text-align-center\" data-align=\"center\">0<\/td><\/tr><tr><td class=\"has-text-align-center\" data-align=\"center\">Nova Lima<\/td><td class=\"has-text-align-center\" data-align=\"center\">22<\/td><td class=\"has-text-align-center\" data-align=\"center\">0<\/td><\/tr><tr><td class=\"has-text-align-center\" data-align=\"center\">Patroc\u00ednio<\/td><td class=\"has-text-align-center\" data-align=\"center\">3<\/td><td class=\"has-text-align-center\" data-align=\"center\">0<\/td><\/tr><tr><td class=\"has-text-align-center\" data-align=\"center\">Po\u00e7os de Caldas<\/td><td class=\"has-text-align-center\" data-align=\"center\">2<\/td><td class=\"has-text-align-center\" data-align=\"center\">0<\/td><\/tr><tr><td class=\"has-text-align-center\" data-align=\"center\">Pouso Alegre<\/td><td class=\"has-text-align-center\" data-align=\"center\">3<\/td><td class=\"has-text-align-center\" data-align=\"center\">0<\/td><\/tr><tr><td class=\"has-text-align-center\" data-align=\"center\">Ribeir\u00e3o das Neves<\/td><td class=\"has-text-align-center\" data-align=\"center\">2<\/td><td class=\"has-text-align-center\" data-align=\"center\">0<\/td><\/tr><tr><td class=\"has-text-align-center\" data-align=\"center\">Sabar\u00e1<\/td><td class=\"has-text-align-center\" data-align=\"center\">4<\/td><td class=\"has-text-align-center\" data-align=\"center\">0<\/td><\/tr><tr><td class=\"has-text-align-center\" data-align=\"center\">Santa Luzia<\/td><td class=\"has-text-align-center\" data-align=\"center\">1<\/td><td class=\"has-text-align-center\" data-align=\"center\">0<\/td><\/tr><tr><td class=\"has-text-align-center\" data-align=\"center\">Santana do Para\u00edso<\/td><td class=\"has-text-align-center\" data-align=\"center\">1<\/td><td class=\"has-text-align-center\" data-align=\"center\">0<\/td><\/tr><tr><td class=\"has-text-align-center\" data-align=\"center\">Santo Ant\u00f4nio do Monte<\/td><td class=\"has-text-align-center\" data-align=\"center\">2<\/td><td class=\"has-text-align-center\" data-align=\"center\">0<\/td><\/tr><tr><td class=\"has-text-align-center\" data-align=\"center\">S\u00e3o Jo\u00e3o Del Rei<\/td><td class=\"has-text-align-center\" data-align=\"center\">3<\/td><td class=\"has-text-align-center\" data-align=\"center\">0<\/td><\/tr><tr><td class=\"has-text-align-center\" data-align=\"center\">Serra do Salitre<\/td><td class=\"has-text-align-center\" data-align=\"center\">1<\/td><td class=\"has-text-align-center\" data-align=\"center\">0<\/td><\/tr><tr><td class=\"has-text-align-center\" data-align=\"center\">Sete Lagoas<\/td><td class=\"has-text-align-center\" data-align=\"center\">2<\/td><td class=\"has-text-align-center\" data-align=\"center\">0<\/td><\/tr><tr><td class=\"has-text-align-center\" data-align=\"center\">Tim\u00f3teo<\/td><td class=\"has-text-align-center\" data-align=\"center\">1<\/td><td class=\"has-text-align-center\" data-align=\"center\">0<\/td><\/tr><tr><td class=\"has-text-align-center\" data-align=\"center\">Toledo<\/td><td class=\"has-text-align-center\" data-align=\"center\">1<\/td><td class=\"has-text-align-center\" data-align=\"center\">0<\/td><\/tr><tr><td class=\"has-text-align-center\" data-align=\"center\">Uberaba<\/td><td class=\"has-text-align-center\" data-align=\"center\">4<\/td><td class=\"has-text-align-center\" data-align=\"center\">0<\/td><\/tr><tr><td class=\"has-text-align-center\" data-align=\"center\">Uberl\u00e2ndia<\/td><td class=\"has-text-align-center\" data-align=\"center\">22<\/td><td class=\"has-text-align-center\" data-align=\"center\">0<\/td><\/tr><tr><td class=\"has-text-align-center\" data-align=\"center\">Una\u00ed<\/td><td class=\"has-text-align-center\" data-align=\"center\">1<\/td><td class=\"has-text-align-center\" data-align=\"center\">0<\/td><\/tr><tr><td class=\"has-text-align-center\" data-align=\"center\">Munic\u00edpio de resid\u00eancia em investiga\u00e7\u00e3o<\/td><td class=\"has-text-align-center\" data-align=\"center\">3<\/td><td class=\"has-text-align-center\" data-align=\"center\">0<\/td><\/tr><\/tbody><\/table><\/figure>\n\n\n\n<p><strong>INFORME EPIDEMIOL\u00d3GICO \u2013 02\/04\/2020 &#8211; 16h50<\/strong><\/p>\n\n\n\n<div class=\"wp-block-file\"><a href=\"http:\/\/aconteceunovale.com.br\/portal\/wp-content\/uploads\/2020\/04\/boletim_corona_mg_01042.pdf\">Boletim Coronav\u00edrus em Minas Gerais<\/a><a href=\"http:\/\/aconteceunovale.com.br\/portal\/wp-content\/uploads\/2020\/04\/boletim_corona_mg_01042.pdf\" class=\"wp-block-file__button\" download>Baixar<\/a><\/div>\n\n\n\n<p class=\"has-background has-very-light-gray-background-color\">Quer saber as not\u00edcias do <strong>Aconteceu no Vale<\/strong> em primeira m\u00e3o? Siga-nos no Facebook <a rel=\"noreferrer noopener\" href=\"http:\/\/facebook.com\/aconteceunovale\" target=\"_blank\">@aconteceunovale<\/a>, Twitter <a rel=\"noreferrer noopener\" href=\"https:\/\/twitter.com\/noticiadosvales\" target=\"_blank\">@noticiadosvales<\/a> e Instagram <a rel=\"noreferrer noopener\" href=\"https:\/\/www.instagram.com\/aconteceunovale\" target=\"_blank\">@aconteceunovale<\/a>.<\/p>\n","protected":false},"excerpt":{"rendered":"<p>A Secretaria de Sa\u00fade de Minas Gerais (SES-MG) corrigiu, na tarde desta quinta-feira (02\/04\/2020), o n\u00famero de mortos por Covid-19 (novo coronav\u00edrus). Segundo o boletim epidemiol\u00f3gico atualizado, o Estado tem quatro \u00f3bitos causados pela doen\u00e7a. As v\u00edtimas s\u00e3o de Belo Horizonte (3) e Mariana (1). &#8220;Foi informado pelo CIEVS\/MINAS que dos 03 \u00f3bitos confirmados inclu\u00eddos [&hellip;]<\/p>\n","protected":false},"author":1,"featured_media":159588,"comment_status":"open","ping_status":"closed","sticky":false,"template":"","format":"standard","meta":{"amp_status":"","footnotes":""},"categories":[123,40242],"tags":[194,217922,217924,1017,217928,217930,218641,217925,217931,217945,217952,217743,217959,217738,217938,217968,217976,217985,217926,217932,217946,217955,217919,217963,217991,217939,217970,217979,217986,215651,215649,217947,217954,217920,217962,217543,217940,217971,217980,217988,217927,217933,217948,217956,217921,217964,217990,217941,217972,217978,217987,218218,214884,215396,215652,217870,217949,217741,217957,217542,217934,217965,217974,217982,218220,218548,1524,217944,217943,216498,217923,217929,217942,217950,217742,217958,217739,217935,217966,217973,217981,218219,199,217951,217953,218124,218175,201,217917,217918,206,217960,217961,131,217989,217992,218176,218743,218553,218551,1496,217937,217936,215653,1489,217967,217969,604,218221,218550,218552,218549,218202,217994,52113,1532,217975,217977,218008,218059,221,217983,217984],"class_list":["post-160308","post","type-post","status-publish","format-standard","has-post-thumbnail","hentry","category-gerais","category-saude-2","tag-belo-horizonte","tag-belo-horizonte-coronavirus","tag-belo-horizonte-covid-19","tag-bh","tag-bh-coronavirus","tag-bh-covid-19","tag-boletim-covid-19-em-minas-gerais","tag-caso-confirmado-de-coronavirus-em-belo-horizonte","tag-caso-confirmado-de-coronavirus-em-bh","tag-caso-confirmado-de-coronavirus-em-coronel-fabriciano","tag-caso-confirmado-de-coronavirus-em-divinopolis","tag-caso-confirmado-de-coronavirus-em-ipatinga","tag-caso-confirmado-de-coronavirus-em-juiz-de-fora","tag-caso-confirmado-de-coronavirus-em-minas-gerais","tag-caso-confirmado-de-coronavirus-em-nova-lima","tag-caso-confirmado-de-coronavirus-em-patrocinio","tag-caso-confirmado-de-coronavirus-em-sete-lagoas","tag-caso-confirmado-de-coronavirus-em-uberlandia","tag-caso-confirmado-de-covid-19-em-belo-horizonte","tag-caso-confirmado-de-covid-19-em-bh","tag-caso-confirmado-de-covid-19-em-coronel-fabriciano","tag-caso-confirmado-de-covid-19-em-divinopolis","tag-caso-confirmado-de-covid-19-em-ipatinga","tag-caso-confirmado-de-covid-19-em-juiz-de-fora","tag-caso-confirmado-de-covid-19-em-minas-gerais","tag-caso-confirmado-de-covid-19-em-nova-lima","tag-caso-confirmado-de-covid-19-em-patrocinio","tag-caso-confirmado-de-covid-19-em-sete-lagoas","tag-caso-confirmado-de-covid-19-em-uberlandia","tag-caso-de-coronavirus-em-belo-horizonte","tag-caso-de-coronavirus-em-bh","tag-caso-de-coronavirus-em-coronel-fabriciano","tag-caso-de-coronavirus-em-divinopolis","tag-caso-de-coronavirus-em-ipatinga","tag-caso-de-coronavirus-em-juiz-de-fora","tag-caso-de-coronavirus-em-minas-gerais","tag-caso-de-coronavirus-em-nova-lima","tag-caso-de-coronavirus-em-patrocinio","tag-caso-de-coronavirus-em-sete-lagoas","tag-caso-de-coronavirus-em-uberlandia","tag-caso-de-covid-19-em-belo-horizonte","tag-caso-de-covid-19-em-bh","tag-caso-de-covid-19-em-coronel-fabriciano","tag-caso-de-covid-19-em-divinopolis","tag-caso-de-covid-19-em-ipatinga","tag-caso-de-covid-19-em-juiz-de-fora","tag-caso-de-covid-19-em-minas-gerais","tag-caso-de-covid-19-em-nova-lima","tag-caso-de-covid-19-em-patrocinio","tag-caso-de-covid-19-em-sete-lagoas","tag-caso-de-covid-19-em-uberlandia","tag-casos-suspeitos-de-coronavirus-chegam-a-quase-6-mil-em-minas-gerais","tag-coronavirus","tag-coronavirus-em-belo-horizonte","tag-coronavirus-em-bh","tag-coronavirus-em-coronel-fabriciano","tag-coronavirus-em-divinopolis","tag-coronavirus-em-ipatinga","tag-coronavirus-em-juiz-de-fora","tag-coronavirus-em-minas-gerais","tag-coronavirus-em-nova-lima","tag-coronavirus-em-patrocinio","tag-coronavirus-em-sete-lagoas","tag-coronavirus-em-uberlandia","tag-coronavirus-pcmg","tag-coronavirus-primeiro-obito-por-coronavirus-em-minas-gerais","tag-coronel-fabriciano","tag-coronel-fabriciano-coronavirus","tag-coronel-fabriciano-covid-19","tag-covid-19","tag-covid-19-em-belo-horizonte","tag-covid-19-em-bh","tag-covid-19-em-coronel-fabriciano","tag-covid-19-em-divinopolis","tag-covid-19-em-ipatinga","tag-covid-19-em-juiz-de-fora","tag-covid-19-em-minas-gerais","tag-covid-19-em-nova-lima","tag-covid-19-em-patrocinio","tag-covid-19-em-sete-lagoas","tag-covid-19-em-uberlandia","tag-descumprir-medidas-de-enfrentamento-ao-coronavirus-cabe-punicao-penal","tag-divinopolis","tag-divinopolis-coronavirus","tag-divinopolis-covid-19","tag-governador-de-minas-gerais-anuncia-novo-pacote-de-medidas-contra-pandemia-do-coronavirus","tag-governador-de-minas-gerais-decreta-calamidade-publica","tag-ipatinga","tag-ipatinga-coronavirus","tag-ipatinga-covid-19","tag-juiz-de-fora","tag-juiz-de-fora-coronavirus","tag-juiz-de-fora-covid-19","tag-minas-gerais","tag-minas-gerais-coronavirus","tag-minas-gerais-covid-19","tag-minas-gerais-fecha-fronteiras","tag-minas-gerais-tem-6-obitos-por-coronavirus-e-370-casos-confirmados","tag-morte-por-coronavirus-em-minas-gerais","tag-morte-por-covid-19-em-minas-gerais","tag-nova-lima","tag-nova-lima-coronavirus","tag-nova-lima-covid-19","tag-novo-coronavirus","tag-patrocinio","tag-patrocinio-coronavirus","tag-patrocinio-covid-19","tag-pcmg","tag-pcmg-coronavirus","tag-primeira-morte-por-coronavirus-em-minas-gerais","tag-primeira-morte-por-covid-19-em-minas-gerais","tag-primeiro-obito-por-covid-19-em-minas-gerais","tag-saiba-o-que-pode-e-o-que-nao-pode-funcionar-apos-decreto-do-governo-de-minas-para-conter-o-avanco-do-coronavirus","tag-secretaria-de-saude-confirma-14-casos-de-coronavirus-em-minas-gerais","tag-ses-mg","tag-sete-lagoas","tag-sete-lagoas-coronavirus","tag-sete-lagoas-covid-19","tag-sobe-para-19-o-numero-de-casos-confirmados-do-coronavirus-em-minas-gerais","tag-sobe-para-29-o-numero-de-casos-confirmados-do-coronavirus-em-minas-gerais","tag-uberlandia","tag-uberlandia-coronavirus","tag-uberlandia-covid-19"],"_links":{"self":[{"href":"https:\/\/aconteceunovale.com.br\/portal\/index.php?rest_route=\/wp\/v2\/posts\/160308","targetHints":{"allow":["GET"]}}],"collection":[{"href":"https:\/\/aconteceunovale.com.br\/portal\/index.php?rest_route=\/wp\/v2\/posts"}],"about":[{"href":"https:\/\/aconteceunovale.com.br\/portal\/index.php?rest_route=\/wp\/v2\/types\/post"}],"author":[{"embeddable":true,"href":"https:\/\/aconteceunovale.com.br\/portal\/index.php?rest_route=\/wp\/v2\/users\/1"}],"replies":[{"embeddable":true,"href":"https:\/\/aconteceunovale.com.br\/portal\/index.php?rest_route=%2Fwp%2Fv2%2Fcomments&post=160308"}],"version-history":[{"count":6,"href":"https:\/\/aconteceunovale.com.br\/portal\/index.php?rest_route=\/wp\/v2\/posts\/160308\/revisions"}],"predecessor-version":[{"id":160408,"href":"https:\/\/aconteceunovale.com.br\/portal\/index.php?rest_route=\/wp\/v2\/posts\/160308\/revisions\/160408"}],"wp:featuredmedia":[{"embeddable":true,"href":"https:\/\/aconteceunovale.com.br\/portal\/index.php?rest_route=\/wp\/v2\/media\/159588"}],"wp:attachment":[{"href":"https:\/\/aconteceunovale.com.br\/portal\/index.php?rest_route=%2Fwp%2Fv2%2Fmedia&parent=160308"}],"wp:term":[{"taxonomy":"category","embeddable":true,"href":"https:\/\/aconteceunovale.com.br\/portal\/index.php?rest_route=%2Fwp%2Fv2%2Fcategories&post=160308"},{"taxonomy":"post_tag","embeddable":true,"href":"https:\/\/aconteceunovale.com.br\/portal\/index.php?rest_route=%2Fwp%2Fv2%2Ftags&post=160308"}],"curies":[{"name":"wp","href":"https:\/\/api.w.org\/{rel}","templated":true}]}}