{"id":160306,"date":"2020-04-02T00:03:46","date_gmt":"2020-04-02T03:03:46","guid":{"rendered":"http:\/\/aconteceunovale.com.br\/portal\/?p=160306"},"modified":"2020-04-02T00:05:20","modified_gmt":"2020-04-02T03:05:20","slug":"senado-aprova-extensao-de-auxilio-de-r-600-a-mais-de-30-categorias","status":"publish","type":"post","link":"https:\/\/aconteceunovale.com.br\/portal\/?p=160306","title":{"rendered":"Senado aprova extens\u00e3o de aux\u00edlio de R$ 600 a mais de 30 categorias"},"content":{"rendered":"\n<p>O Senado aprovou na tarde de hoje (1\u00ba) um Projeto de Lei (PL) que acrescenta dezenas de categorias entre as eleg\u00edveis a receber o aux\u00edlio de R$ 600 mensais, conhecido como &#8220;coronavoucher&#8221;, pelo per\u00edodo de tr\u00eas meses. A aprova\u00e7\u00e3o ocorreu por unanimidade, com 79 votos favor\u00e1veis. O projeto segue para a C\u00e2mara dos Deputados.<\/p>\n\n\n\n<p>O PL aprovado hoje \u00e9 complementar ao projeto aprovado pelo Congresso na \u00faltima segunda-feira (30), que aprova o pagamento do\u00a0aux\u00edlio a aut\u00f4nomos e informais. Esse projeto foi sancionado no fim da tarde pelo presidente da Rep\u00fablica, segundo informa\u00e7\u00f5es do l\u00edder do governo no Senado, Fernando Bezerra (MDB-PE). Entre outros crit\u00e9rios, o benefici\u00e1rio deve ter renda familiar mensal por pessoa de at\u00e9 meio sal\u00e1rio m\u00ednimo (R$ 522,50) ou renda familiar mensal total (tudo o que a fam\u00edlia recebe) de at\u00e9 tr\u00eas sal\u00e1rios m\u00ednimos (R$ 3.135,00).<\/p>\n\n\n\n<p>O parecer ficou a cargo do senador Esperidi\u00e3o Amin (PP-SC). Ele relatou o projeto de Randolfe Rodrigues (Rede-AP), mas aglutinando as ideias de dez outros Projetos de Lei com temas correlatos. De acordo com o substitutivo apresentado pelo relator, s\u00e3o inclu\u00eddas mais de 30 categorias que incluem motoristas de t\u00e1xi e de aplicativos, caminhoneiros, m\u00fasicos, ambulantes, feirantes, gar\u00e7ons, dentre outros.&nbsp;<\/p>\n\n\n\n<p>\u201cAmpliamos o alcance, estabelecemos regras mais claras para atender os mais carentes e, finalmente, procuramos agilizar a forma de pagar\u201d, disse Amin, em declara\u00e7\u00e3o divulgada \u00e0 imprensa.<\/p>\n\n\n\n<p>Para evitar a concentra\u00e7\u00e3o do pagamento em poucos bancos, o projeto prev\u00ea a extens\u00e3o do pagamento a todas as institui\u00e7\u00f5es financeiras e n\u00e3o financeiras de transfer\u00eancia de capital, como ag\u00eancias lot\u00e9ricas e ag\u00eancias dos Correios. As&nbsp;<em>fintechs<\/em>, empresas de tecnologia que oferecem servi\u00e7os financeiros digitalmente (como empr\u00e9stimos e cart\u00f5es de cr\u00e9dito), tamb\u00e9m est\u00e3o autorizadas a fazer o pagamento.<\/p>\n\n\n\n<p>Outro dispositivo inclu\u00eddo no projeto estipula que homens que criam sozinhos os filhos, o chamado provedor de fam\u00edlia monoparental, t\u00eam direito a duas cotas do aux\u00edlio, ou seja R$ 1.200. No PL aprovado anteriormente e rec\u00e9m-sancionado, o recebimento das duas cotas s\u00f3 est\u00e1 autorizado a mulheres que vivem em situa\u00e7\u00e3o monoparental.<\/p>\n\n\n\n<h2 class=\"wp-block-heading\">Confira as categorias inclu\u00eddas no PL aprovado hoje no Senado:<\/h2>\n\n\n\n<ul class=\"wp-block-list\"><li>Pescadores profissionais artesanais e os aquicultores, os agricultores familiares registrados no Cadastro Nacional da Agricultura Familiar (CAF);<\/li><li>os t\u00e9cnicos agr\u00edcolas;<\/li><li>os cooperados ou associados em cooperativa ou associa\u00e7\u00e3o de catadores e catadoras de materiais recicl\u00e1veis;<\/li><li>os taxistas e os mototaxistas; os motoristas de aplicativo; os motoristas de transporte escolar; os caminhoneiros; os entregadores de aplicativo;\u00a0\u00a0<\/li><li>as diaristas;<\/li><li>os agentes de turismo e os guias de turismo;<\/li><li>os trabalhadores das artes e da cultura, entre eles, os autores e artistas, de qualquer \u00e1rea, setor ou linguagem art\u00edstica, incluindo int\u00e9rpretes e executantes, e os t\u00e9cnicos em espet\u00e1culos de divers\u00f5es;<\/li><li>os mineiros; os garimpeiros, definidos como aqueles que, individualmente ou em forma associativa, atuem diretamente no processo da extra\u00e7\u00e3o de subst\u00e2ncias minerais garimp\u00e1veis;<\/li><li>os ministros de culto, mission\u00e1rios, te\u00f3logos e profissionais assemelhados;<\/li><li>os profissionais aut\u00f4nomos da educa\u00e7\u00e3o f\u00edsica; os trabalhadores do esporte, entre eles, atletas, para-atletas, t\u00e9cnicos, preparadores f\u00edsicos, fisioterapeutas, nutricionistas, psic\u00f3logos, \u00e1rbitros e auxiliares de arbitragem, de qualquer modalidade, incluindo aqueles trabalhadores envolvidos na realiza\u00e7\u00e3o das competi\u00e7\u00f5es;<\/li><li>os feirantes, os barraqueiros de praia; os ambulantes, os feirantes, os camel\u00f4s, as baianas de acaraj\u00e9, os gar\u00e7ons, os marisqueiros, os catadores de caranguejos;<\/li><li>as manicures e pedicures;<\/li><li>os s\u00f3cios de pessoas jur\u00eddicas inativas, dispensada a apresenta\u00e7\u00e3o da Declara\u00e7\u00e3o de Informa\u00e7\u00f5es Socioecon\u00f4micas e Fiscais (DEFIS).<\/li><\/ul>\n\n\n\n<p class=\"has-background has-very-light-gray-background-color\">Quer saber as not\u00edcias do <strong>Aconteceu no Vale<\/strong> em primeira m\u00e3o? Siga-nos no Facebook <a rel=\"noreferrer noopener\" href=\"http:\/\/facebook.com\/aconteceunovale\" target=\"_blank\">@aconteceunovale<\/a>, Twitter <a rel=\"noreferrer noopener\" href=\"https:\/\/twitter.com\/noticiadosvales\" target=\"_blank\">@noticiadosvales<\/a> e Instagram <a rel=\"noreferrer noopener\" href=\"https:\/\/www.instagram.com\/aconteceunovale\" target=\"_blank\">@aconteceunovale<\/a>.<\/p>\n","protected":false},"excerpt":{"rendered":"<p>O Senado aprovou na tarde de hoje (1\u00ba) um Projeto de Lei (PL) que acrescenta dezenas de categorias entre as eleg\u00edveis a receber o aux\u00edlio de R$ 600 mensais, conhecido como &#8220;coronavoucher&#8221;, pelo per\u00edodo de tr\u00eas meses. A aprova\u00e7\u00e3o ocorreu por unanimidade, com 79 votos favor\u00e1veis. O projeto segue para a C\u00e2mara dos Deputados. O [&hellip;]<\/p>\n","protected":false},"author":1,"featured_media":73253,"comment_status":"open","ping_status":"closed","sticky":false,"template":"","format":"standard","meta":{"amp_status":"","footnotes":""},"categories":[6,40240],"tags":[218414,218616,218413,218620,218412,218427,218049,218205,218411,214884,215394,218203,218234,218246,218615,216498,218043,218204,1018,218366,218364,19326,218044,218354,218045,218206,140166,218365,218618,218619,21938,218621,218617,218415],"class_list":["post-160306","post","type-post","status-publish","format-standard","has-post-thumbnail","hentry","category-br","category-politica-2","tag-ajuda-durante-pandemia-do-coronavirus","tag-aprovacao-do-coronavoucher","tag-auxilio-durante-a-pandemia-do-coronavirus","tag-beneficio-de-r-600","tag-bolsonaro-diz-que-auxilio-para-trabalhador-informal-durante-a-pandemia-sera-de-r-600","tag-camara-dos-deputados-aprova-auxilio-r-600-por-mes-para-trabalhador-informal","tag-casos-de-coronavirus-no-brasil","tag-casos-de-covid-19-no-brasil","tag-confira-como-esta-o-avanco-do-coronavirus-no-brasil","tag-coronavirus","tag-coronavirus-no-brasil","tag-coronavirus-brasil-tem-18-mortes-e-1-128-casos-confirmados","tag-coronavirus-brasil-tem-25-mortes-e-1-546-casos-confirmados","tag-coronavirus-mortes-no-brasil-sobem-para-34-e-casos-confirmados-sao-1-891","tag-coronavoucher","tag-covid-19","tag-covid-19-no-brasil","tag-covid-19-brasil-tem-18-mortes-e-1-128-casos-confirmados","tag-destaque","tag-governadores-manterao-medidas-de-isolamento-social-contra-o-coronavirus","tag-isolamento-social","tag-ministerio-da-saude","tag-mortes-por-coronavirus-no-brasil","tag-mortes-por-coronavirus-sobem-para-57-no-brasil","tag-mortes-por-covid-19-no-brasil","tag-numero-de-casos-de-covid-19-confirmados-no-brasil","tag-pandemia","tag-pandemia-do-coronavirus","tag-quem-pode-receber-o-coronavoucher","tag-quem-recebera-o-coronavoucher","tag-senado","tag-senado-aprova-auxilio-emergencial-de-r-600-a-autonomos-e-informais","tag-valor-do-coronavoucher","tag-voucher-durante-pandemia-do-coronavirus"],"_links":{"self":[{"href":"https:\/\/aconteceunovale.com.br\/portal\/index.php?rest_route=\/wp\/v2\/posts\/160306","targetHints":{"allow":["GET"]}}],"collection":[{"href":"https:\/\/aconteceunovale.com.br\/portal\/index.php?rest_route=\/wp\/v2\/posts"}],"about":[{"href":"https:\/\/aconteceunovale.com.br\/portal\/index.php?rest_route=\/wp\/v2\/types\/post"}],"author":[{"embeddable":true,"href":"https:\/\/aconteceunovale.com.br\/portal\/index.php?rest_route=\/wp\/v2\/users\/1"}],"replies":[{"embeddable":true,"href":"https:\/\/aconteceunovale.com.br\/portal\/index.php?rest_route=%2Fwp%2Fv2%2Fcomments&post=160306"}],"version-history":[{"count":1,"href":"https:\/\/aconteceunovale.com.br\/portal\/index.php?rest_route=\/wp\/v2\/posts\/160306\/revisions"}],"predecessor-version":[{"id":160307,"href":"https:\/\/aconteceunovale.com.br\/portal\/index.php?rest_route=\/wp\/v2\/posts\/160306\/revisions\/160307"}],"wp:featuredmedia":[{"embeddable":true,"href":"https:\/\/aconteceunovale.com.br\/portal\/index.php?rest_route=\/wp\/v2\/media\/73253"}],"wp:attachment":[{"href":"https:\/\/aconteceunovale.com.br\/portal\/index.php?rest_route=%2Fwp%2Fv2%2Fmedia&parent=160306"}],"wp:term":[{"taxonomy":"category","embeddable":true,"href":"https:\/\/aconteceunovale.com.br\/portal\/index.php?rest_route=%2Fwp%2Fv2%2Fcategories&post=160306"},{"taxonomy":"post_tag","embeddable":true,"href":"https:\/\/aconteceunovale.com.br\/portal\/index.php?rest_route=%2Fwp%2Fv2%2Ftags&post=160306"}],"curies":[{"name":"wp","href":"https:\/\/api.w.org\/{rel}","templated":true}]}}