{"id":160295,"date":"2020-04-01T19:51:15","date_gmt":"2020-04-01T22:51:15","guid":{"rendered":"http:\/\/aconteceunovale.com.br\/portal\/?p=160295"},"modified":"2020-04-01T19:51:38","modified_gmt":"2020-04-01T22:51:38","slug":"governo-prorroga-prazo-de-entrega-da-declaracao-do-imposto-de-renda-por-dois-meses","status":"publish","type":"post","link":"https:\/\/aconteceunovale.com.br\/portal\/?p=160295","title":{"rendered":"Governo prorroga prazo de entrega da declara\u00e7\u00e3o do Imposto de Renda por dois meses"},"content":{"rendered":"\n<p>Cerca de 32 milh\u00f5es de pessoas f\u00edsicas ganharam mais dois meses para entregarem a declara\u00e7\u00e3o do Imposto de Renda Pessoa F\u00edsica. O prazo, que acabaria em 30 de abril, foi estendido para 30 de junho, anunciou h\u00e1 pouco o secret\u00e1rio da Receita Federal, Jos\u00e9 Barroso Tostes Neto.<\/p>\n\n\n\n<p>Segundo o secret\u00e1rio, apesar de a entrega das declara\u00e7\u00f5es neste ano estar em ritmo superior ao do mesmo per\u00edodo do ano passado, a Receita concordou em prorrogar o prazo depois de ouvir relatos de contribuintes confinados em casa com dificuldades em obter documentos na empresa ou de conseguir recibos com cl\u00ednicas m\u00e9dicas para deduzirem gastos.<\/p>\n\n\n\n<p>\u201cO ritmo de entrega continua bom. At\u00e9 ontem, t\u00ednhamos recebido 8,8 milh\u00f5es de declara\u00e7\u00f5es, 400 mil a mais que no mesmo per\u00edodo do ano passado. Isso representa 27% do esperado. Por\u00e9m decidimos pela prorroga\u00e7\u00e3o por demanda de contribuintes confinados em casa, mas que relatam a falta de documentos ou documentos que est\u00e3o na empresa, no escrit\u00f3rio ou na cl\u00ednica. Eles est\u00e3o com dificuldade moment\u00e2nea de obter todos os documentos necess\u00e1rios\u201d, explicou.<\/p>\n\n\n\n<p>Tostes tamb\u00e9m anunciou a total desonera\u00e7\u00e3o, por 90 dias, de Imposto sobre Opera\u00e7\u00f5es Financeiras (IOF) sobre opera\u00e7\u00f5es de cr\u00e9dito. A medida ter\u00e1 como objetivo baratear as linhas emergenciais de cr\u00e9dito j\u00e1 anunciadas pelo governo. Segundo ele, o governo deixar\u00e1 de arrecadar R$ 7 bilh\u00f5es com a desonera\u00e7\u00e3o.<\/p>\n\n\n\n<p>A \u00faltima medida anunciada pelo secret\u00e1rio foi o adiamento das contribui\u00e7\u00f5es de abril e de maio para o Programa de Integra\u00e7\u00e3o Social (PIS), o Programa de Forma\u00e7\u00e3o do Patrim\u00f4nio do Servidor P\u00fablico (Pasep), para o Financiamento da Seguridade Social (Cofins) e da contribui\u00e7\u00e3o patronal para a Previd\u00eancia Social, paga pelos empregadores. As parcelas s\u00f3 ser\u00e3o pagas de agosto a outubro, permitindo a inje\u00e7\u00e3o de R$ 80 bilh\u00f5es na economia.<\/p>\n\n\n\n<p class=\"has-background has-very-light-gray-background-color\">Quer saber as not\u00edcias do <strong>Aconteceu no Vale<\/strong> em primeira m\u00e3o? Siga-nos no Facebook <a rel=\"noreferrer noopener\" href=\"http:\/\/facebook.com\/aconteceunovale\" target=\"_blank\">@aconteceunovale<\/a>, Twitter <a rel=\"noreferrer noopener\" href=\"https:\/\/twitter.com\/noticiadosvales\" target=\"_blank\">@noticiadosvales<\/a> e Instagram <a rel=\"noreferrer noopener\" href=\"https:\/\/www.instagram.com\/aconteceunovale\" target=\"_blank\">@aconteceunovale<\/a>.<\/p>\n","protected":false},"excerpt":{"rendered":"<p>Cerca de 32 milh\u00f5es de pessoas f\u00edsicas ganharam mais dois meses para entregarem a declara\u00e7\u00e3o do Imposto de Renda Pessoa F\u00edsica. O prazo, que acabaria em 30 de abril, foi estendido para 30 de junho, anunciou h\u00e1 pouco o secret\u00e1rio da Receita Federal, Jos\u00e9 Barroso Tostes Neto. Segundo o secret\u00e1rio, apesar de a entrega das [&hellip;]<\/p>\n","protected":false},"author":1,"featured_media":159145,"comment_status":"open","ping_status":"closed","sticky":false,"template":"","format":"standard","meta":{"amp_status":"","footnotes":""},"categories":[6],"tags":[5197,27753,218725,218723,1468,28477,218726,218724,218727,140995,1464],"class_list":["post-160295","post","type-post","status-publish","format-standard","has-post-thumbnail","hentry","category-br","tag-declaracao-do-imposto-de-renda","tag-declaracao-do-imposto-de-renda-pessoa-fisica","tag-declaracao-do-irpf-2020","tag-governo-prorroga-prazo-de-entrega-da-declaracao-do-imposto-de-renda-por-dois-meses","tag-imposto-de-renda","tag-imposto-de-renda-pessoa-fisica","tag-imposto-de-renda-pessoa-fisica-2020","tag-irpf-2020","tag-jose-barroso-tostes-neto","tag-prazo-para-entrega-da-declaracao-do-imposto-de-renda","tag-receita-federal"],"_links":{"self":[{"href":"https:\/\/aconteceunovale.com.br\/portal\/index.php?rest_route=\/wp\/v2\/posts\/160295","targetHints":{"allow":["GET"]}}],"collection":[{"href":"https:\/\/aconteceunovale.com.br\/portal\/index.php?rest_route=\/wp\/v2\/posts"}],"about":[{"href":"https:\/\/aconteceunovale.com.br\/portal\/index.php?rest_route=\/wp\/v2\/types\/post"}],"author":[{"embeddable":true,"href":"https:\/\/aconteceunovale.com.br\/portal\/index.php?rest_route=\/wp\/v2\/users\/1"}],"replies":[{"embeddable":true,"href":"https:\/\/aconteceunovale.com.br\/portal\/index.php?rest_route=%2Fwp%2Fv2%2Fcomments&post=160295"}],"version-history":[{"count":1,"href":"https:\/\/aconteceunovale.com.br\/portal\/index.php?rest_route=\/wp\/v2\/posts\/160295\/revisions"}],"predecessor-version":[{"id":160296,"href":"https:\/\/aconteceunovale.com.br\/portal\/index.php?rest_route=\/wp\/v2\/posts\/160295\/revisions\/160296"}],"wp:featuredmedia":[{"embeddable":true,"href":"https:\/\/aconteceunovale.com.br\/portal\/index.php?rest_route=\/wp\/v2\/media\/159145"}],"wp:attachment":[{"href":"https:\/\/aconteceunovale.com.br\/portal\/index.php?rest_route=%2Fwp%2Fv2%2Fmedia&parent=160295"}],"wp:term":[{"taxonomy":"category","embeddable":true,"href":"https:\/\/aconteceunovale.com.br\/portal\/index.php?rest_route=%2Fwp%2Fv2%2Fcategories&post=160295"},{"taxonomy":"post_tag","embeddable":true,"href":"https:\/\/aconteceunovale.com.br\/portal\/index.php?rest_route=%2Fwp%2Fv2%2Ftags&post=160295"}],"curies":[{"name":"wp","href":"https:\/\/api.w.org\/{rel}","templated":true}]}}