{"id":160291,"date":"2020-04-01T19:21:52","date_gmt":"2020-04-01T22:21:52","guid":{"rendered":"http:\/\/aconteceunovale.com.br\/portal\/?p=160291"},"modified":"2020-04-01T19:25:24","modified_gmt":"2020-04-01T22:25:24","slug":"brasil-tem-241-obitos-por-coronavirus-e-6-836-casos-confirmados","status":"publish","type":"post","link":"https:\/\/aconteceunovale.com.br\/portal\/?p=160291","title":{"rendered":"Brasil tem 241 \u00f3bitos por coronav\u00edrus e 6.836 casos confirmados"},"content":{"rendered":"\n<p>O n\u00famero de casos confirmados de infec\u00e7\u00e3o pelo novo coronav\u00edrus no Brasil subiu para 6.836 nesta quarta-feira (01\/04\/2020), de acordo com os dados mais recentes do Minist\u00e9rio da Sa\u00fade. O n\u00famero de mortes chegou a 241. O \u00edndice de letalidade ficou em 3,5%.<\/p>\n\n\n\n<p>Ontem, o pa\u00eds contabilizava 201 \u00f3bitos e 5.717 casos confirmados da doen\u00e7a. Os novos casos somaram 1.119, um pouco menos do que os 1.138 novos no balan\u00e7o ontem.<\/p>\n\n\n\n<p>Veja na \u00edntegra a coletiva sobre o&nbsp;avan\u00e7o de covid-19 no pa\u00eds:<\/p>\n\n\n\n<center><figure><iframe loading=\"lazy\" src=\"https:\/\/www.facebook.com\/plugins\/video.php?href=https%3A%2F%2Fwww.facebook.com%2Fagenciabrasil.ebc%2Fvideos%2F3181312485233520%2F&amp;show_text=1&amp;width=560\" width=\"560\" height=\"445\" allowfullscreen=\"true\"><\/iframe><\/figure><\/center>\n\n\n\n<h2 class=\"has-text-align-center wp-block-heading\">Casos confirmados e \u00f3bitos por estado<\/h2>\n\n\n\n<figure class=\"wp-block-table aligncenter\"><table class=\"has-subtle-light-gray-background-color has-background\"><tbody><tr><td class=\"has-text-align-center\" data-align=\"center\"><strong>Estado<\/strong><\/td><td class=\"has-text-align-center\" data-align=\"center\"><strong>Casos confirmados<\/strong><\/td><td class=\"has-text-align-center\" data-align=\"center\"><strong>\u00d3bitos confirmados<\/strong><\/td><\/tr><tr><td class=\"has-text-align-center\" data-align=\"center\">Acre<\/td><td class=\"has-text-align-center\" data-align=\"center\">43<\/td><td class=\"has-text-align-center\" data-align=\"center\">0<\/td><\/tr><tr><td class=\"has-text-align-center\" data-align=\"center\">Alagoas<\/td><td class=\"has-text-align-center\" data-align=\"center\">18<\/td><td class=\"has-text-align-center\" data-align=\"center\">1<\/td><\/tr><tr><td class=\"has-text-align-center\" data-align=\"center\">Amap\u00e1<\/td><td class=\"has-text-align-center\" data-align=\"center\">11<\/td><td class=\"has-text-align-center\" data-align=\"center\">0<\/td><\/tr><tr><td class=\"has-text-align-center\" data-align=\"center\">Amazonas<\/td><td class=\"has-text-align-center\" data-align=\"center\">200<\/td><td class=\"has-text-align-center\" data-align=\"center\">3<\/td><\/tr><tr><td class=\"has-text-align-center\" data-align=\"center\">Bahia<\/td><td class=\"has-text-align-center\" data-align=\"center\">246<\/td><td class=\"has-text-align-center\" data-align=\"center\">2<\/td><\/tr><tr><td class=\"has-text-align-center\" data-align=\"center\">Cear\u00e1<\/td><td class=\"has-text-align-center\" data-align=\"center\">444<\/td><td class=\"has-text-align-center\" data-align=\"center\">8<\/td><\/tr><tr><td class=\"has-text-align-center\" data-align=\"center\">Distrito Federal<\/td><td class=\"has-text-align-center\" data-align=\"center\">355<\/td><td class=\"has-text-align-center\" data-align=\"center\">3<\/td><\/tr><tr><td class=\"has-text-align-center\" data-align=\"center\">Esp\u00edrito Santo<\/td><td class=\"has-text-align-center\" data-align=\"center\">96<\/td><td class=\"has-text-align-center\" data-align=\"center\">0<\/td><\/tr><tr><td class=\"has-text-align-center\" data-align=\"center\">Goi\u00e1s<\/td><td class=\"has-text-align-center\" data-align=\"center\">71<\/td><td class=\"has-text-align-center\" data-align=\"center\">1<\/td><\/tr><tr><td class=\"has-text-align-center\" data-align=\"center\">Maranh\u00e3o<\/td><td class=\"has-text-align-center\" data-align=\"center\">54<\/td><td class=\"has-text-align-center\" data-align=\"center\">1<\/td><\/tr><tr><td class=\"has-text-align-center\" data-align=\"center\">Mato Grosso<\/td><td class=\"has-text-align-center\" data-align=\"center\">27<\/td><td class=\"has-text-align-center\" data-align=\"center\">0<\/td><\/tr><tr><td class=\"has-text-align-center\" data-align=\"center\">Mato Grosso do Sul<\/td><td class=\"has-text-align-center\" data-align=\"center\">51<\/td><td class=\"has-text-align-center\" data-align=\"center\">1<\/td><\/tr><tr><td class=\"has-text-align-center\" data-align=\"center\">Minas Gerais<\/td><td class=\"has-text-align-center\" data-align=\"center\">314<\/td><td class=\"has-text-align-center\" data-align=\"center\">3<\/td><\/tr><tr><td class=\"has-text-align-center\" data-align=\"center\">Paran\u00e1<\/td><td class=\"has-text-align-center\" data-align=\"center\">224<\/td><td class=\"has-text-align-center\" data-align=\"center\">3<\/td><\/tr><tr><td class=\"has-text-align-center\" data-align=\"center\">Para\u00edba<\/td><td class=\"has-text-align-center\" data-align=\"center\">20<\/td><td class=\"has-text-align-center\" data-align=\"center\">1<\/td><\/tr><tr><td class=\"has-text-align-center\" data-align=\"center\">Par\u00e1<\/td><td class=\"has-text-align-center\" data-align=\"center\">40<\/td><td class=\"has-text-align-center\" data-align=\"center\">0<\/td><\/tr><tr><td class=\"has-text-align-center\" data-align=\"center\">Pernambuco<\/td><td class=\"has-text-align-center\" data-align=\"center\">95<\/td><td class=\"has-text-align-center\" data-align=\"center\">8<\/td><\/tr><tr><td class=\"has-text-align-center\" data-align=\"center\">Piau\u00ed<\/td><td class=\"has-text-align-center\" data-align=\"center\">18<\/td><td class=\"has-text-align-center\" data-align=\"center\">4<\/td><\/tr><tr><td class=\"has-text-align-center\" data-align=\"center\">Rio Grande do Norte<\/td><td class=\"has-text-align-center\" data-align=\"center\">92<\/td><td class=\"has-text-align-center\" data-align=\"center\">2<\/td><\/tr><tr><td class=\"has-text-align-center\" data-align=\"center\">Rio Grande do Sul<\/td><td class=\"has-text-align-center\" data-align=\"center\">306<\/td><td class=\"has-text-align-center\" data-align=\"center\">4<\/td><\/tr><tr><td class=\"has-text-align-center\" data-align=\"center\">Rio de Janeiro<\/td><td class=\"has-text-align-center\" data-align=\"center\">832<\/td><td class=\"has-text-align-center\" data-align=\"center\">28<\/td><\/tr><tr><td class=\"has-text-align-center\" data-align=\"center\">Rond\u00f4nia<\/td><td class=\"has-text-align-center\" data-align=\"center\">9<\/td><td class=\"has-text-align-center\" data-align=\"center\">1<\/td><\/tr><tr><td class=\"has-text-align-center\" data-align=\"center\">Roraima<\/td><td class=\"has-text-align-center\" data-align=\"center\">22<\/td><td class=\"has-text-align-center\" data-align=\"center\">0<\/td><\/tr><tr><td class=\"has-text-align-center\" data-align=\"center\">Santa Catarina<\/td><td class=\"has-text-align-center\" data-align=\"center\">235<\/td><td class=\"has-text-align-center\" data-align=\"center\">2<\/td><\/tr><tr><td class=\"has-text-align-center\" data-align=\"center\">Sergipe<\/td><td class=\"has-text-align-center\" data-align=\"center\">20<\/td><td class=\"has-text-align-center\" data-align=\"center\">0<\/td><\/tr><tr><td class=\"has-text-align-center\" data-align=\"center\">S\u00e3o Paulo<\/td><td class=\"has-text-align-center\" data-align=\"center\">2981<\/td><td class=\"has-text-align-center\" data-align=\"center\">164<\/td><\/tr><tr><td class=\"has-text-align-center\" data-align=\"center\">Tocantins<\/td><td class=\"has-text-align-center\" data-align=\"center\">12<\/td><td class=\"has-text-align-center\" data-align=\"center\">0<\/td><\/tr><\/tbody><\/table><\/figure>\n\n\n\n<h2 class=\"has-text-align-center wp-block-heading\">Trabalhadores e empresas<\/h2>\n\n\n\n<p>Na manh\u00e3 desta quarta-feira (1\u00b0), o governo brasileiro&nbsp;anunciou cerca de R$ 200 bilh\u00f5es&nbsp;em medidas para socorrer trabalhadores e empresas e ajudar estados e munic\u00edpios no enfrentamento aos efeitos da crise provocada pela pandemia do novo coronav\u00edrus.<\/p>\n\n\n\n<p>Em pronunciamento \u00e0 imprensa no Pal\u00e1cio do Planalto, Bolsonaro explicou que, de hoje para amanh\u00e3, ser\u00e3o editadas tr\u00eas medidas provis\u00f3rias (MP) e sancionado o projeto que prev\u00ea o aux\u00edlio emergencial de R$ 600 para trabalhadores informais, aut\u00f4nomos e sem renda fixa.<\/p>\n\n\n\n<p>Tamb\u00e9m na manh\u00e3 de hoje, foi publicada, em edi\u00e7\u00e3o extra do&nbsp;<em>Di\u00e1rio Oficial da Uni\u00e3o<\/em>&nbsp;(DOU), a&nbsp;<a rel=\"noreferrer noopener\" href=\"http:\/\/www.in.gov.br\/en\/web\/dou\/-\/medida-provisoria-n-933-de-31-de-marco-de-2020-250477891\" target=\"_blank\">Medida Provis\u00f3ria (MP) 933\/2020<\/a>, que suspende por 60 dias o reajuste anual de pre\u00e7os de medicamentos para o ano de 2020. Com a suspens\u00e3o, que entrou em vigor ontem (31), o aumento s\u00f3 poder\u00e1 ser realizado a partir de 1\u00b0 junho.<\/p>\n\n\n\n<p class=\"has-background has-very-light-gray-background-color\">Quer saber as not\u00edcias do <strong>Aconteceu no Vale<\/strong> em primeira m\u00e3o? Siga-nos no Facebook <a rel=\"noreferrer noopener\" href=\"http:\/\/facebook.com\/aconteceunovale\" target=\"_blank\">@aconteceunovale<\/a>, Twitter <a rel=\"noreferrer noopener\" href=\"https:\/\/twitter.com\/noticiadosvales\" target=\"_blank\">@noticiadosvales<\/a> e Instagram <a rel=\"noreferrer noopener\" href=\"https:\/\/www.instagram.com\/aconteceunovale\" target=\"_blank\">@aconteceunovale<\/a>.<\/p>\n","protected":false},"excerpt":{"rendered":"<p>O n\u00famero de casos confirmados de infec\u00e7\u00e3o pelo novo coronav\u00edrus no Brasil subiu para 6.836 nesta quarta-feira (01\/04\/2020), de acordo com os dados mais recentes do Minist\u00e9rio da Sa\u00fade. O n\u00famero de mortes chegou a 241. O \u00edndice de letalidade ficou em 3,5%. Ontem, o pa\u00eds contabilizava 201 \u00f3bitos e 5.717 casos confirmados da doen\u00e7a. [&hellip;]<\/p>\n","protected":false},"author":1,"featured_media":160141,"comment_status":"open","ping_status":"closed","sticky":false,"template":"","format":"standard","meta":{"amp_status":"","footnotes":""},"categories":[6,40242],"tags":[218722,218721,218049,218205,214884,218472,215394,216498,218043,19326,218044,218045,218206],"class_list":["post-160291","post","type-post","status-publish","format-standard","has-post-thumbnail","hentry","category-br","category-saude-2","tag-brasil-tem-241-obitos-por-coronavirus","tag-brasil-tem-241-obitos-por-coronavirus-e-6-836-casos-confirmados","tag-casos-de-coronavirus-no-brasil","tag-casos-de-covid-19-no-brasil","tag-coronavirus","tag-coronavirus-em-27-de-marco-brasil-tem-92-mortes-e-3-417-casos-confirmados","tag-coronavirus-no-brasil","tag-covid-19","tag-covid-19-no-brasil","tag-ministerio-da-saude","tag-mortes-por-coronavirus-no-brasil","tag-mortes-por-covid-19-no-brasil","tag-numero-de-casos-de-covid-19-confirmados-no-brasil"],"_links":{"self":[{"href":"https:\/\/aconteceunovale.com.br\/portal\/index.php?rest_route=\/wp\/v2\/posts\/160291","targetHints":{"allow":["GET"]}}],"collection":[{"href":"https:\/\/aconteceunovale.com.br\/portal\/index.php?rest_route=\/wp\/v2\/posts"}],"about":[{"href":"https:\/\/aconteceunovale.com.br\/portal\/index.php?rest_route=\/wp\/v2\/types\/post"}],"author":[{"embeddable":true,"href":"https:\/\/aconteceunovale.com.br\/portal\/index.php?rest_route=\/wp\/v2\/users\/1"}],"replies":[{"embeddable":true,"href":"https:\/\/aconteceunovale.com.br\/portal\/index.php?rest_route=%2Fwp%2Fv2%2Fcomments&post=160291"}],"version-history":[{"count":3,"href":"https:\/\/aconteceunovale.com.br\/portal\/index.php?rest_route=\/wp\/v2\/posts\/160291\/revisions"}],"predecessor-version":[{"id":160294,"href":"https:\/\/aconteceunovale.com.br\/portal\/index.php?rest_route=\/wp\/v2\/posts\/160291\/revisions\/160294"}],"wp:featuredmedia":[{"embeddable":true,"href":"https:\/\/aconteceunovale.com.br\/portal\/index.php?rest_route=\/wp\/v2\/media\/160141"}],"wp:attachment":[{"href":"https:\/\/aconteceunovale.com.br\/portal\/index.php?rest_route=%2Fwp%2Fv2%2Fmedia&parent=160291"}],"wp:term":[{"taxonomy":"category","embeddable":true,"href":"https:\/\/aconteceunovale.com.br\/portal\/index.php?rest_route=%2Fwp%2Fv2%2Fcategories&post=160291"},{"taxonomy":"post_tag","embeddable":true,"href":"https:\/\/aconteceunovale.com.br\/portal\/index.php?rest_route=%2Fwp%2Fv2%2Ftags&post=160291"}],"curies":[{"name":"wp","href":"https:\/\/api.w.org\/{rel}","templated":true}]}}