{"id":160288,"date":"2020-04-01T18:22:00","date_gmt":"2020-04-01T21:22:00","guid":{"rendered":"http:\/\/aconteceunovale.com.br\/portal\/?p=160288"},"modified":"2020-04-01T18:22:26","modified_gmt":"2020-04-01T21:22:26","slug":"prf-apreende-carro-clonado-em-teofilo-otoni","status":"publish","type":"post","link":"https:\/\/aconteceunovale.com.br\/portal\/?p=160288","title":{"rendered":"PRF apreende carro clonado em Te\u00f3filo Otoni"},"content":{"rendered":"\n<p>Um autom\u00f3vel clonado foi apreendido durante uma fiscaliza\u00e7\u00e3o da Pol\u00edcia Rodovi\u00e1ria Federal (PRF) na BR-116, em Te\u00f3filo Otoni (MG), na manh\u00e3 desta quarta-feira (01\/04\/2020). O Condutor disse que adquiriu o Fiat Siena por R$ 6 mil.<\/p>\n\n\n\n<p>Segundo a PRF, <em>\u201cem an\u00e1lise aos elementos identificadores do ve\u00edculo, ficou constatado que estava com placas clonadas, sendo este na realidade licenciado na cidade de Contagem (MG) e furtado em junho de 2018.\u201d<\/em><\/p>\n\n\n\n<p>O condutor de 30 anos, morador da zona rural de Catuji (MG), al\u00e9m de n\u00e3o possuir Carteira Nacional de Habilita\u00e7\u00e3o, apresentou documenta\u00e7\u00e3o do ve\u00edculo com suspeita de falsifica\u00e7\u00e3o.<\/p>\n\n\n\n<p>Em conversa com os policiais, o condutor alegou que comprou o autom\u00f3vel em uma feira de ve\u00edculos na Regi\u00e3o Metropolitana de Belo Horizonte, pagando a quantia de R$ 6 mil.<\/p>\n\n\n\n<p>O carro foi encaminhado ao p\u00e1tio credenciado pelo Detran-MG. J\u00e1 o condutor foi apresentado ao plant\u00e3o da Pol\u00edcia Civil da cidade de Te\u00f3filo Otoni e autuado pelos crimes de uso de documento falso, adultera\u00e7\u00e3o e recepta\u00e7\u00e3o de ve\u00edculo produto de crime.<\/p>\n\n\n\n<figure class=\"wp-block-gallery columns-1 is-cropped wp-block-gallery-1 is-layout-flex wp-block-gallery-is-layout-flex\"><ul class=\"blocks-gallery-grid\"><li class=\"blocks-gallery-item\"><figure><img loading=\"lazy\" decoding=\"async\" width=\"678\" height=\"380\" src=\"http:\/\/aconteceunovale.com.br\/portal\/wp-content\/uploads\/2020\/04\/carro_clonado_teo.jpeg\" alt=\"\" data-id=\"160289\" class=\"wp-image-160289\" srcset=\"https:\/\/aconteceunovale.com.br\/portal\/wp-content\/uploads\/2020\/04\/carro_clonado_teo.jpeg 678w, https:\/\/aconteceunovale.com.br\/portal\/wp-content\/uploads\/2020\/04\/carro_clonado_teo-300x168.jpeg 300w\" sizes=\"auto, (max-width: 678px) 100vw, 678px\" \/><figcaption class=\"blocks-gallery-item__caption\"><em>Foto: Divulga\u00e7\u00e3o \/ PRF<\/em><\/figcaption><\/figure><\/li><\/ul><\/figure>\n\n\n\n<p class=\"has-background has-very-light-gray-background-color\">Quer saber as not\u00edcias do <strong>Aconteceu no Vale<\/strong> em primeira m\u00e3o? Siga-nos no Facebook <a rel=\"noreferrer noopener\" href=\"http:\/\/facebook.com\/aconteceunovale\" target=\"_blank\">@aconteceunovale<\/a>, Twitter <a rel=\"noreferrer noopener\" href=\"https:\/\/twitter.com\/noticiadosvales\" target=\"_blank\">@noticiadosvales<\/a> e Instagram <a rel=\"noreferrer noopener\" href=\"https:\/\/www.instagram.com\/aconteceunovale\" target=\"_blank\">@aconteceunovale<\/a>.<\/p>\n","protected":false},"excerpt":{"rendered":"<p>Um autom\u00f3vel clonado foi apreendido durante uma fiscaliza\u00e7\u00e3o da Pol\u00edcia Rodovi\u00e1ria Federal (PRF) na BR-116, em Te\u00f3filo Otoni (MG), na manh\u00e3 desta quarta-feira (01\/04\/2020). O Condutor disse que adquiriu o Fiat Siena por R$ 6 mil. Segundo a PRF, \u201cem an\u00e1lise aos elementos identificadores do ve\u00edculo, ficou constatado que estava com placas clonadas, sendo este [&hellip;]<\/p>\n","protected":false},"author":1,"featured_media":160289,"comment_status":"open","ping_status":"closed","sticky":false,"template":"","format":"standard","meta":{"amp_status":"","footnotes":""},"categories":[122],"tags":[193761,218719,96693,660,1018,218718,218720,218717,34834,164],"class_list":["post-160288","post","type-post","status-publish","format-standard","has-post-thumbnail","hentry","category-mucuri","tag-carro-apreendido-em-teofilo-otoni","tag-carro-clonado-em-teofilo-otoni","tag-carro-roubado-em-contagem","tag-catuji","tag-destaque","tag-morador-de-catuji-preso-com-carro-clonado","tag-preso-com-carro-clonado-em-teofilo-otoni","tag-prf-apreende-carro-clonado-em-teofilo-otoni","tag-prf-de-teofilo-otoni","tag-teofilo-otoni"],"_links":{"self":[{"href":"https:\/\/aconteceunovale.com.br\/portal\/index.php?rest_route=\/wp\/v2\/posts\/160288","targetHints":{"allow":["GET"]}}],"collection":[{"href":"https:\/\/aconteceunovale.com.br\/portal\/index.php?rest_route=\/wp\/v2\/posts"}],"about":[{"href":"https:\/\/aconteceunovale.com.br\/portal\/index.php?rest_route=\/wp\/v2\/types\/post"}],"author":[{"embeddable":true,"href":"https:\/\/aconteceunovale.com.br\/portal\/index.php?rest_route=\/wp\/v2\/users\/1"}],"replies":[{"embeddable":true,"href":"https:\/\/aconteceunovale.com.br\/portal\/index.php?rest_route=%2Fwp%2Fv2%2Fcomments&post=160288"}],"version-history":[{"count":1,"href":"https:\/\/aconteceunovale.com.br\/portal\/index.php?rest_route=\/wp\/v2\/posts\/160288\/revisions"}],"predecessor-version":[{"id":160290,"href":"https:\/\/aconteceunovale.com.br\/portal\/index.php?rest_route=\/wp\/v2\/posts\/160288\/revisions\/160290"}],"wp:featuredmedia":[{"embeddable":true,"href":"https:\/\/aconteceunovale.com.br\/portal\/index.php?rest_route=\/wp\/v2\/media\/160289"}],"wp:attachment":[{"href":"https:\/\/aconteceunovale.com.br\/portal\/index.php?rest_route=%2Fwp%2Fv2%2Fmedia&parent=160288"}],"wp:term":[{"taxonomy":"category","embeddable":true,"href":"https:\/\/aconteceunovale.com.br\/portal\/index.php?rest_route=%2Fwp%2Fv2%2Fcategories&post=160288"},{"taxonomy":"post_tag","embeddable":true,"href":"https:\/\/aconteceunovale.com.br\/portal\/index.php?rest_route=%2Fwp%2Fv2%2Ftags&post=160288"}],"curies":[{"name":"wp","href":"https:\/\/api.w.org\/{rel}","templated":true}]}}