{"id":160283,"date":"2020-04-01T16:40:00","date_gmt":"2020-04-01T19:40:00","guid":{"rendered":"http:\/\/aconteceunovale.com.br\/portal\/?p=160283"},"modified":"2020-04-01T16:41:13","modified_gmt":"2020-04-01T19:41:13","slug":"produtores-rurais-devem-adotar-habitos-de-prevencao-contra-o-coronavirus","status":"publish","type":"post","link":"https:\/\/aconteceunovale.com.br\/portal\/?p=160283","title":{"rendered":"Produtores rurais devem adotar h\u00e1bitos de preven\u00e7\u00e3o contra o coronav\u00edrus"},"content":{"rendered":"\n<p>Mesmo quem mora no campo, longe das grandes cidades, deve se prevenir contra o Covid-19, pois n\u00e3o est\u00e1 livre do risco de contrair o v\u00edrus. Muito produtores rurais mantiveram suas atividades para garantir a oferta de alimentos \u00e0 sociedade e est\u00e3o em contato permanente com outros trabalhadores. Al\u00e9m disso, diversos agricultores precisam se deslocar at\u00e9 os locais de comercializa\u00e7\u00e3o. Por isso, todas as medidas de preven\u00e7\u00e3o devem ser adotadas, de acordo com as orienta\u00e7\u00f5es das autoridades de sa\u00fade.<\/p>\n\n\n\n<p>Os cuidados come\u00e7am dentro da propriedade. A presen\u00e7a de pessoas que n\u00e3o moram ou trabalham no local deve ser restrita. Outra preven\u00e7\u00e3o importante est\u00e1 relacionada aos equipamentos utilizados, considerando que o v\u00edrus permanece em superf\u00edcies por muito tempo.&nbsp;Por isso, a recomenda\u00e7\u00e3o \u00e9 n\u00e3o compartilhar o uso de enxadas, p\u00e1s, rastelos e outros objetos. Se isso acontecer, \u00e9 importante higienizar a ferramenta sempre que ela for usada. O produtor tamb\u00e9m deve lavar as m\u00e3os com \u00e1gua e sab\u00e3o ap\u00f3s o uso dos equipamentos de trabalho e evitar tocar o rosto.<\/p>\n\n\n\n<p>No caso de copos, garrafas, talheres e pratos, eles nunca devem ser compartilhados. Cada trabalhador no campo deve utilizar somente seu pr\u00f3prio utens\u00edlio para comer ou beber \u00e1gua, porque o coronav\u00edrus \u00e9 facilmente transmitido pela saliva.<\/p>\n\n\n\n<p>Os animais n\u00e3o transmitem o Covid-19. Mas os equipamentos utilizados no trato com as cria\u00e7\u00f5es precisam ser sempre higienizados, principalmente aqueles manuseados por mais de uma pessoa. \u00c9 o caso de ordenhadeiras, baldes e sacarias. Os ve\u00edculos tamb\u00e9m podem ser focos de transmiss\u00e3o. O ideal \u00e9 que eles sejam utilizados sempre pela mesma pessoa e que ma\u00e7anetas, volantes, c\u00e2mbios e pain\u00e9is estejam sempre higienizados. Isso vale, por exemplo, para carros, caminh\u00f5es, tratores e colheitadeiras.<\/p>\n\n\n\n<figure class=\"wp-block-gallery columns-1 is-cropped wp-block-gallery-1 is-layout-flex wp-block-gallery-is-layout-flex\"><ul class=\"blocks-gallery-grid\"><li class=\"blocks-gallery-item\"><figure><img loading=\"lazy\" decoding=\"async\" width=\"650\" height=\"387\" src=\"http:\/\/aconteceunovale.com.br\/portal\/wp-content\/uploads\/2020\/04\/produtor_corona.png\" alt=\"\" data-id=\"160284\" data-full-url=\"http:\/\/aconteceunovale.com.br\/portal\/wp-content\/uploads\/2020\/04\/produtor_corona.png\" data-link=\"http:\/\/aconteceunovale.com.br\/portal\/?attachment_id=160284\" class=\"wp-image-160284\" srcset=\"https:\/\/aconteceunovale.com.br\/portal\/wp-content\/uploads\/2020\/04\/produtor_corona.png 650w, https:\/\/aconteceunovale.com.br\/portal\/wp-content\/uploads\/2020\/04\/produtor_corona-300x179.png 300w\" sizes=\"auto, (max-width: 650px) 100vw, 650px\" \/><figcaption class=\"blocks-gallery-item__caption\"><em>Os cuidados come\u00e7am dentro da propriedade &#8211; Foto: Divulga\u00e7\u00e3o \/ Emater-MG<\/em><\/figcaption><\/figure><\/li><\/ul><\/figure>\n\n\n\n<p><strong>Comercializa\u00e7\u00e3o<\/strong><\/p>\n\n\n\n<p>Muitos agricultores saem de suas propriedades para vender a produ\u00e7\u00e3o ou para fazer a entrega em pontos de comercializa\u00e7\u00e3o. Nestes casos, \u00e9 preciso evitar aglomera\u00e7\u00f5es e manter uma dist\u00e2ncia de mais de um metro entre as pessoas. O cumprimento com apertos de m\u00e3o, abra\u00e7o e beijo n\u00e3o \u00e9 recomendado.<\/p>\n\n\n\n<p>Ap\u00f3s o contato com dinheiro, cart\u00f5es de banco e embalagens, os especialistas na \u00e1rea de sa\u00fade recomendam que as m\u00e3os devem ser higienizadas com \u00e1gua e sab\u00e3o ou \u00e1lcool gel.&nbsp; A orienta\u00e7\u00e3o vale ainda para quem tocar em frutas, legumes e verduras, pois a superf\u00edcie desses produtos tamb\u00e9m pode ser contaminada ap\u00f3s o manuseio ou contato com got\u00edculas de saliva de alguma pessoa que esteja doente.<\/p>\n\n\n\n<p>Nos munic\u00edpios onde o funcionamento de feiras livres foi mantido, a orienta\u00e7\u00e3o \u00e9 separar as barracas com dist\u00e2ncia m\u00ednima de tr\u00eas metros entre elas. A\u00a0Secretaria de Estado de Agricultura, Pecu\u00e1ria e Abastecimento (Seapa)\u00a0enviou\u00a0<a rel=\"noreferrer noopener\" href=\"http:\/\/agricultura.mg.gov.br\/images\/documentos\/2-%20Informativo%20Seapa.pdf\" target=\"_blank\">um informativo<\/a>\u00a0para os prefeitos de todos os munic\u00edpios com as medidas que devem ser adotadas no caso de funcionamento de feiras. Elas fazem parte da Delibera\u00e7\u00e3o do Comit\u00ea Extraordin\u00e1rio Covid-19 n\u00ba 17, de 22 de mar\u00e7o de 2020.<\/p>\n\n\n\n<p>Ao retornar para casa, o produtor deve limpar o ve\u00edculo, os sapatos, lavar a roupa que utilizou e, principalmente, higienizar as m\u00e3os com \u00e1gua e sab\u00e3o.<\/p>\n\n\n\n<p><strong>Grupos de risco<\/strong><\/p>\n\n\n\n<p>De acordo com as autoridades de sa\u00fade, todas as pessoas com sintomas de gripe devem ser afastadas de suas atividades. E aquelas que pertencem aos grupos de risco \u2013&nbsp; mais de 60 anos de idade e portadores de doen\u00e7as como diabetes, doen\u00e7as card\u00edacas e respirat\u00f3rias \u2013 devem permanecer em casa.<\/p>\n\n\n\n<p><strong>Atendimento Emater-MG<\/strong><\/p>\n\n\n\n<p>A\u00a0Emater-MG\u00a0est\u00e1 atendendo os produtores rurais, por meio do Plant\u00e3o T\u00e9cnico virtual, para tirar d\u00favidas e dar orienta\u00e7\u00f5es pelo site\u00a0<a rel=\"noreferrer noopener\" href=\"http:\/\/www.emater.mg.gov.br\/\" target=\"_blank\">www.emater.mg.gov.br<\/a>. Outro canal de informa\u00e7\u00e3o \u00e9 o WhatsApp pelo n\u00famero (31) 9 8453-6231. Os produtores tamb\u00e9m podem mandar um e-mail para os escrit\u00f3rios locais. Os endere\u00e7os est\u00e3o dispon\u00edveis no site da Emater-MG.<\/p>\n\n\n\n<p class=\"has-background has-very-light-gray-background-color\">Quer saber as not\u00edcias do <strong>Aconteceu no Vale<\/strong> em primeira m\u00e3o? Siga-nos no Facebook <a rel=\"noreferrer noopener\" href=\"http:\/\/facebook.com\/aconteceunovale\" target=\"_blank\">@aconteceunovale<\/a>, Twitter <a rel=\"noreferrer noopener\" href=\"https:\/\/twitter.com\/noticiadosvales\" target=\"_blank\">@noticiadosvales<\/a> e Instagram <a rel=\"noreferrer noopener\" href=\"https:\/\/www.instagram.com\/aconteceunovale\" target=\"_blank\">@aconteceunovale<\/a>.<\/p>\n","protected":false},"excerpt":{"rendered":"<p>Mesmo quem mora no campo, longe das grandes cidades, deve se prevenir contra o Covid-19, pois n\u00e3o est\u00e1 livre do risco de contrair o v\u00edrus. Muito produtores rurais mantiveram suas atividades para garantir a oferta de alimentos \u00e0 sociedade e est\u00e3o em contato permanente com outros trabalhadores. Al\u00e9m disso, diversos agricultores precisam se deslocar at\u00e9 [&hellip;]<\/p>\n","protected":false},"author":1,"featured_media":160284,"comment_status":"open","ping_status":"closed","sticky":false,"template":"","format":"standard","meta":{"amp_status":"","footnotes":""},"categories":[123],"tags":[214884,218703,216498,734,25775,218704,218702,218705],"class_list":["post-160283","post","type-post","status-publish","format-standard","has-post-thumbnail","hentry","category-gerais","tag-coronavirus","tag-coronavirus-na-zona-rural","tag-covid-19","tag-emater","tag-emater-mg","tag-prevencao-ao-coronavirus-na-zona-rural","tag-produtores-rurais-devem-adotar-habitos-de-prevencao-contra-o-coronavirus","tag-zona-rural-coronavirus"],"_links":{"self":[{"href":"https:\/\/aconteceunovale.com.br\/portal\/index.php?rest_route=\/wp\/v2\/posts\/160283","targetHints":{"allow":["GET"]}}],"collection":[{"href":"https:\/\/aconteceunovale.com.br\/portal\/index.php?rest_route=\/wp\/v2\/posts"}],"about":[{"href":"https:\/\/aconteceunovale.com.br\/portal\/index.php?rest_route=\/wp\/v2\/types\/post"}],"author":[{"embeddable":true,"href":"https:\/\/aconteceunovale.com.br\/portal\/index.php?rest_route=\/wp\/v2\/users\/1"}],"replies":[{"embeddable":true,"href":"https:\/\/aconteceunovale.com.br\/portal\/index.php?rest_route=%2Fwp%2Fv2%2Fcomments&post=160283"}],"version-history":[{"count":1,"href":"https:\/\/aconteceunovale.com.br\/portal\/index.php?rest_route=\/wp\/v2\/posts\/160283\/revisions"}],"predecessor-version":[{"id":160285,"href":"https:\/\/aconteceunovale.com.br\/portal\/index.php?rest_route=\/wp\/v2\/posts\/160283\/revisions\/160285"}],"wp:featuredmedia":[{"embeddable":true,"href":"https:\/\/aconteceunovale.com.br\/portal\/index.php?rest_route=\/wp\/v2\/media\/160284"}],"wp:attachment":[{"href":"https:\/\/aconteceunovale.com.br\/portal\/index.php?rest_route=%2Fwp%2Fv2%2Fmedia&parent=160283"}],"wp:term":[{"taxonomy":"category","embeddable":true,"href":"https:\/\/aconteceunovale.com.br\/portal\/index.php?rest_route=%2Fwp%2Fv2%2Fcategories&post=160283"},{"taxonomy":"post_tag","embeddable":true,"href":"https:\/\/aconteceunovale.com.br\/portal\/index.php?rest_route=%2Fwp%2Fv2%2Ftags&post=160283"}],"curies":[{"name":"wp","href":"https:\/\/api.w.org\/{rel}","templated":true}]}}