{"id":160279,"date":"2020-04-01T16:31:58","date_gmt":"2020-04-01T19:31:58","guid":{"rendered":"http:\/\/aconteceunovale.com.br\/portal\/?p=160279"},"modified":"2020-04-01T16:32:52","modified_gmt":"2020-04-01T19:32:52","slug":"novas-especies-de-libelula-sao-descobertas-em-minas-gerais","status":"publish","type":"post","link":"https:\/\/aconteceunovale.com.br\/portal\/?p=160279","title":{"rendered":"Novas esp\u00e9cies de lib\u00e9lula s\u00e3o descobertas em Minas Gerais"},"content":{"rendered":"\n<p>Um trabalho cient\u00edfico, conduzido por professores de institui\u00e7\u00f5es federais de ensino de Minas Gerais e do Paran\u00e1, localizou duas novas esp\u00e9cies de lib\u00e9lula ainda n\u00e3o descritas pela ci\u00eancia na \u00e1rea do Parque Estadual da Serra do Papagaio, regi\u00e3o Sul do estado.&nbsp;<\/p>\n\n\n\n<p>O trabalho de descri\u00e7\u00e3o acabou de ser conclu\u00eddo e uma das esp\u00e9cies j\u00e1 est\u00e1 pronta para ser oficializada. Ela aguarda apenas publica\u00e7\u00e3o em revista cient\u00edfica para ser efetivada como a 61\u00aa esp\u00e9cie no mundo a ser descrita da fam\u00edlia Libellulidae para o g\u00eanero Erythrodiplax e a 41\u00aa esp\u00e9cie do mesmo grupo com ocorr\u00eancia no Brasil.<\/p>\n\n\n\n<p>Considerando o n\u00famero total de esp\u00e9cies de todos os grupos, s\u00e3o cerca de 5,7 mil em todo o mundo e 870 em territ\u00f3rio nacional. No caso da segunda esp\u00e9cie, ela \u00e9 uma novidade: pertence \u00e0 fam\u00edlia Heteragrionidae e ao g\u00eanero Heteragrion, mas os trabalhos de identifica\u00e7\u00e3o ainda est\u00e3o em andamento.<\/p>\n\n\n\n<p>O trabalho de coleta dos animais na unidade de conserva\u00e7\u00e3o, \u00a0gerenciado pelo\u00a0Instituto Estadual de Florestas (IEF), ocorreu entre 2015 e 2017. Coordenada pelo professor Marcos Magalh\u00e3es de Souza, do Instituto Federal Sul de Minas, e pelo mestrando da Universidade Federal do Paran\u00e1 (UFPR), Caio dos Anjos, a coleta pode resultar ainda em uma terceira esp\u00e9cie in\u00e9dita de lib\u00e9lula. Esta ainda est\u00e1 sendo investigada.<\/p>\n\n\n\n<figure class=\"wp-block-gallery columns-1 is-cropped wp-block-gallery-1 is-layout-flex wp-block-gallery-is-layout-flex\"><ul class=\"blocks-gallery-grid\"><li class=\"blocks-gallery-item\"><figure><img loading=\"lazy\" decoding=\"async\" width=\"650\" height=\"400\" src=\"http:\/\/aconteceunovale.com.br\/portal\/wp-content\/uploads\/2020\/04\/novas_libelulas_1.jpg\" alt=\"\" data-id=\"160280\" class=\"wp-image-160280\" srcset=\"https:\/\/aconteceunovale.com.br\/portal\/wp-content\/uploads\/2020\/04\/novas_libelulas_1.jpg 650w, https:\/\/aconteceunovale.com.br\/portal\/wp-content\/uploads\/2020\/04\/novas_libelulas_1-300x185.jpg 300w, https:\/\/aconteceunovale.com.br\/portal\/wp-content\/uploads\/2020\/04\/novas_libelulas_1-356x220.jpg 356w\" sizes=\"auto, (max-width: 650px) 100vw, 650px\" \/><figcaption class=\"blocks-gallery-item__caption\"><em>Foto: Marcos Magalh\u00e3es \/ Divulga\u00e7\u00e3o<\/em><\/figcaption><\/figure><\/li><\/ul><\/figure>\n\n\n\n<p><strong>Indicadores biol\u00f3gicos<\/strong><\/p>\n\n\n\n<p>Segundo o diretor geral do IEF, Ant\u00f4nio Malard, as lib\u00e9lulas s\u00e3o importantes indicadores biol\u00f3gicos e t\u00eam um papel significativo no ecossistema. \u201c\u00c9 necess\u00e1rio destacar que cada nova esp\u00e9cie descoberta demonstra a import\u00e2ncia da pesquisa para conserva\u00e7\u00e3o e gera\u00e7\u00e3o de conhecimento sobre a biodiversidade em Minas, refor\u00e7ando o papel das unidades de conserva\u00e7\u00e3o, da gest\u00e3o da fauna e das parcerias entre IEF e institui\u00e7\u00f5es de ensino e pesquisa\u201d, avalia.<\/p>\n\n\n\n<p>O trabalho de campo gerou a coleta de exemplares de cerca de 70 esp\u00e9cies, enviados \u00e0 Cole\u00e7\u00e3o Entomol\u00f3gica Padre Jesus Santiago Moure, da UFPR. O professor \u00c2ngelo Parise, que \u00e9 respons\u00e1vel pela cole\u00e7\u00e3o, tamb\u00e9m participa do trabalho em conjunto para descrever as esp\u00e9cies.<\/p>\n\n\n\n<p>\u201cNo meio desse lote de 70 esp\u00e9cies coletadas, temos essa que \u00e9 nova e est\u00e1 pronta, uma outra que tamb\u00e9m \u00e9 nova, mas ainda n\u00e3o finalizamos a descri\u00e7\u00e3o, e uma terceira que pode ser um inseto raro, com um registro do s\u00e9culo XIX e que j\u00e1 estava extinta\u201d, afirma o professor Marcos Magalh\u00e3es.<\/p>\n\n\n\n<p>Depois que \u00e9 feita a coleta, os exemplares v\u00e3o para o laborat\u00f3rio, onde \u00e9 feita a an\u00e1lise da genit\u00e1lia, colora\u00e7\u00e3o, nerva\u00e7\u00e3o das asas, entre outras caracter\u00edsticas. O passo seguinte \u00e9 a compara\u00e7\u00e3o das caracter\u00edsticas observadas com as esp\u00e9cies que j\u00e1 existem, quando os professores percebem se \u00e9 algum inseto que j\u00e1 foi descrito ou n\u00e3o.<\/p>\n\n\n\n<figure class=\"wp-block-gallery aligncenter columns-1 is-cropped wp-block-gallery-2 is-layout-flex wp-block-gallery-is-layout-flex\"><ul class=\"blocks-gallery-grid\"><li class=\"blocks-gallery-item\"><figure><img loading=\"lazy\" decoding=\"async\" width=\"382\" height=\"450\" src=\"http:\/\/aconteceunovale.com.br\/portal\/wp-content\/uploads\/2020\/04\/novas_libelulas_2.jpg\" alt=\"\" data-id=\"160281\" data-full-url=\"http:\/\/aconteceunovale.com.br\/portal\/wp-content\/uploads\/2020\/04\/novas_libelulas_2.jpg\" data-link=\"http:\/\/aconteceunovale.com.br\/portal\/?attachment_id=160281\" class=\"wp-image-160281\" srcset=\"https:\/\/aconteceunovale.com.br\/portal\/wp-content\/uploads\/2020\/04\/novas_libelulas_2.jpg 382w, https:\/\/aconteceunovale.com.br\/portal\/wp-content\/uploads\/2020\/04\/novas_libelulas_2-255x300.jpg 255w, https:\/\/aconteceunovale.com.br\/portal\/wp-content\/uploads\/2020\/04\/novas_libelulas_2-357x420.jpg 357w\" sizes=\"auto, (max-width: 382px) 100vw, 382px\" \/><figcaption class=\"blocks-gallery-item__caption\"><em>Foto: Marcos Magalh\u00e3es \/ Divulga\u00e7\u00e3o<\/em><\/figcaption><\/figure><\/li><\/ul><\/figure>\n\n\n\n<p><strong>Caracter\u00edsticas<\/strong><\/p>\n\n\n\n<p>Para chegar \u00e0 nova esp\u00e9cie que j\u00e1 teve o trabalho conclu\u00eddo, foram examinados dois machos adultos coletados em novembro de 2015 em \u00e1reas montanhosas de floresta mista, principal dom\u00ednio do Parque da Serra do Papagaio. \u00c9 uma lib\u00e9lula de porte m\u00e9dio, de cor azul-esverdeada e colora\u00e7\u00e3o azul leve que se forma no abd\u00f4men do animal. O professor Marcos Magalh\u00e3es destaca que os novos registros s\u00e3o muito importantes para o parque. \u201cMostra a relev\u00e2ncia em termos de diversidade da unidade de conserva\u00e7\u00e3o. \u00c9 muito importante conservar o parque para n\u00e3o perdermos esse patrim\u00f4nio de milh\u00f5es de anos\u201d, afirma.<\/p>\n\n\n\n<p><strong>Outras descobertas<\/strong><\/p>\n\n\n\n<p>N\u00e3o \u00e9 a primeira vez que o professor Marcos Magalh\u00e3es, que coordena o Laborat\u00f3rio de Zoologia do Campus Inconfidentes do IF Sul de Minas, encontra novas esp\u00e9cies da fauna. Ele j\u00e1 havia descoberto duas novas esp\u00e9cies de lib\u00e9lulas em Barroso, no Campo das Vertentes, e uma de marimbondo no mesmo Parque Estadual da Serra do Papagaio, todas j\u00e1 descritas e com trabalho de identifica\u00e7\u00e3o conclu\u00eddo.&nbsp;<\/p>\n\n\n\n<p><strong>O parque&nbsp;<\/strong><\/p>\n\n\n\n<p>O Parque Estadual Serra do Papagaio \u00e9 uma unidade de conserva\u00e7\u00e3o de 22,9 mil hectares, situado nos munic\u00edpios de Alagoa, Aiuruoca, Baependi, Itamonte e Pouso Alto, todos no Sul de Minas. O parque possui sede administrativa, centro de pesquisa com alojamento, hospedagem de visitantes, heliponto e mais de 50 trilhas e 50 atrativos em sua \u00e1rea delimitada.<\/p>\n\n\n\n<p class=\"has-background has-very-light-gray-background-color\">Quer saber as not\u00edcias do <strong>Aconteceu no Vale<\/strong> em primeira m\u00e3o? Siga-nos no Facebook <a rel=\"noreferrer noopener\" href=\"http:\/\/facebook.com\/aconteceunovale\" target=\"_blank\">@aconteceunovale<\/a>, Twitter <a rel=\"noreferrer noopener\" href=\"https:\/\/twitter.com\/noticiadosvales\" target=\"_blank\">@noticiadosvales<\/a> e Instagram <a rel=\"noreferrer noopener\" href=\"https:\/\/www.instagram.com\/aconteceunovale\" target=\"_blank\">@aconteceunovale<\/a>.<\/p>\n","protected":false},"excerpt":{"rendered":"<p>Um trabalho cient\u00edfico, conduzido por professores de institui\u00e7\u00f5es federais de ensino de Minas Gerais e do Paran\u00e1, localizou duas novas esp\u00e9cies de lib\u00e9lula ainda n\u00e3o descritas pela ci\u00eancia na \u00e1rea do Parque Estadual da Serra do Papagaio, regi\u00e3o Sul do estado.&nbsp; O trabalho de descri\u00e7\u00e3o acabou de ser conclu\u00eddo e uma das esp\u00e9cies j\u00e1 est\u00e1 [&hellip;]<\/p>\n","protected":false},"author":1,"featured_media":160280,"comment_status":"open","ping_status":"closed","sticky":false,"template":"","format":"standard","meta":{"amp_status":"","footnotes":""},"categories":[123],"tags":[31797,72239,206576,12265,218700,218696,748,130632,38221,218698,4762,218694,218697,218692,218693,218691,218690,218701,218695,110301,73974,72233,218699],"class_list":["post-160279","post","type-post","status-publish","format-standard","has-post-thumbnail","hentry","category-gerais","tag-aiuruoca","tag-alagoa","tag-antonio-malard","tag-baependi","tag-caio-dos-anjos","tag-erythrodiplax","tag-ief","tag-if-sul-de-minas","tag-instituto-estadual-de-florestas","tag-instituto-federal-sul-de-minas","tag-itamonte","tag-libellulidae","tag-marcos-magalhaes-de-souza","tag-novas-especies-de-libelula","tag-novas-especies-de-libelula-em-minas-gerais","tag-novas-especies-de-libelula-na-serra-do-papagaio","tag-novas-especies-de-libelula-no-parque-da-serra-do-papagaio","tag-novas-especies-de-libelula-sao-descobertas-em-minas-gerais","tag-parque-da-serra-do-papagaio","tag-parque-estadual-da-serra-do-papagaio","tag-pouso-alto","tag-serra-do-papagaio","tag-ufrp"],"_links":{"self":[{"href":"https:\/\/aconteceunovale.com.br\/portal\/index.php?rest_route=\/wp\/v2\/posts\/160279","targetHints":{"allow":["GET"]}}],"collection":[{"href":"https:\/\/aconteceunovale.com.br\/portal\/index.php?rest_route=\/wp\/v2\/posts"}],"about":[{"href":"https:\/\/aconteceunovale.com.br\/portal\/index.php?rest_route=\/wp\/v2\/types\/post"}],"author":[{"embeddable":true,"href":"https:\/\/aconteceunovale.com.br\/portal\/index.php?rest_route=\/wp\/v2\/users\/1"}],"replies":[{"embeddable":true,"href":"https:\/\/aconteceunovale.com.br\/portal\/index.php?rest_route=%2Fwp%2Fv2%2Fcomments&post=160279"}],"version-history":[{"count":1,"href":"https:\/\/aconteceunovale.com.br\/portal\/index.php?rest_route=\/wp\/v2\/posts\/160279\/revisions"}],"predecessor-version":[{"id":160282,"href":"https:\/\/aconteceunovale.com.br\/portal\/index.php?rest_route=\/wp\/v2\/posts\/160279\/revisions\/160282"}],"wp:featuredmedia":[{"embeddable":true,"href":"https:\/\/aconteceunovale.com.br\/portal\/index.php?rest_route=\/wp\/v2\/media\/160280"}],"wp:attachment":[{"href":"https:\/\/aconteceunovale.com.br\/portal\/index.php?rest_route=%2Fwp%2Fv2%2Fmedia&parent=160279"}],"wp:term":[{"taxonomy":"category","embeddable":true,"href":"https:\/\/aconteceunovale.com.br\/portal\/index.php?rest_route=%2Fwp%2Fv2%2Fcategories&post=160279"},{"taxonomy":"post_tag","embeddable":true,"href":"https:\/\/aconteceunovale.com.br\/portal\/index.php?rest_route=%2Fwp%2Fv2%2Ftags&post=160279"}],"curies":[{"name":"wp","href":"https:\/\/api.w.org\/{rel}","templated":true}]}}