{"id":160276,"date":"2020-04-01T00:08:17","date_gmt":"2020-04-01T03:08:17","guid":{"rendered":"http:\/\/aconteceunovale.com.br\/portal\/?p=160276"},"modified":"2020-04-01T00:09:05","modified_gmt":"2020-04-01T03:09:05","slug":"estamos-diante-do-maior-desafio-da-nossa-geracao-diz-bolsonaro","status":"publish","type":"post","link":"https:\/\/aconteceunovale.com.br\/portal\/?p=160276","title":{"rendered":"&#8220;Estamos diante do maior desafio da nossa gera\u00e7\u00e3o&#8221;, diz Bolsonaro"},"content":{"rendered":"\n<p>O presidente Jair Bolsonaro fez na noite desta ter\u00e7a-feira (31\/03\/2020) pronunciamento em rede nacional de r\u00e1dio e TV no qual afirmou que a pandemia provocada pelo novo coronav\u00edrus (covid-19) \u00e9 o \u201cmaior desafio da nossa gera\u00e7\u00e3o\u201d. Bolsonaro voltou a enfatizar a necessidade de se implementar medidas para a preserva\u00e7\u00e3o de empregos. \u201cO efeito colateral das medidas de combate ao coronav\u00edrus n\u00e3o pode ser pior do que a pr\u00f3pria doen\u00e7a. A minha obriga\u00e7\u00e3o como presidente vai para al\u00e9m dos pr\u00f3ximos meses. Preparar o Brasil para a sua retomada, reorganizar nossa economia e mobilizar todos os nossos recursos e energia para tornar o Brasil ainda mais forte ap\u00f3s a pandemia.\u201d<\/p>\n\n\n\n<p>O presidente disse que as medidas de prote\u00e7\u00e3o \u00e0 popula\u00e7\u00e3o est\u00e3o sendo implementadas de forma coordenada, racional e respons\u00e1vel. Segundo Bolsonaro, o Brasil avan\u00e7ou muito nos \u00faltimos 15 meses, desde que tomou posse em janeiro de 2019, e sua preocupa\u00e7\u00e3o sempre foi salvar vidas. \u201cTanto as que perderemos pela pandemia quanto aquelas que ser\u00e3o atingidas pelo desemprego, viol\u00eancia e fome.\u201d<\/p>\n\n\n\n<p>Ele destacou pol\u00edticas em defesa do emprego e da renda como a ajuda financeira aos estados e munic\u00edpios (com adiamento de pagamento das d\u00edvidas), linhas de cr\u00e9dito para empresas, aux\u00edlio mensal de R$ 600 aos trabalhadores informais e vulner\u00e1veis e entrada de cerca de 1,2 milh\u00e3o de fam\u00edlias no programa Bolsa Fam\u00edlia. \u201cTemos uma miss\u00e3o: salvar vidas, sem deixar para tr\u00e1s os empregos. Por um lado, temos que ter cautela e precau\u00e7\u00e3o com todos, principalmente junto aos mais idosos e portadores de doen\u00e7as preexistentes. Por outro, temos que combater o desemprego, que cresce rapidamente, em especial entre os mais pobres. Vamos cumprir essa miss\u00e3o ao mesmo tempo em que cuidamos da sa\u00fade das pessoas.\u201d<\/p>\n\n\n\n<h2 class=\"wp-block-heading\">OMS<\/h2>\n\n\n\n<p>Bolsonaro citou a fala do diretor-geral da Organiza\u00e7\u00e3o Mundial da Sa\u00fade (OMS), Tedros Adhanom, que disse ontem (30) que h\u00e1 muitas muitas pessoas que t\u00eam que trabalhar todos os dias e que essa popula\u00e7\u00e3o precisa ser levada em conta pelo governo. \u201c[O diretor-geral] continua ainda: &#8216;Se fecharmos ou limitarmos movimenta\u00e7\u00f5es, o que acontecer\u00e1 com estas pessoas, que t\u00eam que trabalhar todos os dias e que t\u00eam que ganhar o p\u00e3o de cada dia todos os dias?&#8217; Ele prossegue: &#8216;Ent\u00e3o, cada pa\u00eds, baseado em sua situa\u00e7\u00e3o, deveria responder a esta quest\u00e3o&#8217;\u201d, disse o presidente em refer\u00eancia \u00e0 fala de Tedros Adhanom.<\/p>\n\n\n\n<p>&#8220;N\u00e3o me valho dessas palavras para negar a import\u00e2ncia das medidas de preven\u00e7\u00e3o e controle da pandemia, mas para mostrar que da mesma forma precisamos pensar nos mais vulner\u00e1veis. Esta tem sido a minha preocupa\u00e7\u00e3o desde o princ\u00edpio&#8221;, acrescentou o presidente, ao citar trabalhadores informais e aut\u00f4nomos<\/p>\n\n\n\n<p>Nesta ter\u00e7a-feira, pelas redes sociais, o diretor-presidente da organiza\u00e7\u00e3o, sem citar o presidente brasileiro,&nbsp; se manifestou e afirmou que pessoas sem renda merecem ter a dignidade garantida e convocou os pa\u00edses a desenvolverem pol\u00edticas que forne\u00e7am prote\u00e7\u00e3o econ\u00f4mica a essas pessoas. &#8220;Eu cresci pobre e entendo essa realidade. Convoco os pa\u00edses a desenvolverem pol\u00edticas que forne\u00e7am prote\u00e7\u00e3o econ\u00f4mica \u00e0s pessoas que n\u00e3o possam receber ou trabalhar devido \u00e0 pandemia da covid-19. Solidariedade&#8221;, disse em mensagem retuitada pela OMS.<\/p>\n\n\n\n<h2 class=\"wp-block-heading\">Sa\u00fade<\/h2>\n\n\n\n<p>Bolsonaro afirmou que o governo est\u00e1 adquirindo novos leitos com respiradores, equipamentos de prote\u00e7\u00e3o individual (EPI),\u00a0<em>kits<\/em>\u00a0para testes e outros insumos. Tamb\u00e9m destacou o\u00a0adiamento, por 60 dias, do reajuste de medicamentos\u00a0no Brasil.<\/p>\n\n\n\n<p>O presidente voltou a falar que a hidroxicloroquina parece eficaz contra o novo coronav\u00edrus, mas que ainda n\u00e3o h\u00e1 vacina ou rem\u00e9dio com efici\u00eancia cientificamente comprovada.<\/p>\n\n\n\n<p>\u201cNa \u00faltima Reuni\u00e3o do G-20 [grupo das vinte principais economias do mundo], n\u00f3s, os chefes de Estado e de Governo, nos comprometemos a proteger vidas e a preservar empregos. Assim o farei\u201d, disse.<\/p>\n\n\n\n<p>Bolsonaro destacou o emprego das For\u00e7as Armadas no combate ao novo coronav\u00edrus e a cria\u00e7\u00e3o de um Centro de Opera\u00e7\u00f5es para realizar a\u00e7\u00f5es de montagem de postos de triagem de pacientes, apoio a campanhas, log\u00edstica e transporte de medicamentos e equipamentos de sa\u00fade.<\/p>\n\n\n\n<p>O presidente destacou que determinou ao ministro da Sa\u00fade, Luiz Henrique Mandetta, &#8220;que n\u00e3o poupasse esfor\u00e7os, apoiando atrav\u00e9s do SUS todos os estados do Brasil, aumentando a capacidade da rede de sa\u00fade e preparando-a para o combate \u00e0 pandemia\u201d.<\/p>\n\n\n\n<p>Bolsonaro agradeceu ainda os profissionais de sa\u00fade e voltou a falar da import\u00e2ncia da colabora\u00e7\u00e3o de Legislativo, Executivo, Judici\u00e1rio e sociedade civil para a preserva\u00e7\u00e3o da vida e dos empregos.<\/p>\n\n\n\n<h2 class=\"wp-block-heading\">Pronunciamento<\/h2>\n\n\n\n<figure><iframe loading=\"lazy\" width=\"560\" height=\"315\" src=\"https:\/\/www.youtube.com\/embed\/fy_HP3_gOoI\" allowfullscreen=\"\"><\/iframe><\/figure>\n\n\n\n<p class=\"has-background has-very-light-gray-background-color\">Quer saber as not\u00edcias do <strong>Aconteceu no Vale<\/strong> em primeira m\u00e3o? Siga-nos no Facebook <a rel=\"noreferrer noopener\" href=\"http:\/\/facebook.com\/aconteceunovale\" target=\"_blank\">@aconteceunovale<\/a>, Twitter <a rel=\"noreferrer noopener\" href=\"https:\/\/twitter.com\/noticiadosvales\" target=\"_blank\">@noticiadosvales<\/a> e Instagram <a rel=\"noreferrer noopener\" href=\"https:\/\/www.instagram.com\/aconteceunovale\" target=\"_blank\">@aconteceunovale<\/a>.<\/p>\n","protected":false},"excerpt":{"rendered":"<p>O presidente Jair Bolsonaro fez na noite desta ter\u00e7a-feira (31\/03\/2020) pronunciamento em rede nacional de r\u00e1dio e TV no qual afirmou que a pandemia provocada pelo novo coronav\u00edrus (covid-19) \u00e9 o \u201cmaior desafio da nossa gera\u00e7\u00e3o\u201d. Bolsonaro voltou a enfatizar a necessidade de se implementar medidas para a preserva\u00e7\u00e3o de empregos. \u201cO efeito colateral das [&hellip;]<\/p>\n","protected":false},"author":1,"featured_media":160277,"comment_status":"open","ping_status":"closed","sticky":false,"template":"","format":"standard","meta":{"amp_status":"","footnotes":""},"categories":[6,40240],"tags":[100375,214884,216498,1018,218687,26436,218686,218684,174222,218685,218689,218688],"class_list":["post-160276","post","type-post","status-publish","format-standard","has-post-thumbnail","hentry","category-br","category-politica-2","tag-bolsonaro","tag-coronavirus","tag-covid-19","tag-destaque","tag-estamos-diante-do-maior-desafio-da-nossa-geracao","tag-jair-bolsonaro","tag-maior-desafio-da-nossa-geracao","tag-novo-pronunciamento-bolsonaro","tag-presidente-jair-bolsonaro","tag-pronunciamento-bolsonaro","tag-pronunciamento-bolsonaro-31-de-marco","tag-pronunciamento-bolsonaro-31-03"],"_links":{"self":[{"href":"https:\/\/aconteceunovale.com.br\/portal\/index.php?rest_route=\/wp\/v2\/posts\/160276","targetHints":{"allow":["GET"]}}],"collection":[{"href":"https:\/\/aconteceunovale.com.br\/portal\/index.php?rest_route=\/wp\/v2\/posts"}],"about":[{"href":"https:\/\/aconteceunovale.com.br\/portal\/index.php?rest_route=\/wp\/v2\/types\/post"}],"author":[{"embeddable":true,"href":"https:\/\/aconteceunovale.com.br\/portal\/index.php?rest_route=\/wp\/v2\/users\/1"}],"replies":[{"embeddable":true,"href":"https:\/\/aconteceunovale.com.br\/portal\/index.php?rest_route=%2Fwp%2Fv2%2Fcomments&post=160276"}],"version-history":[{"count":1,"href":"https:\/\/aconteceunovale.com.br\/portal\/index.php?rest_route=\/wp\/v2\/posts\/160276\/revisions"}],"predecessor-version":[{"id":160278,"href":"https:\/\/aconteceunovale.com.br\/portal\/index.php?rest_route=\/wp\/v2\/posts\/160276\/revisions\/160278"}],"wp:featuredmedia":[{"embeddable":true,"href":"https:\/\/aconteceunovale.com.br\/portal\/index.php?rest_route=\/wp\/v2\/media\/160277"}],"wp:attachment":[{"href":"https:\/\/aconteceunovale.com.br\/portal\/index.php?rest_route=%2Fwp%2Fv2%2Fmedia&parent=160276"}],"wp:term":[{"taxonomy":"category","embeddable":true,"href":"https:\/\/aconteceunovale.com.br\/portal\/index.php?rest_route=%2Fwp%2Fv2%2Fcategories&post=160276"},{"taxonomy":"post_tag","embeddable":true,"href":"https:\/\/aconteceunovale.com.br\/portal\/index.php?rest_route=%2Fwp%2Fv2%2Ftags&post=160276"}],"curies":[{"name":"wp","href":"https:\/\/api.w.org\/{rel}","templated":true}]}}