{"id":160262,"date":"2020-03-31T19:18:35","date_gmt":"2020-03-31T22:18:35","guid":{"rendered":"http:\/\/aconteceunovale.com.br\/portal\/?p=160262"},"modified":"2020-03-31T19:21:23","modified_gmt":"2020-03-31T22:21:23","slug":"brasil-tem-201-obitos-por-coronavirus-e-5-717-casos-confirmados","status":"publish","type":"post","link":"https:\/\/aconteceunovale.com.br\/portal\/?p=160262","title":{"rendered":"Brasil tem 201 \u00f3bitos por coronav\u00edrus e 5.717 casos confirmados"},"content":{"rendered":"\n<p>O n\u00famero de mortes em raz\u00e3o do novo coronav\u00edrus chegou a 201, nesta ter\u00e7a-feira (31\/03\/2020), conforme nova atualiza\u00e7\u00e3o divulgada pelo Minist\u00e9rio da Sa\u00fade. O resultado marca um aumento de 26% em rela\u00e7\u00e3o a ontem (30), quando foram registrados 159 \u00f3bitos.<\/p>\n\n\n\n<p>As mortes ocorreram em S\u00e3o Paulo (136), Rio de Janeiro (23), Cear\u00e1 (sete), Pernambuco (seis), Piau\u00ed (quatro), Rio Grande do Sul (quatro), Paran\u00e1 (tr\u00eas), Amazonas (tr\u00eas), Distrito Federal (tr\u00eas), Minas Gerais (duas), Bahia (duas), Santa Catarina (duas), Alagoas (uma), Maranh\u00e3o (uma), Goi\u00e1s (uma), Rond\u00f4nia (uma) e Rio Grande do Norte (uma). &nbsp;<\/p>\n\n\n\n<p>O n\u00famero de novas mortes, 42, foi o maior da s\u00e9rie hist\u00f3rica. O maior quantitativo de \u00f3bitos em um dia at\u00e9 ent\u00e3o tinha sido&nbsp;23, no dia de&nbsp;ontem (30).<\/p>\n\n\n\n<p>Em rela\u00e7\u00e3o ao perfil, 41,4% eram mulheres e 68,6% eram homens. Em rela\u00e7\u00e3o \u00e0 idade, 89% estavam na faixa acima de 60 anos. Em rela\u00e7\u00e3o \u00e0s complica\u00e7\u00f5es de sa\u00fade, a maioria (107) apresentavam cardiopatia,&nbsp;&nbsp;75 tinham diabetes, 33 pneumopatia e 22 alguma condi\u00e7\u00e3o neurol\u00f3gica.<\/p>\n\n\n\n<p>J\u00e1 os casos confirmados sa\u00edram de 4.579 para 5.717. O resultado de novas 1.138 pessoas infectadas em um dia foi mais que o dobro do maior registrado at\u00e9 agora, de 502 novos casos no dia 27 de mar\u00e7o.<\/p>\n\n\n\n<p>Os estados com mais casos s\u00e3o S\u00e3o Paulo (2.339), Rio de Janeiro (708), Cear\u00e1 (390), Distrito Federal (332) e Minas Gerais (275). A menor incid\u00eancia est\u00e1 em estados da Regi\u00e3o Norte, como Rond\u00f4nia (oito), Amap\u00e1 (10), Tocantins (11) e Roraima (16). &nbsp;<\/p>\n\n\n\n<p>O \u00edndice de letalidade, que estava abaixo de 2% no final de semana, ficou em 3,5% no balan\u00e7o de hoje, o mesmo registrado ontem.<\/p>\n\n\n\n<p>As hospitaliza\u00e7\u00f5es sa\u00edram de 757, ontem, para 1.075,\u00a0hoje (31).<\/p>\n\n\n\n<figure class=\"wp-block-gallery columns-1 is-cropped wp-block-gallery-1 is-layout-flex wp-block-gallery-is-layout-flex\"><ul class=\"blocks-gallery-grid\"><li class=\"blocks-gallery-item\"><figure><img loading=\"lazy\" decoding=\"async\" width=\"678\" height=\"406\" src=\"http:\/\/aconteceunovale.com.br\/portal\/wp-content\/uploads\/2020\/03\/coronavirus.jpg\" alt=\"\" data-id=\"160263\" class=\"wp-image-160263\" srcset=\"https:\/\/aconteceunovale.com.br\/portal\/wp-content\/uploads\/2020\/03\/coronavirus.jpg 678w, https:\/\/aconteceunovale.com.br\/portal\/wp-content\/uploads\/2020\/03\/coronavirus-300x180.jpg 300w\" sizes=\"auto, (max-width: 678px) 100vw, 678px\" \/><figcaption class=\"blocks-gallery-item__caption\"><em> For\u00e7as Armadas promovem a\u00e7\u00e3o de desinfec\u00e7\u00e3o no Hospital Regional da Asa Norte (HRAN), em Bras\u00edlia, uma das medidas adotadas para prevenir a contamina\u00e7\u00e3o pelo novo coronav\u00edrus &#8211; Foto: Marcello Casal Jr \/ Ag\u00eancia Brasil <\/em><\/figcaption><\/figure><\/li><\/ul><\/figure>\n\n\n\n<h2 class=\"wp-block-heading\">Manuten\u00e7\u00e3o do isolamento<\/h2>\n\n\n\n<p>O ministro da Sa\u00fade, Luiz Henrique Mandetta, argumentou que a pandemia n\u00e3o entrou na curva ascendente porque houve \u201cconscientiza\u00e7\u00e3o de todo mundo\u201d. Mas a situa\u00e7\u00e3o de&nbsp;hoje&nbsp;reflete a din\u00e2mica de 14 dias atr\u00e1s. \u201cN\u00e3o temos nem 7 dias que estamos ficando em casa. Por isso que \u00e9 importante manter\u201d, defendeu.<\/p>\n\n\n\n<p>Mandetta refor\u00e7ou a import\u00e2ncia das medidas de isolamento social, mas que o governo discute as condi\u00e7\u00f5es para uma movimenta\u00e7\u00e3o de abertura, o que chamou de \u201ccondicionantes\u201d.<\/p>\n\n\n\n<p>Entre elas, o abastecimento dos profissionais de sa\u00fade com Equipamentos de Prote\u00e7\u00e3o Individual (EPIs), que ainda s\u00e3o insuficientes, de acordo com levantamentos que v\u00eam sendo realizados por entidades como o Conselho Federal de Medicina e a Associa\u00e7\u00e3o M\u00e9dica Brasileira. O ministro informou que foi finalizada compra de 300 milh\u00f5es kits desses equipamentos.<\/p>\n\n\n\n<p>\u201cNo momento vamos fazer o m\u00e1ximo de distanciamento social, o m\u00e1ximo de perman\u00eancia nas resid\u00eancias para que quando chegarmos no momento de estarmos preparados, vamos monitorando pela epidemiologia. Vai ser um trabalho de precis\u00e3o. Nem t\u00e3o amarrado que possamos ser arrastados, e nem t\u00e3o acelerado que possamos cair numa cachoeira\u201d, declarou.<\/p>\n\n\n\n<h2 class=\"wp-block-heading\">Sistema de monitoramento<\/h2>\n\n\n\n<p>Mandetta anunciou que o governo colocar\u00e1 em funcionamento um sistema de monitoramento dos brasileiros que chegar\u00e1 a 125 milh\u00f5es de pessoas. A plataforma, baseada em intelig\u00eancia artificial, entrar\u00e1 em contato com os brasileiros na base de dados do governo e obter\u00e1 informa\u00e7\u00f5es sobre a condi\u00e7\u00e3o de sa\u00fade.<\/p>\n\n\n\n<p>\u201cO conjunto dessas informa\u00e7\u00f5es ser\u00e1 usado para que a gente antecipe quem \u00e9 risco, onde est\u00e1, o nome e isso deve ser grande ferramenta de gest\u00e3o de pessoas\u201d, informou&nbsp;o titular da pasta.<\/p>\n\n\n\n<p>O governo divulgou os dados sobre o avan\u00e7o de covid-19&nbsp;em coletiva de imprensa no Pal\u00e1cio do Planalto. Participaram o ministro-chefe da Casa Civil, Walter Braga Netto; da Economia, Paulo Guedes; da Sa\u00fade, Luiz Henrique Mandetta; e da Justi\u00e7a e Seguran\u00e7a P\u00fablica, Sergio Moro.<\/p>\n\n\n\n<p><strong>Acompanhe a entrevista coletiva na \u00edntegra:<\/strong><\/p>\n\n\n\n<figure><iframe loading=\"lazy\" src=\"https:\/\/www.facebook.com\/plugins\/video.php?href=https%3A%2F%2Fwww.facebook.com%2Fminsaude%2Fvideos%2F644706149434796%2F&amp;show_text=0&amp;width=560\" width=\"560\" height=\"315\" style=\"border:none;overflow:hidden\" scrolling=\"no\" frameborder=\"0\" allowtransparency=\"true\" allowfullscreen=\"true\"><\/iframe><\/figure>\n\n\n\n<h2 class=\"wp-block-heading\">Kits de teste r\u00e1pido<\/h2>\n\n\n\n<p>Nesta ter\u00e7a-feira desembarcou no Aeroporto de Cumbica, em Guarulhos (SP), o\u00a0primeiro lote de 500 mil\u00a0de testes de detec\u00e7\u00e3o r\u00e1pida para a covid-19. O lote faz parte de uma compra de\u00a0compra de 5 milh\u00f5es\u00a0de\u00a0<em>kits\u00a0<\/em>efetuada pela Vale. O teste, produzido pela empresa chinesa Wondfo, tem registro na Ag\u00eancia Nacional de Vigil\u00e2ncia Sanit\u00e1ria (Anvisa). Ele detecta anticorpos e permite que se tenha um resultado em apenas 15 minutos.<\/p>\n\n\n\n<h2 class=\"wp-block-heading\">Casos por estado<\/h2>\n\n\n\n<figure class=\"wp-block-table\"><table class=\"has-subtle-light-gray-background-color has-background\"><tbody><tr><td class=\"has-text-align-center\" data-align=\"center\">   <strong>Estado   <\/strong><\/td><td class=\"has-text-align-center\" data-align=\"center\"><strong>   Casos confirmados   <\/strong><\/td><td class=\"has-text-align-center\" data-align=\"center\"><strong>   \u00d3bitos confirmados   <\/strong><\/td><\/tr><tr><td class=\"has-text-align-center\" data-align=\"center\">\n  Acre\n  <\/td><td class=\"has-text-align-center\" data-align=\"center\">\n  42\n  <\/td><td class=\"has-text-align-center\" data-align=\"center\">\n  0\n  <\/td><\/tr><tr><td class=\"has-text-align-center\" data-align=\"center\">\n  Alagoas\n  <\/td><td class=\"has-text-align-center\" data-align=\"center\">\n  18\n  <\/td><td class=\"has-text-align-center\" data-align=\"center\">\n  1\n  <\/td><\/tr><tr><td class=\"has-text-align-center\" data-align=\"center\">\n  Amap\u00e1\n  <\/td><td class=\"has-text-align-center\" data-align=\"center\">\n  10\n  <\/td><td class=\"has-text-align-center\" data-align=\"center\">\n  0\n  <\/td><\/tr><tr><td class=\"has-text-align-center\" data-align=\"center\">\n  Amazonas\n  <\/td><td class=\"has-text-align-center\" data-align=\"center\">\n  173\n  <\/td><td class=\"has-text-align-center\" data-align=\"center\">\n  3\n  <\/td><\/tr><tr><td class=\"has-text-align-center\" data-align=\"center\">\n  Bahia\n  <\/td><td class=\"has-text-align-center\" data-align=\"center\">\n  213\n  <\/td><td class=\"has-text-align-center\" data-align=\"center\">\n  2\n  <\/td><\/tr><tr><td class=\"has-text-align-center\" data-align=\"center\">\n  Cear\u00e1\n  <\/td><td class=\"has-text-align-center\" data-align=\"center\">\n  390\n  <\/td><td class=\"has-text-align-center\" data-align=\"center\">\n  7\n  <\/td><\/tr><tr><td class=\"has-text-align-center\" data-align=\"center\">\n  Distrito Federal\n  <\/td><td class=\"has-text-align-center\" data-align=\"center\">\n  332\n  <\/td><td class=\"has-text-align-center\" data-align=\"center\">\n  3\n  <\/td><\/tr><tr><td class=\"has-text-align-center\" data-align=\"center\">\n  Esp\u00edrito Santo\n  <\/td><td class=\"has-text-align-center\" data-align=\"center\">\n  84\n  <\/td><td class=\"has-text-align-center\" data-align=\"center\">\n  0\n  <\/td><\/tr><tr><td class=\"has-text-align-center\" data-align=\"center\">\n  Goi\u00e1s\n  <\/td><td class=\"has-text-align-center\" data-align=\"center\">\n  65\n  <\/td><td class=\"has-text-align-center\" data-align=\"center\">\n  1\n  <\/td><\/tr><tr><td class=\"has-text-align-center\" data-align=\"center\">\n  Maranh\u00e3o\n  <\/td><td class=\"has-text-align-center\" data-align=\"center\">\n  31\n  <\/td><td class=\"has-text-align-center\" data-align=\"center\">\n  1\n  <\/td><\/tr><tr><td class=\"has-text-align-center\" data-align=\"center\">\n  Mato Grosso\n  <\/td><td class=\"has-text-align-center\" data-align=\"center\">\n  25\n  <\/td><td class=\"has-text-align-center\" data-align=\"center\">\n  0\n  <\/td><\/tr><tr><td class=\"has-text-align-center\" data-align=\"center\">\n  Mato Grosso do Sul\n  <\/td><td class=\"has-text-align-center\" data-align=\"center\">\n  48\n  <\/td><td class=\"has-text-align-center\" data-align=\"center\">\n  1\n  <\/td><\/tr><tr><td class=\"has-text-align-center\" data-align=\"center\">\n  Minas Gerais\n  <\/td><td class=\"has-text-align-center\" data-align=\"center\">\n  275\n  <\/td><td class=\"has-text-align-center\" data-align=\"center\">\n  2\n  <\/td><\/tr><tr><td class=\"has-text-align-center\" data-align=\"center\">\n  Paran\u00e1\n  <\/td><td class=\"has-text-align-center\" data-align=\"center\">\n  179\n  <\/td><td class=\"has-text-align-center\" data-align=\"center\">\n  3\n  <\/td><\/tr><tr><td class=\"has-text-align-center\" data-align=\"center\">\n  Para\u00edba\n  <\/td><td class=\"has-text-align-center\" data-align=\"center\">\n  17\n  <\/td><td class=\"has-text-align-center\" data-align=\"center\">\n  0\n  <\/td><\/tr><tr><td class=\"has-text-align-center\" data-align=\"center\">\n  Par\u00e1\n  <\/td><td class=\"has-text-align-center\" data-align=\"center\">\n  32\n  <\/td><td class=\"has-text-align-center\" data-align=\"center\">\n  0\n  <\/td><\/tr><tr><td class=\"has-text-align-center\" data-align=\"center\">\n  Pernambuco\n  <\/td><td class=\"has-text-align-center\" data-align=\"center\">\n  87\n  <\/td><td class=\"has-text-align-center\" data-align=\"center\">\n  6\n  <\/td><\/tr><tr><td class=\"has-text-align-center\" data-align=\"center\">\n  Piau\u00ed\n  <\/td><td class=\"has-text-align-center\" data-align=\"center\">\n  18\n  <\/td><td class=\"has-text-align-center\" data-align=\"center\">\n  4\n  <\/td><\/tr><tr><td class=\"has-text-align-center\" data-align=\"center\">\n  Rio Grande do Norte\n  <\/td><td class=\"has-text-align-center\" data-align=\"center\">\n  82\n  <\/td><td class=\"has-text-align-center\" data-align=\"center\">\n  1\n  <\/td><\/tr><tr><td class=\"has-text-align-center\" data-align=\"center\">\n  Rio Grande do Sul\n  <\/td><td class=\"has-text-align-center\" data-align=\"center\">\n  274\n  <\/td><td class=\"has-text-align-center\" data-align=\"center\">\n  4\n  <\/td><\/tr><tr><td class=\"has-text-align-center\" data-align=\"center\">\n  Rio de Janeiro\n  <\/td><td class=\"has-text-align-center\" data-align=\"center\">\n  708\n  <\/td><td class=\"has-text-align-center\" data-align=\"center\">\n  23\n  <\/td><\/tr><tr><td class=\"has-text-align-center\" data-align=\"center\">\n  Rond\u00f4nia\n  <\/td><td class=\"has-text-align-center\" data-align=\"center\">\n  8\n  <\/td><td class=\"has-text-align-center\" data-align=\"center\">\n  1\n  <\/td><\/tr><tr><td class=\"has-text-align-center\" data-align=\"center\">\n  Roraima\n  <\/td><td class=\"has-text-align-center\" data-align=\"center\">\n  16\n  <\/td><td class=\"has-text-align-center\" data-align=\"center\">\n  0\n  <\/td><\/tr><tr><td class=\"has-text-align-center\" data-align=\"center\">\n  Santa Catarina\n  <\/td><td class=\"has-text-align-center\" data-align=\"center\">\n  219\n  <\/td><td class=\"has-text-align-center\" data-align=\"center\">\n  2\n  <\/td><\/tr><tr><td class=\"has-text-align-center\" data-align=\"center\">\n  Sergipe\n  <\/td><td class=\"has-text-align-center\" data-align=\"center\">\n  19\n  <\/td><td class=\"has-text-align-center\" data-align=\"center\">\n  0\n  <\/td><\/tr><tr><td class=\"has-text-align-center\" data-align=\"center\">\n  S\u00e3o Paulo\n  <\/td><td class=\"has-text-align-center\" data-align=\"center\">\n  2339\n  <\/td><td class=\"has-text-align-center\" data-align=\"center\">\n  136\n  <\/td><\/tr><tr><td class=\"has-text-align-center\" data-align=\"center\">\n  Tocantins\n  <\/td><td class=\"has-text-align-center\" data-align=\"center\">\n  11\n  <\/td><td class=\"has-text-align-center\" data-align=\"center\">\n  0\n  <\/td><\/tr><\/tbody><\/table><\/figure>\n\n\n\n<p class=\"has-background has-very-light-gray-background-color\">Quer saber as not\u00edcias do <strong>Aconteceu no Vale<\/strong> em primeira m\u00e3o? Siga-nos no Facebook <a rel=\"noreferrer noopener\" href=\"http:\/\/facebook.com\/aconteceunovale\" target=\"_blank\">@aconteceunovale<\/a>, Twitter <a rel=\"noreferrer noopener\" href=\"https:\/\/twitter.com\/noticiadosvales\" target=\"_blank\">@noticiadosvales<\/a> e Instagram <a rel=\"noreferrer noopener\" href=\"https:\/\/www.instagram.com\/aconteceunovale\" target=\"_blank\">@aconteceunovale<\/a>.<\/p>\n","protected":false},"excerpt":{"rendered":"<p>O n\u00famero de mortes em raz\u00e3o do novo coronav\u00edrus chegou a 201, nesta ter\u00e7a-feira (31\/03\/2020), conforme nova atualiza\u00e7\u00e3o divulgada pelo Minist\u00e9rio da Sa\u00fade. O resultado marca um aumento de 26% em rela\u00e7\u00e3o a ontem (30), quando foram registrados 159 \u00f3bitos. As mortes ocorreram em S\u00e3o Paulo (136), Rio de Janeiro (23), Cear\u00e1 (sete), Pernambuco (seis), [&hellip;]<\/p>\n","protected":false},"author":1,"featured_media":160263,"comment_status":"open","ping_status":"closed","sticky":false,"template":"","format":"standard","meta":{"amp_status":"","footnotes":""},"categories":[6,40242],"tags":[218665,218664,218049,218205,214884,218472,215394,216498,218043,1018,19326,218044,218045,218206],"class_list":["post-160262","post","type-post","status-publish","format-standard","has-post-thumbnail","hentry","category-br","category-saude-2","tag-brasil-tem-201-obitos-por-coronavirus","tag-brasil-tem-201-obitos-por-coronavirus-e-5-717-casos-confirmados","tag-casos-de-coronavirus-no-brasil","tag-casos-de-covid-19-no-brasil","tag-coronavirus","tag-coronavirus-em-27-de-marco-brasil-tem-92-mortes-e-3-417-casos-confirmados","tag-coronavirus-no-brasil","tag-covid-19","tag-covid-19-no-brasil","tag-destaque","tag-ministerio-da-saude","tag-mortes-por-coronavirus-no-brasil","tag-mortes-por-covid-19-no-brasil","tag-numero-de-casos-de-covid-19-confirmados-no-brasil"],"_links":{"self":[{"href":"https:\/\/aconteceunovale.com.br\/portal\/index.php?rest_route=\/wp\/v2\/posts\/160262","targetHints":{"allow":["GET"]}}],"collection":[{"href":"https:\/\/aconteceunovale.com.br\/portal\/index.php?rest_route=\/wp\/v2\/posts"}],"about":[{"href":"https:\/\/aconteceunovale.com.br\/portal\/index.php?rest_route=\/wp\/v2\/types\/post"}],"author":[{"embeddable":true,"href":"https:\/\/aconteceunovale.com.br\/portal\/index.php?rest_route=\/wp\/v2\/users\/1"}],"replies":[{"embeddable":true,"href":"https:\/\/aconteceunovale.com.br\/portal\/index.php?rest_route=%2Fwp%2Fv2%2Fcomments&post=160262"}],"version-history":[{"count":1,"href":"https:\/\/aconteceunovale.com.br\/portal\/index.php?rest_route=\/wp\/v2\/posts\/160262\/revisions"}],"predecessor-version":[{"id":160264,"href":"https:\/\/aconteceunovale.com.br\/portal\/index.php?rest_route=\/wp\/v2\/posts\/160262\/revisions\/160264"}],"wp:featuredmedia":[{"embeddable":true,"href":"https:\/\/aconteceunovale.com.br\/portal\/index.php?rest_route=\/wp\/v2\/media\/160263"}],"wp:attachment":[{"href":"https:\/\/aconteceunovale.com.br\/portal\/index.php?rest_route=%2Fwp%2Fv2%2Fmedia&parent=160262"}],"wp:term":[{"taxonomy":"category","embeddable":true,"href":"https:\/\/aconteceunovale.com.br\/portal\/index.php?rest_route=%2Fwp%2Fv2%2Fcategories&post=160262"},{"taxonomy":"post_tag","embeddable":true,"href":"https:\/\/aconteceunovale.com.br\/portal\/index.php?rest_route=%2Fwp%2Fv2%2Ftags&post=160262"}],"curies":[{"name":"wp","href":"https:\/\/api.w.org\/{rel}","templated":true}]}}