{"id":160255,"date":"2020-03-31T17:44:23","date_gmt":"2020-03-31T20:44:23","guid":{"rendered":"http:\/\/aconteceunovale.com.br\/portal\/?p=160255"},"modified":"2020-03-31T17:45:06","modified_gmt":"2020-03-31T20:45:06","slug":"governo-adia-reajuste-da-tarifa-de-pedagio-na-br-135","status":"publish","type":"post","link":"https:\/\/aconteceunovale.com.br\/portal\/?p=160255","title":{"rendered":"Governo adia reajuste da tarifa de ped\u00e1gio na BR-135"},"content":{"rendered":"\n<p>A\u00a0Secretaria de Estado de Infraestrutura e Mobilidade (Seinfra), em comum acordo com a concession\u00e1ria Eco135, decidiu adiar por 90 dias o reajuste anual das tarifas de ped\u00e1gio da concess\u00e3o da rodovia BR-135, que estava previsto para entrar em vigor nesta quarta-feira (1\/4). O objetivo \u00e9 contribuir para o enfrentamento dos impactos econ\u00f4micos provocados pela pandemia do coronav\u00edrus,\u00a0sobretudo para o transporte de pessoas e de cargas.<\/p>\n\n\n\n<p>Desta forma, a tarifa b\u00e1sica praticada desde abril do ano passado nas cinco pra\u00e7as da BR-135 e uma na LMG-754 permanecer\u00e1 R$ 7,20, para ve\u00edculos de passeio, e o mesmo valor por eixo para ve\u00edculos comerciais. Este seria o primeiro reajuste desde que a concession\u00e1ria assumiu a concess\u00e3o em julho de 2018.<\/p>\n\n\n\n<p>Todos os servi\u00e7os e melhorias assumidos em contrato pela concession\u00e1ria continuar\u00e3o sendo prestados e realizados dentro dos prazos estipulados, com especial cuidado para as a\u00e7\u00f5es de higiene e prote\u00e7\u00e3o dos usu\u00e1rios e empregados.<\/p>\n\n\n\n<p>Passados os 90 dias, a previs\u00e3o \u00e9 que a tarifa de ped\u00e1gio seja corrigida segundo a varia\u00e7\u00e3o da infla\u00e7\u00e3o medida pelo IPCA (\u00cdndice Nacional de Pre\u00e7os ao Consumidor Amplo) acumulada nos \u00faltimos 12 meses que, entre mar\u00e7o\/2019 e fevereiro\/2020, foi de 4,01%.<\/p>\n\n\n\n<figure class=\"wp-block-gallery columns-1 is-cropped wp-block-gallery-1 is-layout-flex wp-block-gallery-is-layout-flex\"><ul class=\"blocks-gallery-grid\"><li class=\"blocks-gallery-item\"><figure><img loading=\"lazy\" decoding=\"async\" width=\"678\" height=\"381\" src=\"http:\/\/aconteceunovale.com.br\/portal\/wp-content\/uploads\/2020\/03\/br_135.jpeg\" alt=\"\" data-id=\"160256\" class=\"wp-image-160256\" srcset=\"https:\/\/aconteceunovale.com.br\/portal\/wp-content\/uploads\/2020\/03\/br_135.jpeg 678w, https:\/\/aconteceunovale.com.br\/portal\/wp-content\/uploads\/2020\/03\/br_135-300x169.jpeg 300w\" sizes=\"auto, (max-width: 678px) 100vw, 678px\" \/><figcaption class=\"blocks-gallery-item__caption\"><em>Foto:  Arquivo \/ Eco135<\/em><\/figcaption><\/figure><\/li><\/ul><\/figure>\n\n\n\n<p><strong>Investimentos e receitas<\/strong><\/p>\n\n\n\n<p>Desde julho de 2018, quando come\u00e7ou a concess\u00e3o deste lote, j\u00e1 foram investidos R$ 189 milh\u00f5es em obras de melhorias e na presta\u00e7\u00e3o de servi\u00e7os nas rodovias BR-135 (Montes Claros a S\u00e3o Jos\u00e9 da Lagoa), MG-231 (Cordisburgo a Paraopeba) e LMG-754 (Curvelo a Cordisburgo).<\/p>\n\n\n\n<p>Al\u00e9m disso, entre abril e dezembro de 2019, foram repassados para as prefeituras R$ 7,2 milh\u00f5es em ISSQN, proveniente da arrecada\u00e7\u00e3o do ped\u00e1gio, gerando receita para os munic\u00edpios em forma de impostos.<\/p>\n\n\n\n<p><strong>Transportadores<\/strong><\/p>\n\n\n\n<p>Desde o in\u00edcio da pandemia, a concession\u00e1ria refor\u00e7ou o apoio aos caminhoneiros, e a outros profissionais da cadeia log\u00edstica, nas rodovias sob sua responsabilidade.<\/p>\n\n\n\n<p>Foram instalados dois postos avan\u00e7ados de atendimento ao caminhoneiro na BR-135 (Km 633 e Km 409) com avalia\u00e7\u00e3o de sa\u00fade, informa\u00e7\u00f5es sobre a Covid-19 e distribui\u00e7\u00e3o de frutas.<\/p>\n\n\n\n<p>Tamb\u00e9m foi elaborada uma lista atualizada de postos de combust\u00edvel e servi\u00e7os abertos na BR-135, incluindo informa\u00e7\u00f5es sobre quais estabelecimentos est\u00e3o servindo refei\u00e7\u00f5es.<\/p>\n\n\n\n<p>Al\u00e9m disso, est\u00e1 sendo oferecido para aqueles que param nas pra\u00e7as de ped\u00e1gio \u00e1lcool 70%, logo ap\u00f3s receberem o troco. <\/p>\n\n\n\n<p class=\"has-background has-very-light-gray-background-color\">Quer saber as not\u00edcias do <strong>Aconteceu no Vale<\/strong> em primeira m\u00e3o? Siga-nos no Facebook <a rel=\"noreferrer noopener\" href=\"http:\/\/facebook.com\/aconteceunovale\" target=\"_blank\">@aconteceunovale<\/a>, Twitter <a rel=\"noreferrer noopener\" href=\"https:\/\/twitter.com\/noticiadosvales\" target=\"_blank\">@noticiadosvales<\/a> e Instagram <a rel=\"noreferrer noopener\" href=\"https:\/\/www.instagram.com\/aconteceunovale\" target=\"_blank\">@aconteceunovale<\/a>.<\/p>\n","protected":false},"excerpt":{"rendered":"<p>A\u00a0Secretaria de Estado de Infraestrutura e Mobilidade (Seinfra), em comum acordo com a concession\u00e1ria Eco135, decidiu adiar por 90 dias o reajuste anual das tarifas de ped\u00e1gio da concess\u00e3o da rodovia BR-135, que estava previsto para entrar em vigor nesta quarta-feira (1\/4). O objetivo \u00e9 contribuir para o enfrentamento dos impactos econ\u00f4micos provocados pela pandemia [&hellip;]<\/p>\n","protected":false},"author":1,"featured_media":160256,"comment_status":"open","ping_status":"closed","sticky":false,"template":"","format":"standard","meta":{"amp_status":"","footnotes":""},"categories":[123,1236],"tags":[218659,218661,207131,30022,197,189479,218660,54226,149257,210,1437,197539,218658,218662,26433],"class_list":["post-160255","post","type-post","status-publish","format-standard","has-post-thumbnail","hentry","category-gerais","category-norte_de_minas","tag-aumento-do-valor-do-pedagio-da-br-135","tag-aumento-pedagio-da-br-135","tag-br-135-2","tag-cordisburgo","tag-curvelo","tag-eco135","tag-governo-adia-reajuste-da-tarifa-de-pedagio-na-br-135","tag-lmg-754","tag-mg-231","tag-montes-claros","tag-paraopeba","tag-pedagio-br-135","tag-reajuste-do-pedagio-da-br-135","tag-reajuste-do-valor-do-pedagio-da-br-135","tag-sao-jose-da-lagoa"],"_links":{"self":[{"href":"https:\/\/aconteceunovale.com.br\/portal\/index.php?rest_route=\/wp\/v2\/posts\/160255","targetHints":{"allow":["GET"]}}],"collection":[{"href":"https:\/\/aconteceunovale.com.br\/portal\/index.php?rest_route=\/wp\/v2\/posts"}],"about":[{"href":"https:\/\/aconteceunovale.com.br\/portal\/index.php?rest_route=\/wp\/v2\/types\/post"}],"author":[{"embeddable":true,"href":"https:\/\/aconteceunovale.com.br\/portal\/index.php?rest_route=\/wp\/v2\/users\/1"}],"replies":[{"embeddable":true,"href":"https:\/\/aconteceunovale.com.br\/portal\/index.php?rest_route=%2Fwp%2Fv2%2Fcomments&post=160255"}],"version-history":[{"count":1,"href":"https:\/\/aconteceunovale.com.br\/portal\/index.php?rest_route=\/wp\/v2\/posts\/160255\/revisions"}],"predecessor-version":[{"id":160257,"href":"https:\/\/aconteceunovale.com.br\/portal\/index.php?rest_route=\/wp\/v2\/posts\/160255\/revisions\/160257"}],"wp:featuredmedia":[{"embeddable":true,"href":"https:\/\/aconteceunovale.com.br\/portal\/index.php?rest_route=\/wp\/v2\/media\/160256"}],"wp:attachment":[{"href":"https:\/\/aconteceunovale.com.br\/portal\/index.php?rest_route=%2Fwp%2Fv2%2Fmedia&parent=160255"}],"wp:term":[{"taxonomy":"category","embeddable":true,"href":"https:\/\/aconteceunovale.com.br\/portal\/index.php?rest_route=%2Fwp%2Fv2%2Fcategories&post=160255"},{"taxonomy":"post_tag","embeddable":true,"href":"https:\/\/aconteceunovale.com.br\/portal\/index.php?rest_route=%2Fwp%2Fv2%2Ftags&post=160255"}],"curies":[{"name":"wp","href":"https:\/\/api.w.org\/{rel}","templated":true}]}}