{"id":160252,"date":"2020-03-31T13:42:10","date_gmt":"2020-03-31T16:42:10","guid":{"rendered":"http:\/\/aconteceunovale.com.br\/portal\/?p=160252"},"modified":"2020-03-31T13:43:11","modified_gmt":"2020-03-31T16:43:11","slug":"regiao-do-jaiba-e-identificada-como-referencia-na-producao-de-frutas","status":"publish","type":"post","link":"https:\/\/aconteceunovale.com.br\/portal\/?p=160252","title":{"rendered":"Regi\u00e3o do Ja\u00edba \u00e9 identificada como refer\u00eancia na produ\u00e7\u00e3o de frutas"},"content":{"rendered":"\n<p>O\u00a0Instituto Mineiro de Agropecu\u00e1ria (IMA), \u00f3rg\u00e3o vinculado \u00e0\u00a0Secretaria de Agricultura, Pecu\u00e1ria e Abastecimento (Seapa), publicou a Portaria n\u00ba 1.968\/2020, que identifica a regi\u00e3o do Ja\u00edba como produtora de frutas.\u00a0<\/p>\n\n\n\n<p>A regi\u00e3o\u00a0\u00e9 importante polo de produ\u00e7\u00e3o de frutas e tem sido refer\u00eancia por se consolidar com novas tecnologias de cultivo.\u00a0Ap\u00f3s este reconhecimento pelo Estado,\u00a0o pr\u00f3ximo passo \u00e9 que o pedido de indica\u00e7\u00e3o geogr\u00e1fica seja enviado\u00a0para avalia\u00e7\u00e3o do Instituto Nacional de Propriedade Industrial (Inpi).\u00a0<\/p>\n\n\n\n<p>O estudo, realizado por Welge e Gon\u00e7alves Advogados Associados e pelo Servi\u00e7o Brasileiro de Apoio \u00e0s Micro e Pequenas Empresas (Sebrae), reconheceu o potencial econ\u00f4mico da explora\u00e7\u00e3o comercial da regi\u00e3o e, principalmente, a valoriza\u00e7\u00e3o social, j\u00e1 que a fruticultura \u00e9 fonte de recursos financeiros para as fam\u00edlias locais.<\/p>\n\n\n\n<figure class=\"wp-block-gallery columns-1 is-cropped wp-block-gallery-1 is-layout-flex wp-block-gallery-is-layout-flex\"><ul class=\"blocks-gallery-grid\"><li class=\"blocks-gallery-item\"><figure><img loading=\"lazy\" decoding=\"async\" width=\"666\" height=\"450\" src=\"http:\/\/aconteceunovale.com.br\/portal\/wp-content\/uploads\/2020\/03\/abacaxi_nm.jpg\" alt=\"\" data-id=\"160253\" class=\"wp-image-160253\" srcset=\"https:\/\/aconteceunovale.com.br\/portal\/wp-content\/uploads\/2020\/03\/abacaxi_nm.jpg 666w, https:\/\/aconteceunovale.com.br\/portal\/wp-content\/uploads\/2020\/03\/abacaxi_nm-300x203.jpg 300w, https:\/\/aconteceunovale.com.br\/portal\/wp-content\/uploads\/2020\/03\/abacaxi_nm-622x420.jpg 622w\" sizes=\"auto, (max-width: 666px) 100vw, 666px\" \/><figcaption class=\"blocks-gallery-item__caption\"><em>Foto: Eug\u00eanio S\u00e1vio \/ Divulga\u00e7\u00e3o<\/em><\/figcaption><\/figure><\/li><\/ul><\/figure>\n\n\n\n<p>Para o reconhecimento da regi\u00e3o, o IMA tamb\u00e9m considerou a \u00e1rea, a condi\u00e7\u00e3o clim\u00e1tica e a tradi\u00e7\u00e3o na produ\u00e7\u00e3o de frutas com excel\u00eancia. \u201c\u00c9 um prazer auxiliar a Associa\u00e7\u00e3o Central dos Fruticultores do Norte de&nbsp;Minas (Abanorte) neste justo pleito para obten\u00e7\u00e3o da indica\u00e7\u00e3o geogr\u00e1fica, visto que ela poder\u00e1 potencializar ainda mais os produtos, trazendo mais qualidade, reconhecimento e acesso a novos mercados\u201d, disse o gerente de Certifica\u00e7\u00e3o do IMA, o engenheiro agr\u00f4nomo Rog\u00e9rio Fernandes.<\/p>\n\n\n\n<p>Nilde Lage, presidente da Abanorte, reverencia o trabalho dos fruticultores do Norte de Minas. \u201c\u00c9 uma grande conquista para a Abanorte! Agradecemos a parceria do IMA\u201d, comemora.&nbsp;<\/p>\n\n\n\n<p><strong>Extens\u00e3o<\/strong><\/p>\n\n\n\n<p>A regi\u00e3o reconhecida envolve uma \u00e1rea de 18 mil km\u00b2 e abrange os munic\u00edpios de Ja\u00edba, Jana\u00faba, Matias Cardoso, Porteirinha, Nova Porteirinha, Verdel\u00e2ndia, Pedras de Maria da Cruz e Capit\u00e3o En\u00e9as, e parte dos munic\u00edpios de S\u00e3o Francisco, Janu\u00e1ria, Itacarambi, Manga e Montes Claros,\u00a0todos no Norte de Minas.<\/p>\n\n\n\n<p class=\"has-background has-very-light-gray-background-color\">Quer saber as not\u00edcias do <strong>Aconteceu no Vale<\/strong> em primeira m\u00e3o? Siga-nos no Facebook <a rel=\"noreferrer noopener\" href=\"http:\/\/facebook.com\/aconteceunovale\" target=\"_blank\">@aconteceunovale<\/a>, Twitter <a rel=\"noreferrer noopener\" href=\"https:\/\/twitter.com\/noticiadosvales\" target=\"_blank\">@noticiadosvales<\/a> e Instagram <a rel=\"noreferrer noopener\" href=\"https:\/\/www.instagram.com\/aconteceunovale\" target=\"_blank\">@aconteceunovale<\/a>.<\/p>\n","protected":false},"excerpt":{"rendered":"<p>O\u00a0Instituto Mineiro de Agropecu\u00e1ria (IMA), \u00f3rg\u00e3o vinculado \u00e0\u00a0Secretaria de Agricultura, Pecu\u00e1ria e Abastecimento (Seapa), publicou a Portaria n\u00ba 1.968\/2020, que identifica a regi\u00e3o do Ja\u00edba como produtora de frutas.\u00a0 A regi\u00e3o\u00a0\u00e9 importante polo de produ\u00e7\u00e3o de frutas e tem sido refer\u00eancia por se consolidar com novas tecnologias de cultivo.\u00a0Ap\u00f3s este reconhecimento pelo Estado,\u00a0o pr\u00f3ximo passo [&hellip;]<\/p>\n","protected":false},"author":1,"featured_media":160253,"comment_status":"open","ping_status":"closed","sticky":false,"template":"","format":"standard","meta":{"amp_status":"","footnotes":""},"categories":[1236],"tags":[26684,62353,1429,52589,1018,62351,20955,20954,1705,1058,204,205,1356,1708,210,218656,1805,3723,218652,218653,1194,125920,218657,137223,218654,218651,1522,27578,214588,176,1814,218655],"class_list":["post-160252","post","type-post","status-publish","format-standard","has-post-thumbnail","hentry","category-norte_de_minas","tag-abanorte","tag-associacao-central-dos-fruticultores-do-norte-de-minas","tag-capitao-eneas","tag-certificacao-do-ima","tag-destaque","tag-fruticultores-do-norte-de-minas","tag-ima","tag-instituto-mineiro-de-agropecuaria","tag-itacarambi","tag-jaiba","tag-janauba","tag-januaria","tag-manga","tag-matias-cardoso","tag-montes-claros","tag-nilde-lage","tag-nova-porteirinha","tag-pedras-de-maria-da-cruz","tag-polo-de-producao-de-frutas","tag-polo-de-producao-de-frutas-no-norte-de-minas","tag-porteirinha","tag-presidente-da-abanorte","tag-producao-de-frutas-no-norte-de-minas","tag-regiao-do-jaiba","tag-regiao-do-jaiba-e-identificada-como-produtora-de-frutas","tag-regiao-produtora-de-frutas","tag-sao-francisco","tag-seapa","tag-seapa-mg","tag-sebrae","tag-verdelandia","tag-welge-e-goncalves-advogados-associados"],"_links":{"self":[{"href":"https:\/\/aconteceunovale.com.br\/portal\/index.php?rest_route=\/wp\/v2\/posts\/160252","targetHints":{"allow":["GET"]}}],"collection":[{"href":"https:\/\/aconteceunovale.com.br\/portal\/index.php?rest_route=\/wp\/v2\/posts"}],"about":[{"href":"https:\/\/aconteceunovale.com.br\/portal\/index.php?rest_route=\/wp\/v2\/types\/post"}],"author":[{"embeddable":true,"href":"https:\/\/aconteceunovale.com.br\/portal\/index.php?rest_route=\/wp\/v2\/users\/1"}],"replies":[{"embeddable":true,"href":"https:\/\/aconteceunovale.com.br\/portal\/index.php?rest_route=%2Fwp%2Fv2%2Fcomments&post=160252"}],"version-history":[{"count":1,"href":"https:\/\/aconteceunovale.com.br\/portal\/index.php?rest_route=\/wp\/v2\/posts\/160252\/revisions"}],"predecessor-version":[{"id":160254,"href":"https:\/\/aconteceunovale.com.br\/portal\/index.php?rest_route=\/wp\/v2\/posts\/160252\/revisions\/160254"}],"wp:featuredmedia":[{"embeddable":true,"href":"https:\/\/aconteceunovale.com.br\/portal\/index.php?rest_route=\/wp\/v2\/media\/160253"}],"wp:attachment":[{"href":"https:\/\/aconteceunovale.com.br\/portal\/index.php?rest_route=%2Fwp%2Fv2%2Fmedia&parent=160252"}],"wp:term":[{"taxonomy":"category","embeddable":true,"href":"https:\/\/aconteceunovale.com.br\/portal\/index.php?rest_route=%2Fwp%2Fv2%2Fcategories&post=160252"},{"taxonomy":"post_tag","embeddable":true,"href":"https:\/\/aconteceunovale.com.br\/portal\/index.php?rest_route=%2Fwp%2Fv2%2Ftags&post=160252"}],"curies":[{"name":"wp","href":"https:\/\/api.w.org\/{rel}","templated":true}]}}