{"id":160249,"date":"2020-03-31T13:33:26","date_gmt":"2020-03-31T16:33:26","guid":{"rendered":"http:\/\/aconteceunovale.com.br\/portal\/?p=160249"},"modified":"2020-03-31T13:34:21","modified_gmt":"2020-03-31T16:34:21","slug":"hortas-domesticas-sao-alternativa-para-alimentacao-nutritiva-e-diversificada","status":"publish","type":"post","link":"https:\/\/aconteceunovale.com.br\/portal\/?p=160249","title":{"rendered":"Hortas dom\u00e9sticas s\u00e3o alternativa para alimenta\u00e7\u00e3o nutritiva e diversificada"},"content":{"rendered":"\n<p>Em tempos de alerta para cuidados com a sa\u00fade e para a preven\u00e7\u00e3o de doen\u00e7as, a alimenta\u00e7\u00e3o deve ganhar aten\u00e7\u00e3o especial. Produtos naturais, nutritivos, isentos de agrot\u00f3xicos e que podem ser produzidos na pr\u00f3pria resid\u00eancia surgem como alternativas saborosas e criativas.<\/p>\n\n\n\n<p>De acordo com a pesquisadora W\u00e2nia dos Santos Neves, da\u00a0Empresa de Pesquisa Agropecu\u00e1ria de Minas Gerais (Epamig), o cultivo de hortali\u00e7as pode ser feito em todos os tipos de casas e apartamentos, sendo necess\u00e1rio somente adaptar o tipo de cultivo ao espa\u00e7o e aos recursos dispon\u00edveis. \u201cO importante \u00e9 que se busque hortali\u00e7as de qualidade, levando em conta menor custo de produ\u00e7\u00e3o, menor impacto ao meio ambiente e o consumo de alimentos mais saud\u00e1veis\u201d, observa.<\/p>\n\n\n\n<p>Na zona urbana, o espa\u00e7o externo das \u00e1reas residenciais costuma ser bastante reduzido, o que faz com que o cultivo pare\u00e7a invi\u00e1vel. \u201c\u00c9 importante que as pessoas tomem conhecimento de que, mesmo em pequenos espa\u00e7os, \u00e9 poss\u00edvel cultivar hortali\u00e7as com a constru\u00e7\u00e3o de hortas de v\u00e1rias formas e tamanhos e em diferentes espa\u00e7os\u201d, aponta W\u00e2nia.<\/p>\n\n\n\n<figure class=\"wp-block-gallery columns-1 is-cropped wp-block-gallery-1 is-layout-flex wp-block-gallery-is-layout-flex\"><ul class=\"blocks-gallery-grid\"><li class=\"blocks-gallery-item\"><figure><img loading=\"lazy\" decoding=\"async\" width=\"678\" height=\"431\" src=\"http:\/\/aconteceunovale.com.br\/portal\/wp-content\/uploads\/2020\/03\/plantas_vasos.jpg\" alt=\"\" data-id=\"160250\" class=\"wp-image-160250\" srcset=\"https:\/\/aconteceunovale.com.br\/portal\/wp-content\/uploads\/2020\/03\/plantas_vasos.jpg 678w, https:\/\/aconteceunovale.com.br\/portal\/wp-content\/uploads\/2020\/03\/plantas_vasos-300x191.jpg 300w, https:\/\/aconteceunovale.com.br\/portal\/wp-content\/uploads\/2020\/03\/plantas_vasos-661x420.jpg 661w\" sizes=\"auto, (max-width: 678px) 100vw, 678px\" \/><figcaption class=\"blocks-gallery-item__caption\"><em>O cultivo em vasos e outros recipientes requer conhecimento sobre qual o tipo de raiz que cada planta desenvolve &#8211; Foto: W\u00e2nia Neves \/ Divulga\u00e7\u00e3o<\/em><\/figcaption><\/figure><\/li><\/ul><\/figure>\n\n\n\n<p>Independentemente da \u00e1rea dispon\u00edvel, do recipiente usado, do formato da horta e do posicionamento de plantio, algumas orienta\u00e7\u00f5es devem ser seguidas. O local escolhido deve ser de f\u00e1cil acesso e receber de quatro a cinco horas de sol por dia, para que as plantas se desenvolvam melhor. O recipiente ou canteiro deve ter boa drenagem para evitar o encharcamento do solo. A irriga\u00e7\u00e3o deve ser realizada sempre que necess\u00e1rio e o substrato deve conter os nutrientes necess\u00e1rios para as plantas (isso pode ser conseguido com aduba\u00e7\u00e3o com esterco de boi curtido, por exemplo).<\/p>\n\n\n\n<p>A escolha de mudas de qualidade \u00e9 fundamental na produ\u00e7\u00e3o, j\u00e1 que reflete no bom desenvolvimento da planta e em sua produtividade. Sobre as esp\u00e9cies a serem cultivadas, a pesquisadora alerta que \u00e9 essencial pesquisar sobre a \u00e9poca e o clima favor\u00e1vel ao desenvolvimento. \u201cTais informa\u00e7\u00f5es podem ser obtidas no verso da embalagem das sementes e em publica\u00e7\u00f5es t\u00e9cnicas como o livro&nbsp;101 Culturas, da Epamig. Tamb\u00e9m \u00e9 importante levar em considera\u00e7\u00e3o a prefer\u00eancia de consumo de hortali\u00e7as pelos integrantes da fam\u00edlia, j\u00e1 que determinadas esp\u00e9cies s\u00e3o muito apreciadas por algumas pessoas e outras nem tanto\u201d, completa.<\/p>\n\n\n\n<p>O cultivo em vasos e outros recipientes requer conhecimento sobre qual o tipo de raiz que cada planta desenvolve. Em recipientes pequenos e rasos, como garrafas pets e caixas de leite, \u00e9 recomendado o plantio de esp\u00e9cies de ra\u00edzes curtas. Em recipientes grandes e fundos, como vasos e jardineiras, podem ser plantadas esp\u00e9cies de ra\u00edzes longas. \u201cUma forma simples e pr\u00e1tica de saber qual o comprimento das ra\u00edzes \u00e9 pensar no porte da planta j\u00e1 que \u00e9 a raiz a respons\u00e1vel por mant\u00ea-la de p\u00e9. Se a hortali\u00e7a \u00e9 leve e com porte pequeno, como a salsa, suas ra\u00edzes s\u00e3o curtas, se a hortali\u00e7a \u00e9 de porte alto e \u00e9 mais pesada, como a berinjela, a raiz precisa ser longa para aguentar suportar o peso\u201d, ensina a pesquisadora.<\/p>\n\n\n\n<p>W\u00e2nia destaca v\u00e1rios benef\u00edcios das hortas dom\u00e9sticas, como o consumo de um alimento cultivado seguramente sem agrot\u00f3xico, o aumento da diversidade de verduras no card\u00e1pio da fam\u00edlia com custo baixo, o est\u00edmulo \u00e0 conviv\u00eancia com vizinhos e familiares e a gera\u00e7\u00e3o de renda complementar com a produ\u00e7\u00e3o excedente.<\/p>\n\n\n\n<p style=\"color:#ffffff\" class=\"has-text-color has-background has-vivid-green-cyan-background-color\">Fa\u00e7a download da\u00a0<a rel=\"noreferrer noopener\" href=\"http:\/\/www.epamig.br\/download\/circular-tecnica-253\/\" target=\"_blank\"><strong>circular t\u00e9cnica Hortas Urbanas<\/strong><\/a>\u00a0com recomenda\u00e7\u00f5es para a implanta\u00e7\u00e3o de hortas comunit\u00e1rias escolares.<\/p>\n\n\n\n<p class=\"has-background has-very-light-gray-background-color\">Quer saber as not\u00edcias do <strong>Aconteceu no Vale<\/strong> em primeira m\u00e3o? Siga-nos no Facebook <a rel=\"noreferrer noopener\" href=\"http:\/\/facebook.com\/aconteceunovale\" target=\"_blank\">@aconteceunovale<\/a>, Twitter <a rel=\"noreferrer noopener\" href=\"https:\/\/twitter.com\/noticiadosvales\" target=\"_blank\">@noticiadosvales<\/a> e Instagram <a rel=\"noreferrer noopener\" href=\"https:\/\/www.instagram.com\/aconteceunovale\" target=\"_blank\">@aconteceunovale<\/a>.<\/p>\n","protected":false},"excerpt":{"rendered":"<p>Em tempos de alerta para cuidados com a sa\u00fade e para a preven\u00e7\u00e3o de doen\u00e7as, a alimenta\u00e7\u00e3o deve ganhar aten\u00e7\u00e3o especial. Produtos naturais, nutritivos, isentos de agrot\u00f3xicos e que podem ser produzidos na pr\u00f3pria resid\u00eancia surgem como alternativas saborosas e criativas. De acordo com a pesquisadora W\u00e2nia dos Santos Neves, da\u00a0Empresa de Pesquisa Agropecu\u00e1ria de [&hellip;]<\/p>\n","protected":false},"author":1,"featured_media":160250,"comment_status":"open","ping_status":"closed","sticky":false,"template":"","format":"standard","meta":{"amp_status":"","footnotes":""},"categories":[123,40242],"tags":[40846,218644,49153,218646,218642,25884,218650,218648,218649,218647,218643,218645],"class_list":["post-160249","post","type-post","status-publish","format-standard","has-post-thumbnail","hentry","category-gerais","category-saude-2","tag-alimentacao-saudavel","tag-alimentos-naturais","tag-cuidados-com-a-saude","tag-cultivo-de-hortalicas-em-casa","tag-dicas-alimentacao-saudavel","tag-epamig","tag-horta-urbana","tag-hortas-comunitarias-urbanas","tag-hortas-domesticas-sao-alternativa-para-alimentacao-nutritiva-e-diversificada","tag-hortas-urbanas","tag-prevencao-de-doencas","tag-wania-dos-santos-neves"],"_links":{"self":[{"href":"https:\/\/aconteceunovale.com.br\/portal\/index.php?rest_route=\/wp\/v2\/posts\/160249","targetHints":{"allow":["GET"]}}],"collection":[{"href":"https:\/\/aconteceunovale.com.br\/portal\/index.php?rest_route=\/wp\/v2\/posts"}],"about":[{"href":"https:\/\/aconteceunovale.com.br\/portal\/index.php?rest_route=\/wp\/v2\/types\/post"}],"author":[{"embeddable":true,"href":"https:\/\/aconteceunovale.com.br\/portal\/index.php?rest_route=\/wp\/v2\/users\/1"}],"replies":[{"embeddable":true,"href":"https:\/\/aconteceunovale.com.br\/portal\/index.php?rest_route=%2Fwp%2Fv2%2Fcomments&post=160249"}],"version-history":[{"count":1,"href":"https:\/\/aconteceunovale.com.br\/portal\/index.php?rest_route=\/wp\/v2\/posts\/160249\/revisions"}],"predecessor-version":[{"id":160251,"href":"https:\/\/aconteceunovale.com.br\/portal\/index.php?rest_route=\/wp\/v2\/posts\/160249\/revisions\/160251"}],"wp:featuredmedia":[{"embeddable":true,"href":"https:\/\/aconteceunovale.com.br\/portal\/index.php?rest_route=\/wp\/v2\/media\/160250"}],"wp:attachment":[{"href":"https:\/\/aconteceunovale.com.br\/portal\/index.php?rest_route=%2Fwp%2Fv2%2Fmedia&parent=160249"}],"wp:term":[{"taxonomy":"category","embeddable":true,"href":"https:\/\/aconteceunovale.com.br\/portal\/index.php?rest_route=%2Fwp%2Fv2%2Fcategories&post=160249"},{"taxonomy":"post_tag","embeddable":true,"href":"https:\/\/aconteceunovale.com.br\/portal\/index.php?rest_route=%2Fwp%2Fv2%2Ftags&post=160249"}],"curies":[{"name":"wp","href":"https:\/\/api.w.org\/{rel}","templated":true}]}}