{"id":160239,"date":"2020-03-30T22:53:08","date_gmt":"2020-03-31T01:53:08","guid":{"rendered":"http:\/\/aconteceunovale.com.br\/portal\/?p=160239"},"modified":"2020-03-30T22:53:39","modified_gmt":"2020-03-31T01:53:39","slug":"estrutura-do-hospital-de-campanha-do-expominas-sera-entregue-nesta-sexta-feira","status":"publish","type":"post","link":"https:\/\/aconteceunovale.com.br\/portal\/?p=160239","title":{"rendered":"Estrutura do hospital de campanha do Expominas ser\u00e1 entregue nesta sexta-feira"},"content":{"rendered":"\n<p>&#8220;Um conceito militar diz: se quer a paz, prepare-se para a guerra&#8221;. A fala \u00e9 do major Fl\u00e1vio Santiago, porta-voz da\u00a0Pol\u00edcia Militar de Minas Gerais, respons\u00e1vel pelo an\u00fancio de a\u00e7\u00f5es realizadas pelo Estado na montagem do hospital de campanha no Expominas, em Belo Horizonte.<\/p>\n\n\n\n<p>A a\u00e7\u00e3o \u00e9 uma das iniciativas do\u00a0Governo de Minas\u00a0para se antecipar \u00e0s necessidades que possam surgir com a pandemia do coronav\u00edrus, Covid-19. Com expectativa de entrega da primeira fase de montagem nesta sexta-feira (3\/4), as obras s\u00e3o executadas por empresa privada com o apoio de militares da PMMG e do\u00a0Corpo de Bombeiros. &#8220;Cerca de 100 profissionais trabalham diariamente, em turnos de 24 horas. A gest\u00e3o \u00e9 da Diretoria de Apoio Log\u00edstico da PM. Conclu\u00eddo, o hospital ter\u00e1 a disponibilidade de 800 leitos, sendo 100 para atendimento a casos de alta complexidade&#8221;, detalha o major.<\/p>\n\n\n\n<figure class=\"wp-block-gallery columns-1 is-cropped wp-block-gallery-1 is-layout-flex wp-block-gallery-is-layout-flex\"><ul class=\"blocks-gallery-grid\"><li class=\"blocks-gallery-item\"><figure><img loading=\"lazy\" decoding=\"async\" width=\"675\" height=\"450\" src=\"http:\/\/aconteceunovale.com.br\/portal\/wp-content\/uploads\/2020\/03\/hospital_expominas_1.jpg\" alt=\"\" data-id=\"160240\" class=\"wp-image-160240\" srcset=\"https:\/\/aconteceunovale.com.br\/portal\/wp-content\/uploads\/2020\/03\/hospital_expominas_1.jpg 675w, https:\/\/aconteceunovale.com.br\/portal\/wp-content\/uploads\/2020\/03\/hospital_expominas_1-300x200.jpg 300w, https:\/\/aconteceunovale.com.br\/portal\/wp-content\/uploads\/2020\/03\/hospital_expominas_1-630x420.jpg 630w\" sizes=\"auto, (max-width: 675px) 100vw, 675px\" \/><figcaption class=\"blocks-gallery-item__caption\"><em>Foto: Pedro Gontijo \/ Imprensa MG<\/em><\/figcaption><\/figure><\/li><\/ul><\/figure>\n\n\n\n<p><strong>Pronto para sobrecarga<\/strong><\/p>\n\n\n\n<p>Instala\u00e7\u00e3o utilizada em guerras, o hospital de campanha tem como caracter\u00edstica a capacidade de manobra para atender a uma sobrecarga de pacientes. &#8220;M\u00e9dicos e enfermeiros ficam pr\u00f3ximos \u00e0 linha de combate para fazer frente a necessidades pontuais que chegam ali. \u00c9 um modelo estabelecido em processos de guerra, um conceito aplicado em combates. No nosso caso, combate ao coronav\u00edrus&#8221;, compara Santiago.&nbsp;<\/p>\n\n\n\n<p>O major refor\u00e7a que, frente \u00e0 pandemia, a a\u00e7\u00e3o do governo objetiva atender a uma poss\u00edvel situa\u00e7\u00e3o de sobrecarga do sistema de sa\u00fade. &#8220;Se, e quando, houver &nbsp;essa sobrecarga, estaremos preparados. A princ\u00edpio, a expectativa \u00e9 atender, sobretudo, casos de menor complexidade ou aqueles que possam ser remanejados para aliviar os hospitais convencionais, abrindo capacidade para que possam atender pacientes mais graves. No entanto, 100 leitos de UTI com todos os equipamentos necess\u00e1rios ser\u00e3o disponibilizados no Expominas&#8221;, explica.<\/p>\n\n\n\n<p>Ele destaca ainda que a escolha do Expominas se deu por quest\u00f5es de estrutura e log\u00edstica. &#8220;\u00c9 um espa\u00e7o amplo, pr\u00f3ximo ao Anel Rodovi\u00e1rio e com fluxo facilitado pela Avenida Amazonas, com capacidade de fluidez e recep\u00e7\u00e3o inclusive ao tr\u00e1fego de ambul\u00e2ncias&#8221;.\u00a0<\/p>\n\n\n\n<figure class=\"wp-block-gallery columns-1 is-cropped wp-block-gallery-2 is-layout-flex wp-block-gallery-is-layout-flex\"><ul class=\"blocks-gallery-grid\"><li class=\"blocks-gallery-item\"><figure><img loading=\"lazy\" decoding=\"async\" width=\"675\" height=\"450\" src=\"http:\/\/aconteceunovale.com.br\/portal\/wp-content\/uploads\/2020\/03\/hospital_expominas_2.jpg\" alt=\"\" data-id=\"160241\" data-full-url=\"http:\/\/aconteceunovale.com.br\/portal\/wp-content\/uploads\/2020\/03\/hospital_expominas_2.jpg\" data-link=\"http:\/\/aconteceunovale.com.br\/portal\/?attachment_id=160241\" class=\"wp-image-160241\" srcset=\"https:\/\/aconteceunovale.com.br\/portal\/wp-content\/uploads\/2020\/03\/hospital_expominas_2.jpg 675w, https:\/\/aconteceunovale.com.br\/portal\/wp-content\/uploads\/2020\/03\/hospital_expominas_2-300x200.jpg 300w, https:\/\/aconteceunovale.com.br\/portal\/wp-content\/uploads\/2020\/03\/hospital_expominas_2-630x420.jpg 630w\" sizes=\"auto, (max-width: 675px) 100vw, 675px\" \/><figcaption class=\"blocks-gallery-item__caption\"> <em>Foto: Pedro Gontijo \/ Imprensa MG<\/em> <\/figcaption><\/figure><\/li><\/ul><\/figure>\n\n\n\n<p><strong>Preven\u00e7\u00e3o<\/strong><br><br>Santiago ressalta que os profissionais que participam da instala\u00e7\u00e3o do hospital de campanha passam por rigoroso processo de preven\u00e7\u00e3o ao Covid-19. &#8220;H\u00e1 uma s\u00e9rie de crit\u00e9rios t\u00e9cnicos adotados tanto pela empresa contratada, que tem expertise na montagem e manuten\u00e7\u00e3o de estruturas no pr\u00f3prio Expominas e em \u00e1reas de sa\u00fade, quanto das corpora\u00e7\u00f5es envolvidas no apoio \u00e0 montagem. No local, todos usam Equipamento de Prote\u00e7\u00e3o Individual (EPI) e t\u00eam acesso a higieniza\u00e7\u00e3o constante, inclusive com \u00e1lcool gel. Os procedimentos operacionais s\u00e3o padronizados com foco na limpeza e na estrutura oferecida aos trabalhadores, incluindo alimenta\u00e7\u00e3o&#8221;. &nbsp;<\/p>\n\n\n\n<p>A previs\u00e3o \u00e9 de que o hospital seja erguido em tr\u00eas fases. A primeira, com entrega na sexta-feira (3\/4), envolve a montagem da estrutura dos 800 leitos de enfermaria nos pavilh\u00f5es do Expominas (conceito de portas abertas e cuidados paliativos); a segunda ser\u00e1 a montagem de 100 leitos de Unidade de Tratamento Intensivo (UTI), na arena do espa\u00e7o; por fim, a terceira fase prev\u00ea a expans\u00e3o de leitos enfermaria e UTI, montados no foyer, no segundo pavimento e no audit\u00f3rio. O estacionamento tamb\u00e9m poder\u00e1 ser utilizado para aporte de tendas. E ainda um necrot\u00e9rio ser\u00e1 montado no Parque de Exposi\u00e7\u00f5es.<\/p>\n\n\n\n<p><strong>Recursos humanos&nbsp;<\/strong><\/p>\n\n\n\n<p>Al\u00e9m da equipe da empresa de montagem, 900 militares em curso de forma\u00e7\u00e3o est\u00e3o \u00e0 disposi\u00e7\u00e3o da for\u00e7a-tarefa do hospital de campanha. &#8220;Eles prestam apoio na log\u00edstica e no transporte de materiais, entre outras tarefas de bastidores&#8221;, diz o major.<\/p>\n\n\n\n<p>Com a unidade pronta, os profissionais envolvidos no atendimento e demais \u00e1reas operacionais da unidade ser\u00e3o recrutados por meio de chamamento de volunt\u00e1rios, aporte de profissionais de \u00f3rg\u00e3os p\u00fablicos, contrata\u00e7\u00e3o direta e at\u00e9 reconvoca\u00e7\u00e3o de militares estaduais.&nbsp;<\/p>\n\n\n\n<p>Em andamento, o processo de viabilidade de equipamentos (materiais permanentes e insumos) prev\u00ea busca nos bens do Estado, doa\u00e7\u00f5es e ou empr\u00e9stimos de unidades hospitalares e da rede hoteleira, al\u00e9m de outros setores p\u00fablicos e privados. Tamb\u00e9m est\u00e1 prevista a aquisi\u00e7\u00e3o de materiais.<\/p>\n\n\n\n<p><strong>Solidariedade&nbsp;<\/strong><\/p>\n\n\n\n<p>O major detalha ainda que a guerra ao coronav\u00edrus tem revelado uma grande rede de solidariedade na comunidade em geral e entre os trabalhadores envolvidos nas a\u00e7\u00f5es de combate \u00e0 doen\u00e7a. Segundo ele, sentimentos de esperan\u00e7a, fortalecimento de la\u00e7os e cuidado com o pr\u00f3ximo s\u00e3o refor\u00e7ados em momentos de crise como este e em Minas o senso de solidariedade tem se revelado muito presente.<\/p>\n\n\n\n<p class=\"has-background has-very-light-gray-background-color\">Quer saber as not\u00edcias do <strong>Aconteceu no Vale<\/strong> em primeira m\u00e3o? Siga-nos no Facebook <a rel=\"noreferrer noopener\" href=\"http:\/\/facebook.com\/aconteceunovale\" target=\"_blank\">@aconteceunovale<\/a>, Twitter <a rel=\"noreferrer noopener\" href=\"https:\/\/twitter.com\/noticiadosvales\" target=\"_blank\">@noticiadosvales<\/a> e Instagram <a rel=\"noreferrer noopener\" href=\"https:\/\/www.instagram.com\/aconteceunovale\" target=\"_blank\">@aconteceunovale<\/a>.<\/p>\n","protected":false},"excerpt":{"rendered":"<p>&#8220;Um conceito militar diz: se quer a paz, prepare-se para a guerra&#8221;. A fala \u00e9 do major Fl\u00e1vio Santiago, porta-voz da\u00a0Pol\u00edcia Militar de Minas Gerais, respons\u00e1vel pelo an\u00fancio de a\u00e7\u00f5es realizadas pelo Estado na montagem do hospital de campanha no Expominas, em Belo Horizonte. A a\u00e7\u00e3o \u00e9 uma das iniciativas do\u00a0Governo de Minas\u00a0para se antecipar [&hellip;]<\/p>\n","protected":false},"author":1,"featured_media":160240,"comment_status":"open","ping_status":"closed","sticky":false,"template":"","format":"standard","meta":{"amp_status":"","footnotes":""},"categories":[123,40242],"tags":[194,1017,218632,214884,218629,1224,218630,218631,215653],"class_list":["post-160239","post","type-post","status-publish","format-standard","has-post-thumbnail","hentry","category-gerais","category-saude-2","tag-belo-horizonte","tag-bh","tag-convid-19","tag-coronavirus","tag-estrutura-do-hospital-de-campanha-do-expominas-sera-entregue-nesta-sexta-feira","tag-expominas","tag-hospital-de-campanha-do-expominas","tag-hospital-de-campanha-em-belo-horizonte","tag-novo-coronavirus"],"_links":{"self":[{"href":"https:\/\/aconteceunovale.com.br\/portal\/index.php?rest_route=\/wp\/v2\/posts\/160239","targetHints":{"allow":["GET"]}}],"collection":[{"href":"https:\/\/aconteceunovale.com.br\/portal\/index.php?rest_route=\/wp\/v2\/posts"}],"about":[{"href":"https:\/\/aconteceunovale.com.br\/portal\/index.php?rest_route=\/wp\/v2\/types\/post"}],"author":[{"embeddable":true,"href":"https:\/\/aconteceunovale.com.br\/portal\/index.php?rest_route=\/wp\/v2\/users\/1"}],"replies":[{"embeddable":true,"href":"https:\/\/aconteceunovale.com.br\/portal\/index.php?rest_route=%2Fwp%2Fv2%2Fcomments&post=160239"}],"version-history":[{"count":1,"href":"https:\/\/aconteceunovale.com.br\/portal\/index.php?rest_route=\/wp\/v2\/posts\/160239\/revisions"}],"predecessor-version":[{"id":160242,"href":"https:\/\/aconteceunovale.com.br\/portal\/index.php?rest_route=\/wp\/v2\/posts\/160239\/revisions\/160242"}],"wp:featuredmedia":[{"embeddable":true,"href":"https:\/\/aconteceunovale.com.br\/portal\/index.php?rest_route=\/wp\/v2\/media\/160240"}],"wp:attachment":[{"href":"https:\/\/aconteceunovale.com.br\/portal\/index.php?rest_route=%2Fwp%2Fv2%2Fmedia&parent=160239"}],"wp:term":[{"taxonomy":"category","embeddable":true,"href":"https:\/\/aconteceunovale.com.br\/portal\/index.php?rest_route=%2Fwp%2Fv2%2Fcategories&post=160239"},{"taxonomy":"post_tag","embeddable":true,"href":"https:\/\/aconteceunovale.com.br\/portal\/index.php?rest_route=%2Fwp%2Fv2%2Ftags&post=160239"}],"curies":[{"name":"wp","href":"https:\/\/api.w.org\/{rel}","templated":true}]}}