{"id":160231,"date":"2020-03-30T20:33:34","date_gmt":"2020-03-30T23:33:34","guid":{"rendered":"http:\/\/aconteceunovale.com.br\/portal\/?p=160231"},"modified":"2020-03-30T20:34:17","modified_gmt":"2020-03-30T23:34:17","slug":"senado-aprova-auxilio-emergencial-de-r-600-a-autonomos-e-informais","status":"publish","type":"post","link":"https:\/\/aconteceunovale.com.br\/portal\/?p=160231","title":{"rendered":"Senado aprova aux\u00edlio emergencial de R$ 600 a aut\u00f4nomos e informais"},"content":{"rendered":"\n<p>O Senado aprovou hoje (30\/03\/2020) o pagamento de um aux\u00edlio emergencial por tr\u00eas meses, no valor de R$ 600, destinado aos trabalhadores aut\u00f4nomos, informais e sem renda fixa. Chamada de \u201ccoronavoucher\u201d, a ajuda vem para reparar as perdas de renda para algumas fatias da sociedade durante o per\u00edodo de isolamento, quando as oportunidades de trabalho para essas categorias est\u00e3o escassas.<\/p>\n\n\n\n<p>A aprova\u00e7\u00e3o foi un\u00e2nime, com 79 votos favor\u00e1veis e apoio dos senadores da oposi\u00e7\u00e3o e do governo. O l\u00edder do PSL no Senado, Major Ol\u00edmpio (SP), foi um dos v\u00e1rios parlamentares que se manifestaram. \u201cEstamos precisando de tais iniciativas de injetar na veia o dinheiro para o cidad\u00e3o comprar comida e sobreviver a essa calamidade. A primeira vez que o dinheiro vai chegar na m\u00e3o do povo vai ser nesse projeto. \u00c9 calamidade, as pessoas est\u00e3o precisando\u201d.<\/p>\n\n\n\n<p>O senador Chico Rodrigues (DEM-RR) destacou que o projeto \u00e9 um consenso entre Congresso Nacional e governo federal. J\u00e1 o l\u00edder do governo na Casa, Fernando Bezerra (MDB-PE), afirmou que mais de 30 milh\u00f5es de brasileiros ser\u00e3o beneficiados com essa medida.<\/p>\n\n\n\n<p>O senador Randolfe Rodrigues (Rede-AP) disse que, gra\u00e7as a um ajuste de reda\u00e7\u00e3o, o benef\u00edcio tamb\u00e9m contemplar\u00e1 inscritos no Cadastro \u00danico ap\u00f3s o dia 20 de mar\u00e7o. Em seguida, o l\u00edder da oposi\u00e7\u00e3o afirmou que esse n\u00e3o \u00e9 o momento de priorizar as finan\u00e7as do Estado. \u201cN\u00e3o cabe se pensar em gasto p\u00fablico. Esse \u00e9 um momento emergencial, que temos que atender as necessidades das pessoas\u201d.<\/p>\n\n\n\n<p>Logo ap\u00f3s a aprova\u00e7\u00e3o, o presidente do Senado, Davi Alcolumbre, usou o Twitter para pedir ao presidente da Rep\u00fablica a san\u00e7\u00e3o imediata do projeto. Alcolumbre est\u00e1 afastado de suas atividades ap\u00f3s ter sido diagnosticado com o novo coronav\u00edrus.<\/p>\n\n\n\n<h4 class=\"wp-block-heading\"><strong>Inclus\u00e3o de outras categorias<\/strong><\/h4>\n\n\n\n<p>Outro projeto j\u00e1 ganha forma no Senado, para incluir outras categorias, como motoristas de t\u00e1xi ou de aplicativo e pescadores sazonais, dentre outros a serem definidos. Weverton Rocha (PDT-MA) lembrou dos m\u00fasicos, que perderam trabalhos durante o isolamento. Essa pode ser outra categoria a entrar no novo projeto. Esse texto, previsto para ser votado amanh\u00e3 (30), ser\u00e1 de autoria do senador Alessandro Vieira (Cidadania-SE) e tem relatoria de Esperidi\u00e3o Amin (PP-SC).<\/p>\n\n\n\n<p>Vieira foi o relator do projeto aprovado hoje. Seu nome foi escolhido justamente por conhecer bem o tema e j\u00e1 discutir a inclus\u00e3o de novas categorias a partir das emendas que recebeu para an\u00e1lise. As emendas n\u00e3o foram acatadas para evitar que mudan\u00e7as de m\u00e9rito do projeto o fizessem voltar \u00e0 C\u00e2mara.<\/p>\n\n\n\n<h2 class=\"wp-block-heading\"><strong>Governo vai cruzar dados para o pagamento do aux\u00edlio<\/strong><\/h2>\n\n\n\n<p>O ministro da Cidadania, Onyx Lorenzoni, afirmou que o governo federal pretende agilizar o pagamento do aux\u00edlio emergencial. De acordo com ele, ap\u00f3s a san\u00e7\u00e3o presidencial, ainda ser\u00e1 necess\u00e1rio editar um decreto regulamentador e uma medida provis\u00f3ria (MP) abrindo um cr\u00e9dito extraordin\u00e1rio no Or\u00e7amento. O pagamento ser\u00e1 feito apenas pelas redes dos bancos p\u00fablicos federais: Caixa Econ\u00f4mica Federal, Banco do Brasil (BB), Banco da Amaz\u00f4nia (Basa) e Banco do Nordeste (BNB).<\/p>\n\n\n\n<p>&#8220;Haver\u00e1 o batimento, haver\u00e1 a confronta\u00e7\u00e3o com todos os registros e todos os cadastros que o governo federal tem&#8221;, afirmou o ministro em coletiva de imprensa no Pal\u00e1cio do Planalto. Para aqueles que n\u00e3o s\u00e3o benefici\u00e1rios de nenhum programa do governo, ser\u00e1 criado um cadastro pr\u00f3prio para inser\u00e7\u00e3o de informa\u00e7\u00f5es. &#8220;Os informais, que est\u00e3o \u00e0 margem de qualquer cruzamento, eles ter\u00e3o uma solu\u00e7\u00e3o tecnol\u00f3gica, uma solu\u00e7\u00e3o digital&#8221;, acrescentou Onyx Lorenzoni.<\/p>\n\n\n\n<p>Pelas regras contidas no projeto de aux\u00edlio emergencial aprovado pelo Congresso, os trabalhadores dever\u00e3o cumprir alguns crit\u00e9rios, em conjunto, para ter direito ao pagamento:<\/p>\n\n\n\n<ul class=\"wp-block-list\"><li>ser maior de 18 anos de idade;<\/li><li>n\u00e3o ter emprego formal;<\/li><li>n\u00e3o receber benef\u00edcio previdenci\u00e1rio ou assistencial, seguro-desemprego ou de outro programa de transfer\u00eancia de renda federal que n\u00e3o seja o Bolsa Fam\u00edlia;<\/li><li>renda familiar mensal\u00a0<em>per capita<\/em>\u00a0(por pessoa) de at\u00e9 meio sal\u00e1rio m\u00ednimo (R$ 522,50) ou renda familiar mensal total (tudo o que a fam\u00edlia recebe) de at\u00e9 tr\u00eas sal\u00e1rios m\u00ednimos (R$ 3.135,00); e<\/li><li>n\u00e3o ter recebido rendimentos tribut\u00e1veis, no ano de 2018, acima de R$ 28.559,70.<\/li><\/ul>\n\n\n\n<p>Ainda segundo o texto, o benefici\u00e1rio dever\u00e1 ainda cumprir uma dessas condi\u00e7\u00f5es:<\/p>\n\n\n\n<ul class=\"wp-block-list\"><li>exercer atividade na condi\u00e7\u00e3o de microempreendedor individual (MEI);<\/li><li>ser contribuinte individual ou facultativo do Regime Geral de Previd\u00eancia Social (RGPS);<\/li><li>ser trabalhador informal inscrito no Cadastro \u00danico para Programas Sociais do Governo Federal (Cad\u00danico); ou<\/li><li>ter cumprido o requisito de renda m\u00e9dia at\u00e9 20 de mar\u00e7o de 2020. <\/li><\/ul>\n\n\n\n<p>O ministro da Cidadania pediu para que as pessoas n\u00e3o procurem, por enquanto, as ag\u00eancias da Caixa e dos demais bancos p\u00fablicos at\u00e9 que o sistema para o pagamento do aux\u00edlio emergencial esteja devidamente implantado pela pasta. Ele tamb\u00e9m alertou para que as pessoas n\u00e3o forne\u00e7am seus dados para qualquer\u00a0<em>site<\/em>\u00a0ou n\u00famero de telefone, para evitar tentativas de fraude. <\/p>\n\n\n\n<p>&#8220;H\u00e1 v\u00e1rias iniciativas, inclusive denunciamos ao ministro Sergio Moro e \u00e0 Pol\u00edcia Federal, [como] cria\u00e7\u00e3o de\u00a0<em>sites<\/em>, n\u00fameros, para obter os dados das pessoas. O objetivo disso \u00e9 fraudar o sistema. Por favor, as pessoas tenham um pouco de calma, n\u00e3o deem seus dados para qualquer pessoa ou<em>\u00a0site<\/em>\u00a0que diga que por l\u00e1 ele vai receber o benef\u00edcio e n\u00e3o procurem o bancos oficiais nesse momento, porque o sistema ainda n\u00e3o est\u00e1 acionado, a lei n\u00e3o est\u00e1 sancionada&#8221;, afirmou.\u00a0<\/p>\n\n\n\n<p class=\"has-text-color has-background has-very-light-gray-color has-very-dark-gray-background-color\">Quer saber as not\u00edcias do <strong>Aconteceu no Vale<\/strong> em primeira m\u00e3o? Siga-nos no Facebook <a rel=\"noreferrer noopener\" href=\"http:\/\/facebook.com\/aconteceunovale\" target=\"_blank\">@aconteceunovale<\/a>, Twitter <a rel=\"noreferrer noopener\" href=\"https:\/\/twitter.com\/noticiadosvales\" target=\"_blank\">@noticiadosvales<\/a> e Instagram <a rel=\"noreferrer noopener\" href=\"https:\/\/www.instagram.com\/aconteceunovale\" target=\"_blank\">@aconteceunovale<\/a>.<\/p>\n","protected":false},"excerpt":{"rendered":"<p>O Senado aprovou hoje (30\/03\/2020) o pagamento de um aux\u00edlio emergencial por tr\u00eas meses, no valor de R$ 600, destinado aos trabalhadores aut\u00f4nomos, informais e sem renda fixa. Chamada de \u201ccoronavoucher\u201d, a ajuda vem para reparar as perdas de renda para algumas fatias da sociedade durante o per\u00edodo de isolamento, quando as oportunidades de trabalho [&hellip;]<\/p>\n","protected":false},"author":1,"featured_media":153854,"comment_status":"open","ping_status":"closed","sticky":false,"template":"","format":"standard","meta":{"amp_status":"","footnotes":""},"categories":[6,40240],"tags":[218414,218616,218413,218620,218412,218427,218049,218205,218411,214884,215394,218203,218234,218246,218615,216498,218043,218204,1018,218366,218364,19326,218044,218354,218045,218206,140166,218365,218618,218619,21938,218621,218617,218415],"class_list":["post-160231","post","type-post","status-publish","format-standard","has-post-thumbnail","hentry","category-br","category-politica-2","tag-ajuda-durante-pandemia-do-coronavirus","tag-aprovacao-do-coronavoucher","tag-auxilio-durante-a-pandemia-do-coronavirus","tag-beneficio-de-r-600","tag-bolsonaro-diz-que-auxilio-para-trabalhador-informal-durante-a-pandemia-sera-de-r-600","tag-camara-dos-deputados-aprova-auxilio-r-600-por-mes-para-trabalhador-informal","tag-casos-de-coronavirus-no-brasil","tag-casos-de-covid-19-no-brasil","tag-confira-como-esta-o-avanco-do-coronavirus-no-brasil","tag-coronavirus","tag-coronavirus-no-brasil","tag-coronavirus-brasil-tem-18-mortes-e-1-128-casos-confirmados","tag-coronavirus-brasil-tem-25-mortes-e-1-546-casos-confirmados","tag-coronavirus-mortes-no-brasil-sobem-para-34-e-casos-confirmados-sao-1-891","tag-coronavoucher","tag-covid-19","tag-covid-19-no-brasil","tag-covid-19-brasil-tem-18-mortes-e-1-128-casos-confirmados","tag-destaque","tag-governadores-manterao-medidas-de-isolamento-social-contra-o-coronavirus","tag-isolamento-social","tag-ministerio-da-saude","tag-mortes-por-coronavirus-no-brasil","tag-mortes-por-coronavirus-sobem-para-57-no-brasil","tag-mortes-por-covid-19-no-brasil","tag-numero-de-casos-de-covid-19-confirmados-no-brasil","tag-pandemia","tag-pandemia-do-coronavirus","tag-quem-pode-receber-o-coronavoucher","tag-quem-recebera-o-coronavoucher","tag-senado","tag-senado-aprova-auxilio-emergencial-de-r-600-a-autonomos-e-informais","tag-valor-do-coronavoucher","tag-voucher-durante-pandemia-do-coronavirus"],"_links":{"self":[{"href":"https:\/\/aconteceunovale.com.br\/portal\/index.php?rest_route=\/wp\/v2\/posts\/160231","targetHints":{"allow":["GET"]}}],"collection":[{"href":"https:\/\/aconteceunovale.com.br\/portal\/index.php?rest_route=\/wp\/v2\/posts"}],"about":[{"href":"https:\/\/aconteceunovale.com.br\/portal\/index.php?rest_route=\/wp\/v2\/types\/post"}],"author":[{"embeddable":true,"href":"https:\/\/aconteceunovale.com.br\/portal\/index.php?rest_route=\/wp\/v2\/users\/1"}],"replies":[{"embeddable":true,"href":"https:\/\/aconteceunovale.com.br\/portal\/index.php?rest_route=%2Fwp%2Fv2%2Fcomments&post=160231"}],"version-history":[{"count":1,"href":"https:\/\/aconteceunovale.com.br\/portal\/index.php?rest_route=\/wp\/v2\/posts\/160231\/revisions"}],"predecessor-version":[{"id":160232,"href":"https:\/\/aconteceunovale.com.br\/portal\/index.php?rest_route=\/wp\/v2\/posts\/160231\/revisions\/160232"}],"wp:featuredmedia":[{"embeddable":true,"href":"https:\/\/aconteceunovale.com.br\/portal\/index.php?rest_route=\/wp\/v2\/media\/153854"}],"wp:attachment":[{"href":"https:\/\/aconteceunovale.com.br\/portal\/index.php?rest_route=%2Fwp%2Fv2%2Fmedia&parent=160231"}],"wp:term":[{"taxonomy":"category","embeddable":true,"href":"https:\/\/aconteceunovale.com.br\/portal\/index.php?rest_route=%2Fwp%2Fv2%2Fcategories&post=160231"},{"taxonomy":"post_tag","embeddable":true,"href":"https:\/\/aconteceunovale.com.br\/portal\/index.php?rest_route=%2Fwp%2Fv2%2Ftags&post=160231"}],"curies":[{"name":"wp","href":"https:\/\/api.w.org\/{rel}","templated":true}]}}